{"id":142655,"date":"2023-03-12T05:59:10","date_gmt":"2023-03-12T09:59:10","guid":{"rendered":"https:\/\/www.eldiario.net\/portal\/?p=142655"},"modified":"2023-03-12T05:59:10","modified_gmt":"2023-03-12T09:59:10","slug":"el-gran-salvador","status":"publish","type":"post","link":"https:\/\/www.eldiario.net\/portal\/2023\/03\/12\/el-gran-salvador\/","title":{"rendered":"\u201cEl gran salvador\u201d"},"content":{"rendered":"<p>No es casual que el exvicepresidente, \u00c1lvaro Garc\u00eda Linera, en las \u00faltimas semanas haya reaparecido en los medios de comunicaci\u00f3n social del pa\u00eds, estando ausente de los mismos desde que dej\u00f3 la vicepresidencia del pa\u00eds en noviembre del 2019 para huir hacia M\u00e9xico junto a Evo Morales, despu\u00e9s de los cruentos hechos pol\u00edticos suscitados y que son de amplio conocimiento por toda la poblaci\u00f3n.<br \/>\nAnte la mayor fractura social que sufre actualmente el Movimiento Al Socialismo (MAS) desde que asumi\u00f3 el poder en 2006, el papel unificador que quiere cumplir la exautoridad sin duda que se la puede interpretar como la de \u201cel gran salvador\u201d dentro del masismo que de a poco se va cayendo a pedazos, poniendo en serias dudas la continuaci\u00f3n del \u201cproceso de cambio\u201d.<br \/>\nDetr\u00e1s de ese papel de \u201cel gran salvador\u201d, no se descarta la posibilidad de proyectarse como la tercera opci\u00f3n o la opci\u00f3n salvadora dentro del propio MAS. En el fondo qu\u00e9 mejor para \u00e9l que siga la pelea entre arcistas y evistas, porque de continuar esas disputas internas, pueda que llegue a mover ciertos hilos conductores pol\u00edticos para que lo proyecten como candidato alternativo del MAS con vistas a las elecciones generales del 2025.<br \/>\nNo se debe olvidar que desde el 2006 hasta el 2019 el pa\u00eds tuvo un gobierno de \u201crostro ind\u00edgena con poder blancoide\u201d. Evo Morales, quien represent\u00f3 al indigenismo en ese entonces &#8211;que por cierto de ind\u00edgena nada tiene, ya que incluso no habla el aimara, ni el quechua, ni el guaran\u00ed y con un castellano deformado&#8211;, tuvo detr\u00e1s de \u00e9l a varios intelectuales socialistas (no ind\u00edgenas), entre ellos el propio Garc\u00eda Linera, quienes fueron los que gobernaron de verdad el pa\u00eds detr\u00e1s del trono.<br \/>\nNo es de extra\u00f1ar entonces que el exvicepresidente haya se\u00f1alado en sus \u00faltimas entrevistas medi\u00e1ticas: \u201csiempre se habl\u00f3 de que esta gesti\u00f3n (Arce-Choquehuanca) era una gesti\u00f3n transitoria, no en el sentido de que dura poco tiempo, sino de que es un recodo en el camino para volver al n\u00facleo del proceso de cambio, liderado por el movimiento ind\u00edgena campesino y popular a la cabeza en la presidencia del Estado\u201d.<br \/>\nSi tanto defiende lo ind\u00edgena originario campesino, entonces \u00bfpor qu\u00e9 hace a un lado al actual vicepresidente David Choquehuanca? En la mayor\u00eda de sus entrevistas no mencion\u00f3 a la actual autoridad de Estado, habi\u00e9ndolo ignorado, como si ni existiera. Bien o mal, en esta coyuntura pol\u00edtica actual que vive el masismo, el segundo hombre del pa\u00eds es la \u00fanica cabeza visible del indigenismo a nivel nacional.<br \/>\nPara pesar de Garc\u00eda Linera, en este momento el pa\u00eds se encuentra gobernado por la clase media tradicional a la que tanto desprecia. La cual est\u00e1 representada por Luis Arce Catacora. Y si tanto defiende junto a Evo Morales lo ind\u00edgena, campesino popular, \u00bfpor qu\u00e9 desde Argentina para las elecciones generales de octubre del 2020 no eligieron a David Choquehuanca como candidato a presidente por el MAS?<br \/>\nEn sus recientes entrevistas period\u00edsticas que tuvo Garc\u00eda Linera, sin lugar a dudas que apunta a proyectarse a s\u00ed mismo como una figura pol\u00edtica imprescindible dentro del MAS, atenido al actual caos o peleas internas y de una ruptura del instrumento pol\u00edtico con vistas a las elecciones generales del 2025. Tambi\u00e9n no por algo aprovecha la oportunidad para presentarse como una especie de mediador entre arcistas y evistas, aspecto que le permitir\u00eda preparar un nuevo escenario para su retorno al nuevo ciclo pol\u00edtico en el MAS.<br \/>\nEsa tercera v\u00eda u opci\u00f3n salvadora por la cual, de forma muy disimulada, va proyectando Garc\u00eda Linera para s\u00ed mismo en el interior del MAS, sabe que no ser\u00e1 posible sin el apoyo de Evo Morales y sus bases sociales, no por eso lo hace ver como el \u00fanico ind\u00edgena que puede gobernar el Estado, como si no hubiera otros con mejor formaci\u00f3n acad\u00e9mica. Porque tambi\u00e9n tiene presente que sin el apoyo de Evo se llegar\u00eda a desmontar la construcci\u00f3n de su discurso reivindicatorio ind\u00edgena.<br \/>\nLo que tambi\u00e9n a su vez el exvicepresidente quiere poner en la mesa de debate entre masistas, es el querer decir indirectamente que, si no hay un acuerdo de unidad entre arcistas y evistas con miras al 2025, la tercera v\u00eda de soluci\u00f3n puedo ser yo para salvar el proceso de cambio que se est\u00e1 yendo en picada cada d\u00eda que pasa.<\/p>\n<p>El autor es Comunicador Social.<\/p>\n","protected":false},"excerpt":{"rendered":"<p>No es casual que el exvicepresidente, \u00c1lvaro Garc\u00eda Linera, en las \u00faltimas semanas haya reaparecido en los medios de comunicaci\u00f3n social del pa\u00eds, estando ausente de los mismos desde que dej\u00f3 la vicepresidencia del pa\u00eds en noviembre del 2019 para huir hacia M\u00e9xico junto a Evo Morales, despu\u00e9s de los cruentos hechos pol\u00edticos suscitados y [&hellip;]<\/p>\n","protected":false},"author":1,"featured_media":43327,"comment_status":"closed","ping_status":"closed","sticky":false,"template":"","format":"standard","meta":{"_acf_changed":false,"footnotes":""},"categories":[9],"tags":[],"class_list":["post-142655","post","type-post","status-publish","format-standard","has-post-thumbnail","category-opinion"],"acf":{"antetitulo":""},"yoast_head":"<!-- This site is optimized with the Yoast SEO plugin v28.4 - https:\/\/yoast.com\/product\/yoast-seo-wordpress\/ -->\n<title>\u201cEl gran salvador\u201d - El Diario - Bolivia<\/title>\n<meta name=\"robots\" content=\"index, follow, max-snippet:-1, max-image-preview:large, max-video-preview:-1\" \/>\n<link rel=\"canonical\" href=\"https:\/\/www.eldiario.net\/portal\/2023\/03\/12\/el-gran-salvador\/\" \/>\n<meta property=\"og:locale\" content=\"es_ES\" \/>\n<meta property=\"og:type\" content=\"article\" \/>\n<meta property=\"og:title\" content=\"\u201cEl gran salvador\u201d - El Diario - Bolivia\" \/>\n<meta property=\"og:description\" content=\"No es casual que el exvicepresidente, \u00c1lvaro Garc\u00eda Linera, en las \u00faltimas semanas haya reaparecido en los medios de comunicaci\u00f3n social del pa\u00eds, estando ausente de los mismos desde que dej\u00f3 la vicepresidencia del pa\u00eds en noviembre del 2019 para huir hacia M\u00e9xico junto a Evo Morales, despu\u00e9s de los cruentos hechos pol\u00edticos suscitados y [&hellip;]\" \/>\n<meta property=\"og:url\" content=\"https:\/\/www.eldiario.net\/portal\/2023\/03\/12\/el-gran-salvador\/\" \/>\n<meta property=\"og:site_name\" content=\"El Diario - Bolivia\" \/>\n<meta property=\"article:publisher\" content=\"https:\/\/www.facebook.com\/eldiario.bolivia\/\" \/>\n<meta property=\"article:published_time\" content=\"2023-03-12T09:59:10+00:00\" \/>\n<meta name=\"author\" content=\"Jeanette\" \/>\n<meta name=\"twitter:card\" content=\"summary_large_image\" \/>\n<meta name=\"twitter:creator\" content=\"@eldiario_net\" \/>\n<meta name=\"twitter:site\" content=\"@eldiario_net\" \/>\n<meta name=\"twitter:label1\" content=\"Escrito por\" \/>\n\t<meta name=\"twitter:data1\" content=\"Jeanette\" \/>\n\t<meta name=\"twitter:label2\" content=\"Tiempo de lectura\" \/>\n\t<meta name=\"twitter:data2\" content=\"4 minutos\" \/>\n<script type=\"application\/ld+json\" class=\"yoast-schema-graph\">{\"@context\":\"https:\\\/\\\/schema.org\",\"@graph\":[{\"@type\":\"Article\",\"@id\":\"https:\\\/\\\/www.eldiario.net\\\/portal\\\/2023\\\/03\\\/12\\\/el-gran-salvador\\\/#article\",\"isPartOf\":{\"@id\":\"https:\\\/\\\/www.eldiario.net\\\/portal\\\/2023\\\/03\\\/12\\\/el-gran-salvador\\\/\"},\"author\":{\"name\":\"Jeanette\",\"@id\":\"https:\\\/\\\/www.eldiario.net\\\/portal\\\/#\\\/schema\\\/person\\\/f46445640444750d7d753ccd04ae01b7\"},\"headline\":\"\u201cEl gran salvador\u201d\",\"datePublished\":\"2023-03-12T09:59:10+00:00\",\"mainEntityOfPage\":{\"@id\":\"https:\\\/\\\/www.eldiario.net\\\/portal\\\/2023\\\/03\\\/12\\\/el-gran-salvador\\\/\"},\"wordCount\":777,\"publisher\":{\"@id\":\"https:\\\/\\\/www.eldiario.net\\\/portal\\\/#organization\"},\"image\":{\"@id\":\"https:\\\/\\\/www.eldiario.net\\\/portal\\\/2023\\\/03\\\/12\\\/el-gran-salvador\\\/#primaryimage\"},\"thumbnailUrl\":\"\",\"articleSection\":[\"Opini\u00f3n\"],\"inLanguage\":\"es\"},{\"@type\":\"WebPage\",\"@id\":\"https:\\\/\\\/www.eldiario.net\\\/portal\\\/2023\\\/03\\\/12\\\/el-gran-salvador\\\/\",\"url\":\"https:\\\/\\\/www.eldiario.net\\\/portal\\\/2023\\\/03\\\/12\\\/el-gran-salvador\\\/\",\"name\":\"\u201cEl gran salvador\u201d - El Diario - Bolivia\",\"isPartOf\":{\"@id\":\"https:\\\/\\\/www.eldiario.net\\\/portal\\\/#website\"},\"primaryImageOfPage\":{\"@id\":\"https:\\\/\\\/www.eldiario.net\\\/portal\\\/2023\\\/03\\\/12\\\/el-gran-salvador\\\/#primaryimage\"},\"image\":{\"@id\":\"https:\\\/\\\/www.eldiario.net\\\/portal\\\/2023\\\/03\\\/12\\\/el-gran-salvador\\\/#primaryimage\"},\"thumbnailUrl\":\"\",\"datePublished\":\"2023-03-12T09:59:10+00:00\",\"breadcrumb\":{\"@id\":\"https:\\\/\\\/www.eldiario.net\\\/portal\\\/2023\\\/03\\\/12\\\/el-gran-salvador\\\/#breadcrumb\"},\"inLanguage\":\"es\",\"potentialAction\":[{\"@type\":\"ReadAction\",\"target\":[\"https:\\\/\\\/www.eldiario.net\\\/portal\\\/2023\\\/03\\\/12\\\/el-gran-salvador\\\/\"]}]},{\"@type\":\"ImageObject\",\"inLanguage\":\"es\",\"@id\":\"https:\\\/\\\/www.eldiario.net\\\/portal\\\/2023\\\/03\\\/12\\\/el-gran-salvador\\\/#primaryimage\",\"url\":\"\",\"contentUrl\":\"\"},{\"@type\":\"BreadcrumbList\",\"@id\":\"https:\\\/\\\/www.eldiario.net\\\/portal\\\/2023\\\/03\\\/12\\\/el-gran-salvador\\\/#breadcrumb\",\"itemListElement\":[{\"@type\":\"ListItem\",\"position\":1,\"name\":\"Portada\",\"item\":\"https:\\\/\\\/www.eldiario.net\\\/portal\\\/\"},{\"@type\":\"ListItem\",\"position\":2,\"name\":\"\u201cEl gran salvador\u201d\"}]},{\"@type\":\"WebSite\",\"@id\":\"https:\\\/\\\/www.eldiario.net\\\/portal\\\/#website\",\"url\":\"https:\\\/\\\/www.eldiario.net\\\/portal\\\/\",\"name\":\"El Diario - Decano de la prensa nacional\",\"description\":\"El Diario - Decano de la prensa nacional\",\"publisher\":{\"@id\":\"https:\\\/\\\/www.eldiario.net\\\/portal\\\/#organization\"},\"potentialAction\":[{\"@type\":\"SearchAction\",\"target\":{\"@type\":\"EntryPoint\",\"urlTemplate\":\"https:\\\/\\\/www.eldiario.net\\\/portal\\\/?s={search_term_string}\"},\"query-input\":{\"@type\":\"PropertyValueSpecification\",\"valueRequired\":true,\"valueName\":\"search_term_string\"}}],\"inLanguage\":\"es\"},{\"@type\":\"Organization\",\"@id\":\"https:\\\/\\\/www.eldiario.net\\\/portal\\\/#organization\",\"name\":\"El Diario - Decano de la prensa nacional\",\"url\":\"https:\\\/\\\/www.eldiario.net\\\/portal\\\/\",\"logo\":{\"@type\":\"ImageObject\",\"inLanguage\":\"es\",\"@id\":\"https:\\\/\\\/www.eldiario.net\\\/portal\\\/#\\\/schema\\\/logo\\\/image\\\/\",\"url\":\"https:\\\/\\\/www.eldiario.net\\\/portal\\\/wp-content\\\/uploads\\\/2023\\\/07\\\/logo_ED.jpg\",\"contentUrl\":\"https:\\\/\\\/www.eldiario.net\\\/portal\\\/wp-content\\\/uploads\\\/2023\\\/07\\\/logo_ED.jpg\",\"width\":272,\"height\":52,\"caption\":\"El Diario - Decano de la prensa nacional\"},\"image\":{\"@id\":\"https:\\\/\\\/www.eldiario.net\\\/portal\\\/#\\\/schema\\\/logo\\\/image\\\/\"},\"sameAs\":[\"https:\\\/\\\/www.facebook.com\\\/eldiario.bolivia\\\/\",\"https:\\\/\\\/x.com\\\/eldiario_net\"]},{\"@type\":\"Person\",\"@id\":\"https:\\\/\\\/www.eldiario.net\\\/portal\\\/#\\\/schema\\\/person\\\/f46445640444750d7d753ccd04ae01b7\",\"name\":\"Jeanette\",\"image\":{\"@type\":\"ImageObject\",\"inLanguage\":\"es\",\"@id\":\"https:\\\/\\\/secure.gravatar.com\\\/avatar\\\/3ea2118a5f7dad2b7138b1187a6b7ee55f160b9968b66013c3a3ef39dd7e5798?s=96&d=mm&r=g\",\"url\":\"https:\\\/\\\/secure.gravatar.com\\\/avatar\\\/3ea2118a5f7dad2b7138b1187a6b7ee55f160b9968b66013c3a3ef39dd7e5798?s=96&d=mm&r=g\",\"contentUrl\":\"https:\\\/\\\/secure.gravatar.com\\\/avatar\\\/3ea2118a5f7dad2b7138b1187a6b7ee55f160b9968b66013c3a3ef39dd7e5798?s=96&d=mm&r=g\",\"caption\":\"Jeanette\"},\"sameAs\":[\"https:\\\/\\\/www.eldiario.net\\\/portal\"],\"url\":\"https:\\\/\\\/www.eldiario.net\\\/portal\\\/author\\\/jeanette\\\/\"}]}<\/script>\n<!-- \/ Yoast SEO plugin. -->","yoast_head_json":{"title":"\u201cEl gran salvador\u201d - El Diario - Bolivia","robots":{"index":"index","follow":"follow","max-snippet":"max-snippet:-1","max-image-preview":"max-image-preview:large","max-video-preview":"max-video-preview:-1"},"canonical":"https:\/\/www.eldiario.net\/portal\/2023\/03\/12\/el-gran-salvador\/","og_locale":"es_ES","og_type":"article","og_title":"\u201cEl gran salvador\u201d - El Diario - Bolivia","og_description":"No es casual que el exvicepresidente, \u00c1lvaro Garc\u00eda Linera, en las \u00faltimas semanas haya reaparecido en los medios de comunicaci\u00f3n social del pa\u00eds, estando ausente de los mismos desde que dej\u00f3 la vicepresidencia del pa\u00eds en noviembre del 2019 para huir hacia M\u00e9xico junto a Evo Morales, despu\u00e9s de los cruentos hechos pol\u00edticos suscitados y [&hellip;]","og_url":"https:\/\/www.eldiario.net\/portal\/2023\/03\/12\/el-gran-salvador\/","og_site_name":"El Diario - Bolivia","article_publisher":"https:\/\/www.facebook.com\/eldiario.bolivia\/","article_published_time":"2023-03-12T09:59:10+00:00","author":"Jeanette","twitter_card":"summary_large_image","twitter_creator":"@eldiario_net","twitter_site":"@eldiario_net","twitter_misc":{"Escrito por":"Jeanette","Tiempo de lectura":"4 minutos"},"schema":{"@context":"https:\/\/schema.org","@graph":[{"@type":"Article","@id":"https:\/\/www.eldiario.net\/portal\/2023\/03\/12\/el-gran-salvador\/#article","isPartOf":{"@id":"https:\/\/www.eldiario.net\/portal\/2023\/03\/12\/el-gran-salvador\/"},"author":{"name":"Jeanette","@id":"https:\/\/www.eldiario.net\/portal\/#\/schema\/person\/f46445640444750d7d753ccd04ae01b7"},"headline":"\u201cEl gran salvador\u201d","datePublished":"2023-03-12T09:59:10+00:00","mainEntityOfPage":{"@id":"https:\/\/www.eldiario.net\/portal\/2023\/03\/12\/el-gran-salvador\/"},"wordCount":777,"publisher":{"@id":"https:\/\/www.eldiario.net\/portal\/#organization"},"image":{"@id":"https:\/\/www.eldiario.net\/portal\/2023\/03\/12\/el-gran-salvador\/#primaryimage"},"thumbnailUrl":"","articleSection":["Opini\u00f3n"],"inLanguage":"es"},{"@type":"WebPage","@id":"https:\/\/www.eldiario.net\/portal\/2023\/03\/12\/el-gran-salvador\/","url":"https:\/\/www.eldiario.net\/portal\/2023\/03\/12\/el-gran-salvador\/","name":"\u201cEl gran salvador\u201d - El Diario - Bolivia","isPartOf":{"@id":"https:\/\/www.eldiario.net\/portal\/#website"},"primaryImageOfPage":{"@id":"https:\/\/www.eldiario.net\/portal\/2023\/03\/12\/el-gran-salvador\/#primaryimage"},"image":{"@id":"https:\/\/www.eldiario.net\/portal\/2023\/03\/12\/el-gran-salvador\/#primaryimage"},"thumbnailUrl":"","datePublished":"2023-03-12T09:59:10+00:00","breadcrumb":{"@id":"https:\/\/www.eldiario.net\/portal\/2023\/03\/12\/el-gran-salvador\/#breadcrumb"},"inLanguage":"es","potentialAction":[{"@type":"ReadAction","target":["https:\/\/www.eldiario.net\/portal\/2023\/03\/12\/el-gran-salvador\/"]}]},{"@type":"ImageObject","inLanguage":"es","@id":"https:\/\/www.eldiario.net\/portal\/2023\/03\/12\/el-gran-salvador\/#primaryimage","url":"","contentUrl":""},{"@type":"BreadcrumbList","@id":"https:\/\/www.eldiario.net\/portal\/2023\/03\/12\/el-gran-salvador\/#breadcrumb","itemListElement":[{"@type":"ListItem","position":1,"name":"Portada","item":"https:\/\/www.eldiario.net\/portal\/"},{"@type":"ListItem","position":2,"name":"\u201cEl gran salvador\u201d"}]},{"@type":"WebSite","@id":"https:\/\/www.eldiario.net\/portal\/#website","url":"https:\/\/www.eldiario.net\/portal\/","name":"El Diario - Decano de la prensa nacional","description":"El Diario - Decano de la prensa nacional","publisher":{"@id":"https:\/\/www.eldiario.net\/portal\/#organization"},"potentialAction":[{"@type":"SearchAction","target":{"@type":"EntryPoint","urlTemplate":"https:\/\/www.eldiario.net\/portal\/?s={search_term_string}"},"query-input":{"@type":"PropertyValueSpecification","valueRequired":true,"valueName":"search_term_string"}}],"inLanguage":"es"},{"@type":"Organization","@id":"https:\/\/www.eldiario.net\/portal\/#organization","name":"El Diario - Decano de la prensa nacional","url":"https:\/\/www.eldiario.net\/portal\/","logo":{"@type":"ImageObject","inLanguage":"es","@id":"https:\/\/www.eldiario.net\/portal\/#\/schema\/logo\/image\/","url":"https:\/\/www.eldiario.net\/portal\/wp-content\/uploads\/2023\/07\/logo_ED.jpg","contentUrl":"https:\/\/www.eldiario.net\/portal\/wp-content\/uploads\/2023\/07\/logo_ED.jpg","width":272,"height":52,"caption":"El Diario - Decano de la prensa nacional"},"image":{"@id":"https:\/\/www.eldiario.net\/portal\/#\/schema\/logo\/image\/"},"sameAs":["https:\/\/www.facebook.com\/eldiario.bolivia\/","https:\/\/x.com\/eldiario_net"]},{"@type":"Person","@id":"https:\/\/www.eldiario.net\/portal\/#\/schema\/person\/f46445640444750d7d753ccd04ae01b7","name":"Jeanette","image":{"@type":"ImageObject","inLanguage":"es","@id":"https:\/\/secure.gravatar.com\/avatar\/3ea2118a5f7dad2b7138b1187a6b7ee55f160b9968b66013c3a3ef39dd7e5798?s=96&d=mm&r=g","url":"https:\/\/secure.gravatar.com\/avatar\/3ea2118a5f7dad2b7138b1187a6b7ee55f160b9968b66013c3a3ef39dd7e5798?s=96&d=mm&r=g","contentUrl":"https:\/\/secure.gravatar.com\/avatar\/3ea2118a5f7dad2b7138b1187a6b7ee55f160b9968b66013c3a3ef39dd7e5798?s=96&d=mm&r=g","caption":"Jeanette"},"sameAs":["https:\/\/www.eldiario.net\/portal"],"url":"https:\/\/www.eldiario.net\/portal\/author\/jeanette\/"}]}},"_links":{"self":[{"href":"https:\/\/www.eldiario.net\/portal\/wp-json\/wp\/v2\/posts\/142655","targetHints":{"allow":["GET"]}}],"collection":[{"href":"https:\/\/www.eldiario.net\/portal\/wp-json\/wp\/v2\/posts"}],"about":[{"href":"https:\/\/www.eldiario.net\/portal\/wp-json\/wp\/v2\/types\/post"}],"author":[{"embeddable":true,"href":"https:\/\/www.eldiario.net\/portal\/wp-json\/wp\/v2\/users\/1"}],"replies":[{"embeddable":true,"href":"https:\/\/www.eldiario.net\/portal\/wp-json\/wp\/v2\/comments?post=142655"}],"version-history":[{"count":0,"href":"https:\/\/www.eldiario.net\/portal\/wp-json\/wp\/v2\/posts\/142655\/revisions"}],"wp:attachment":[{"href":"https:\/\/www.eldiario.net\/portal\/wp-json\/wp\/v2\/media?parent=142655"}],"wp:term":[{"taxonomy":"category","embeddable":true,"href":"https:\/\/www.eldiario.net\/portal\/wp-json\/wp\/v2\/categories?post=142655"},{"taxonomy":"post_tag","embeddable":true,"href":"https:\/\/www.eldiario.net\/portal\/wp-json\/wp\/v2\/tags?post=142655"}],"curies":[{"name":"wp","href":"https:\/\/api.w.org\/{rel}","templated":true}]}}