{"id":142646,"date":"2023-03-12T05:57:00","date_gmt":"2023-03-12T09:57:00","guid":{"rendered":"https:\/\/www.eldiario.net\/portal\/?p=142646"},"modified":"2023-03-12T05:57:00","modified_gmt":"2023-03-12T09:57:00","slug":"reeligen-a-jose-domingo-vasquez-y-apoyan-plan-de-exploracion","status":"publish","type":"post","link":"https:\/\/www.eldiario.net\/portal\/2023\/03\/12\/reeligen-a-jose-domingo-vasquez-y-apoyan-plan-de-exploracion\/","title":{"rendered":"Reeligen a Jos\u00e9 Domingo V\u00e1squez  y apoyan plan de exploraci\u00f3n"},"content":{"rendered":"<p>El pasado fin de semana se realiz\u00f3 el Congreso de trabajadores de petroleros, en Sucre, lugar en que fue reelegido por aclamaci\u00f3n Jos\u00e9 Domingo V\u00e1squez, adem\u00e1s apoyaron el plan estrat\u00e9gico de Yacimientos Petrol\u00edferos Fiscales Bolivianos (YPFB) en su cronograma de exploraci\u00f3n de nuevos yacimientos. Analizaron la situaci\u00f3n por la que pasa la entidad estatal, y dieron su respaldo para avanzar en la b\u00fasqueda de gas y petr\u00f3leo.<br \/>\nEl XVIII Congreso Ordinario de la Federaci\u00f3n Sindical de Trabajadores Petroleros de Bolivia (FSTPB), reeligi\u00f3 a sus dirigentes para un nuevo per\u00edodo en representaci\u00f3n de ese sector, pese a que Jos\u00e9 Domingo V\u00e1squez Mogro anunci\u00f3 su repliegue a las bases, los congresistas rechazaron esa posibilidad, quien visiblemente emocionado, accedi\u00f3 a continuar dirigiendo a la FSTPB.<br \/>\nEn el evento, expresaron su preocupaci\u00f3n por el tema de los hidrocarburos, y expresaron apoyar la exploraci\u00f3n, el plan que lleva el YPFB, para fortalecer las reservas y aumentar la producci\u00f3n de gas y petr\u00f3leo.<br \/>\nRespecto a la posici\u00f3n de los petroleros sobre y la seguridad social y vivienda se\u00f1alan que ambos son importantes para la vida de cualquier ciudadano, porque se habla de una fuente de ingresos para la satisfacci\u00f3n de sus necesidades, de la salud como factor importante para encarar cualquier actividad y, la vivienda, lugar donde el trabajador habr\u00e1 de fundar su hogar protegido junto a su familia de las inclemencias del tiempo.<br \/>\nCon la aprobaci\u00f3n del Sistema \u00danico de Salud (SUS) y la Renta Dignidad, el beneficio de la protecci\u00f3n del capital humano se ha cerrado al abarcar la prestaci\u00f3n de servicios de salud y renta de vejez al universo de personas que no son parte del sistema de la Seguridad Social en su tesis laboral, al que pertenecen los trabajadores con relaci\u00f3n obrero patronal.<br \/>\nSin embargo, ser\u00e1 bueno considerar que en cada caso todav\u00eda hay aspectos que precisan de ajustes y hasta cambios en la pretensi\u00f3n de lograr eficiencia.<br \/>\nPIE DE FOTO<br \/>\nFoto YPFB<\/p>\n","protected":false},"excerpt":{"rendered":"<p>El pasado fin de semana se realiz\u00f3 el Congreso de trabajadores de petroleros, en Sucre, lugar en que fue reelegido por aclamaci\u00f3n Jos\u00e9 Domingo V\u00e1squez, adem\u00e1s apoyaron el plan estrat\u00e9gico de Yacimientos Petrol\u00edferos Fiscales Bolivianos (YPFB) en su cronograma de exploraci\u00f3n de nuevos yacimientos. Analizaron la situaci\u00f3n por la que pasa la entidad estatal, y [&hellip;]<\/p>\n","protected":false},"author":1,"featured_media":142647,"comment_status":"closed","ping_status":"closed","sticky":false,"template":"","format":"standard","meta":{"_acf_changed":false,"footnotes":""},"categories":[7],"tags":[],"class_list":["post-142646","post","type-post","status-publish","format-standard","has-post-thumbnail","category-economia"],"acf":{"antetitulo":""},"yoast_head":"<!-- This site is optimized with the Yoast SEO plugin v28.4 - https:\/\/yoast.com\/product\/yoast-seo-wordpress\/ -->\n<title>Reeligen a Jos\u00e9 Domingo V\u00e1squez y apoyan plan de exploraci\u00f3n - El Diario - Bolivia<\/title>\n<meta name=\"robots\" content=\"index, follow, max-snippet:-1, max-image-preview:large, max-video-preview:-1\" \/>\n<link rel=\"canonical\" href=\"https:\/\/www.eldiario.net\/portal\/2023\/03\/12\/reeligen-a-jose-domingo-vasquez-y-apoyan-plan-de-exploracion\/\" \/>\n<meta property=\"og:locale\" content=\"es_ES\" \/>\n<meta property=\"og:type\" content=\"article\" \/>\n<meta property=\"og:title\" content=\"Reeligen a Jos\u00e9 Domingo V\u00e1squez y apoyan plan de exploraci\u00f3n - El Diario - Bolivia\" \/>\n<meta property=\"og:description\" content=\"El pasado fin de semana se realiz\u00f3 el Congreso de trabajadores de petroleros, en Sucre, lugar en que fue reelegido por aclamaci\u00f3n Jos\u00e9 Domingo V\u00e1squez, adem\u00e1s apoyaron el plan estrat\u00e9gico de Yacimientos Petrol\u00edferos Fiscales Bolivianos (YPFB) en su cronograma de exploraci\u00f3n de nuevos yacimientos. Analizaron la situaci\u00f3n por la que pasa la entidad estatal, y [&hellip;]\" \/>\n<meta property=\"og:url\" content=\"https:\/\/www.eldiario.net\/portal\/2023\/03\/12\/reeligen-a-jose-domingo-vasquez-y-apoyan-plan-de-exploracion\/\" \/>\n<meta property=\"og:site_name\" content=\"El Diario - Bolivia\" \/>\n<meta property=\"article:publisher\" content=\"https:\/\/www.facebook.com\/eldiario.bolivia\/\" \/>\n<meta property=\"article:published_time\" content=\"2023-03-12T09:57:00+00:00\" \/>\n<meta name=\"author\" content=\"Jeanette\" \/>\n<meta name=\"twitter:card\" content=\"summary_large_image\" \/>\n<meta name=\"twitter:creator\" content=\"@eldiario_net\" \/>\n<meta name=\"twitter:site\" content=\"@eldiario_net\" \/>\n<meta name=\"twitter:label1\" content=\"Escrito por\" \/>\n\t<meta name=\"twitter:data1\" content=\"Jeanette\" \/>\n\t<meta name=\"twitter:label2\" content=\"Tiempo de lectura\" \/>\n\t<meta name=\"twitter:data2\" content=\"2 minutos\" \/>\n<script type=\"application\/ld+json\" class=\"yoast-schema-graph\">{\"@context\":\"https:\\\/\\\/schema.org\",\"@graph\":[{\"@type\":\"Article\",\"@id\":\"https:\\\/\\\/www.eldiario.net\\\/portal\\\/2023\\\/03\\\/12\\\/reeligen-a-jose-domingo-vasquez-y-apoyan-plan-de-exploracion\\\/#article\",\"isPartOf\":{\"@id\":\"https:\\\/\\\/www.eldiario.net\\\/portal\\\/2023\\\/03\\\/12\\\/reeligen-a-jose-domingo-vasquez-y-apoyan-plan-de-exploracion\\\/\"},\"author\":{\"name\":\"Jeanette\",\"@id\":\"https:\\\/\\\/www.eldiario.net\\\/portal\\\/#\\\/schema\\\/person\\\/f46445640444750d7d753ccd04ae01b7\"},\"headline\":\"Reeligen a Jos\u00e9 Domingo V\u00e1squez y apoyan plan de exploraci\u00f3n\",\"datePublished\":\"2023-03-12T09:57:00+00:00\",\"mainEntityOfPage\":{\"@id\":\"https:\\\/\\\/www.eldiario.net\\\/portal\\\/2023\\\/03\\\/12\\\/reeligen-a-jose-domingo-vasquez-y-apoyan-plan-de-exploracion\\\/\"},\"wordCount\":359,\"publisher\":{\"@id\":\"https:\\\/\\\/www.eldiario.net\\\/portal\\\/#organization\"},\"image\":{\"@id\":\"https:\\\/\\\/www.eldiario.net\\\/portal\\\/2023\\\/03\\\/12\\\/reeligen-a-jose-domingo-vasquez-y-apoyan-plan-de-exploracion\\\/#primaryimage\"},\"thumbnailUrl\":\"\",\"articleSection\":[\"Econom\u00eda\"],\"inLanguage\":\"es\"},{\"@type\":\"WebPage\",\"@id\":\"https:\\\/\\\/www.eldiario.net\\\/portal\\\/2023\\\/03\\\/12\\\/reeligen-a-jose-domingo-vasquez-y-apoyan-plan-de-exploracion\\\/\",\"url\":\"https:\\\/\\\/www.eldiario.net\\\/portal\\\/2023\\\/03\\\/12\\\/reeligen-a-jose-domingo-vasquez-y-apoyan-plan-de-exploracion\\\/\",\"name\":\"Reeligen a Jos\u00e9 Domingo V\u00e1squez y apoyan plan de exploraci\u00f3n - El Diario - Bolivia\",\"isPartOf\":{\"@id\":\"https:\\\/\\\/www.eldiario.net\\\/portal\\\/#website\"},\"primaryImageOfPage\":{\"@id\":\"https:\\\/\\\/www.eldiario.net\\\/portal\\\/2023\\\/03\\\/12\\\/reeligen-a-jose-domingo-vasquez-y-apoyan-plan-de-exploracion\\\/#primaryimage\"},\"image\":{\"@id\":\"https:\\\/\\\/www.eldiario.net\\\/portal\\\/2023\\\/03\\\/12\\\/reeligen-a-jose-domingo-vasquez-y-apoyan-plan-de-exploracion\\\/#primaryimage\"},\"thumbnailUrl\":\"\",\"datePublished\":\"2023-03-12T09:57:00+00:00\",\"breadcrumb\":{\"@id\":\"https:\\\/\\\/www.eldiario.net\\\/portal\\\/2023\\\/03\\\/12\\\/reeligen-a-jose-domingo-vasquez-y-apoyan-plan-de-exploracion\\\/#breadcrumb\"},\"inLanguage\":\"es\",\"potentialAction\":[{\"@type\":\"ReadAction\",\"target\":[\"https:\\\/\\\/www.eldiario.net\\\/portal\\\/2023\\\/03\\\/12\\\/reeligen-a-jose-domingo-vasquez-y-apoyan-plan-de-exploracion\\\/\"]}]},{\"@type\":\"ImageObject\",\"inLanguage\":\"es\",\"@id\":\"https:\\\/\\\/www.eldiario.net\\\/portal\\\/2023\\\/03\\\/12\\\/reeligen-a-jose-domingo-vasquez-y-apoyan-plan-de-exploracion\\\/#primaryimage\",\"url\":\"\",\"contentUrl\":\"\"},{\"@type\":\"BreadcrumbList\",\"@id\":\"https:\\\/\\\/www.eldiario.net\\\/portal\\\/2023\\\/03\\\/12\\\/reeligen-a-jose-domingo-vasquez-y-apoyan-plan-de-exploracion\\\/#breadcrumb\",\"itemListElement\":[{\"@type\":\"ListItem\",\"position\":1,\"name\":\"Portada\",\"item\":\"https:\\\/\\\/www.eldiario.net\\\/portal\\\/\"},{\"@type\":\"ListItem\",\"position\":2,\"name\":\"Reeligen a Jos\u00e9 Domingo V\u00e1squez y apoyan plan de exploraci\u00f3n\"}]},{\"@type\":\"WebSite\",\"@id\":\"https:\\\/\\\/www.eldiario.net\\\/portal\\\/#website\",\"url\":\"https:\\\/\\\/www.eldiario.net\\\/portal\\\/\",\"name\":\"El Diario - Decano de la prensa nacional\",\"description\":\"El Diario - Decano de la prensa nacional\",\"publisher\":{\"@id\":\"https:\\\/\\\/www.eldiario.net\\\/portal\\\/#organization\"},\"potentialAction\":[{\"@type\":\"SearchAction\",\"target\":{\"@type\":\"EntryPoint\",\"urlTemplate\":\"https:\\\/\\\/www.eldiario.net\\\/portal\\\/?s={search_term_string}\"},\"query-input\":{\"@type\":\"PropertyValueSpecification\",\"valueRequired\":true,\"valueName\":\"search_term_string\"}}],\"inLanguage\":\"es\"},{\"@type\":\"Organization\",\"@id\":\"https:\\\/\\\/www.eldiario.net\\\/portal\\\/#organization\",\"name\":\"El Diario - Decano de la prensa nacional\",\"url\":\"https:\\\/\\\/www.eldiario.net\\\/portal\\\/\",\"logo\":{\"@type\":\"ImageObject\",\"inLanguage\":\"es\",\"@id\":\"https:\\\/\\\/www.eldiario.net\\\/portal\\\/#\\\/schema\\\/logo\\\/image\\\/\",\"url\":\"https:\\\/\\\/www.eldiario.net\\\/portal\\\/wp-content\\\/uploads\\\/2023\\\/07\\\/logo_ED.jpg\",\"contentUrl\":\"https:\\\/\\\/www.eldiario.net\\\/portal\\\/wp-content\\\/uploads\\\/2023\\\/07\\\/logo_ED.jpg\",\"width\":272,\"height\":52,\"caption\":\"El Diario - Decano de la prensa nacional\"},\"image\":{\"@id\":\"https:\\\/\\\/www.eldiario.net\\\/portal\\\/#\\\/schema\\\/logo\\\/image\\\/\"},\"sameAs\":[\"https:\\\/\\\/www.facebook.com\\\/eldiario.bolivia\\\/\",\"https:\\\/\\\/x.com\\\/eldiario_net\"]},{\"@type\":\"Person\",\"@id\":\"https:\\\/\\\/www.eldiario.net\\\/portal\\\/#\\\/schema\\\/person\\\/f46445640444750d7d753ccd04ae01b7\",\"name\":\"Jeanette\",\"image\":{\"@type\":\"ImageObject\",\"inLanguage\":\"es\",\"@id\":\"https:\\\/\\\/secure.gravatar.com\\\/avatar\\\/3ea2118a5f7dad2b7138b1187a6b7ee55f160b9968b66013c3a3ef39dd7e5798?s=96&d=mm&r=g\",\"url\":\"https:\\\/\\\/secure.gravatar.com\\\/avatar\\\/3ea2118a5f7dad2b7138b1187a6b7ee55f160b9968b66013c3a3ef39dd7e5798?s=96&d=mm&r=g\",\"contentUrl\":\"https:\\\/\\\/secure.gravatar.com\\\/avatar\\\/3ea2118a5f7dad2b7138b1187a6b7ee55f160b9968b66013c3a3ef39dd7e5798?s=96&d=mm&r=g\",\"caption\":\"Jeanette\"},\"sameAs\":[\"https:\\\/\\\/www.eldiario.net\\\/portal\"],\"url\":\"https:\\\/\\\/www.eldiario.net\\\/portal\\\/author\\\/jeanette\\\/\"}]}<\/script>\n<!-- \/ Yoast SEO plugin. -->","yoast_head_json":{"title":"Reeligen a Jos\u00e9 Domingo V\u00e1squez y apoyan plan de exploraci\u00f3n - El Diario - Bolivia","robots":{"index":"index","follow":"follow","max-snippet":"max-snippet:-1","max-image-preview":"max-image-preview:large","max-video-preview":"max-video-preview:-1"},"canonical":"https:\/\/www.eldiario.net\/portal\/2023\/03\/12\/reeligen-a-jose-domingo-vasquez-y-apoyan-plan-de-exploracion\/","og_locale":"es_ES","og_type":"article","og_title":"Reeligen a Jos\u00e9 Domingo V\u00e1squez y apoyan plan de exploraci\u00f3n - El Diario - Bolivia","og_description":"El pasado fin de semana se realiz\u00f3 el Congreso de trabajadores de petroleros, en Sucre, lugar en que fue reelegido por aclamaci\u00f3n Jos\u00e9 Domingo V\u00e1squez, adem\u00e1s apoyaron el plan estrat\u00e9gico de Yacimientos Petrol\u00edferos Fiscales Bolivianos (YPFB) en su cronograma de exploraci\u00f3n de nuevos yacimientos. Analizaron la situaci\u00f3n por la que pasa la entidad estatal, y [&hellip;]","og_url":"https:\/\/www.eldiario.net\/portal\/2023\/03\/12\/reeligen-a-jose-domingo-vasquez-y-apoyan-plan-de-exploracion\/","og_site_name":"El Diario - Bolivia","article_publisher":"https:\/\/www.facebook.com\/eldiario.bolivia\/","article_published_time":"2023-03-12T09:57:00+00:00","author":"Jeanette","twitter_card":"summary_large_image","twitter_creator":"@eldiario_net","twitter_site":"@eldiario_net","twitter_misc":{"Escrito por":"Jeanette","Tiempo de lectura":"2 minutos"},"schema":{"@context":"https:\/\/schema.org","@graph":[{"@type":"Article","@id":"https:\/\/www.eldiario.net\/portal\/2023\/03\/12\/reeligen-a-jose-domingo-vasquez-y-apoyan-plan-de-exploracion\/#article","isPartOf":{"@id":"https:\/\/www.eldiario.net\/portal\/2023\/03\/12\/reeligen-a-jose-domingo-vasquez-y-apoyan-plan-de-exploracion\/"},"author":{"name":"Jeanette","@id":"https:\/\/www.eldiario.net\/portal\/#\/schema\/person\/f46445640444750d7d753ccd04ae01b7"},"headline":"Reeligen a Jos\u00e9 Domingo V\u00e1squez y apoyan plan de exploraci\u00f3n","datePublished":"2023-03-12T09:57:00+00:00","mainEntityOfPage":{"@id":"https:\/\/www.eldiario.net\/portal\/2023\/03\/12\/reeligen-a-jose-domingo-vasquez-y-apoyan-plan-de-exploracion\/"},"wordCount":359,"publisher":{"@id":"https:\/\/www.eldiario.net\/portal\/#organization"},"image":{"@id":"https:\/\/www.eldiario.net\/portal\/2023\/03\/12\/reeligen-a-jose-domingo-vasquez-y-apoyan-plan-de-exploracion\/#primaryimage"},"thumbnailUrl":"","articleSection":["Econom\u00eda"],"inLanguage":"es"},{"@type":"WebPage","@id":"https:\/\/www.eldiario.net\/portal\/2023\/03\/12\/reeligen-a-jose-domingo-vasquez-y-apoyan-plan-de-exploracion\/","url":"https:\/\/www.eldiario.net\/portal\/2023\/03\/12\/reeligen-a-jose-domingo-vasquez-y-apoyan-plan-de-exploracion\/","name":"Reeligen a Jos\u00e9 Domingo V\u00e1squez y apoyan plan de exploraci\u00f3n - El Diario - Bolivia","isPartOf":{"@id":"https:\/\/www.eldiario.net\/portal\/#website"},"primaryImageOfPage":{"@id":"https:\/\/www.eldiario.net\/portal\/2023\/03\/12\/reeligen-a-jose-domingo-vasquez-y-apoyan-plan-de-exploracion\/#primaryimage"},"image":{"@id":"https:\/\/www.eldiario.net\/portal\/2023\/03\/12\/reeligen-a-jose-domingo-vasquez-y-apoyan-plan-de-exploracion\/#primaryimage"},"thumbnailUrl":"","datePublished":"2023-03-12T09:57:00+00:00","breadcrumb":{"@id":"https:\/\/www.eldiario.net\/portal\/2023\/03\/12\/reeligen-a-jose-domingo-vasquez-y-apoyan-plan-de-exploracion\/#breadcrumb"},"inLanguage":"es","potentialAction":[{"@type":"ReadAction","target":["https:\/\/www.eldiario.net\/portal\/2023\/03\/12\/reeligen-a-jose-domingo-vasquez-y-apoyan-plan-de-exploracion\/"]}]},{"@type":"ImageObject","inLanguage":"es","@id":"https:\/\/www.eldiario.net\/portal\/2023\/03\/12\/reeligen-a-jose-domingo-vasquez-y-apoyan-plan-de-exploracion\/#primaryimage","url":"","contentUrl":""},{"@type":"BreadcrumbList","@id":"https:\/\/www.eldiario.net\/portal\/2023\/03\/12\/reeligen-a-jose-domingo-vasquez-y-apoyan-plan-de-exploracion\/#breadcrumb","itemListElement":[{"@type":"ListItem","position":1,"name":"Portada","item":"https:\/\/www.eldiario.net\/portal\/"},{"@type":"ListItem","position":2,"name":"Reeligen a Jos\u00e9 Domingo V\u00e1squez y apoyan plan de exploraci\u00f3n"}]},{"@type":"WebSite","@id":"https:\/\/www.eldiario.net\/portal\/#website","url":"https:\/\/www.eldiario.net\/portal\/","name":"El Diario - Decano de la prensa nacional","description":"El Diario - Decano de la prensa nacional","publisher":{"@id":"https:\/\/www.eldiario.net\/portal\/#organization"},"potentialAction":[{"@type":"SearchAction","target":{"@type":"EntryPoint","urlTemplate":"https:\/\/www.eldiario.net\/portal\/?s={search_term_string}"},"query-input":{"@type":"PropertyValueSpecification","valueRequired":true,"valueName":"search_term_string"}}],"inLanguage":"es"},{"@type":"Organization","@id":"https:\/\/www.eldiario.net\/portal\/#organization","name":"El Diario - Decano de la prensa nacional","url":"https:\/\/www.eldiario.net\/portal\/","logo":{"@type":"ImageObject","inLanguage":"es","@id":"https:\/\/www.eldiario.net\/portal\/#\/schema\/logo\/image\/","url":"https:\/\/www.eldiario.net\/portal\/wp-content\/uploads\/2023\/07\/logo_ED.jpg","contentUrl":"https:\/\/www.eldiario.net\/portal\/wp-content\/uploads\/2023\/07\/logo_ED.jpg","width":272,"height":52,"caption":"El Diario - Decano de la prensa nacional"},"image":{"@id":"https:\/\/www.eldiario.net\/portal\/#\/schema\/logo\/image\/"},"sameAs":["https:\/\/www.facebook.com\/eldiario.bolivia\/","https:\/\/x.com\/eldiario_net"]},{"@type":"Person","@id":"https:\/\/www.eldiario.net\/portal\/#\/schema\/person\/f46445640444750d7d753ccd04ae01b7","name":"Jeanette","image":{"@type":"ImageObject","inLanguage":"es","@id":"https:\/\/secure.gravatar.com\/avatar\/3ea2118a5f7dad2b7138b1187a6b7ee55f160b9968b66013c3a3ef39dd7e5798?s=96&d=mm&r=g","url":"https:\/\/secure.gravatar.com\/avatar\/3ea2118a5f7dad2b7138b1187a6b7ee55f160b9968b66013c3a3ef39dd7e5798?s=96&d=mm&r=g","contentUrl":"https:\/\/secure.gravatar.com\/avatar\/3ea2118a5f7dad2b7138b1187a6b7ee55f160b9968b66013c3a3ef39dd7e5798?s=96&d=mm&r=g","caption":"Jeanette"},"sameAs":["https:\/\/www.eldiario.net\/portal"],"url":"https:\/\/www.eldiario.net\/portal\/author\/jeanette\/"}]}},"_links":{"self":[{"href":"https:\/\/www.eldiario.net\/portal\/wp-json\/wp\/v2\/posts\/142646","targetHints":{"allow":["GET"]}}],"collection":[{"href":"https:\/\/www.eldiario.net\/portal\/wp-json\/wp\/v2\/posts"}],"about":[{"href":"https:\/\/www.eldiario.net\/portal\/wp-json\/wp\/v2\/types\/post"}],"author":[{"embeddable":true,"href":"https:\/\/www.eldiario.net\/portal\/wp-json\/wp\/v2\/users\/1"}],"replies":[{"embeddable":true,"href":"https:\/\/www.eldiario.net\/portal\/wp-json\/wp\/v2\/comments?post=142646"}],"version-history":[{"count":0,"href":"https:\/\/www.eldiario.net\/portal\/wp-json\/wp\/v2\/posts\/142646\/revisions"}],"wp:attachment":[{"href":"https:\/\/www.eldiario.net\/portal\/wp-json\/wp\/v2\/media?parent=142646"}],"wp:term":[{"taxonomy":"category","embeddable":true,"href":"https:\/\/www.eldiario.net\/portal\/wp-json\/wp\/v2\/categories?post=142646"},{"taxonomy":"post_tag","embeddable":true,"href":"https:\/\/www.eldiario.net\/portal\/wp-json\/wp\/v2\/tags?post=142646"}],"curies":[{"name":"wp","href":"https:\/\/api.w.org\/{rel}","templated":true}]}}