{"id":142643,"date":"2023-03-12T05:46:42","date_gmt":"2023-03-12T09:46:42","guid":{"rendered":"https:\/\/www.eldiario.net\/portal\/?p=142643"},"modified":"2023-03-12T05:46:42","modified_gmt":"2023-03-12T09:46:42","slug":"persiste-el-bloqueo-en-la-ruta-oruro-potosi","status":"publish","type":"post","link":"https:\/\/www.eldiario.net\/portal\/2023\/03\/12\/persiste-el-bloqueo-en-la-ruta-oruro-potosi\/","title":{"rendered":"Persiste el bloqueo en  la ruta Oruro &#8211; Potos\u00ed"},"content":{"rendered":"<p>Organizaciones sociales afines al Movimiento al Socialismo (MAS) mantienen el bloqueo en la ruta Oruro &#8211; Potos\u00ed. Los movilizados potosinos exigen una reuni\u00f3n con el presidente Luis Arce para que atienda en persona las demandas regionales.<br \/>\nNosotros no hemos tenido respuesta por parte del Ministro de Hidrocarburos y vemos que no es interlocutor v\u00e1lido, queremos una reuni\u00f3n con nuestro Presidente. Vamos a mantener las movilizaciones hasta que seamos escuchados, queremos aclarar que no estamos en contra del hermano presidente\u201d, inform\u00f3 a la ANF la secretaria ejecutiva de la Federaci\u00f3n Regional \u00danica de Trabajadores Campesinos del Altiplano Sud (Frutcas), Yamile Cruz.<br \/>\nDesde el viernes organizaciones sociales de diferentes regiones bloquearon esas v\u00edas en demanda de proyectos para su regi\u00f3n, entre ellos la planta refinadora de zinc, industrializaci\u00f3n del litio, doble v\u00eda Potos\u00ed- Sucre, doble v\u00eda Potos\u00ed-Oruro, puesta en marcha de la f\u00e1brica de cemento y otros.<br \/>\nLa dirigente afirm\u00f3 que enviaron en reiteradas ocasiones notas al ministro de Hidrocarburos, Franklin Molina, para sostener una reuni\u00f3n y que se les informe sobre el proceso de industrializaci\u00f3n del litio, pero no fueron atendidos.<br \/>\nREFINADORA DE ZINC<br \/>\nEl ministro de Miner\u00eda, Ramiro Villavicencio, afirm\u00f3 a la agencia ABI que est\u00e1 garantizada la construcci\u00f3n de la Planta Refinadora de Zinc en Potos\u00ed, con una inversi\u00f3n de $us 350 millones, para generar mayores ingresos al departamento por la actividad minera.<br \/>\nEl proyecto fue concluido en la parte de la ingeniera conceptual y b\u00e1sica, por lo que solo resta la gesti\u00f3n y aprobaci\u00f3n del financiamiento, por parte del Ministerio de Planificaci\u00f3n, para dar curso a su construcci\u00f3n.<br \/>\nLa planta se levantar\u00e1 en una superficie de 30 hect\u00e1reas, en predios de la Empresa Metal\u00fargica de Karachipampa. Tendr\u00e1 una capacidad de tratamiento de 150.000 toneladas de concentrados de zinc.<br \/>\nAdicionalmente, recuperar\u00e1 el valor de otros metales como zinc met\u00e1lico, esta\u00f1o, plata, indio, galio y germanio, minerales tecnol\u00f3gicos de alta demanda internacional.<br \/>\nLas empresas proveedoras ser\u00e1n las mineras San Vicente, San Crist\u00f3bal, Porco y las cooperativas mineras.<br \/>\nParalelamente se contar\u00e1 con una planta de \u00e1cido sulf\u00farico, proyecto que apunta a consolidar la ingeniera b\u00e1sica y qu\u00edmica que encara el Gobierno en Potos\u00ed.<br \/>\nPor su parte, la viceministra de Comunicaci\u00f3n, Gabriela Alc\u00f3n, dijo que se seguir\u00e1 pidiendo a la poblaci\u00f3n continuar trabajando por el desarrollo econ\u00f3mico y la reconstrucci\u00f3n econ\u00f3mica y productiva de nuestro pueblo boliviano.<br \/>\n\u201cEl proyecto de ley (del litio) est\u00e1 en la Asamblea Legislativa, as\u00ed que todo tiene su curso\u201d, afirm\u00f3 Alc\u00f3n a BTV en Cochabamba. (Potos\u00ed, agencias).<\/p>\n","protected":false},"excerpt":{"rendered":"<p>Organizaciones sociales afines al Movimiento al Socialismo (MAS) mantienen el bloqueo en la ruta Oruro &#8211; Potos\u00ed. Los movilizados potosinos exigen una reuni\u00f3n con el presidente Luis Arce para que atienda en persona las demandas regionales. Nosotros no hemos tenido respuesta por parte del Ministro de Hidrocarburos y vemos que no es interlocutor v\u00e1lido, queremos [&hellip;]<\/p>\n","protected":false},"author":1,"featured_media":142644,"comment_status":"closed","ping_status":"closed","sticky":false,"template":"","format":"standard","meta":{"_acf_changed":false,"footnotes":""},"categories":[12],"tags":[],"class_list":["post-142643","post","type-post","status-publish","format-standard","has-post-thumbnail","category-nacional"],"acf":{"antetitulo":""},"yoast_head":"<!-- This site is optimized with the Yoast SEO plugin v28.4 - https:\/\/yoast.com\/product\/yoast-seo-wordpress\/ -->\n<title>Persiste el bloqueo en la ruta Oruro - Potos\u00ed - El Diario - Bolivia<\/title>\n<meta name=\"robots\" content=\"index, follow, max-snippet:-1, max-image-preview:large, max-video-preview:-1\" \/>\n<link rel=\"canonical\" href=\"https:\/\/www.eldiario.net\/portal\/2023\/03\/12\/persiste-el-bloqueo-en-la-ruta-oruro-potosi\/\" \/>\n<meta property=\"og:locale\" content=\"es_ES\" \/>\n<meta property=\"og:type\" content=\"article\" \/>\n<meta property=\"og:title\" content=\"Persiste el bloqueo en la ruta Oruro - Potos\u00ed - El Diario - Bolivia\" \/>\n<meta property=\"og:description\" content=\"Organizaciones sociales afines al Movimiento al Socialismo (MAS) mantienen el bloqueo en la ruta Oruro &#8211; Potos\u00ed. Los movilizados potosinos exigen una reuni\u00f3n con el presidente Luis Arce para que atienda en persona las demandas regionales. Nosotros no hemos tenido respuesta por parte del Ministro de Hidrocarburos y vemos que no es interlocutor v\u00e1lido, queremos [&hellip;]\" \/>\n<meta property=\"og:url\" content=\"https:\/\/www.eldiario.net\/portal\/2023\/03\/12\/persiste-el-bloqueo-en-la-ruta-oruro-potosi\/\" \/>\n<meta property=\"og:site_name\" content=\"El Diario - Bolivia\" \/>\n<meta property=\"article:publisher\" content=\"https:\/\/www.facebook.com\/eldiario.bolivia\/\" \/>\n<meta property=\"article:published_time\" content=\"2023-03-12T09:46:42+00:00\" \/>\n<meta name=\"author\" content=\"Jeanette\" \/>\n<meta name=\"twitter:card\" content=\"summary_large_image\" \/>\n<meta name=\"twitter:creator\" content=\"@eldiario_net\" \/>\n<meta name=\"twitter:site\" content=\"@eldiario_net\" \/>\n<meta name=\"twitter:label1\" content=\"Escrito por\" \/>\n\t<meta name=\"twitter:data1\" content=\"Jeanette\" \/>\n<script type=\"application\/ld+json\" class=\"yoast-schema-graph\">{\"@context\":\"https:\\\/\\\/schema.org\",\"@graph\":[{\"@type\":\"Article\",\"@id\":\"https:\\\/\\\/www.eldiario.net\\\/portal\\\/2023\\\/03\\\/12\\\/persiste-el-bloqueo-en-la-ruta-oruro-potosi\\\/#article\",\"isPartOf\":{\"@id\":\"https:\\\/\\\/www.eldiario.net\\\/portal\\\/2023\\\/03\\\/12\\\/persiste-el-bloqueo-en-la-ruta-oruro-potosi\\\/\"},\"author\":{\"name\":\"Jeanette\",\"@id\":\"https:\\\/\\\/www.eldiario.net\\\/portal\\\/#\\\/schema\\\/person\\\/f46445640444750d7d753ccd04ae01b7\"},\"headline\":\"Persiste el bloqueo en la ruta Oruro &#8211; Potos\u00ed\",\"datePublished\":\"2023-03-12T09:46:42+00:00\",\"mainEntityOfPage\":{\"@id\":\"https:\\\/\\\/www.eldiario.net\\\/portal\\\/2023\\\/03\\\/12\\\/persiste-el-bloqueo-en-la-ruta-oruro-potosi\\\/\"},\"wordCount\":455,\"publisher\":{\"@id\":\"https:\\\/\\\/www.eldiario.net\\\/portal\\\/#organization\"},\"image\":{\"@id\":\"https:\\\/\\\/www.eldiario.net\\\/portal\\\/2023\\\/03\\\/12\\\/persiste-el-bloqueo-en-la-ruta-oruro-potosi\\\/#primaryimage\"},\"thumbnailUrl\":\"\",\"articleSection\":[\"Nacional\"],\"inLanguage\":\"es\"},{\"@type\":\"WebPage\",\"@id\":\"https:\\\/\\\/www.eldiario.net\\\/portal\\\/2023\\\/03\\\/12\\\/persiste-el-bloqueo-en-la-ruta-oruro-potosi\\\/\",\"url\":\"https:\\\/\\\/www.eldiario.net\\\/portal\\\/2023\\\/03\\\/12\\\/persiste-el-bloqueo-en-la-ruta-oruro-potosi\\\/\",\"name\":\"Persiste el bloqueo en la ruta Oruro - Potos\u00ed - El Diario - Bolivia\",\"isPartOf\":{\"@id\":\"https:\\\/\\\/www.eldiario.net\\\/portal\\\/#website\"},\"primaryImageOfPage\":{\"@id\":\"https:\\\/\\\/www.eldiario.net\\\/portal\\\/2023\\\/03\\\/12\\\/persiste-el-bloqueo-en-la-ruta-oruro-potosi\\\/#primaryimage\"},\"image\":{\"@id\":\"https:\\\/\\\/www.eldiario.net\\\/portal\\\/2023\\\/03\\\/12\\\/persiste-el-bloqueo-en-la-ruta-oruro-potosi\\\/#primaryimage\"},\"thumbnailUrl\":\"\",\"datePublished\":\"2023-03-12T09:46:42+00:00\",\"breadcrumb\":{\"@id\":\"https:\\\/\\\/www.eldiario.net\\\/portal\\\/2023\\\/03\\\/12\\\/persiste-el-bloqueo-en-la-ruta-oruro-potosi\\\/#breadcrumb\"},\"inLanguage\":\"es\",\"potentialAction\":[{\"@type\":\"ReadAction\",\"target\":[\"https:\\\/\\\/www.eldiario.net\\\/portal\\\/2023\\\/03\\\/12\\\/persiste-el-bloqueo-en-la-ruta-oruro-potosi\\\/\"]}]},{\"@type\":\"ImageObject\",\"inLanguage\":\"es\",\"@id\":\"https:\\\/\\\/www.eldiario.net\\\/portal\\\/2023\\\/03\\\/12\\\/persiste-el-bloqueo-en-la-ruta-oruro-potosi\\\/#primaryimage\",\"url\":\"\",\"contentUrl\":\"\"},{\"@type\":\"BreadcrumbList\",\"@id\":\"https:\\\/\\\/www.eldiario.net\\\/portal\\\/2023\\\/03\\\/12\\\/persiste-el-bloqueo-en-la-ruta-oruro-potosi\\\/#breadcrumb\",\"itemListElement\":[{\"@type\":\"ListItem\",\"position\":1,\"name\":\"Portada\",\"item\":\"https:\\\/\\\/www.eldiario.net\\\/portal\\\/\"},{\"@type\":\"ListItem\",\"position\":2,\"name\":\"Persiste el bloqueo en la ruta Oruro &#8211; Potos\u00ed\"}]},{\"@type\":\"WebSite\",\"@id\":\"https:\\\/\\\/www.eldiario.net\\\/portal\\\/#website\",\"url\":\"https:\\\/\\\/www.eldiario.net\\\/portal\\\/\",\"name\":\"El Diario - Decano de la prensa nacional\",\"description\":\"El Diario - Decano de la prensa nacional\",\"publisher\":{\"@id\":\"https:\\\/\\\/www.eldiario.net\\\/portal\\\/#organization\"},\"potentialAction\":[{\"@type\":\"SearchAction\",\"target\":{\"@type\":\"EntryPoint\",\"urlTemplate\":\"https:\\\/\\\/www.eldiario.net\\\/portal\\\/?s={search_term_string}\"},\"query-input\":{\"@type\":\"PropertyValueSpecification\",\"valueRequired\":true,\"valueName\":\"search_term_string\"}}],\"inLanguage\":\"es\"},{\"@type\":\"Organization\",\"@id\":\"https:\\\/\\\/www.eldiario.net\\\/portal\\\/#organization\",\"name\":\"El Diario - Decano de la prensa nacional\",\"url\":\"https:\\\/\\\/www.eldiario.net\\\/portal\\\/\",\"logo\":{\"@type\":\"ImageObject\",\"inLanguage\":\"es\",\"@id\":\"https:\\\/\\\/www.eldiario.net\\\/portal\\\/#\\\/schema\\\/logo\\\/image\\\/\",\"url\":\"https:\\\/\\\/www.eldiario.net\\\/portal\\\/wp-content\\\/uploads\\\/2023\\\/07\\\/logo_ED.jpg\",\"contentUrl\":\"https:\\\/\\\/www.eldiario.net\\\/portal\\\/wp-content\\\/uploads\\\/2023\\\/07\\\/logo_ED.jpg\",\"width\":272,\"height\":52,\"caption\":\"El Diario - Decano de la prensa nacional\"},\"image\":{\"@id\":\"https:\\\/\\\/www.eldiario.net\\\/portal\\\/#\\\/schema\\\/logo\\\/image\\\/\"},\"sameAs\":[\"https:\\\/\\\/www.facebook.com\\\/eldiario.bolivia\\\/\",\"https:\\\/\\\/x.com\\\/eldiario_net\"]},{\"@type\":\"Person\",\"@id\":\"https:\\\/\\\/www.eldiario.net\\\/portal\\\/#\\\/schema\\\/person\\\/f46445640444750d7d753ccd04ae01b7\",\"name\":\"Jeanette\",\"image\":{\"@type\":\"ImageObject\",\"inLanguage\":\"es\",\"@id\":\"https:\\\/\\\/secure.gravatar.com\\\/avatar\\\/3ea2118a5f7dad2b7138b1187a6b7ee55f160b9968b66013c3a3ef39dd7e5798?s=96&d=mm&r=g\",\"url\":\"https:\\\/\\\/secure.gravatar.com\\\/avatar\\\/3ea2118a5f7dad2b7138b1187a6b7ee55f160b9968b66013c3a3ef39dd7e5798?s=96&d=mm&r=g\",\"contentUrl\":\"https:\\\/\\\/secure.gravatar.com\\\/avatar\\\/3ea2118a5f7dad2b7138b1187a6b7ee55f160b9968b66013c3a3ef39dd7e5798?s=96&d=mm&r=g\",\"caption\":\"Jeanette\"},\"sameAs\":[\"https:\\\/\\\/www.eldiario.net\\\/portal\"],\"url\":\"https:\\\/\\\/www.eldiario.net\\\/portal\\\/author\\\/jeanette\\\/\"}]}<\/script>\n<!-- \/ Yoast SEO plugin. -->","yoast_head_json":{"title":"Persiste el bloqueo en la ruta Oruro - Potos\u00ed - El Diario - Bolivia","robots":{"index":"index","follow":"follow","max-snippet":"max-snippet:-1","max-image-preview":"max-image-preview:large","max-video-preview":"max-video-preview:-1"},"canonical":"https:\/\/www.eldiario.net\/portal\/2023\/03\/12\/persiste-el-bloqueo-en-la-ruta-oruro-potosi\/","og_locale":"es_ES","og_type":"article","og_title":"Persiste el bloqueo en la ruta Oruro - Potos\u00ed - El Diario - Bolivia","og_description":"Organizaciones sociales afines al Movimiento al Socialismo (MAS) mantienen el bloqueo en la ruta Oruro &#8211; Potos\u00ed. Los movilizados potosinos exigen una reuni\u00f3n con el presidente Luis Arce para que atienda en persona las demandas regionales. Nosotros no hemos tenido respuesta por parte del Ministro de Hidrocarburos y vemos que no es interlocutor v\u00e1lido, queremos [&hellip;]","og_url":"https:\/\/www.eldiario.net\/portal\/2023\/03\/12\/persiste-el-bloqueo-en-la-ruta-oruro-potosi\/","og_site_name":"El Diario - Bolivia","article_publisher":"https:\/\/www.facebook.com\/eldiario.bolivia\/","article_published_time":"2023-03-12T09:46:42+00:00","author":"Jeanette","twitter_card":"summary_large_image","twitter_creator":"@eldiario_net","twitter_site":"@eldiario_net","twitter_misc":{"Escrito por":"Jeanette"},"schema":{"@context":"https:\/\/schema.org","@graph":[{"@type":"Article","@id":"https:\/\/www.eldiario.net\/portal\/2023\/03\/12\/persiste-el-bloqueo-en-la-ruta-oruro-potosi\/#article","isPartOf":{"@id":"https:\/\/www.eldiario.net\/portal\/2023\/03\/12\/persiste-el-bloqueo-en-la-ruta-oruro-potosi\/"},"author":{"name":"Jeanette","@id":"https:\/\/www.eldiario.net\/portal\/#\/schema\/person\/f46445640444750d7d753ccd04ae01b7"},"headline":"Persiste el bloqueo en la ruta Oruro &#8211; Potos\u00ed","datePublished":"2023-03-12T09:46:42+00:00","mainEntityOfPage":{"@id":"https:\/\/www.eldiario.net\/portal\/2023\/03\/12\/persiste-el-bloqueo-en-la-ruta-oruro-potosi\/"},"wordCount":455,"publisher":{"@id":"https:\/\/www.eldiario.net\/portal\/#organization"},"image":{"@id":"https:\/\/www.eldiario.net\/portal\/2023\/03\/12\/persiste-el-bloqueo-en-la-ruta-oruro-potosi\/#primaryimage"},"thumbnailUrl":"","articleSection":["Nacional"],"inLanguage":"es"},{"@type":"WebPage","@id":"https:\/\/www.eldiario.net\/portal\/2023\/03\/12\/persiste-el-bloqueo-en-la-ruta-oruro-potosi\/","url":"https:\/\/www.eldiario.net\/portal\/2023\/03\/12\/persiste-el-bloqueo-en-la-ruta-oruro-potosi\/","name":"Persiste el bloqueo en la ruta Oruro - Potos\u00ed - El Diario - Bolivia","isPartOf":{"@id":"https:\/\/www.eldiario.net\/portal\/#website"},"primaryImageOfPage":{"@id":"https:\/\/www.eldiario.net\/portal\/2023\/03\/12\/persiste-el-bloqueo-en-la-ruta-oruro-potosi\/#primaryimage"},"image":{"@id":"https:\/\/www.eldiario.net\/portal\/2023\/03\/12\/persiste-el-bloqueo-en-la-ruta-oruro-potosi\/#primaryimage"},"thumbnailUrl":"","datePublished":"2023-03-12T09:46:42+00:00","breadcrumb":{"@id":"https:\/\/www.eldiario.net\/portal\/2023\/03\/12\/persiste-el-bloqueo-en-la-ruta-oruro-potosi\/#breadcrumb"},"inLanguage":"es","potentialAction":[{"@type":"ReadAction","target":["https:\/\/www.eldiario.net\/portal\/2023\/03\/12\/persiste-el-bloqueo-en-la-ruta-oruro-potosi\/"]}]},{"@type":"ImageObject","inLanguage":"es","@id":"https:\/\/www.eldiario.net\/portal\/2023\/03\/12\/persiste-el-bloqueo-en-la-ruta-oruro-potosi\/#primaryimage","url":"","contentUrl":""},{"@type":"BreadcrumbList","@id":"https:\/\/www.eldiario.net\/portal\/2023\/03\/12\/persiste-el-bloqueo-en-la-ruta-oruro-potosi\/#breadcrumb","itemListElement":[{"@type":"ListItem","position":1,"name":"Portada","item":"https:\/\/www.eldiario.net\/portal\/"},{"@type":"ListItem","position":2,"name":"Persiste el bloqueo en la ruta Oruro &#8211; Potos\u00ed"}]},{"@type":"WebSite","@id":"https:\/\/www.eldiario.net\/portal\/#website","url":"https:\/\/www.eldiario.net\/portal\/","name":"El Diario - Decano de la prensa nacional","description":"El Diario - Decano de la prensa nacional","publisher":{"@id":"https:\/\/www.eldiario.net\/portal\/#organization"},"potentialAction":[{"@type":"SearchAction","target":{"@type":"EntryPoint","urlTemplate":"https:\/\/www.eldiario.net\/portal\/?s={search_term_string}"},"query-input":{"@type":"PropertyValueSpecification","valueRequired":true,"valueName":"search_term_string"}}],"inLanguage":"es"},{"@type":"Organization","@id":"https:\/\/www.eldiario.net\/portal\/#organization","name":"El Diario - Decano de la prensa nacional","url":"https:\/\/www.eldiario.net\/portal\/","logo":{"@type":"ImageObject","inLanguage":"es","@id":"https:\/\/www.eldiario.net\/portal\/#\/schema\/logo\/image\/","url":"https:\/\/www.eldiario.net\/portal\/wp-content\/uploads\/2023\/07\/logo_ED.jpg","contentUrl":"https:\/\/www.eldiario.net\/portal\/wp-content\/uploads\/2023\/07\/logo_ED.jpg","width":272,"height":52,"caption":"El Diario - Decano de la prensa nacional"},"image":{"@id":"https:\/\/www.eldiario.net\/portal\/#\/schema\/logo\/image\/"},"sameAs":["https:\/\/www.facebook.com\/eldiario.bolivia\/","https:\/\/x.com\/eldiario_net"]},{"@type":"Person","@id":"https:\/\/www.eldiario.net\/portal\/#\/schema\/person\/f46445640444750d7d753ccd04ae01b7","name":"Jeanette","image":{"@type":"ImageObject","inLanguage":"es","@id":"https:\/\/secure.gravatar.com\/avatar\/3ea2118a5f7dad2b7138b1187a6b7ee55f160b9968b66013c3a3ef39dd7e5798?s=96&d=mm&r=g","url":"https:\/\/secure.gravatar.com\/avatar\/3ea2118a5f7dad2b7138b1187a6b7ee55f160b9968b66013c3a3ef39dd7e5798?s=96&d=mm&r=g","contentUrl":"https:\/\/secure.gravatar.com\/avatar\/3ea2118a5f7dad2b7138b1187a6b7ee55f160b9968b66013c3a3ef39dd7e5798?s=96&d=mm&r=g","caption":"Jeanette"},"sameAs":["https:\/\/www.eldiario.net\/portal"],"url":"https:\/\/www.eldiario.net\/portal\/author\/jeanette\/"}]}},"_links":{"self":[{"href":"https:\/\/www.eldiario.net\/portal\/wp-json\/wp\/v2\/posts\/142643","targetHints":{"allow":["GET"]}}],"collection":[{"href":"https:\/\/www.eldiario.net\/portal\/wp-json\/wp\/v2\/posts"}],"about":[{"href":"https:\/\/www.eldiario.net\/portal\/wp-json\/wp\/v2\/types\/post"}],"author":[{"embeddable":true,"href":"https:\/\/www.eldiario.net\/portal\/wp-json\/wp\/v2\/users\/1"}],"replies":[{"embeddable":true,"href":"https:\/\/www.eldiario.net\/portal\/wp-json\/wp\/v2\/comments?post=142643"}],"version-history":[{"count":0,"href":"https:\/\/www.eldiario.net\/portal\/wp-json\/wp\/v2\/posts\/142643\/revisions"}],"wp:attachment":[{"href":"https:\/\/www.eldiario.net\/portal\/wp-json\/wp\/v2\/media?parent=142643"}],"wp:term":[{"taxonomy":"category","embeddable":true,"href":"https:\/\/www.eldiario.net\/portal\/wp-json\/wp\/v2\/categories?post=142643"},{"taxonomy":"post_tag","embeddable":true,"href":"https:\/\/www.eldiario.net\/portal\/wp-json\/wp\/v2\/tags?post=142643"}],"curies":[{"name":"wp","href":"https:\/\/api.w.org\/{rel}","templated":true}]}}