{"id":142461,"date":"2023-03-11T05:43:18","date_gmt":"2023-03-11T09:43:18","guid":{"rendered":"https:\/\/www.eldiario.net\/portal\/?p=142461"},"modified":"2023-03-11T05:43:18","modified_gmt":"2023-03-11T09:43:18","slug":"el-alto-joven-pero-cenicienta","status":"publish","type":"post","link":"https:\/\/www.eldiario.net\/portal\/2023\/03\/11\/el-alto-joven-pero-cenicienta\/","title":{"rendered":"El Alto, joven pero cenicienta"},"content":{"rendered":"<p>\u00bfQu\u00e9 y c\u00f3mo es, a grandes rasgos, El Alto? Es una ciudad pol\u00edticamente rebelde y econ\u00f3micamente pujante. Fue decisiva en los hechos pol\u00edticos de 2003 y de 2019 que cambiaron el curso de la historia boliviana. En ella el dinero y el capitalismo tienen su meca: la gente, peque\u00f1oburguesa casi en su integridad, se dedica sobre todo a la especulaci\u00f3n, el comercio y la microempresa. Si tuviera grandes inversionistas, seguramente all\u00ed primar\u00eda un capitalismo salvaje desprovisto de cualquier reparo izquierdista. Sus m\u00e1s importantes avenidas son anchas y est\u00e1n bien dispuestas y asfaltadas; hay modernos distribuidores viales, pero no creo que nada de esto se deba a la genialidad ingenieril, pues su topograf\u00eda es favorable para que el despliegue urbano se desarrolle a sus anchas. Hace pocos d\u00edas, esta ciudad estuvo de aniversario, fecha que, como ya es costumbre, se ha celebrado con desfiles, rumbo y sonaja. Y es por eso que creo que merece ensayarse una lectura cr\u00edtica sobre esta peculiar ciudad.<br \/>\nEl Alto crece y crece sin parar, en gran parte porque, como dijimos ya, su topograf\u00eda es una verdadera mesa de billar. Empero, crece junto con las toneladas de basura que produce diariamente y luego lanza a sus calles y alcantarillas sin ning\u00fan cuidado. Esta situaci\u00f3n desluce cualquier urbe y la convierte en un foco de infecciones y de poluci\u00f3n medioambiental. Dado que el clima es fr\u00edo y la tierra es \u00e1rida, el verde est\u00e1 ausente en todas partes. Solamente crecen eucaliptos y pinos, plantas para cuyo crecimiento no son necesarios los cuidados de la jardiner\u00eda sino solo la obra de la naturaleza; y entonces las jardineras que hay en las avenidas y plazuelas, muchas cercadas con rejas met\u00e1licas, terminan convirti\u00e9ndose en peque\u00f1os contenedores de basura. Ahora bien, sabemos que en un clima tan hostil para la proliferaci\u00f3n de flores y arbustos, el cuidado de plantas se har\u00eda muy dif\u00edcil para su Municipalidad, pero tambi\u00e9n sabemos que las autoridades andinas de Bolivia parecer\u00edan tener un amor especial por el concreto y el fierro, y es que en todas partes de la ciudad de El Alto se ven \u00fanicamente tonos cenicientos, gris\u00e1ceos (y tristes), aparte de los de las monta\u00f1as gran\u00edticas que la rodean.<br \/>\nHace unos d\u00edas, el editorial de El Pa\u00eds de Espa\u00f1a inform\u00f3 que el Observatorio Pirenaico del Cambio Clim\u00e1tico prev\u00e9 que la densidad de la nieve en los Pirineos y en todos los ecosistemas monta\u00f1osos del mundo descienda mucho en los pr\u00f3ximos 25 a\u00f1os. Hace unos meses yo mismo estuve pisando las cumbres del Huayna Potos\u00ed, y comprob\u00e9 con mis ojos que la mancha n\u00edvea se est\u00e1 reduciendo dram\u00e1ticamente. Durante aquella excursi\u00f3n tambi\u00e9n pude comprobar que varias vertientes y lagunas y una represa estaban sec\u00e1ndose o con un tono anaranjado debido a las ingentes cantidades de basura dispersa (pl\u00e1sticos, escombros) y los residuos echados al agua por las explotaciones mineras\u2026 Todo esto, en las proximidades de El Alto\u2026 Entonces conviene mencionar que, as\u00ed como esta ciudad contribuye al movimiento mercantil y monetario del pa\u00eds, cualidad ya loada y conocida por todos, tambi\u00e9n ayuda a la degradaci\u00f3n acelerada del medioambiente.<br \/>\nPodr\u00eda decirse que la ciudad m\u00e1s joven de Bolivia crece seg\u00fan el viejo modelo desarrollista (construcci\u00f3n de f\u00e1bricas humeantes, despliegue indiscriminado de maquinaria pesada, afecto por el alquitr\u00e1n, descuido de los botaderos, nulo amor por lo verde), hoy ya rebasado por los modernos criterios de la sostenibilidad y el cuidado de la naturaleza. Y por otro lado est\u00e1 el indicador est\u00e9tico. Seamos sinceros: el aspecto de la urbe no es el mejor. Casas sin enjalbegar, desorden vehicular, altos \u00edndices de criminalidad y una mentalidad colectiva proclive al descuido de la higiene en los espacios p\u00fablicos, hacen que la ciudad del Huayna Potos\u00ed tenga una fisonom\u00eda parecida a la de las ciudades de los pa\u00edses subdesarrollados de Oriente Medio. Hace unos a\u00f1os, pude estar en algunas urbes de aquellos des\u00e9rticos sitios del globo, y puedo testificar que las costumbres de sus moradores son igual de insalubres que las de los habitantes alte\u00f1os. Es un s\u00edntoma del subdesarrollo: cuando se da mucha importancia a los \u00edndices de producci\u00f3n mercantil y no a los de educaci\u00f3n y cultura, que son los que realmente miden la riqueza de una sociedad, ocurre que el crecimiento urbano se da de esta manera.<br \/>\nEs por todo esto que creo que el mejor homenaje que se le puede hacer a El Alto no es organizando solemnes discursos p\u00fablicos sobre una tarima, con pol\u00edticos vestidos de frac occidental y poncho indio, ni escribiendo art\u00edculos de opini\u00f3n con tono laudatorio, sino reflexionando cr\u00edticamente su futuro, con el fin de que reforme gradualmente su est\u00e9tica y modifique su manera de crecer, para que sea amigable con la belleza y la naturaleza.<\/p>\n<p>Ignacio Vera de Rada es profesor universitario.<\/p>\n","protected":false},"excerpt":{"rendered":"<p>\u00bfQu\u00e9 y c\u00f3mo es, a grandes rasgos, El Alto? Es una ciudad pol\u00edticamente rebelde y econ\u00f3micamente pujante. Fue decisiva en los hechos pol\u00edticos de 2003 y de 2019 que cambiaron el curso de la historia boliviana. En ella el dinero y el capitalismo tienen su meca: la gente, peque\u00f1oburguesa casi en su integridad, se dedica [&hellip;]<\/p>\n","protected":false},"author":1,"featured_media":6031,"comment_status":"closed","ping_status":"closed","sticky":false,"template":"","format":"standard","meta":{"_acf_changed":false,"footnotes":""},"categories":[9],"tags":[],"class_list":["post-142461","post","type-post","status-publish","format-standard","has-post-thumbnail","category-opinion"],"acf":{"antetitulo":""},"yoast_head":"<!-- This site is optimized with the Yoast SEO plugin v28.4 - https:\/\/yoast.com\/product\/yoast-seo-wordpress\/ -->\n<title>El Alto, joven pero cenicienta - El Diario - Bolivia<\/title>\n<meta name=\"robots\" content=\"index, follow, max-snippet:-1, max-image-preview:large, max-video-preview:-1\" \/>\n<link rel=\"canonical\" href=\"https:\/\/www.eldiario.net\/portal\/2023\/03\/11\/el-alto-joven-pero-cenicienta\/\" \/>\n<meta property=\"og:locale\" content=\"es_ES\" \/>\n<meta property=\"og:type\" content=\"article\" \/>\n<meta property=\"og:title\" content=\"El Alto, joven pero cenicienta - El Diario - Bolivia\" \/>\n<meta property=\"og:description\" content=\"\u00bfQu\u00e9 y c\u00f3mo es, a grandes rasgos, El Alto? Es una ciudad pol\u00edticamente rebelde y econ\u00f3micamente pujante. Fue decisiva en los hechos pol\u00edticos de 2003 y de 2019 que cambiaron el curso de la historia boliviana. En ella el dinero y el capitalismo tienen su meca: la gente, peque\u00f1oburguesa casi en su integridad, se dedica [&hellip;]\" \/>\n<meta property=\"og:url\" content=\"https:\/\/www.eldiario.net\/portal\/2023\/03\/11\/el-alto-joven-pero-cenicienta\/\" \/>\n<meta property=\"og:site_name\" content=\"El Diario - Bolivia\" \/>\n<meta property=\"article:publisher\" content=\"https:\/\/www.facebook.com\/eldiario.bolivia\/\" \/>\n<meta property=\"article:published_time\" content=\"2023-03-11T09:43:18+00:00\" \/>\n<meta property=\"og:image\" content=\"https:\/\/www.eldiario.net\/portal\/wp-content\/uploads\/2021\/05\/Ignacio-Vera-de-Rada.jpg\" \/>\n\t<meta property=\"og:image:width\" content=\"1200\" \/>\n\t<meta property=\"og:image:height\" content=\"628\" \/>\n\t<meta property=\"og:image:type\" content=\"image\/jpeg\" \/>\n<meta name=\"author\" content=\"Jeanette\" \/>\n<meta name=\"twitter:card\" content=\"summary_large_image\" \/>\n<meta name=\"twitter:creator\" content=\"@eldiario_net\" \/>\n<meta name=\"twitter:site\" content=\"@eldiario_net\" \/>\n<meta name=\"twitter:label1\" content=\"Escrito por\" \/>\n\t<meta name=\"twitter:data1\" content=\"Jeanette\" \/>\n\t<meta name=\"twitter:label2\" content=\"Tiempo de lectura\" \/>\n\t<meta name=\"twitter:data2\" content=\"4 minutos\" \/>\n<script type=\"application\/ld+json\" class=\"yoast-schema-graph\">{\"@context\":\"https:\\\/\\\/schema.org\",\"@graph\":[{\"@type\":\"Article\",\"@id\":\"https:\\\/\\\/www.eldiario.net\\\/portal\\\/2023\\\/03\\\/11\\\/el-alto-joven-pero-cenicienta\\\/#article\",\"isPartOf\":{\"@id\":\"https:\\\/\\\/www.eldiario.net\\\/portal\\\/2023\\\/03\\\/11\\\/el-alto-joven-pero-cenicienta\\\/\"},\"author\":{\"name\":\"Jeanette\",\"@id\":\"https:\\\/\\\/www.eldiario.net\\\/portal\\\/#\\\/schema\\\/person\\\/2c57cf2b7a7ae032e449e4c9b1019eac\"},\"headline\":\"El Alto, joven pero cenicienta\",\"datePublished\":\"2023-03-11T09:43:18+00:00\",\"mainEntityOfPage\":{\"@id\":\"https:\\\/\\\/www.eldiario.net\\\/portal\\\/2023\\\/03\\\/11\\\/el-alto-joven-pero-cenicienta\\\/\"},\"wordCount\":859,\"publisher\":{\"@id\":\"https:\\\/\\\/www.eldiario.net\\\/portal\\\/#organization\"},\"image\":{\"@id\":\"https:\\\/\\\/www.eldiario.net\\\/portal\\\/2023\\\/03\\\/11\\\/el-alto-joven-pero-cenicienta\\\/#primaryimage\"},\"thumbnailUrl\":\"https:\\\/\\\/www.eldiario.net\\\/portal\\\/wp-content\\\/uploads\\\/2021\\\/05\\\/Ignacio-Vera-de-Rada.jpg\",\"articleSection\":[\"Opini\u00f3n\"],\"inLanguage\":\"es\"},{\"@type\":\"WebPage\",\"@id\":\"https:\\\/\\\/www.eldiario.net\\\/portal\\\/2023\\\/03\\\/11\\\/el-alto-joven-pero-cenicienta\\\/\",\"url\":\"https:\\\/\\\/www.eldiario.net\\\/portal\\\/2023\\\/03\\\/11\\\/el-alto-joven-pero-cenicienta\\\/\",\"name\":\"El Alto, joven pero cenicienta - El Diario - Bolivia\",\"isPartOf\":{\"@id\":\"https:\\\/\\\/www.eldiario.net\\\/portal\\\/#website\"},\"primaryImageOfPage\":{\"@id\":\"https:\\\/\\\/www.eldiario.net\\\/portal\\\/2023\\\/03\\\/11\\\/el-alto-joven-pero-cenicienta\\\/#primaryimage\"},\"image\":{\"@id\":\"https:\\\/\\\/www.eldiario.net\\\/portal\\\/2023\\\/03\\\/11\\\/el-alto-joven-pero-cenicienta\\\/#primaryimage\"},\"thumbnailUrl\":\"https:\\\/\\\/www.eldiario.net\\\/portal\\\/wp-content\\\/uploads\\\/2021\\\/05\\\/Ignacio-Vera-de-Rada.jpg\",\"datePublished\":\"2023-03-11T09:43:18+00:00\",\"breadcrumb\":{\"@id\":\"https:\\\/\\\/www.eldiario.net\\\/portal\\\/2023\\\/03\\\/11\\\/el-alto-joven-pero-cenicienta\\\/#breadcrumb\"},\"inLanguage\":\"es\",\"potentialAction\":[{\"@type\":\"ReadAction\",\"target\":[\"https:\\\/\\\/www.eldiario.net\\\/portal\\\/2023\\\/03\\\/11\\\/el-alto-joven-pero-cenicienta\\\/\"]}]},{\"@type\":\"ImageObject\",\"inLanguage\":\"es\",\"@id\":\"https:\\\/\\\/www.eldiario.net\\\/portal\\\/2023\\\/03\\\/11\\\/el-alto-joven-pero-cenicienta\\\/#primaryimage\",\"url\":\"https:\\\/\\\/www.eldiario.net\\\/portal\\\/wp-content\\\/uploads\\\/2021\\\/05\\\/Ignacio-Vera-de-Rada.jpg\",\"contentUrl\":\"https:\\\/\\\/www.eldiario.net\\\/portal\\\/wp-content\\\/uploads\\\/2021\\\/05\\\/Ignacio-Vera-de-Rada.jpg\",\"width\":1200,\"height\":628},{\"@type\":\"BreadcrumbList\",\"@id\":\"https:\\\/\\\/www.eldiario.net\\\/portal\\\/2023\\\/03\\\/11\\\/el-alto-joven-pero-cenicienta\\\/#breadcrumb\",\"itemListElement\":[{\"@type\":\"ListItem\",\"position\":1,\"name\":\"Portada\",\"item\":\"https:\\\/\\\/www.eldiario.net\\\/portal\\\/\"},{\"@type\":\"ListItem\",\"position\":2,\"name\":\"El Alto, joven pero cenicienta\"}]},{\"@type\":\"WebSite\",\"@id\":\"https:\\\/\\\/www.eldiario.net\\\/portal\\\/#website\",\"url\":\"https:\\\/\\\/www.eldiario.net\\\/portal\\\/\",\"name\":\"El Diario - Decano de la prensa nacional\",\"description\":\"El Diario - Decano de la prensa nacional\",\"publisher\":{\"@id\":\"https:\\\/\\\/www.eldiario.net\\\/portal\\\/#organization\"},\"potentialAction\":[{\"@type\":\"SearchAction\",\"target\":{\"@type\":\"EntryPoint\",\"urlTemplate\":\"https:\\\/\\\/www.eldiario.net\\\/portal\\\/?s={search_term_string}\"},\"query-input\":{\"@type\":\"PropertyValueSpecification\",\"valueRequired\":true,\"valueName\":\"search_term_string\"}}],\"inLanguage\":\"es\"},{\"@type\":\"Organization\",\"@id\":\"https:\\\/\\\/www.eldiario.net\\\/portal\\\/#organization\",\"name\":\"El Diario - Decano de la prensa nacional\",\"url\":\"https:\\\/\\\/www.eldiario.net\\\/portal\\\/\",\"logo\":{\"@type\":\"ImageObject\",\"inLanguage\":\"es\",\"@id\":\"https:\\\/\\\/www.eldiario.net\\\/portal\\\/#\\\/schema\\\/logo\\\/image\\\/\",\"url\":\"https:\\\/\\\/www.eldiario.net\\\/portal\\\/wp-content\\\/uploads\\\/2023\\\/07\\\/logo_ED.jpg\",\"contentUrl\":\"https:\\\/\\\/www.eldiario.net\\\/portal\\\/wp-content\\\/uploads\\\/2023\\\/07\\\/logo_ED.jpg\",\"width\":272,\"height\":52,\"caption\":\"El Diario - Decano de la prensa nacional\"},\"image\":{\"@id\":\"https:\\\/\\\/www.eldiario.net\\\/portal\\\/#\\\/schema\\\/logo\\\/image\\\/\"},\"sameAs\":[\"https:\\\/\\\/www.facebook.com\\\/eldiario.bolivia\\\/\",\"https:\\\/\\\/x.com\\\/eldiario_net\"]},{\"@type\":\"Person\",\"@id\":\"https:\\\/\\\/www.eldiario.net\\\/portal\\\/#\\\/schema\\\/person\\\/2c57cf2b7a7ae032e449e4c9b1019eac\",\"name\":\"Jeanette\",\"image\":{\"@type\":\"ImageObject\",\"inLanguage\":\"es\",\"@id\":\"https:\\\/\\\/secure.gravatar.com\\\/avatar\\\/3ea2118a5f7dad2b7138b1187a6b7ee55f160b9968b66013c3a3ef39dd7e5798?s=96&d=mm&r=g\",\"url\":\"https:\\\/\\\/secure.gravatar.com\\\/avatar\\\/3ea2118a5f7dad2b7138b1187a6b7ee55f160b9968b66013c3a3ef39dd7e5798?s=96&d=mm&r=g\",\"contentUrl\":\"https:\\\/\\\/secure.gravatar.com\\\/avatar\\\/3ea2118a5f7dad2b7138b1187a6b7ee55f160b9968b66013c3a3ef39dd7e5798?s=96&d=mm&r=g\",\"caption\":\"Jeanette\"},\"sameAs\":[\"https:\\\/\\\/www.eldiario.net\\\/portal\"],\"url\":\"https:\\\/\\\/www.eldiario.net\\\/portal\\\/author\\\/jeanette\\\/\"}]}<\/script>\n<!-- \/ Yoast SEO plugin. -->","yoast_head_json":{"title":"El Alto, joven pero cenicienta - El Diario - Bolivia","robots":{"index":"index","follow":"follow","max-snippet":"max-snippet:-1","max-image-preview":"max-image-preview:large","max-video-preview":"max-video-preview:-1"},"canonical":"https:\/\/www.eldiario.net\/portal\/2023\/03\/11\/el-alto-joven-pero-cenicienta\/","og_locale":"es_ES","og_type":"article","og_title":"El Alto, joven pero cenicienta - El Diario - Bolivia","og_description":"\u00bfQu\u00e9 y c\u00f3mo es, a grandes rasgos, El Alto? Es una ciudad pol\u00edticamente rebelde y econ\u00f3micamente pujante. Fue decisiva en los hechos pol\u00edticos de 2003 y de 2019 que cambiaron el curso de la historia boliviana. En ella el dinero y el capitalismo tienen su meca: la gente, peque\u00f1oburguesa casi en su integridad, se dedica [&hellip;]","og_url":"https:\/\/www.eldiario.net\/portal\/2023\/03\/11\/el-alto-joven-pero-cenicienta\/","og_site_name":"El Diario - Bolivia","article_publisher":"https:\/\/www.facebook.com\/eldiario.bolivia\/","article_published_time":"2023-03-11T09:43:18+00:00","og_image":[{"width":1200,"height":628,"url":"https:\/\/www.eldiario.net\/portal\/wp-content\/uploads\/2021\/05\/Ignacio-Vera-de-Rada.jpg","type":"image\/jpeg"}],"author":"Jeanette","twitter_card":"summary_large_image","twitter_creator":"@eldiario_net","twitter_site":"@eldiario_net","twitter_misc":{"Escrito por":"Jeanette","Tiempo de lectura":"4 minutos"},"schema":{"@context":"https:\/\/schema.org","@graph":[{"@type":"Article","@id":"https:\/\/www.eldiario.net\/portal\/2023\/03\/11\/el-alto-joven-pero-cenicienta\/#article","isPartOf":{"@id":"https:\/\/www.eldiario.net\/portal\/2023\/03\/11\/el-alto-joven-pero-cenicienta\/"},"author":{"name":"Jeanette","@id":"https:\/\/www.eldiario.net\/portal\/#\/schema\/person\/2c57cf2b7a7ae032e449e4c9b1019eac"},"headline":"El Alto, joven pero cenicienta","datePublished":"2023-03-11T09:43:18+00:00","mainEntityOfPage":{"@id":"https:\/\/www.eldiario.net\/portal\/2023\/03\/11\/el-alto-joven-pero-cenicienta\/"},"wordCount":859,"publisher":{"@id":"https:\/\/www.eldiario.net\/portal\/#organization"},"image":{"@id":"https:\/\/www.eldiario.net\/portal\/2023\/03\/11\/el-alto-joven-pero-cenicienta\/#primaryimage"},"thumbnailUrl":"https:\/\/www.eldiario.net\/portal\/wp-content\/uploads\/2021\/05\/Ignacio-Vera-de-Rada.jpg","articleSection":["Opini\u00f3n"],"inLanguage":"es"},{"@type":"WebPage","@id":"https:\/\/www.eldiario.net\/portal\/2023\/03\/11\/el-alto-joven-pero-cenicienta\/","url":"https:\/\/www.eldiario.net\/portal\/2023\/03\/11\/el-alto-joven-pero-cenicienta\/","name":"El Alto, joven pero cenicienta - El Diario - Bolivia","isPartOf":{"@id":"https:\/\/www.eldiario.net\/portal\/#website"},"primaryImageOfPage":{"@id":"https:\/\/www.eldiario.net\/portal\/2023\/03\/11\/el-alto-joven-pero-cenicienta\/#primaryimage"},"image":{"@id":"https:\/\/www.eldiario.net\/portal\/2023\/03\/11\/el-alto-joven-pero-cenicienta\/#primaryimage"},"thumbnailUrl":"https:\/\/www.eldiario.net\/portal\/wp-content\/uploads\/2021\/05\/Ignacio-Vera-de-Rada.jpg","datePublished":"2023-03-11T09:43:18+00:00","breadcrumb":{"@id":"https:\/\/www.eldiario.net\/portal\/2023\/03\/11\/el-alto-joven-pero-cenicienta\/#breadcrumb"},"inLanguage":"es","potentialAction":[{"@type":"ReadAction","target":["https:\/\/www.eldiario.net\/portal\/2023\/03\/11\/el-alto-joven-pero-cenicienta\/"]}]},{"@type":"ImageObject","inLanguage":"es","@id":"https:\/\/www.eldiario.net\/portal\/2023\/03\/11\/el-alto-joven-pero-cenicienta\/#primaryimage","url":"https:\/\/www.eldiario.net\/portal\/wp-content\/uploads\/2021\/05\/Ignacio-Vera-de-Rada.jpg","contentUrl":"https:\/\/www.eldiario.net\/portal\/wp-content\/uploads\/2021\/05\/Ignacio-Vera-de-Rada.jpg","width":1200,"height":628},{"@type":"BreadcrumbList","@id":"https:\/\/www.eldiario.net\/portal\/2023\/03\/11\/el-alto-joven-pero-cenicienta\/#breadcrumb","itemListElement":[{"@type":"ListItem","position":1,"name":"Portada","item":"https:\/\/www.eldiario.net\/portal\/"},{"@type":"ListItem","position":2,"name":"El Alto, joven pero cenicienta"}]},{"@type":"WebSite","@id":"https:\/\/www.eldiario.net\/portal\/#website","url":"https:\/\/www.eldiario.net\/portal\/","name":"El Diario - Decano de la prensa nacional","description":"El Diario - Decano de la prensa nacional","publisher":{"@id":"https:\/\/www.eldiario.net\/portal\/#organization"},"potentialAction":[{"@type":"SearchAction","target":{"@type":"EntryPoint","urlTemplate":"https:\/\/www.eldiario.net\/portal\/?s={search_term_string}"},"query-input":{"@type":"PropertyValueSpecification","valueRequired":true,"valueName":"search_term_string"}}],"inLanguage":"es"},{"@type":"Organization","@id":"https:\/\/www.eldiario.net\/portal\/#organization","name":"El Diario - Decano de la prensa nacional","url":"https:\/\/www.eldiario.net\/portal\/","logo":{"@type":"ImageObject","inLanguage":"es","@id":"https:\/\/www.eldiario.net\/portal\/#\/schema\/logo\/image\/","url":"https:\/\/www.eldiario.net\/portal\/wp-content\/uploads\/2023\/07\/logo_ED.jpg","contentUrl":"https:\/\/www.eldiario.net\/portal\/wp-content\/uploads\/2023\/07\/logo_ED.jpg","width":272,"height":52,"caption":"El Diario - Decano de la prensa nacional"},"image":{"@id":"https:\/\/www.eldiario.net\/portal\/#\/schema\/logo\/image\/"},"sameAs":["https:\/\/www.facebook.com\/eldiario.bolivia\/","https:\/\/x.com\/eldiario_net"]},{"@type":"Person","@id":"https:\/\/www.eldiario.net\/portal\/#\/schema\/person\/2c57cf2b7a7ae032e449e4c9b1019eac","name":"Jeanette","image":{"@type":"ImageObject","inLanguage":"es","@id":"https:\/\/secure.gravatar.com\/avatar\/3ea2118a5f7dad2b7138b1187a6b7ee55f160b9968b66013c3a3ef39dd7e5798?s=96&d=mm&r=g","url":"https:\/\/secure.gravatar.com\/avatar\/3ea2118a5f7dad2b7138b1187a6b7ee55f160b9968b66013c3a3ef39dd7e5798?s=96&d=mm&r=g","contentUrl":"https:\/\/secure.gravatar.com\/avatar\/3ea2118a5f7dad2b7138b1187a6b7ee55f160b9968b66013c3a3ef39dd7e5798?s=96&d=mm&r=g","caption":"Jeanette"},"sameAs":["https:\/\/www.eldiario.net\/portal"],"url":"https:\/\/www.eldiario.net\/portal\/author\/jeanette\/"}]}},"_links":{"self":[{"href":"https:\/\/www.eldiario.net\/portal\/wp-json\/wp\/v2\/posts\/142461","targetHints":{"allow":["GET"]}}],"collection":[{"href":"https:\/\/www.eldiario.net\/portal\/wp-json\/wp\/v2\/posts"}],"about":[{"href":"https:\/\/www.eldiario.net\/portal\/wp-json\/wp\/v2\/types\/post"}],"author":[{"embeddable":true,"href":"https:\/\/www.eldiario.net\/portal\/wp-json\/wp\/v2\/users\/1"}],"replies":[{"embeddable":true,"href":"https:\/\/www.eldiario.net\/portal\/wp-json\/wp\/v2\/comments?post=142461"}],"version-history":[{"count":0,"href":"https:\/\/www.eldiario.net\/portal\/wp-json\/wp\/v2\/posts\/142461\/revisions"}],"wp:featuredmedia":[{"embeddable":true,"href":"https:\/\/www.eldiario.net\/portal\/wp-json\/wp\/v2\/media\/6031"}],"wp:attachment":[{"href":"https:\/\/www.eldiario.net\/portal\/wp-json\/wp\/v2\/media?parent=142461"}],"wp:term":[{"taxonomy":"category","embeddable":true,"href":"https:\/\/www.eldiario.net\/portal\/wp-json\/wp\/v2\/categories?post=142461"},{"taxonomy":"post_tag","embeddable":true,"href":"https:\/\/www.eldiario.net\/portal\/wp-json\/wp\/v2\/tags?post=142461"}],"curies":[{"name":"wp","href":"https:\/\/api.w.org\/{rel}","templated":true}]}}