{"id":142459,"date":"2023-03-11T05:42:29","date_gmt":"2023-03-11T09:42:29","guid":{"rendered":"https:\/\/www.eldiario.net\/portal\/?p=142459"},"modified":"2023-03-11T05:42:29","modified_gmt":"2023-03-11T09:42:29","slug":"fenavit-los-bolivianos-que-construyen","status":"publish","type":"post","link":"https:\/\/www.eldiario.net\/portal\/2023\/03\/11\/fenavit-los-bolivianos-que-construyen\/","title":{"rendered":"Fenavit, los bolivianos que construyen"},"content":{"rendered":"<p>Fue una grata sorpresa encontrar a tantos pace\u00f1os, cruce\u00f1os, tarije\u00f1os, potosinos, orure\u00f1os y chuquisaque\u00f1os en el goce del vino y del singani, de los bailecitos y guitarreadas, del durazno y del membrillo en la \u00faltima Feria Nacional Vitivin\u00edcola, realizada en Camargo entre el 3 y 5 de marzo pasado.<br \/>\nQuiz\u00e1 porque la pandemia nos tuvo tan encerrados, el torrente de turistas desbord\u00f3 los hoteles y alojamientos en la ciudad cinte\u00f1a. Amables due\u00f1os de casa abrieron sus hogares a los forasteros para que nadie quede a la intemperie. En cada esquina encontramos amigos, artistas, periodistas, historiadores bolivianos y extranjeros, gestores culturales, interesados en este encuentro que es el m\u00e1s grande de Bolivia.<br \/>\nAdem\u00e1s de los visitantes, llegaron a la ciudad expositores de vinos y singanis de una treintena de municipios, esparcidos en la franja de los valles bolivianos. La XII Fenavit fue responsabilidad de sus directivos Bonifacio Budia, Marcela Mendoza y cont\u00f3 con el respaldo de organizaciones campesinas, de las Bartolinas de Nor y Sud Cinti, de la alcald\u00eda, del Concejo Municipal y de la gobernaci\u00f3n. Tambi\u00e9n llegaron el presidente Luis Arce y varios viceministros, diputados y senadores.<br \/>\nLa feria re\u00fane a productores de uva, a bodegueros, a comerciantes, pero tambi\u00e9n abre un ciclo interesante al turismo con el sello propio de uno de los paisajes m\u00e1s bellos de Bolivia: los Cintis. Desde hace mucho soy una de las fan\u00e1ticas de Villa Abecia, Camargo y los recorridos por los cerros rojos que llegan hasta Cotagaita, Tupiza y ofrecen las m\u00e1s deliciosas vacaciones en clima templado.<br \/>\nEn el programa hubo jornadas acad\u00e9micas, visitas a los vi\u00f1edos m\u00e1s emblem\u00e1ticos como San Roque, San Pedro M\u00e1rtir y la hist\u00f3rica SAGIC, la Casona de Molina, o catas de lujo como en la bicentenaria Hacienda Isuma San Remo con sommelier de alta experiencia. Los visitantes tuvieron ocasi\u00f3n de pisar la uva mientras sonaban las hermosas coplas de la vendimia; de seguir comparsas de bailes carnavaleros por las calles camargue\u00f1as. Al atardecer se pod\u00eda pasar por la vinoteca de los Vacaflores (cuyo singani fue escogido por Gusto, La Suisse y Bronze); disfrutar de la gastronom\u00eda lugare\u00f1a e internacional o asistir a conciertos hasta la madrugada.<br \/>\nEl especialista en Gesti\u00f3n Cultural Guillermo, Willy, Cardona organiz\u00f3 el encuentro de investigadores interesados en el significado de los Cintis desde las \u00e9pocas prehisp\u00e1nicas. La presencia de programas y de c\u00e1tedras de la UNESCO y de organismos internacionales subray\u00f3 la importancia de la zona para el desarrollo del turismo cultural y de las industrias culturales.<br \/>\nGloria Cazal y otras profesionales en turismo y en hoteler\u00eda prepararon recibimientos y agasajos a los visitantes para que todos se sientan bienvenidos. La mayor\u00eda de los anfitriones estuvo a la altura del acontecimiento, que empez\u00f3 en 1964 pero que estuvo torpedeado por el COVID, como otras festividades. Racimos de uva moscatel, de la criolla, de la vischoque\u00f1a (original de Bolivia) pasaban de mano en mano, igual que dulces de membrillo, frutilla, frutas rojas, higos, duraznos, artesan\u00edas y tejidos.<br \/>\nEntre las otras sorpresas fue encontrar a citadinos que han decidido afincarse en los Cintis. Sobre todo, fue grato entrevistar a j\u00f3venes camargue\u00f1os universitarios que retornaron a su ciudad para apostar por la industria del vino y por el ecoturismo y el turismo enfocado en las particularidades del lugar.<br \/>\nPara m\u00ed, como escrib\u00ed hace tiempo y reitero, el futuro de Bolivia est\u00e1 en esa zona, hacia el suroeste del pa\u00eds. Un n\u00facleo que estuvo y est\u00e1 relacionado con las minas de occidente y mira al Pac\u00edfico, y con las llanuras y con el Chaco y las zonas gas\u00edferas y mira al Atl\u00e1ntico. Fue adem\u00e1s el lugar de encuentro de la fortuna minera de Sim\u00f3n Pati\u00f1o y el primer gran intento agroindustrial de familias tradicionales con la creaci\u00f3n en 1925 de la Sociedad Ganadera e Industrial de los Cintis, SAGIC. De los Cintis sali\u00f3 la primera experiencia industrial del az\u00facar y la maquinaria que compr\u00f3 Ram\u00f3n Dar\u00edo Guti\u00e9rrez para lanzar el Ingenio Azucarero San Aurelio, con el respaldo econ\u00f3mico del peruano pace\u00f1o Sim\u00f3n Bedoya, fundador a su vez de la emblem\u00e1tica y centenaria SIMSA.<br \/>\nAh\u00ed el pa\u00eds se une con diferentes experiencias y los habitantes superan la tensi\u00f3n regional. Adem\u00e1s, la geograf\u00eda, el correr de los r\u00edos Chico y Grande, las monta\u00f1as, la puna, los yungas y el inicio hacia las planicies, es el aviso de que esta patria es m\u00e1s grande que los intereses mezquinos de unos cuantos.<br \/>\nUna vez m\u00e1s, alejarse de la Plaza Murillo y sus alrededores y de las voces del odio y del resentimiento, refresca la confianza en el futuro de la Bolivia fundada en 1825.<\/p>\n","protected":false},"excerpt":{"rendered":"<p>Fue una grata sorpresa encontrar a tantos pace\u00f1os, cruce\u00f1os, tarije\u00f1os, potosinos, orure\u00f1os y chuquisaque\u00f1os en el goce del vino y del singani, de los bailecitos y guitarreadas, del durazno y del membrillo en la \u00faltima Feria Nacional Vitivin\u00edcola, realizada en Camargo entre el 3 y 5 de marzo pasado. Quiz\u00e1 porque la pandemia nos tuvo [&hellip;]<\/p>\n","protected":false},"author":1,"featured_media":7021,"comment_status":"closed","ping_status":"closed","sticky":false,"template":"","format":"standard","meta":{"_acf_changed":false,"footnotes":""},"categories":[9],"tags":[],"class_list":["post-142459","post","type-post","status-publish","format-standard","has-post-thumbnail","category-opinion"],"acf":{"antetitulo":""},"yoast_head":"<!-- This site is optimized with the Yoast SEO plugin v28.4 - https:\/\/yoast.com\/product\/yoast-seo-wordpress\/ -->\n<title>Fenavit, los bolivianos que construyen - El Diario - Bolivia<\/title>\n<meta name=\"robots\" content=\"index, follow, max-snippet:-1, max-image-preview:large, max-video-preview:-1\" \/>\n<link rel=\"canonical\" href=\"https:\/\/www.eldiario.net\/portal\/2023\/03\/11\/fenavit-los-bolivianos-que-construyen\/\" \/>\n<meta property=\"og:locale\" content=\"es_ES\" \/>\n<meta property=\"og:type\" content=\"article\" \/>\n<meta property=\"og:title\" content=\"Fenavit, los bolivianos que construyen - El Diario - Bolivia\" \/>\n<meta property=\"og:description\" content=\"Fue una grata sorpresa encontrar a tantos pace\u00f1os, cruce\u00f1os, tarije\u00f1os, potosinos, orure\u00f1os y chuquisaque\u00f1os en el goce del vino y del singani, de los bailecitos y guitarreadas, del durazno y del membrillo en la \u00faltima Feria Nacional Vitivin\u00edcola, realizada en Camargo entre el 3 y 5 de marzo pasado. Quiz\u00e1 porque la pandemia nos tuvo [&hellip;]\" \/>\n<meta property=\"og:url\" content=\"https:\/\/www.eldiario.net\/portal\/2023\/03\/11\/fenavit-los-bolivianos-que-construyen\/\" \/>\n<meta property=\"og:site_name\" content=\"El Diario - Bolivia\" \/>\n<meta property=\"article:publisher\" content=\"https:\/\/www.facebook.com\/eldiario.bolivia\/\" \/>\n<meta property=\"article:published_time\" content=\"2023-03-11T09:42:29+00:00\" \/>\n<meta name=\"author\" content=\"Jeanette\" \/>\n<meta name=\"twitter:card\" content=\"summary_large_image\" \/>\n<meta name=\"twitter:creator\" content=\"@eldiario_net\" \/>\n<meta name=\"twitter:site\" content=\"@eldiario_net\" \/>\n<meta name=\"twitter:label1\" content=\"Escrito por\" \/>\n\t<meta name=\"twitter:data1\" content=\"Jeanette\" \/>\n\t<meta name=\"twitter:label2\" content=\"Tiempo de lectura\" \/>\n\t<meta name=\"twitter:data2\" content=\"4 minutos\" \/>\n<script type=\"application\/ld+json\" class=\"yoast-schema-graph\">{\"@context\":\"https:\\\/\\\/schema.org\",\"@graph\":[{\"@type\":\"Article\",\"@id\":\"https:\\\/\\\/www.eldiario.net\\\/portal\\\/2023\\\/03\\\/11\\\/fenavit-los-bolivianos-que-construyen\\\/#article\",\"isPartOf\":{\"@id\":\"https:\\\/\\\/www.eldiario.net\\\/portal\\\/2023\\\/03\\\/11\\\/fenavit-los-bolivianos-que-construyen\\\/\"},\"author\":{\"name\":\"Jeanette\",\"@id\":\"https:\\\/\\\/www.eldiario.net\\\/portal\\\/#\\\/schema\\\/person\\\/2c57cf2b7a7ae032e449e4c9b1019eac\"},\"headline\":\"Fenavit, los bolivianos que construyen\",\"datePublished\":\"2023-03-11T09:42:29+00:00\",\"mainEntityOfPage\":{\"@id\":\"https:\\\/\\\/www.eldiario.net\\\/portal\\\/2023\\\/03\\\/11\\\/fenavit-los-bolivianos-que-construyen\\\/\"},\"wordCount\":825,\"publisher\":{\"@id\":\"https:\\\/\\\/www.eldiario.net\\\/portal\\\/#organization\"},\"image\":{\"@id\":\"https:\\\/\\\/www.eldiario.net\\\/portal\\\/2023\\\/03\\\/11\\\/fenavit-los-bolivianos-que-construyen\\\/#primaryimage\"},\"thumbnailUrl\":\"\",\"articleSection\":[\"Opini\u00f3n\"],\"inLanguage\":\"es\"},{\"@type\":\"WebPage\",\"@id\":\"https:\\\/\\\/www.eldiario.net\\\/portal\\\/2023\\\/03\\\/11\\\/fenavit-los-bolivianos-que-construyen\\\/\",\"url\":\"https:\\\/\\\/www.eldiario.net\\\/portal\\\/2023\\\/03\\\/11\\\/fenavit-los-bolivianos-que-construyen\\\/\",\"name\":\"Fenavit, los bolivianos que construyen - El Diario - Bolivia\",\"isPartOf\":{\"@id\":\"https:\\\/\\\/www.eldiario.net\\\/portal\\\/#website\"},\"primaryImageOfPage\":{\"@id\":\"https:\\\/\\\/www.eldiario.net\\\/portal\\\/2023\\\/03\\\/11\\\/fenavit-los-bolivianos-que-construyen\\\/#primaryimage\"},\"image\":{\"@id\":\"https:\\\/\\\/www.eldiario.net\\\/portal\\\/2023\\\/03\\\/11\\\/fenavit-los-bolivianos-que-construyen\\\/#primaryimage\"},\"thumbnailUrl\":\"\",\"datePublished\":\"2023-03-11T09:42:29+00:00\",\"breadcrumb\":{\"@id\":\"https:\\\/\\\/www.eldiario.net\\\/portal\\\/2023\\\/03\\\/11\\\/fenavit-los-bolivianos-que-construyen\\\/#breadcrumb\"},\"inLanguage\":\"es\",\"potentialAction\":[{\"@type\":\"ReadAction\",\"target\":[\"https:\\\/\\\/www.eldiario.net\\\/portal\\\/2023\\\/03\\\/11\\\/fenavit-los-bolivianos-que-construyen\\\/\"]}]},{\"@type\":\"ImageObject\",\"inLanguage\":\"es\",\"@id\":\"https:\\\/\\\/www.eldiario.net\\\/portal\\\/2023\\\/03\\\/11\\\/fenavit-los-bolivianos-que-construyen\\\/#primaryimage\",\"url\":\"\",\"contentUrl\":\"\"},{\"@type\":\"BreadcrumbList\",\"@id\":\"https:\\\/\\\/www.eldiario.net\\\/portal\\\/2023\\\/03\\\/11\\\/fenavit-los-bolivianos-que-construyen\\\/#breadcrumb\",\"itemListElement\":[{\"@type\":\"ListItem\",\"position\":1,\"name\":\"Portada\",\"item\":\"https:\\\/\\\/www.eldiario.net\\\/portal\\\/\"},{\"@type\":\"ListItem\",\"position\":2,\"name\":\"Fenavit, los bolivianos que construyen\"}]},{\"@type\":\"WebSite\",\"@id\":\"https:\\\/\\\/www.eldiario.net\\\/portal\\\/#website\",\"url\":\"https:\\\/\\\/www.eldiario.net\\\/portal\\\/\",\"name\":\"El Diario - Decano de la prensa nacional\",\"description\":\"El Diario - Decano de la prensa nacional\",\"publisher\":{\"@id\":\"https:\\\/\\\/www.eldiario.net\\\/portal\\\/#organization\"},\"potentialAction\":[{\"@type\":\"SearchAction\",\"target\":{\"@type\":\"EntryPoint\",\"urlTemplate\":\"https:\\\/\\\/www.eldiario.net\\\/portal\\\/?s={search_term_string}\"},\"query-input\":{\"@type\":\"PropertyValueSpecification\",\"valueRequired\":true,\"valueName\":\"search_term_string\"}}],\"inLanguage\":\"es\"},{\"@type\":\"Organization\",\"@id\":\"https:\\\/\\\/www.eldiario.net\\\/portal\\\/#organization\",\"name\":\"El Diario - Decano de la prensa nacional\",\"url\":\"https:\\\/\\\/www.eldiario.net\\\/portal\\\/\",\"logo\":{\"@type\":\"ImageObject\",\"inLanguage\":\"es\",\"@id\":\"https:\\\/\\\/www.eldiario.net\\\/portal\\\/#\\\/schema\\\/logo\\\/image\\\/\",\"url\":\"https:\\\/\\\/www.eldiario.net\\\/portal\\\/wp-content\\\/uploads\\\/2023\\\/07\\\/logo_ED.jpg\",\"contentUrl\":\"https:\\\/\\\/www.eldiario.net\\\/portal\\\/wp-content\\\/uploads\\\/2023\\\/07\\\/logo_ED.jpg\",\"width\":272,\"height\":52,\"caption\":\"El Diario - Decano de la prensa nacional\"},\"image\":{\"@id\":\"https:\\\/\\\/www.eldiario.net\\\/portal\\\/#\\\/schema\\\/logo\\\/image\\\/\"},\"sameAs\":[\"https:\\\/\\\/www.facebook.com\\\/eldiario.bolivia\\\/\",\"https:\\\/\\\/x.com\\\/eldiario_net\"]},{\"@type\":\"Person\",\"@id\":\"https:\\\/\\\/www.eldiario.net\\\/portal\\\/#\\\/schema\\\/person\\\/2c57cf2b7a7ae032e449e4c9b1019eac\",\"name\":\"Jeanette\",\"image\":{\"@type\":\"ImageObject\",\"inLanguage\":\"es\",\"@id\":\"https:\\\/\\\/secure.gravatar.com\\\/avatar\\\/3ea2118a5f7dad2b7138b1187a6b7ee55f160b9968b66013c3a3ef39dd7e5798?s=96&d=mm&r=g\",\"url\":\"https:\\\/\\\/secure.gravatar.com\\\/avatar\\\/3ea2118a5f7dad2b7138b1187a6b7ee55f160b9968b66013c3a3ef39dd7e5798?s=96&d=mm&r=g\",\"contentUrl\":\"https:\\\/\\\/secure.gravatar.com\\\/avatar\\\/3ea2118a5f7dad2b7138b1187a6b7ee55f160b9968b66013c3a3ef39dd7e5798?s=96&d=mm&r=g\",\"caption\":\"Jeanette\"},\"sameAs\":[\"https:\\\/\\\/www.eldiario.net\\\/portal\"],\"url\":\"https:\\\/\\\/www.eldiario.net\\\/portal\\\/author\\\/jeanette\\\/\"}]}<\/script>\n<!-- \/ Yoast SEO plugin. -->","yoast_head_json":{"title":"Fenavit, los bolivianos que construyen - El Diario - Bolivia","robots":{"index":"index","follow":"follow","max-snippet":"max-snippet:-1","max-image-preview":"max-image-preview:large","max-video-preview":"max-video-preview:-1"},"canonical":"https:\/\/www.eldiario.net\/portal\/2023\/03\/11\/fenavit-los-bolivianos-que-construyen\/","og_locale":"es_ES","og_type":"article","og_title":"Fenavit, los bolivianos que construyen - El Diario - Bolivia","og_description":"Fue una grata sorpresa encontrar a tantos pace\u00f1os, cruce\u00f1os, tarije\u00f1os, potosinos, orure\u00f1os y chuquisaque\u00f1os en el goce del vino y del singani, de los bailecitos y guitarreadas, del durazno y del membrillo en la \u00faltima Feria Nacional Vitivin\u00edcola, realizada en Camargo entre el 3 y 5 de marzo pasado. Quiz\u00e1 porque la pandemia nos tuvo [&hellip;]","og_url":"https:\/\/www.eldiario.net\/portal\/2023\/03\/11\/fenavit-los-bolivianos-que-construyen\/","og_site_name":"El Diario - Bolivia","article_publisher":"https:\/\/www.facebook.com\/eldiario.bolivia\/","article_published_time":"2023-03-11T09:42:29+00:00","author":"Jeanette","twitter_card":"summary_large_image","twitter_creator":"@eldiario_net","twitter_site":"@eldiario_net","twitter_misc":{"Escrito por":"Jeanette","Tiempo de lectura":"4 minutos"},"schema":{"@context":"https:\/\/schema.org","@graph":[{"@type":"Article","@id":"https:\/\/www.eldiario.net\/portal\/2023\/03\/11\/fenavit-los-bolivianos-que-construyen\/#article","isPartOf":{"@id":"https:\/\/www.eldiario.net\/portal\/2023\/03\/11\/fenavit-los-bolivianos-que-construyen\/"},"author":{"name":"Jeanette","@id":"https:\/\/www.eldiario.net\/portal\/#\/schema\/person\/2c57cf2b7a7ae032e449e4c9b1019eac"},"headline":"Fenavit, los bolivianos que construyen","datePublished":"2023-03-11T09:42:29+00:00","mainEntityOfPage":{"@id":"https:\/\/www.eldiario.net\/portal\/2023\/03\/11\/fenavit-los-bolivianos-que-construyen\/"},"wordCount":825,"publisher":{"@id":"https:\/\/www.eldiario.net\/portal\/#organization"},"image":{"@id":"https:\/\/www.eldiario.net\/portal\/2023\/03\/11\/fenavit-los-bolivianos-que-construyen\/#primaryimage"},"thumbnailUrl":"","articleSection":["Opini\u00f3n"],"inLanguage":"es"},{"@type":"WebPage","@id":"https:\/\/www.eldiario.net\/portal\/2023\/03\/11\/fenavit-los-bolivianos-que-construyen\/","url":"https:\/\/www.eldiario.net\/portal\/2023\/03\/11\/fenavit-los-bolivianos-que-construyen\/","name":"Fenavit, los bolivianos que construyen - El Diario - Bolivia","isPartOf":{"@id":"https:\/\/www.eldiario.net\/portal\/#website"},"primaryImageOfPage":{"@id":"https:\/\/www.eldiario.net\/portal\/2023\/03\/11\/fenavit-los-bolivianos-que-construyen\/#primaryimage"},"image":{"@id":"https:\/\/www.eldiario.net\/portal\/2023\/03\/11\/fenavit-los-bolivianos-que-construyen\/#primaryimage"},"thumbnailUrl":"","datePublished":"2023-03-11T09:42:29+00:00","breadcrumb":{"@id":"https:\/\/www.eldiario.net\/portal\/2023\/03\/11\/fenavit-los-bolivianos-que-construyen\/#breadcrumb"},"inLanguage":"es","potentialAction":[{"@type":"ReadAction","target":["https:\/\/www.eldiario.net\/portal\/2023\/03\/11\/fenavit-los-bolivianos-que-construyen\/"]}]},{"@type":"ImageObject","inLanguage":"es","@id":"https:\/\/www.eldiario.net\/portal\/2023\/03\/11\/fenavit-los-bolivianos-que-construyen\/#primaryimage","url":"","contentUrl":""},{"@type":"BreadcrumbList","@id":"https:\/\/www.eldiario.net\/portal\/2023\/03\/11\/fenavit-los-bolivianos-que-construyen\/#breadcrumb","itemListElement":[{"@type":"ListItem","position":1,"name":"Portada","item":"https:\/\/www.eldiario.net\/portal\/"},{"@type":"ListItem","position":2,"name":"Fenavit, los bolivianos que construyen"}]},{"@type":"WebSite","@id":"https:\/\/www.eldiario.net\/portal\/#website","url":"https:\/\/www.eldiario.net\/portal\/","name":"El Diario - Decano de la prensa nacional","description":"El Diario - Decano de la prensa nacional","publisher":{"@id":"https:\/\/www.eldiario.net\/portal\/#organization"},"potentialAction":[{"@type":"SearchAction","target":{"@type":"EntryPoint","urlTemplate":"https:\/\/www.eldiario.net\/portal\/?s={search_term_string}"},"query-input":{"@type":"PropertyValueSpecification","valueRequired":true,"valueName":"search_term_string"}}],"inLanguage":"es"},{"@type":"Organization","@id":"https:\/\/www.eldiario.net\/portal\/#organization","name":"El Diario - Decano de la prensa nacional","url":"https:\/\/www.eldiario.net\/portal\/","logo":{"@type":"ImageObject","inLanguage":"es","@id":"https:\/\/www.eldiario.net\/portal\/#\/schema\/logo\/image\/","url":"https:\/\/www.eldiario.net\/portal\/wp-content\/uploads\/2023\/07\/logo_ED.jpg","contentUrl":"https:\/\/www.eldiario.net\/portal\/wp-content\/uploads\/2023\/07\/logo_ED.jpg","width":272,"height":52,"caption":"El Diario - Decano de la prensa nacional"},"image":{"@id":"https:\/\/www.eldiario.net\/portal\/#\/schema\/logo\/image\/"},"sameAs":["https:\/\/www.facebook.com\/eldiario.bolivia\/","https:\/\/x.com\/eldiario_net"]},{"@type":"Person","@id":"https:\/\/www.eldiario.net\/portal\/#\/schema\/person\/2c57cf2b7a7ae032e449e4c9b1019eac","name":"Jeanette","image":{"@type":"ImageObject","inLanguage":"es","@id":"https:\/\/secure.gravatar.com\/avatar\/3ea2118a5f7dad2b7138b1187a6b7ee55f160b9968b66013c3a3ef39dd7e5798?s=96&d=mm&r=g","url":"https:\/\/secure.gravatar.com\/avatar\/3ea2118a5f7dad2b7138b1187a6b7ee55f160b9968b66013c3a3ef39dd7e5798?s=96&d=mm&r=g","contentUrl":"https:\/\/secure.gravatar.com\/avatar\/3ea2118a5f7dad2b7138b1187a6b7ee55f160b9968b66013c3a3ef39dd7e5798?s=96&d=mm&r=g","caption":"Jeanette"},"sameAs":["https:\/\/www.eldiario.net\/portal"],"url":"https:\/\/www.eldiario.net\/portal\/author\/jeanette\/"}]}},"_links":{"self":[{"href":"https:\/\/www.eldiario.net\/portal\/wp-json\/wp\/v2\/posts\/142459","targetHints":{"allow":["GET"]}}],"collection":[{"href":"https:\/\/www.eldiario.net\/portal\/wp-json\/wp\/v2\/posts"}],"about":[{"href":"https:\/\/www.eldiario.net\/portal\/wp-json\/wp\/v2\/types\/post"}],"author":[{"embeddable":true,"href":"https:\/\/www.eldiario.net\/portal\/wp-json\/wp\/v2\/users\/1"}],"replies":[{"embeddable":true,"href":"https:\/\/www.eldiario.net\/portal\/wp-json\/wp\/v2\/comments?post=142459"}],"version-history":[{"count":0,"href":"https:\/\/www.eldiario.net\/portal\/wp-json\/wp\/v2\/posts\/142459\/revisions"}],"wp:attachment":[{"href":"https:\/\/www.eldiario.net\/portal\/wp-json\/wp\/v2\/media?parent=142459"}],"wp:term":[{"taxonomy":"category","embeddable":true,"href":"https:\/\/www.eldiario.net\/portal\/wp-json\/wp\/v2\/categories?post=142459"},{"taxonomy":"post_tag","embeddable":true,"href":"https:\/\/www.eldiario.net\/portal\/wp-json\/wp\/v2\/tags?post=142459"}],"curies":[{"name":"wp","href":"https:\/\/api.w.org\/{rel}","templated":true}]}}