{"id":142451,"date":"2023-03-11T05:39:36","date_gmt":"2023-03-11T09:39:36","guid":{"rendered":"https:\/\/www.eldiario.net\/portal\/?p=142451"},"modified":"2023-03-11T05:39:36","modified_gmt":"2023-03-11T09:39:36","slug":"turquia-eleva-a-48-000-los-muertos-por-los-terremotos-desde-febrero","status":"publish","type":"post","link":"https:\/\/www.eldiario.net\/portal\/2023\/03\/11\/turquia-eleva-a-48-000-los-muertos-por-los-terremotos-desde-febrero\/","title":{"rendered":"Turqu\u00eda eleva a 48.000 los muertos  por los terremotos desde febrero"},"content":{"rendered":"<p>Las autoridades de Turqu\u00eda elevaron hasta 47.932 los muertos por la sucesi\u00f3n de terremotos que azot\u00f3 el sur del pa\u00eds y el noroeste de Siria hace ya m\u00e1s de un mes, incrementado as\u00ed en casi 2.000 el \u00faltimo balance confirmado a inicios de semana.<br \/>\nSeg\u00fan detall\u00f3 el ministro turco del Interior, Suleyman Soylu, las autoridades, reconocieron a m\u00e1s de 6.200 ciudadanos de nacionalidad extranjera, incluidos sirios, entre el total de fallecidos, mientras que a\u00fan existen m\u00e1s de 1.600 cuerpos sin identificar, recoge la agencia Anatolia.<br \/>\nCon este nuevo balance, el balance total de fallecidos en Turqu\u00eda y Siria ronda los 54.000 muertos a consecuencia de unos temblores que las autoridades turcas catalogaron como los m\u00e1s mort\u00edferos de la historia del pa\u00eds.<br \/>\nEl presidente turco, Recep Tayyip Erdogan, puso en valor esta semana el esfuerzo sobrehumano llevado a cabo por el personal sanitario y los servicios de emergencias del pa\u00eds, gracias a los cuales Turqu\u00eda pudieron impulsar unas labores de b\u00fasqueda sin precedentes.<br \/>\nAdem\u00e1s de los da\u00f1os personales, los terremotos dejaron un saldo de 230.000 edificios que quedaron inutilizados. Por ello quedan 3.320.000 personas evacuadas, de las cuales 1,5 millones viven en tiendas de campa\u00f1a. Hay 160.000 personas en centros de acogida habilitados y 130.000 alojadas en hoteles de todo el pa\u00eds.<br \/>\nA m\u00e1s de un mes de la tragedia, Mahmut Cuhadar, gobernador de la provincia de Adiyaman, uno de los territorios afectados por los temblores confirmaron ayer su renuncia al cargo por motivos de salud.<br \/>\nEsta es la primera dimisi\u00f3n pol\u00edtica tras el desastre, si bien es cierto que la renuncia no est\u00e1 directamente relacionada con los terremotos ni la posterior gesti\u00f3n de las consecuencias por parte de las autoridades.<br \/>\nSin embargo, Cuhadar vincul\u00f3 su renuncia a problemas de salud, dejando as\u00ed de lado la teor\u00eda de una dimisi\u00f3n por la gesti\u00f3n<br \/>\nLos se\u00edsmos del 6 de febrero, que se vieron seguidos por m\u00e1s de 11.000 r\u00e9plicas, seg\u00fan datos de la AFAD, causaron adem\u00e1s cerca de 6.000 v\u00edctimas mortales en Siria, si bien este n\u00famero en el pa\u00eds \u00e1rabe es mucho m\u00e1s dif\u00edcil de calcular, especialmente en el noroeste, en manos de grupos rebeldes. (Europa Press).<\/p>\n","protected":false},"excerpt":{"rendered":"<p>Las autoridades de Turqu\u00eda elevaron hasta 47.932 los muertos por la sucesi\u00f3n de terremotos que azot\u00f3 el sur del pa\u00eds y el noroeste de Siria hace ya m\u00e1s de un mes, incrementado as\u00ed en casi 2.000 el \u00faltimo balance confirmado a inicios de semana. Seg\u00fan detall\u00f3 el ministro turco del Interior, Suleyman Soylu, las autoridades, [&hellip;]<\/p>\n","protected":false},"author":1,"featured_media":142452,"comment_status":"closed","ping_status":"closed","sticky":false,"template":"","format":"standard","meta":{"_acf_changed":false,"footnotes":""},"categories":[3],"tags":[],"class_list":["post-142451","post","type-post","status-publish","format-standard","has-post-thumbnail","category-internacional"],"acf":{"antetitulo":""},"yoast_head":"<!-- This site is optimized with the Yoast SEO plugin v28.4 - https:\/\/yoast.com\/product\/yoast-seo-wordpress\/ -->\n<title>Turqu\u00eda eleva a 48.000 los muertos por los terremotos desde febrero - El Diario - Bolivia<\/title>\n<meta name=\"robots\" content=\"index, follow, max-snippet:-1, max-image-preview:large, max-video-preview:-1\" \/>\n<link rel=\"canonical\" href=\"https:\/\/www.eldiario.net\/portal\/2023\/03\/11\/turquia-eleva-a-48-000-los-muertos-por-los-terremotos-desde-febrero\/\" \/>\n<meta property=\"og:locale\" content=\"es_ES\" \/>\n<meta property=\"og:type\" content=\"article\" \/>\n<meta property=\"og:title\" content=\"Turqu\u00eda eleva a 48.000 los muertos por los terremotos desde febrero - El Diario - Bolivia\" \/>\n<meta property=\"og:description\" content=\"Las autoridades de Turqu\u00eda elevaron hasta 47.932 los muertos por la sucesi\u00f3n de terremotos que azot\u00f3 el sur del pa\u00eds y el noroeste de Siria hace ya m\u00e1s de un mes, incrementado as\u00ed en casi 2.000 el \u00faltimo balance confirmado a inicios de semana. Seg\u00fan detall\u00f3 el ministro turco del Interior, Suleyman Soylu, las autoridades, [&hellip;]\" \/>\n<meta property=\"og:url\" content=\"https:\/\/www.eldiario.net\/portal\/2023\/03\/11\/turquia-eleva-a-48-000-los-muertos-por-los-terremotos-desde-febrero\/\" \/>\n<meta property=\"og:site_name\" content=\"El Diario - Bolivia\" \/>\n<meta property=\"article:publisher\" content=\"https:\/\/www.facebook.com\/eldiario.bolivia\/\" \/>\n<meta property=\"article:published_time\" content=\"2023-03-11T09:39:36+00:00\" \/>\n<meta name=\"author\" content=\"Jeanette\" \/>\n<meta name=\"twitter:card\" content=\"summary_large_image\" \/>\n<meta name=\"twitter:creator\" content=\"@eldiario_net\" \/>\n<meta name=\"twitter:site\" content=\"@eldiario_net\" \/>\n<meta name=\"twitter:label1\" content=\"Escrito por\" \/>\n\t<meta name=\"twitter:data1\" content=\"Jeanette\" \/>\n\t<meta name=\"twitter:label2\" content=\"Tiempo de lectura\" \/>\n\t<meta name=\"twitter:data2\" content=\"2 minutos\" \/>\n<script type=\"application\/ld+json\" class=\"yoast-schema-graph\">{\"@context\":\"https:\\\/\\\/schema.org\",\"@graph\":[{\"@type\":\"Article\",\"@id\":\"https:\\\/\\\/www.eldiario.net\\\/portal\\\/2023\\\/03\\\/11\\\/turquia-eleva-a-48-000-los-muertos-por-los-terremotos-desde-febrero\\\/#article\",\"isPartOf\":{\"@id\":\"https:\\\/\\\/www.eldiario.net\\\/portal\\\/2023\\\/03\\\/11\\\/turquia-eleva-a-48-000-los-muertos-por-los-terremotos-desde-febrero\\\/\"},\"author\":{\"name\":\"Jeanette\",\"@id\":\"https:\\\/\\\/www.eldiario.net\\\/portal\\\/#\\\/schema\\\/person\\\/f46445640444750d7d753ccd04ae01b7\"},\"headline\":\"Turqu\u00eda eleva a 48.000 los muertos por los terremotos desde febrero\",\"datePublished\":\"2023-03-11T09:39:36+00:00\",\"mainEntityOfPage\":{\"@id\":\"https:\\\/\\\/www.eldiario.net\\\/portal\\\/2023\\\/03\\\/11\\\/turquia-eleva-a-48-000-los-muertos-por-los-terremotos-desde-febrero\\\/\"},\"wordCount\":390,\"publisher\":{\"@id\":\"https:\\\/\\\/www.eldiario.net\\\/portal\\\/#organization\"},\"image\":{\"@id\":\"https:\\\/\\\/www.eldiario.net\\\/portal\\\/2023\\\/03\\\/11\\\/turquia-eleva-a-48-000-los-muertos-por-los-terremotos-desde-febrero\\\/#primaryimage\"},\"thumbnailUrl\":\"\",\"articleSection\":[\"Internacional\"],\"inLanguage\":\"es\"},{\"@type\":\"WebPage\",\"@id\":\"https:\\\/\\\/www.eldiario.net\\\/portal\\\/2023\\\/03\\\/11\\\/turquia-eleva-a-48-000-los-muertos-por-los-terremotos-desde-febrero\\\/\",\"url\":\"https:\\\/\\\/www.eldiario.net\\\/portal\\\/2023\\\/03\\\/11\\\/turquia-eleva-a-48-000-los-muertos-por-los-terremotos-desde-febrero\\\/\",\"name\":\"Turqu\u00eda eleva a 48.000 los muertos por los terremotos desde febrero - El Diario - Bolivia\",\"isPartOf\":{\"@id\":\"https:\\\/\\\/www.eldiario.net\\\/portal\\\/#website\"},\"primaryImageOfPage\":{\"@id\":\"https:\\\/\\\/www.eldiario.net\\\/portal\\\/2023\\\/03\\\/11\\\/turquia-eleva-a-48-000-los-muertos-por-los-terremotos-desde-febrero\\\/#primaryimage\"},\"image\":{\"@id\":\"https:\\\/\\\/www.eldiario.net\\\/portal\\\/2023\\\/03\\\/11\\\/turquia-eleva-a-48-000-los-muertos-por-los-terremotos-desde-febrero\\\/#primaryimage\"},\"thumbnailUrl\":\"\",\"datePublished\":\"2023-03-11T09:39:36+00:00\",\"breadcrumb\":{\"@id\":\"https:\\\/\\\/www.eldiario.net\\\/portal\\\/2023\\\/03\\\/11\\\/turquia-eleva-a-48-000-los-muertos-por-los-terremotos-desde-febrero\\\/#breadcrumb\"},\"inLanguage\":\"es\",\"potentialAction\":[{\"@type\":\"ReadAction\",\"target\":[\"https:\\\/\\\/www.eldiario.net\\\/portal\\\/2023\\\/03\\\/11\\\/turquia-eleva-a-48-000-los-muertos-por-los-terremotos-desde-febrero\\\/\"]}]},{\"@type\":\"ImageObject\",\"inLanguage\":\"es\",\"@id\":\"https:\\\/\\\/www.eldiario.net\\\/portal\\\/2023\\\/03\\\/11\\\/turquia-eleva-a-48-000-los-muertos-por-los-terremotos-desde-febrero\\\/#primaryimage\",\"url\":\"\",\"contentUrl\":\"\"},{\"@type\":\"BreadcrumbList\",\"@id\":\"https:\\\/\\\/www.eldiario.net\\\/portal\\\/2023\\\/03\\\/11\\\/turquia-eleva-a-48-000-los-muertos-por-los-terremotos-desde-febrero\\\/#breadcrumb\",\"itemListElement\":[{\"@type\":\"ListItem\",\"position\":1,\"name\":\"Portada\",\"item\":\"https:\\\/\\\/www.eldiario.net\\\/portal\\\/\"},{\"@type\":\"ListItem\",\"position\":2,\"name\":\"Turqu\u00eda eleva a 48.000 los muertos por los terremotos desde febrero\"}]},{\"@type\":\"WebSite\",\"@id\":\"https:\\\/\\\/www.eldiario.net\\\/portal\\\/#website\",\"url\":\"https:\\\/\\\/www.eldiario.net\\\/portal\\\/\",\"name\":\"El Diario - Decano de la prensa nacional\",\"description\":\"El Diario - Decano de la prensa nacional\",\"publisher\":{\"@id\":\"https:\\\/\\\/www.eldiario.net\\\/portal\\\/#organization\"},\"potentialAction\":[{\"@type\":\"SearchAction\",\"target\":{\"@type\":\"EntryPoint\",\"urlTemplate\":\"https:\\\/\\\/www.eldiario.net\\\/portal\\\/?s={search_term_string}\"},\"query-input\":{\"@type\":\"PropertyValueSpecification\",\"valueRequired\":true,\"valueName\":\"search_term_string\"}}],\"inLanguage\":\"es\"},{\"@type\":\"Organization\",\"@id\":\"https:\\\/\\\/www.eldiario.net\\\/portal\\\/#organization\",\"name\":\"El Diario - Decano de la prensa nacional\",\"url\":\"https:\\\/\\\/www.eldiario.net\\\/portal\\\/\",\"logo\":{\"@type\":\"ImageObject\",\"inLanguage\":\"es\",\"@id\":\"https:\\\/\\\/www.eldiario.net\\\/portal\\\/#\\\/schema\\\/logo\\\/image\\\/\",\"url\":\"https:\\\/\\\/www.eldiario.net\\\/portal\\\/wp-content\\\/uploads\\\/2023\\\/07\\\/logo_ED.jpg\",\"contentUrl\":\"https:\\\/\\\/www.eldiario.net\\\/portal\\\/wp-content\\\/uploads\\\/2023\\\/07\\\/logo_ED.jpg\",\"width\":272,\"height\":52,\"caption\":\"El Diario - Decano de la prensa nacional\"},\"image\":{\"@id\":\"https:\\\/\\\/www.eldiario.net\\\/portal\\\/#\\\/schema\\\/logo\\\/image\\\/\"},\"sameAs\":[\"https:\\\/\\\/www.facebook.com\\\/eldiario.bolivia\\\/\",\"https:\\\/\\\/x.com\\\/eldiario_net\"]},{\"@type\":\"Person\",\"@id\":\"https:\\\/\\\/www.eldiario.net\\\/portal\\\/#\\\/schema\\\/person\\\/f46445640444750d7d753ccd04ae01b7\",\"name\":\"Jeanette\",\"image\":{\"@type\":\"ImageObject\",\"inLanguage\":\"es\",\"@id\":\"https:\\\/\\\/secure.gravatar.com\\\/avatar\\\/3ea2118a5f7dad2b7138b1187a6b7ee55f160b9968b66013c3a3ef39dd7e5798?s=96&d=mm&r=g\",\"url\":\"https:\\\/\\\/secure.gravatar.com\\\/avatar\\\/3ea2118a5f7dad2b7138b1187a6b7ee55f160b9968b66013c3a3ef39dd7e5798?s=96&d=mm&r=g\",\"contentUrl\":\"https:\\\/\\\/secure.gravatar.com\\\/avatar\\\/3ea2118a5f7dad2b7138b1187a6b7ee55f160b9968b66013c3a3ef39dd7e5798?s=96&d=mm&r=g\",\"caption\":\"Jeanette\"},\"sameAs\":[\"https:\\\/\\\/www.eldiario.net\\\/portal\"],\"url\":\"https:\\\/\\\/www.eldiario.net\\\/portal\\\/author\\\/jeanette\\\/\"}]}<\/script>\n<!-- \/ Yoast SEO plugin. -->","yoast_head_json":{"title":"Turqu\u00eda eleva a 48.000 los muertos por los terremotos desde febrero - El Diario - Bolivia","robots":{"index":"index","follow":"follow","max-snippet":"max-snippet:-1","max-image-preview":"max-image-preview:large","max-video-preview":"max-video-preview:-1"},"canonical":"https:\/\/www.eldiario.net\/portal\/2023\/03\/11\/turquia-eleva-a-48-000-los-muertos-por-los-terremotos-desde-febrero\/","og_locale":"es_ES","og_type":"article","og_title":"Turqu\u00eda eleva a 48.000 los muertos por los terremotos desde febrero - El Diario - Bolivia","og_description":"Las autoridades de Turqu\u00eda elevaron hasta 47.932 los muertos por la sucesi\u00f3n de terremotos que azot\u00f3 el sur del pa\u00eds y el noroeste de Siria hace ya m\u00e1s de un mes, incrementado as\u00ed en casi 2.000 el \u00faltimo balance confirmado a inicios de semana. Seg\u00fan detall\u00f3 el ministro turco del Interior, Suleyman Soylu, las autoridades, [&hellip;]","og_url":"https:\/\/www.eldiario.net\/portal\/2023\/03\/11\/turquia-eleva-a-48-000-los-muertos-por-los-terremotos-desde-febrero\/","og_site_name":"El Diario - Bolivia","article_publisher":"https:\/\/www.facebook.com\/eldiario.bolivia\/","article_published_time":"2023-03-11T09:39:36+00:00","author":"Jeanette","twitter_card":"summary_large_image","twitter_creator":"@eldiario_net","twitter_site":"@eldiario_net","twitter_misc":{"Escrito por":"Jeanette","Tiempo de lectura":"2 minutos"},"schema":{"@context":"https:\/\/schema.org","@graph":[{"@type":"Article","@id":"https:\/\/www.eldiario.net\/portal\/2023\/03\/11\/turquia-eleva-a-48-000-los-muertos-por-los-terremotos-desde-febrero\/#article","isPartOf":{"@id":"https:\/\/www.eldiario.net\/portal\/2023\/03\/11\/turquia-eleva-a-48-000-los-muertos-por-los-terremotos-desde-febrero\/"},"author":{"name":"Jeanette","@id":"https:\/\/www.eldiario.net\/portal\/#\/schema\/person\/f46445640444750d7d753ccd04ae01b7"},"headline":"Turqu\u00eda eleva a 48.000 los muertos por los terremotos desde febrero","datePublished":"2023-03-11T09:39:36+00:00","mainEntityOfPage":{"@id":"https:\/\/www.eldiario.net\/portal\/2023\/03\/11\/turquia-eleva-a-48-000-los-muertos-por-los-terremotos-desde-febrero\/"},"wordCount":390,"publisher":{"@id":"https:\/\/www.eldiario.net\/portal\/#organization"},"image":{"@id":"https:\/\/www.eldiario.net\/portal\/2023\/03\/11\/turquia-eleva-a-48-000-los-muertos-por-los-terremotos-desde-febrero\/#primaryimage"},"thumbnailUrl":"","articleSection":["Internacional"],"inLanguage":"es"},{"@type":"WebPage","@id":"https:\/\/www.eldiario.net\/portal\/2023\/03\/11\/turquia-eleva-a-48-000-los-muertos-por-los-terremotos-desde-febrero\/","url":"https:\/\/www.eldiario.net\/portal\/2023\/03\/11\/turquia-eleva-a-48-000-los-muertos-por-los-terremotos-desde-febrero\/","name":"Turqu\u00eda eleva a 48.000 los muertos por los terremotos desde febrero - El Diario - Bolivia","isPartOf":{"@id":"https:\/\/www.eldiario.net\/portal\/#website"},"primaryImageOfPage":{"@id":"https:\/\/www.eldiario.net\/portal\/2023\/03\/11\/turquia-eleva-a-48-000-los-muertos-por-los-terremotos-desde-febrero\/#primaryimage"},"image":{"@id":"https:\/\/www.eldiario.net\/portal\/2023\/03\/11\/turquia-eleva-a-48-000-los-muertos-por-los-terremotos-desde-febrero\/#primaryimage"},"thumbnailUrl":"","datePublished":"2023-03-11T09:39:36+00:00","breadcrumb":{"@id":"https:\/\/www.eldiario.net\/portal\/2023\/03\/11\/turquia-eleva-a-48-000-los-muertos-por-los-terremotos-desde-febrero\/#breadcrumb"},"inLanguage":"es","potentialAction":[{"@type":"ReadAction","target":["https:\/\/www.eldiario.net\/portal\/2023\/03\/11\/turquia-eleva-a-48-000-los-muertos-por-los-terremotos-desde-febrero\/"]}]},{"@type":"ImageObject","inLanguage":"es","@id":"https:\/\/www.eldiario.net\/portal\/2023\/03\/11\/turquia-eleva-a-48-000-los-muertos-por-los-terremotos-desde-febrero\/#primaryimage","url":"","contentUrl":""},{"@type":"BreadcrumbList","@id":"https:\/\/www.eldiario.net\/portal\/2023\/03\/11\/turquia-eleva-a-48-000-los-muertos-por-los-terremotos-desde-febrero\/#breadcrumb","itemListElement":[{"@type":"ListItem","position":1,"name":"Portada","item":"https:\/\/www.eldiario.net\/portal\/"},{"@type":"ListItem","position":2,"name":"Turqu\u00eda eleva a 48.000 los muertos por los terremotos desde febrero"}]},{"@type":"WebSite","@id":"https:\/\/www.eldiario.net\/portal\/#website","url":"https:\/\/www.eldiario.net\/portal\/","name":"El Diario - Decano de la prensa nacional","description":"El Diario - Decano de la prensa nacional","publisher":{"@id":"https:\/\/www.eldiario.net\/portal\/#organization"},"potentialAction":[{"@type":"SearchAction","target":{"@type":"EntryPoint","urlTemplate":"https:\/\/www.eldiario.net\/portal\/?s={search_term_string}"},"query-input":{"@type":"PropertyValueSpecification","valueRequired":true,"valueName":"search_term_string"}}],"inLanguage":"es"},{"@type":"Organization","@id":"https:\/\/www.eldiario.net\/portal\/#organization","name":"El Diario - Decano de la prensa nacional","url":"https:\/\/www.eldiario.net\/portal\/","logo":{"@type":"ImageObject","inLanguage":"es","@id":"https:\/\/www.eldiario.net\/portal\/#\/schema\/logo\/image\/","url":"https:\/\/www.eldiario.net\/portal\/wp-content\/uploads\/2023\/07\/logo_ED.jpg","contentUrl":"https:\/\/www.eldiario.net\/portal\/wp-content\/uploads\/2023\/07\/logo_ED.jpg","width":272,"height":52,"caption":"El Diario - Decano de la prensa nacional"},"image":{"@id":"https:\/\/www.eldiario.net\/portal\/#\/schema\/logo\/image\/"},"sameAs":["https:\/\/www.facebook.com\/eldiario.bolivia\/","https:\/\/x.com\/eldiario_net"]},{"@type":"Person","@id":"https:\/\/www.eldiario.net\/portal\/#\/schema\/person\/f46445640444750d7d753ccd04ae01b7","name":"Jeanette","image":{"@type":"ImageObject","inLanguage":"es","@id":"https:\/\/secure.gravatar.com\/avatar\/3ea2118a5f7dad2b7138b1187a6b7ee55f160b9968b66013c3a3ef39dd7e5798?s=96&d=mm&r=g","url":"https:\/\/secure.gravatar.com\/avatar\/3ea2118a5f7dad2b7138b1187a6b7ee55f160b9968b66013c3a3ef39dd7e5798?s=96&d=mm&r=g","contentUrl":"https:\/\/secure.gravatar.com\/avatar\/3ea2118a5f7dad2b7138b1187a6b7ee55f160b9968b66013c3a3ef39dd7e5798?s=96&d=mm&r=g","caption":"Jeanette"},"sameAs":["https:\/\/www.eldiario.net\/portal"],"url":"https:\/\/www.eldiario.net\/portal\/author\/jeanette\/"}]}},"_links":{"self":[{"href":"https:\/\/www.eldiario.net\/portal\/wp-json\/wp\/v2\/posts\/142451","targetHints":{"allow":["GET"]}}],"collection":[{"href":"https:\/\/www.eldiario.net\/portal\/wp-json\/wp\/v2\/posts"}],"about":[{"href":"https:\/\/www.eldiario.net\/portal\/wp-json\/wp\/v2\/types\/post"}],"author":[{"embeddable":true,"href":"https:\/\/www.eldiario.net\/portal\/wp-json\/wp\/v2\/users\/1"}],"replies":[{"embeddable":true,"href":"https:\/\/www.eldiario.net\/portal\/wp-json\/wp\/v2\/comments?post=142451"}],"version-history":[{"count":0,"href":"https:\/\/www.eldiario.net\/portal\/wp-json\/wp\/v2\/posts\/142451\/revisions"}],"wp:attachment":[{"href":"https:\/\/www.eldiario.net\/portal\/wp-json\/wp\/v2\/media?parent=142451"}],"wp:term":[{"taxonomy":"category","embeddable":true,"href":"https:\/\/www.eldiario.net\/portal\/wp-json\/wp\/v2\/categories?post=142451"},{"taxonomy":"post_tag","embeddable":true,"href":"https:\/\/www.eldiario.net\/portal\/wp-json\/wp\/v2\/tags?post=142451"}],"curies":[{"name":"wp","href":"https:\/\/api.w.org\/{rel}","templated":true}]}}