{"id":142448,"date":"2023-03-11T05:38:29","date_gmt":"2023-03-11T09:38:29","guid":{"rendered":"https:\/\/www.eldiario.net\/portal\/?p=142448"},"modified":"2023-03-11T05:38:29","modified_gmt":"2023-03-11T09:38:29","slug":"macron-y-sunak-anuncian-plan-contra-la-migracion","status":"publish","type":"post","link":"https:\/\/www.eldiario.net\/portal\/2023\/03\/11\/macron-y-sunak-anuncian-plan-contra-la-migracion\/","title":{"rendered":"Macron y Sunak anuncian  plan contra la migraci\u00f3n"},"content":{"rendered":"<p>La iniciativa comprende un nuevo centro de detenci\u00f3n, un plan de vigilancia con drones y un incremento de la coordinaci\u00f3n policial<br \/>\nEl presidente de Francia, Emmanuel Macron, y el primer ministro de Reino Unido, Rishi Sunak, anunciaron una nueva iniciativa conjunta a gran escala para contener la migraci\u00f3n a trav\u00e9s del Canal de la Mancha, y que incluye entre otras medidas, la creaci\u00f3n de nuevos centros de detenci\u00f3n y un nuevo programa de vigilancia a\u00e9rea.<br \/>\nReino Unido comprometer\u00e1 para tal efecto unos 540 millones de euros en los pr\u00f3ximos tres a\u00f1os, seg\u00fan anunciaron ambos mandatarios durante la cumbre franco-brit\u00e1nica celebrada en Par\u00eds, parte de los cuales ir\u00e1n destinados a la creaci\u00f3n de un centro de detenci\u00f3n en suelo franc\u00e9s, concretamente en el norte del pa\u00eds, acompa\u00f1ado del despliegue adicional de al menos 500 efectivos galos para vigilar las playas desde las que parten los barcos de migrantes con destino a Reino Unido.<br \/>\nOtras medidas incluyen el fortalecimiento del actual programa de vigilancia a\u00e9rea con aviones no tripulados y tecnolog\u00edas adicionales, la creaci\u00f3n de un centro de coordinaci\u00f3n 24 horas con oficiales de enlace franceses que estar\u00e1n destinados de manera permanente en Reino Unido, y un incremento de la cooperaci\u00f3n entre la Agencia Nacional contra el Crimen de Reino Unido y su hom\u00f3loga francesa, informa Sky News.<br \/>\nSunak aplaudi\u00f3 el acuerdo como un nuevo comienzo tras los roces diplom\u00e1ticos que ambos pa\u00edses atravesaron en los \u00faltimos meses sobre esta y otras cuestiones.<br \/>\nMacron resalt\u00f3 el incremento de la colaboraci\u00f3n franco-brit\u00e1nica; que seg\u00fan sus estimaciones \u201cha impedido m\u00e1s de 30.000 cruces y medio centenar de redes de tr\u00e1fico de personas\u201d. \u201cLa renovaci\u00f3n de este marco bilateral de cooperaci\u00f3n significa que queremos seguir en esta direcci\u00f3n, de forma muy concreta, y conscientes de la naturaleza de la responsabilidad que compartimos\u201d, a\u00f1adi\u00f3.<br \/>\nSeg\u00fan estimaciones del Gobierno brit\u00e1nico, un total de 45.756 personas llegaron desde Francia a costas brit\u00e1nicas en 2022; un aumento sustancial respecto a las 21.000 llegadas de 2021 y las 8.417 llegadas de 2020.<br \/>\nSunak y su ministra del Interior, Suella Braverman, anunciaron la puesta en marcha de un plan nacional de dureza sin precedentes contra los migrantes que consigan llegar a costas brit\u00e1nicas y que comprende expulsiones en caliente sin posibilidad de asilo, a pesar de las cr\u00edticas de organizaciones humanitarias internacionales.<br \/>\nCRUZ ROJA Y AMNIST\u00cdA DENUNCIAN FALTA DE COMPASI\u00d3N<br \/>\nDe momento, ONG como Cruz Roja brit\u00e1nica o Amnist\u00eda Internacional ya denunciaron el acuerdo como una medida enormemente cara, ineficaz y contraria las leyes internacionales, en palabras de la primera. Sobre todo, a\u00f1ade, va a causar un da\u00f1o devastador para hombres, mujeres y ni\u00f1os necesitados de ayuda.<br \/>\nEl director de Amnist\u00eda Internacional Reino Unido para los derechos de migrantes y refugiados, Steve Valdez-Symonds, lament\u00f3 tambi\u00e9n una medida sin coraz\u00f3n que tiene como objetivo final eximir a Reino Unido de cualquier responsabilidad en la crisis en el Canal de la Mancha.<br \/>\nAmnist\u00eda recuerda que, a pesar del incremento de llegadas, Reino Unido recibe en realidad a n\u00famero \u201crelativamente peque\u00f1o\u201d de refugiados en comparaci\u00f3n al resto del mundo, solo para acabar trat\u00e1ndoles \u201cde manera cada vez m\u00e1s atroz\u201d, entre constantes apariciones de ministros ante los medios de comunicaci\u00f3n para \u201cvilipendiar a gente traumatizada marginada, a quienes quieren condenar a meses e incluso a\u00f1os de aislamiento social, cuando no detenci\u00f3n\u201d. (Europa Press).<\/p>\n","protected":false},"excerpt":{"rendered":"<p>La iniciativa comprende un nuevo centro de detenci\u00f3n, un plan de vigilancia con drones y un incremento de la coordinaci\u00f3n policial El presidente de Francia, Emmanuel Macron, y el primer ministro de Reino Unido, Rishi Sunak, anunciaron una nueva iniciativa conjunta a gran escala para contener la migraci\u00f3n a trav\u00e9s del Canal de la Mancha, [&hellip;]<\/p>\n","protected":false},"author":1,"featured_media":142449,"comment_status":"closed","ping_status":"closed","sticky":false,"template":"","format":"standard","meta":{"_acf_changed":false,"footnotes":""},"categories":[3],"tags":[],"class_list":["post-142448","post","type-post","status-publish","format-standard","has-post-thumbnail","category-internacional"],"acf":{"antetitulo":""},"yoast_head":"<!-- This site is optimized with the Yoast SEO plugin v28.4 - https:\/\/yoast.com\/product\/yoast-seo-wordpress\/ -->\n<title>Macron y Sunak anuncian plan contra la migraci\u00f3n - El Diario - Bolivia<\/title>\n<meta name=\"robots\" content=\"index, follow, max-snippet:-1, max-image-preview:large, max-video-preview:-1\" \/>\n<link rel=\"canonical\" href=\"https:\/\/www.eldiario.net\/portal\/2023\/03\/11\/macron-y-sunak-anuncian-plan-contra-la-migracion\/\" \/>\n<meta property=\"og:locale\" content=\"es_ES\" \/>\n<meta property=\"og:type\" content=\"article\" \/>\n<meta property=\"og:title\" content=\"Macron y Sunak anuncian plan contra la migraci\u00f3n - El Diario - Bolivia\" \/>\n<meta property=\"og:description\" content=\"La iniciativa comprende un nuevo centro de detenci\u00f3n, un plan de vigilancia con drones y un incremento de la coordinaci\u00f3n policial El presidente de Francia, Emmanuel Macron, y el primer ministro de Reino Unido, Rishi Sunak, anunciaron una nueva iniciativa conjunta a gran escala para contener la migraci\u00f3n a trav\u00e9s del Canal de la Mancha, [&hellip;]\" \/>\n<meta property=\"og:url\" content=\"https:\/\/www.eldiario.net\/portal\/2023\/03\/11\/macron-y-sunak-anuncian-plan-contra-la-migracion\/\" \/>\n<meta property=\"og:site_name\" content=\"El Diario - Bolivia\" \/>\n<meta property=\"article:publisher\" content=\"https:\/\/www.facebook.com\/eldiario.bolivia\/\" \/>\n<meta property=\"article:published_time\" content=\"2023-03-11T09:38:29+00:00\" \/>\n<meta name=\"author\" content=\"Jeanette\" \/>\n<meta name=\"twitter:card\" content=\"summary_large_image\" \/>\n<meta name=\"twitter:creator\" content=\"@eldiario_net\" \/>\n<meta name=\"twitter:site\" content=\"@eldiario_net\" \/>\n<meta name=\"twitter:label1\" content=\"Escrito por\" \/>\n\t<meta name=\"twitter:data1\" content=\"Jeanette\" \/>\n\t<meta name=\"twitter:label2\" content=\"Tiempo de lectura\" \/>\n\t<meta name=\"twitter:data2\" content=\"3 minutos\" \/>\n<script type=\"application\/ld+json\" class=\"yoast-schema-graph\">{\"@context\":\"https:\\\/\\\/schema.org\",\"@graph\":[{\"@type\":\"Article\",\"@id\":\"https:\\\/\\\/www.eldiario.net\\\/portal\\\/2023\\\/03\\\/11\\\/macron-y-sunak-anuncian-plan-contra-la-migracion\\\/#article\",\"isPartOf\":{\"@id\":\"https:\\\/\\\/www.eldiario.net\\\/portal\\\/2023\\\/03\\\/11\\\/macron-y-sunak-anuncian-plan-contra-la-migracion\\\/\"},\"author\":{\"name\":\"Jeanette\",\"@id\":\"https:\\\/\\\/www.eldiario.net\\\/portal\\\/#\\\/schema\\\/person\\\/f46445640444750d7d753ccd04ae01b7\"},\"headline\":\"Macron y Sunak anuncian plan contra la migraci\u00f3n\",\"datePublished\":\"2023-03-11T09:38:29+00:00\",\"mainEntityOfPage\":{\"@id\":\"https:\\\/\\\/www.eldiario.net\\\/portal\\\/2023\\\/03\\\/11\\\/macron-y-sunak-anuncian-plan-contra-la-migracion\\\/\"},\"wordCount\":607,\"publisher\":{\"@id\":\"https:\\\/\\\/www.eldiario.net\\\/portal\\\/#organization\"},\"image\":{\"@id\":\"https:\\\/\\\/www.eldiario.net\\\/portal\\\/2023\\\/03\\\/11\\\/macron-y-sunak-anuncian-plan-contra-la-migracion\\\/#primaryimage\"},\"thumbnailUrl\":\"\",\"articleSection\":[\"Internacional\"],\"inLanguage\":\"es\"},{\"@type\":\"WebPage\",\"@id\":\"https:\\\/\\\/www.eldiario.net\\\/portal\\\/2023\\\/03\\\/11\\\/macron-y-sunak-anuncian-plan-contra-la-migracion\\\/\",\"url\":\"https:\\\/\\\/www.eldiario.net\\\/portal\\\/2023\\\/03\\\/11\\\/macron-y-sunak-anuncian-plan-contra-la-migracion\\\/\",\"name\":\"Macron y Sunak anuncian plan contra la migraci\u00f3n - El Diario - Bolivia\",\"isPartOf\":{\"@id\":\"https:\\\/\\\/www.eldiario.net\\\/portal\\\/#website\"},\"primaryImageOfPage\":{\"@id\":\"https:\\\/\\\/www.eldiario.net\\\/portal\\\/2023\\\/03\\\/11\\\/macron-y-sunak-anuncian-plan-contra-la-migracion\\\/#primaryimage\"},\"image\":{\"@id\":\"https:\\\/\\\/www.eldiario.net\\\/portal\\\/2023\\\/03\\\/11\\\/macron-y-sunak-anuncian-plan-contra-la-migracion\\\/#primaryimage\"},\"thumbnailUrl\":\"\",\"datePublished\":\"2023-03-11T09:38:29+00:00\",\"breadcrumb\":{\"@id\":\"https:\\\/\\\/www.eldiario.net\\\/portal\\\/2023\\\/03\\\/11\\\/macron-y-sunak-anuncian-plan-contra-la-migracion\\\/#breadcrumb\"},\"inLanguage\":\"es\",\"potentialAction\":[{\"@type\":\"ReadAction\",\"target\":[\"https:\\\/\\\/www.eldiario.net\\\/portal\\\/2023\\\/03\\\/11\\\/macron-y-sunak-anuncian-plan-contra-la-migracion\\\/\"]}]},{\"@type\":\"ImageObject\",\"inLanguage\":\"es\",\"@id\":\"https:\\\/\\\/www.eldiario.net\\\/portal\\\/2023\\\/03\\\/11\\\/macron-y-sunak-anuncian-plan-contra-la-migracion\\\/#primaryimage\",\"url\":\"\",\"contentUrl\":\"\"},{\"@type\":\"BreadcrumbList\",\"@id\":\"https:\\\/\\\/www.eldiario.net\\\/portal\\\/2023\\\/03\\\/11\\\/macron-y-sunak-anuncian-plan-contra-la-migracion\\\/#breadcrumb\",\"itemListElement\":[{\"@type\":\"ListItem\",\"position\":1,\"name\":\"Portada\",\"item\":\"https:\\\/\\\/www.eldiario.net\\\/portal\\\/\"},{\"@type\":\"ListItem\",\"position\":2,\"name\":\"Macron y Sunak anuncian plan contra la migraci\u00f3n\"}]},{\"@type\":\"WebSite\",\"@id\":\"https:\\\/\\\/www.eldiario.net\\\/portal\\\/#website\",\"url\":\"https:\\\/\\\/www.eldiario.net\\\/portal\\\/\",\"name\":\"El Diario - Decano de la prensa nacional\",\"description\":\"El Diario - Decano de la prensa nacional\",\"publisher\":{\"@id\":\"https:\\\/\\\/www.eldiario.net\\\/portal\\\/#organization\"},\"potentialAction\":[{\"@type\":\"SearchAction\",\"target\":{\"@type\":\"EntryPoint\",\"urlTemplate\":\"https:\\\/\\\/www.eldiario.net\\\/portal\\\/?s={search_term_string}\"},\"query-input\":{\"@type\":\"PropertyValueSpecification\",\"valueRequired\":true,\"valueName\":\"search_term_string\"}}],\"inLanguage\":\"es\"},{\"@type\":\"Organization\",\"@id\":\"https:\\\/\\\/www.eldiario.net\\\/portal\\\/#organization\",\"name\":\"El Diario - Decano de la prensa nacional\",\"url\":\"https:\\\/\\\/www.eldiario.net\\\/portal\\\/\",\"logo\":{\"@type\":\"ImageObject\",\"inLanguage\":\"es\",\"@id\":\"https:\\\/\\\/www.eldiario.net\\\/portal\\\/#\\\/schema\\\/logo\\\/image\\\/\",\"url\":\"https:\\\/\\\/www.eldiario.net\\\/portal\\\/wp-content\\\/uploads\\\/2023\\\/07\\\/logo_ED.jpg\",\"contentUrl\":\"https:\\\/\\\/www.eldiario.net\\\/portal\\\/wp-content\\\/uploads\\\/2023\\\/07\\\/logo_ED.jpg\",\"width\":272,\"height\":52,\"caption\":\"El Diario - Decano de la prensa nacional\"},\"image\":{\"@id\":\"https:\\\/\\\/www.eldiario.net\\\/portal\\\/#\\\/schema\\\/logo\\\/image\\\/\"},\"sameAs\":[\"https:\\\/\\\/www.facebook.com\\\/eldiario.bolivia\\\/\",\"https:\\\/\\\/x.com\\\/eldiario_net\"]},{\"@type\":\"Person\",\"@id\":\"https:\\\/\\\/www.eldiario.net\\\/portal\\\/#\\\/schema\\\/person\\\/f46445640444750d7d753ccd04ae01b7\",\"name\":\"Jeanette\",\"image\":{\"@type\":\"ImageObject\",\"inLanguage\":\"es\",\"@id\":\"https:\\\/\\\/secure.gravatar.com\\\/avatar\\\/3ea2118a5f7dad2b7138b1187a6b7ee55f160b9968b66013c3a3ef39dd7e5798?s=96&d=mm&r=g\",\"url\":\"https:\\\/\\\/secure.gravatar.com\\\/avatar\\\/3ea2118a5f7dad2b7138b1187a6b7ee55f160b9968b66013c3a3ef39dd7e5798?s=96&d=mm&r=g\",\"contentUrl\":\"https:\\\/\\\/secure.gravatar.com\\\/avatar\\\/3ea2118a5f7dad2b7138b1187a6b7ee55f160b9968b66013c3a3ef39dd7e5798?s=96&d=mm&r=g\",\"caption\":\"Jeanette\"},\"sameAs\":[\"https:\\\/\\\/www.eldiario.net\\\/portal\"],\"url\":\"https:\\\/\\\/www.eldiario.net\\\/portal\\\/author\\\/jeanette\\\/\"}]}<\/script>\n<!-- \/ Yoast SEO plugin. -->","yoast_head_json":{"title":"Macron y Sunak anuncian plan contra la migraci\u00f3n - El Diario - Bolivia","robots":{"index":"index","follow":"follow","max-snippet":"max-snippet:-1","max-image-preview":"max-image-preview:large","max-video-preview":"max-video-preview:-1"},"canonical":"https:\/\/www.eldiario.net\/portal\/2023\/03\/11\/macron-y-sunak-anuncian-plan-contra-la-migracion\/","og_locale":"es_ES","og_type":"article","og_title":"Macron y Sunak anuncian plan contra la migraci\u00f3n - El Diario - Bolivia","og_description":"La iniciativa comprende un nuevo centro de detenci\u00f3n, un plan de vigilancia con drones y un incremento de la coordinaci\u00f3n policial El presidente de Francia, Emmanuel Macron, y el primer ministro de Reino Unido, Rishi Sunak, anunciaron una nueva iniciativa conjunta a gran escala para contener la migraci\u00f3n a trav\u00e9s del Canal de la Mancha, [&hellip;]","og_url":"https:\/\/www.eldiario.net\/portal\/2023\/03\/11\/macron-y-sunak-anuncian-plan-contra-la-migracion\/","og_site_name":"El Diario - Bolivia","article_publisher":"https:\/\/www.facebook.com\/eldiario.bolivia\/","article_published_time":"2023-03-11T09:38:29+00:00","author":"Jeanette","twitter_card":"summary_large_image","twitter_creator":"@eldiario_net","twitter_site":"@eldiario_net","twitter_misc":{"Escrito por":"Jeanette","Tiempo de lectura":"3 minutos"},"schema":{"@context":"https:\/\/schema.org","@graph":[{"@type":"Article","@id":"https:\/\/www.eldiario.net\/portal\/2023\/03\/11\/macron-y-sunak-anuncian-plan-contra-la-migracion\/#article","isPartOf":{"@id":"https:\/\/www.eldiario.net\/portal\/2023\/03\/11\/macron-y-sunak-anuncian-plan-contra-la-migracion\/"},"author":{"name":"Jeanette","@id":"https:\/\/www.eldiario.net\/portal\/#\/schema\/person\/f46445640444750d7d753ccd04ae01b7"},"headline":"Macron y Sunak anuncian plan contra la migraci\u00f3n","datePublished":"2023-03-11T09:38:29+00:00","mainEntityOfPage":{"@id":"https:\/\/www.eldiario.net\/portal\/2023\/03\/11\/macron-y-sunak-anuncian-plan-contra-la-migracion\/"},"wordCount":607,"publisher":{"@id":"https:\/\/www.eldiario.net\/portal\/#organization"},"image":{"@id":"https:\/\/www.eldiario.net\/portal\/2023\/03\/11\/macron-y-sunak-anuncian-plan-contra-la-migracion\/#primaryimage"},"thumbnailUrl":"","articleSection":["Internacional"],"inLanguage":"es"},{"@type":"WebPage","@id":"https:\/\/www.eldiario.net\/portal\/2023\/03\/11\/macron-y-sunak-anuncian-plan-contra-la-migracion\/","url":"https:\/\/www.eldiario.net\/portal\/2023\/03\/11\/macron-y-sunak-anuncian-plan-contra-la-migracion\/","name":"Macron y Sunak anuncian plan contra la migraci\u00f3n - El Diario - Bolivia","isPartOf":{"@id":"https:\/\/www.eldiario.net\/portal\/#website"},"primaryImageOfPage":{"@id":"https:\/\/www.eldiario.net\/portal\/2023\/03\/11\/macron-y-sunak-anuncian-plan-contra-la-migracion\/#primaryimage"},"image":{"@id":"https:\/\/www.eldiario.net\/portal\/2023\/03\/11\/macron-y-sunak-anuncian-plan-contra-la-migracion\/#primaryimage"},"thumbnailUrl":"","datePublished":"2023-03-11T09:38:29+00:00","breadcrumb":{"@id":"https:\/\/www.eldiario.net\/portal\/2023\/03\/11\/macron-y-sunak-anuncian-plan-contra-la-migracion\/#breadcrumb"},"inLanguage":"es","potentialAction":[{"@type":"ReadAction","target":["https:\/\/www.eldiario.net\/portal\/2023\/03\/11\/macron-y-sunak-anuncian-plan-contra-la-migracion\/"]}]},{"@type":"ImageObject","inLanguage":"es","@id":"https:\/\/www.eldiario.net\/portal\/2023\/03\/11\/macron-y-sunak-anuncian-plan-contra-la-migracion\/#primaryimage","url":"","contentUrl":""},{"@type":"BreadcrumbList","@id":"https:\/\/www.eldiario.net\/portal\/2023\/03\/11\/macron-y-sunak-anuncian-plan-contra-la-migracion\/#breadcrumb","itemListElement":[{"@type":"ListItem","position":1,"name":"Portada","item":"https:\/\/www.eldiario.net\/portal\/"},{"@type":"ListItem","position":2,"name":"Macron y Sunak anuncian plan contra la migraci\u00f3n"}]},{"@type":"WebSite","@id":"https:\/\/www.eldiario.net\/portal\/#website","url":"https:\/\/www.eldiario.net\/portal\/","name":"El Diario - Decano de la prensa nacional","description":"El Diario - Decano de la prensa nacional","publisher":{"@id":"https:\/\/www.eldiario.net\/portal\/#organization"},"potentialAction":[{"@type":"SearchAction","target":{"@type":"EntryPoint","urlTemplate":"https:\/\/www.eldiario.net\/portal\/?s={search_term_string}"},"query-input":{"@type":"PropertyValueSpecification","valueRequired":true,"valueName":"search_term_string"}}],"inLanguage":"es"},{"@type":"Organization","@id":"https:\/\/www.eldiario.net\/portal\/#organization","name":"El Diario - Decano de la prensa nacional","url":"https:\/\/www.eldiario.net\/portal\/","logo":{"@type":"ImageObject","inLanguage":"es","@id":"https:\/\/www.eldiario.net\/portal\/#\/schema\/logo\/image\/","url":"https:\/\/www.eldiario.net\/portal\/wp-content\/uploads\/2023\/07\/logo_ED.jpg","contentUrl":"https:\/\/www.eldiario.net\/portal\/wp-content\/uploads\/2023\/07\/logo_ED.jpg","width":272,"height":52,"caption":"El Diario - Decano de la prensa nacional"},"image":{"@id":"https:\/\/www.eldiario.net\/portal\/#\/schema\/logo\/image\/"},"sameAs":["https:\/\/www.facebook.com\/eldiario.bolivia\/","https:\/\/x.com\/eldiario_net"]},{"@type":"Person","@id":"https:\/\/www.eldiario.net\/portal\/#\/schema\/person\/f46445640444750d7d753ccd04ae01b7","name":"Jeanette","image":{"@type":"ImageObject","inLanguage":"es","@id":"https:\/\/secure.gravatar.com\/avatar\/3ea2118a5f7dad2b7138b1187a6b7ee55f160b9968b66013c3a3ef39dd7e5798?s=96&d=mm&r=g","url":"https:\/\/secure.gravatar.com\/avatar\/3ea2118a5f7dad2b7138b1187a6b7ee55f160b9968b66013c3a3ef39dd7e5798?s=96&d=mm&r=g","contentUrl":"https:\/\/secure.gravatar.com\/avatar\/3ea2118a5f7dad2b7138b1187a6b7ee55f160b9968b66013c3a3ef39dd7e5798?s=96&d=mm&r=g","caption":"Jeanette"},"sameAs":["https:\/\/www.eldiario.net\/portal"],"url":"https:\/\/www.eldiario.net\/portal\/author\/jeanette\/"}]}},"_links":{"self":[{"href":"https:\/\/www.eldiario.net\/portal\/wp-json\/wp\/v2\/posts\/142448","targetHints":{"allow":["GET"]}}],"collection":[{"href":"https:\/\/www.eldiario.net\/portal\/wp-json\/wp\/v2\/posts"}],"about":[{"href":"https:\/\/www.eldiario.net\/portal\/wp-json\/wp\/v2\/types\/post"}],"author":[{"embeddable":true,"href":"https:\/\/www.eldiario.net\/portal\/wp-json\/wp\/v2\/users\/1"}],"replies":[{"embeddable":true,"href":"https:\/\/www.eldiario.net\/portal\/wp-json\/wp\/v2\/comments?post=142448"}],"version-history":[{"count":0,"href":"https:\/\/www.eldiario.net\/portal\/wp-json\/wp\/v2\/posts\/142448\/revisions"}],"wp:attachment":[{"href":"https:\/\/www.eldiario.net\/portal\/wp-json\/wp\/v2\/media?parent=142448"}],"wp:term":[{"taxonomy":"category","embeddable":true,"href":"https:\/\/www.eldiario.net\/portal\/wp-json\/wp\/v2\/categories?post=142448"},{"taxonomy":"post_tag","embeddable":true,"href":"https:\/\/www.eldiario.net\/portal\/wp-json\/wp\/v2\/tags?post=142448"}],"curies":[{"name":"wp","href":"https:\/\/api.w.org\/{rel}","templated":true}]}}