{"id":142438,"date":"2023-03-11T05:34:26","date_gmt":"2023-03-11T09:34:26","guid":{"rendered":"https:\/\/www.eldiario.net\/portal\/?p=142438"},"modified":"2023-03-11T05:34:26","modified_gmt":"2023-03-11T09:34:26","slug":"proyecto-del-oro-divide-a-cooperativistas-mientras-el-gobierno-acelera-su-aprobacion","status":"publish","type":"post","link":"https:\/\/www.eldiario.net\/portal\/2023\/03\/11\/proyecto-del-oro-divide-a-cooperativistas-mientras-el-gobierno-acelera-su-aprobacion\/","title":{"rendered":"Proyecto del oro divide a cooperativistas mientras el Gobierno acelera su aprobaci\u00f3n"},"content":{"rendered":"<p>Ante la ca\u00edda de las Reservas Internacionales Netas (RIN), que bordean los 3.500 millones de d\u00f3lares, de acuerdo a la \u00faltima informaci\u00f3n del ente emisor, el Gobierno acelera la aprobaci\u00f3n de la Ley de Fortalecimiento de las RIN o del Oro en la Asamblea Legislativa, mientras los cooperativistas muestran divisi\u00f3n y condicionan apoyar propuesta gubernamental.<br \/>\nEl viceministro de Pol\u00edtica Tributaria, Jhonny Morales, junto al presidente interino del Banco Central de Bolivia (BCB), Edwin Rojas, explic\u00f3 que en reuni\u00f3n con la Federaci\u00f3n Nacional de Cooperativas Aur\u00edferas de Bolivia (Fencomin), se acord\u00f3 viabilizar el proyecto de Ley de Fortalecimiento de las RIN.<br \/>\nUno de los pedidos de Fencomin, incluido en el convenio, est\u00e1 que para la aprobaci\u00f3n del reglamento se convocar\u00e1 a miembros de la Federaci\u00f3n nacional y departamental para consensuar la norma.<br \/>\nCon respecto al reclamo de Federaciones de Cooperativistas Aur\u00edferas del Norte de La Paz, Ferreco y Fecoman, que indicaron que buscan consenso en esta materia, la autoridad indic\u00f3 que este sector ya dio su apoyo en reuniones, en la pasada gesti\u00f3n, y en febrero de este a\u00f1o anunciaron una propuesta, la misma que a\u00fan siguen esperando.<br \/>\nMorales fue claro al indicar que no se puede dejar de llevar adelante la aprobaci\u00f3n de la Ley, de gran importancia para el pa\u00eds, y que el tema del Fortalecimiento de las Reservas Internacionales no puede ser condicionado al tema tributario.<br \/>\nMientras tanto, Rojas dijo que la compra ser\u00e1 a un precio competitivo, en base al precio internacional del oro, el proceso de refinaci\u00f3n del oro ser\u00e1 por cuenta del BCB, y no por los cooperativistas.<br \/>\nTributo<br \/>\nEntretanto, las federaciones de mineros aur\u00edferos se declararon en emergencia en demanda de que se apruebe la ley de su r\u00e9gimen tributario, con el monto concertado el a\u00f1o pasado con el Gobierno, de 4,8%, o de lo contrario no descartan retomar movilizaciones.<br \/>\nEl economista Antonio Saravia realiz\u00f3 preguntas en su @tufisaravia que si \u201cexiste la cantidad suficiente\u201d de $us, por qu\u00e9 la ley del oro? Por qu\u00e9 el bono remesas? Por qu\u00e9 se le exige a las empresas p\u00fablicas repatriar $us? Por qu\u00e9 el tcd diferenciado para exportadores? Por qu\u00e9 no se actualiza la info en la p\u00e1gina del BC?<br \/>\nHabilitaci\u00f3n<br \/>\nPor otra parte, a trav\u00e9s de un comunicado, se inform\u00f3 que se abrieron sucursales en Cochabamba y Santa Cruz para la venta de d\u00f3lares con horarios m\u00e1s flexibles, asimismo en La Paz se habilitaron m\u00e1s cajeros.<br \/>\nEn su momento, el economista Gabriel Espinoza dijo que similar medida, la venta de d\u00f3lares por el BCB se implement\u00f3 en la gesti\u00f3n de Evo Morales, pero el actual presidente Luis Arce lo cort\u00f3 debido al costo que implicaba.<\/p>\n","protected":false},"excerpt":{"rendered":"<p>Ante la ca\u00edda de las Reservas Internacionales Netas (RIN), que bordean los 3.500 millones de d\u00f3lares, de acuerdo a la \u00faltima informaci\u00f3n del ente emisor, el Gobierno acelera la aprobaci\u00f3n de la Ley de Fortalecimiento de las RIN o del Oro en la Asamblea Legislativa, mientras los cooperativistas muestran divisi\u00f3n y condicionan apoyar propuesta gubernamental. [&hellip;]<\/p>\n","protected":false},"author":1,"featured_media":142439,"comment_status":"closed","ping_status":"closed","sticky":false,"template":"","format":"standard","meta":{"_acf_changed":false,"footnotes":""},"categories":[7],"tags":[],"class_list":["post-142438","post","type-post","status-publish","format-standard","has-post-thumbnail","category-economia"],"acf":{"antetitulo":""},"yoast_head":"<!-- This site is optimized with the Yoast SEO plugin v28.4 - https:\/\/yoast.com\/product\/yoast-seo-wordpress\/ -->\n<title>Proyecto del oro divide a cooperativistas mientras el Gobierno acelera su aprobaci\u00f3n - El Diario - Bolivia<\/title>\n<meta name=\"robots\" content=\"index, follow, max-snippet:-1, max-image-preview:large, max-video-preview:-1\" \/>\n<link rel=\"canonical\" href=\"https:\/\/www.eldiario.net\/portal\/2023\/03\/11\/proyecto-del-oro-divide-a-cooperativistas-mientras-el-gobierno-acelera-su-aprobacion\/\" \/>\n<meta property=\"og:locale\" content=\"es_ES\" \/>\n<meta property=\"og:type\" content=\"article\" \/>\n<meta property=\"og:title\" content=\"Proyecto del oro divide a cooperativistas mientras el Gobierno acelera su aprobaci\u00f3n - El Diario - Bolivia\" \/>\n<meta property=\"og:description\" content=\"Ante la ca\u00edda de las Reservas Internacionales Netas (RIN), que bordean los 3.500 millones de d\u00f3lares, de acuerdo a la \u00faltima informaci\u00f3n del ente emisor, el Gobierno acelera la aprobaci\u00f3n de la Ley de Fortalecimiento de las RIN o del Oro en la Asamblea Legislativa, mientras los cooperativistas muestran divisi\u00f3n y condicionan apoyar propuesta gubernamental. [&hellip;]\" \/>\n<meta property=\"og:url\" content=\"https:\/\/www.eldiario.net\/portal\/2023\/03\/11\/proyecto-del-oro-divide-a-cooperativistas-mientras-el-gobierno-acelera-su-aprobacion\/\" \/>\n<meta property=\"og:site_name\" content=\"El Diario - Bolivia\" \/>\n<meta property=\"article:publisher\" content=\"https:\/\/www.facebook.com\/eldiario.bolivia\/\" \/>\n<meta property=\"article:published_time\" content=\"2023-03-11T09:34:26+00:00\" \/>\n<meta name=\"author\" content=\"Jeanette\" \/>\n<meta name=\"twitter:card\" content=\"summary_large_image\" \/>\n<meta name=\"twitter:creator\" content=\"@eldiario_net\" \/>\n<meta name=\"twitter:site\" content=\"@eldiario_net\" \/>\n<meta name=\"twitter:label1\" content=\"Escrito por\" \/>\n\t<meta name=\"twitter:data1\" content=\"Jeanette\" \/>\n\t<meta name=\"twitter:label2\" content=\"Tiempo de lectura\" \/>\n\t<meta name=\"twitter:data2\" content=\"3 minutos\" \/>\n<script type=\"application\/ld+json\" class=\"yoast-schema-graph\">{\"@context\":\"https:\\\/\\\/schema.org\",\"@graph\":[{\"@type\":\"Article\",\"@id\":\"https:\\\/\\\/www.eldiario.net\\\/portal\\\/2023\\\/03\\\/11\\\/proyecto-del-oro-divide-a-cooperativistas-mientras-el-gobierno-acelera-su-aprobacion\\\/#article\",\"isPartOf\":{\"@id\":\"https:\\\/\\\/www.eldiario.net\\\/portal\\\/2023\\\/03\\\/11\\\/proyecto-del-oro-divide-a-cooperativistas-mientras-el-gobierno-acelera-su-aprobacion\\\/\"},\"author\":{\"name\":\"Jeanette\",\"@id\":\"https:\\\/\\\/www.eldiario.net\\\/portal\\\/#\\\/schema\\\/person\\\/f46445640444750d7d753ccd04ae01b7\"},\"headline\":\"Proyecto del oro divide a cooperativistas mientras el Gobierno acelera su aprobaci\u00f3n\",\"datePublished\":\"2023-03-11T09:34:26+00:00\",\"mainEntityOfPage\":{\"@id\":\"https:\\\/\\\/www.eldiario.net\\\/portal\\\/2023\\\/03\\\/11\\\/proyecto-del-oro-divide-a-cooperativistas-mientras-el-gobierno-acelera-su-aprobacion\\\/\"},\"wordCount\":481,\"publisher\":{\"@id\":\"https:\\\/\\\/www.eldiario.net\\\/portal\\\/#organization\"},\"image\":{\"@id\":\"https:\\\/\\\/www.eldiario.net\\\/portal\\\/2023\\\/03\\\/11\\\/proyecto-del-oro-divide-a-cooperativistas-mientras-el-gobierno-acelera-su-aprobacion\\\/#primaryimage\"},\"thumbnailUrl\":\"\",\"articleSection\":[\"Econom\u00eda\"],\"inLanguage\":\"es\"},{\"@type\":\"WebPage\",\"@id\":\"https:\\\/\\\/www.eldiario.net\\\/portal\\\/2023\\\/03\\\/11\\\/proyecto-del-oro-divide-a-cooperativistas-mientras-el-gobierno-acelera-su-aprobacion\\\/\",\"url\":\"https:\\\/\\\/www.eldiario.net\\\/portal\\\/2023\\\/03\\\/11\\\/proyecto-del-oro-divide-a-cooperativistas-mientras-el-gobierno-acelera-su-aprobacion\\\/\",\"name\":\"Proyecto del oro divide a cooperativistas mientras el Gobierno acelera su aprobaci\u00f3n - El Diario - Bolivia\",\"isPartOf\":{\"@id\":\"https:\\\/\\\/www.eldiario.net\\\/portal\\\/#website\"},\"primaryImageOfPage\":{\"@id\":\"https:\\\/\\\/www.eldiario.net\\\/portal\\\/2023\\\/03\\\/11\\\/proyecto-del-oro-divide-a-cooperativistas-mientras-el-gobierno-acelera-su-aprobacion\\\/#primaryimage\"},\"image\":{\"@id\":\"https:\\\/\\\/www.eldiario.net\\\/portal\\\/2023\\\/03\\\/11\\\/proyecto-del-oro-divide-a-cooperativistas-mientras-el-gobierno-acelera-su-aprobacion\\\/#primaryimage\"},\"thumbnailUrl\":\"\",\"datePublished\":\"2023-03-11T09:34:26+00:00\",\"breadcrumb\":{\"@id\":\"https:\\\/\\\/www.eldiario.net\\\/portal\\\/2023\\\/03\\\/11\\\/proyecto-del-oro-divide-a-cooperativistas-mientras-el-gobierno-acelera-su-aprobacion\\\/#breadcrumb\"},\"inLanguage\":\"es\",\"potentialAction\":[{\"@type\":\"ReadAction\",\"target\":[\"https:\\\/\\\/www.eldiario.net\\\/portal\\\/2023\\\/03\\\/11\\\/proyecto-del-oro-divide-a-cooperativistas-mientras-el-gobierno-acelera-su-aprobacion\\\/\"]}]},{\"@type\":\"ImageObject\",\"inLanguage\":\"es\",\"@id\":\"https:\\\/\\\/www.eldiario.net\\\/portal\\\/2023\\\/03\\\/11\\\/proyecto-del-oro-divide-a-cooperativistas-mientras-el-gobierno-acelera-su-aprobacion\\\/#primaryimage\",\"url\":\"\",\"contentUrl\":\"\"},{\"@type\":\"BreadcrumbList\",\"@id\":\"https:\\\/\\\/www.eldiario.net\\\/portal\\\/2023\\\/03\\\/11\\\/proyecto-del-oro-divide-a-cooperativistas-mientras-el-gobierno-acelera-su-aprobacion\\\/#breadcrumb\",\"itemListElement\":[{\"@type\":\"ListItem\",\"position\":1,\"name\":\"Portada\",\"item\":\"https:\\\/\\\/www.eldiario.net\\\/portal\\\/\"},{\"@type\":\"ListItem\",\"position\":2,\"name\":\"Proyecto del oro divide a cooperativistas mientras el Gobierno acelera su aprobaci\u00f3n\"}]},{\"@type\":\"WebSite\",\"@id\":\"https:\\\/\\\/www.eldiario.net\\\/portal\\\/#website\",\"url\":\"https:\\\/\\\/www.eldiario.net\\\/portal\\\/\",\"name\":\"El Diario - Decano de la prensa nacional\",\"description\":\"El Diario - Decano de la prensa nacional\",\"publisher\":{\"@id\":\"https:\\\/\\\/www.eldiario.net\\\/portal\\\/#organization\"},\"potentialAction\":[{\"@type\":\"SearchAction\",\"target\":{\"@type\":\"EntryPoint\",\"urlTemplate\":\"https:\\\/\\\/www.eldiario.net\\\/portal\\\/?s={search_term_string}\"},\"query-input\":{\"@type\":\"PropertyValueSpecification\",\"valueRequired\":true,\"valueName\":\"search_term_string\"}}],\"inLanguage\":\"es\"},{\"@type\":\"Organization\",\"@id\":\"https:\\\/\\\/www.eldiario.net\\\/portal\\\/#organization\",\"name\":\"El Diario - Decano de la prensa nacional\",\"url\":\"https:\\\/\\\/www.eldiario.net\\\/portal\\\/\",\"logo\":{\"@type\":\"ImageObject\",\"inLanguage\":\"es\",\"@id\":\"https:\\\/\\\/www.eldiario.net\\\/portal\\\/#\\\/schema\\\/logo\\\/image\\\/\",\"url\":\"https:\\\/\\\/www.eldiario.net\\\/portal\\\/wp-content\\\/uploads\\\/2023\\\/07\\\/logo_ED.jpg\",\"contentUrl\":\"https:\\\/\\\/www.eldiario.net\\\/portal\\\/wp-content\\\/uploads\\\/2023\\\/07\\\/logo_ED.jpg\",\"width\":272,\"height\":52,\"caption\":\"El Diario - Decano de la prensa nacional\"},\"image\":{\"@id\":\"https:\\\/\\\/www.eldiario.net\\\/portal\\\/#\\\/schema\\\/logo\\\/image\\\/\"},\"sameAs\":[\"https:\\\/\\\/www.facebook.com\\\/eldiario.bolivia\\\/\",\"https:\\\/\\\/x.com\\\/eldiario_net\"]},{\"@type\":\"Person\",\"@id\":\"https:\\\/\\\/www.eldiario.net\\\/portal\\\/#\\\/schema\\\/person\\\/f46445640444750d7d753ccd04ae01b7\",\"name\":\"Jeanette\",\"image\":{\"@type\":\"ImageObject\",\"inLanguage\":\"es\",\"@id\":\"https:\\\/\\\/secure.gravatar.com\\\/avatar\\\/3ea2118a5f7dad2b7138b1187a6b7ee55f160b9968b66013c3a3ef39dd7e5798?s=96&d=mm&r=g\",\"url\":\"https:\\\/\\\/secure.gravatar.com\\\/avatar\\\/3ea2118a5f7dad2b7138b1187a6b7ee55f160b9968b66013c3a3ef39dd7e5798?s=96&d=mm&r=g\",\"contentUrl\":\"https:\\\/\\\/secure.gravatar.com\\\/avatar\\\/3ea2118a5f7dad2b7138b1187a6b7ee55f160b9968b66013c3a3ef39dd7e5798?s=96&d=mm&r=g\",\"caption\":\"Jeanette\"},\"sameAs\":[\"https:\\\/\\\/www.eldiario.net\\\/portal\"],\"url\":\"https:\\\/\\\/www.eldiario.net\\\/portal\\\/author\\\/jeanette\\\/\"}]}<\/script>\n<!-- \/ Yoast SEO plugin. -->","yoast_head_json":{"title":"Proyecto del oro divide a cooperativistas mientras el Gobierno acelera su aprobaci\u00f3n - El Diario - Bolivia","robots":{"index":"index","follow":"follow","max-snippet":"max-snippet:-1","max-image-preview":"max-image-preview:large","max-video-preview":"max-video-preview:-1"},"canonical":"https:\/\/www.eldiario.net\/portal\/2023\/03\/11\/proyecto-del-oro-divide-a-cooperativistas-mientras-el-gobierno-acelera-su-aprobacion\/","og_locale":"es_ES","og_type":"article","og_title":"Proyecto del oro divide a cooperativistas mientras el Gobierno acelera su aprobaci\u00f3n - El Diario - Bolivia","og_description":"Ante la ca\u00edda de las Reservas Internacionales Netas (RIN), que bordean los 3.500 millones de d\u00f3lares, de acuerdo a la \u00faltima informaci\u00f3n del ente emisor, el Gobierno acelera la aprobaci\u00f3n de la Ley de Fortalecimiento de las RIN o del Oro en la Asamblea Legislativa, mientras los cooperativistas muestran divisi\u00f3n y condicionan apoyar propuesta gubernamental. [&hellip;]","og_url":"https:\/\/www.eldiario.net\/portal\/2023\/03\/11\/proyecto-del-oro-divide-a-cooperativistas-mientras-el-gobierno-acelera-su-aprobacion\/","og_site_name":"El Diario - Bolivia","article_publisher":"https:\/\/www.facebook.com\/eldiario.bolivia\/","article_published_time":"2023-03-11T09:34:26+00:00","author":"Jeanette","twitter_card":"summary_large_image","twitter_creator":"@eldiario_net","twitter_site":"@eldiario_net","twitter_misc":{"Escrito por":"Jeanette","Tiempo de lectura":"3 minutos"},"schema":{"@context":"https:\/\/schema.org","@graph":[{"@type":"Article","@id":"https:\/\/www.eldiario.net\/portal\/2023\/03\/11\/proyecto-del-oro-divide-a-cooperativistas-mientras-el-gobierno-acelera-su-aprobacion\/#article","isPartOf":{"@id":"https:\/\/www.eldiario.net\/portal\/2023\/03\/11\/proyecto-del-oro-divide-a-cooperativistas-mientras-el-gobierno-acelera-su-aprobacion\/"},"author":{"name":"Jeanette","@id":"https:\/\/www.eldiario.net\/portal\/#\/schema\/person\/f46445640444750d7d753ccd04ae01b7"},"headline":"Proyecto del oro divide a cooperativistas mientras el Gobierno acelera su aprobaci\u00f3n","datePublished":"2023-03-11T09:34:26+00:00","mainEntityOfPage":{"@id":"https:\/\/www.eldiario.net\/portal\/2023\/03\/11\/proyecto-del-oro-divide-a-cooperativistas-mientras-el-gobierno-acelera-su-aprobacion\/"},"wordCount":481,"publisher":{"@id":"https:\/\/www.eldiario.net\/portal\/#organization"},"image":{"@id":"https:\/\/www.eldiario.net\/portal\/2023\/03\/11\/proyecto-del-oro-divide-a-cooperativistas-mientras-el-gobierno-acelera-su-aprobacion\/#primaryimage"},"thumbnailUrl":"","articleSection":["Econom\u00eda"],"inLanguage":"es"},{"@type":"WebPage","@id":"https:\/\/www.eldiario.net\/portal\/2023\/03\/11\/proyecto-del-oro-divide-a-cooperativistas-mientras-el-gobierno-acelera-su-aprobacion\/","url":"https:\/\/www.eldiario.net\/portal\/2023\/03\/11\/proyecto-del-oro-divide-a-cooperativistas-mientras-el-gobierno-acelera-su-aprobacion\/","name":"Proyecto del oro divide a cooperativistas mientras el Gobierno acelera su aprobaci\u00f3n - El Diario - Bolivia","isPartOf":{"@id":"https:\/\/www.eldiario.net\/portal\/#website"},"primaryImageOfPage":{"@id":"https:\/\/www.eldiario.net\/portal\/2023\/03\/11\/proyecto-del-oro-divide-a-cooperativistas-mientras-el-gobierno-acelera-su-aprobacion\/#primaryimage"},"image":{"@id":"https:\/\/www.eldiario.net\/portal\/2023\/03\/11\/proyecto-del-oro-divide-a-cooperativistas-mientras-el-gobierno-acelera-su-aprobacion\/#primaryimage"},"thumbnailUrl":"","datePublished":"2023-03-11T09:34:26+00:00","breadcrumb":{"@id":"https:\/\/www.eldiario.net\/portal\/2023\/03\/11\/proyecto-del-oro-divide-a-cooperativistas-mientras-el-gobierno-acelera-su-aprobacion\/#breadcrumb"},"inLanguage":"es","potentialAction":[{"@type":"ReadAction","target":["https:\/\/www.eldiario.net\/portal\/2023\/03\/11\/proyecto-del-oro-divide-a-cooperativistas-mientras-el-gobierno-acelera-su-aprobacion\/"]}]},{"@type":"ImageObject","inLanguage":"es","@id":"https:\/\/www.eldiario.net\/portal\/2023\/03\/11\/proyecto-del-oro-divide-a-cooperativistas-mientras-el-gobierno-acelera-su-aprobacion\/#primaryimage","url":"","contentUrl":""},{"@type":"BreadcrumbList","@id":"https:\/\/www.eldiario.net\/portal\/2023\/03\/11\/proyecto-del-oro-divide-a-cooperativistas-mientras-el-gobierno-acelera-su-aprobacion\/#breadcrumb","itemListElement":[{"@type":"ListItem","position":1,"name":"Portada","item":"https:\/\/www.eldiario.net\/portal\/"},{"@type":"ListItem","position":2,"name":"Proyecto del oro divide a cooperativistas mientras el Gobierno acelera su aprobaci\u00f3n"}]},{"@type":"WebSite","@id":"https:\/\/www.eldiario.net\/portal\/#website","url":"https:\/\/www.eldiario.net\/portal\/","name":"El Diario - Decano de la prensa nacional","description":"El Diario - Decano de la prensa nacional","publisher":{"@id":"https:\/\/www.eldiario.net\/portal\/#organization"},"potentialAction":[{"@type":"SearchAction","target":{"@type":"EntryPoint","urlTemplate":"https:\/\/www.eldiario.net\/portal\/?s={search_term_string}"},"query-input":{"@type":"PropertyValueSpecification","valueRequired":true,"valueName":"search_term_string"}}],"inLanguage":"es"},{"@type":"Organization","@id":"https:\/\/www.eldiario.net\/portal\/#organization","name":"El Diario - Decano de la prensa nacional","url":"https:\/\/www.eldiario.net\/portal\/","logo":{"@type":"ImageObject","inLanguage":"es","@id":"https:\/\/www.eldiario.net\/portal\/#\/schema\/logo\/image\/","url":"https:\/\/www.eldiario.net\/portal\/wp-content\/uploads\/2023\/07\/logo_ED.jpg","contentUrl":"https:\/\/www.eldiario.net\/portal\/wp-content\/uploads\/2023\/07\/logo_ED.jpg","width":272,"height":52,"caption":"El Diario - Decano de la prensa nacional"},"image":{"@id":"https:\/\/www.eldiario.net\/portal\/#\/schema\/logo\/image\/"},"sameAs":["https:\/\/www.facebook.com\/eldiario.bolivia\/","https:\/\/x.com\/eldiario_net"]},{"@type":"Person","@id":"https:\/\/www.eldiario.net\/portal\/#\/schema\/person\/f46445640444750d7d753ccd04ae01b7","name":"Jeanette","image":{"@type":"ImageObject","inLanguage":"es","@id":"https:\/\/secure.gravatar.com\/avatar\/3ea2118a5f7dad2b7138b1187a6b7ee55f160b9968b66013c3a3ef39dd7e5798?s=96&d=mm&r=g","url":"https:\/\/secure.gravatar.com\/avatar\/3ea2118a5f7dad2b7138b1187a6b7ee55f160b9968b66013c3a3ef39dd7e5798?s=96&d=mm&r=g","contentUrl":"https:\/\/secure.gravatar.com\/avatar\/3ea2118a5f7dad2b7138b1187a6b7ee55f160b9968b66013c3a3ef39dd7e5798?s=96&d=mm&r=g","caption":"Jeanette"},"sameAs":["https:\/\/www.eldiario.net\/portal"],"url":"https:\/\/www.eldiario.net\/portal\/author\/jeanette\/"}]}},"_links":{"self":[{"href":"https:\/\/www.eldiario.net\/portal\/wp-json\/wp\/v2\/posts\/142438","targetHints":{"allow":["GET"]}}],"collection":[{"href":"https:\/\/www.eldiario.net\/portal\/wp-json\/wp\/v2\/posts"}],"about":[{"href":"https:\/\/www.eldiario.net\/portal\/wp-json\/wp\/v2\/types\/post"}],"author":[{"embeddable":true,"href":"https:\/\/www.eldiario.net\/portal\/wp-json\/wp\/v2\/users\/1"}],"replies":[{"embeddable":true,"href":"https:\/\/www.eldiario.net\/portal\/wp-json\/wp\/v2\/comments?post=142438"}],"version-history":[{"count":0,"href":"https:\/\/www.eldiario.net\/portal\/wp-json\/wp\/v2\/posts\/142438\/revisions"}],"wp:attachment":[{"href":"https:\/\/www.eldiario.net\/portal\/wp-json\/wp\/v2\/media?parent=142438"}],"wp:term":[{"taxonomy":"category","embeddable":true,"href":"https:\/\/www.eldiario.net\/portal\/wp-json\/wp\/v2\/categories?post=142438"},{"taxonomy":"post_tag","embeddable":true,"href":"https:\/\/www.eldiario.net\/portal\/wp-json\/wp\/v2\/tags?post=142438"}],"curies":[{"name":"wp","href":"https:\/\/api.w.org\/{rel}","templated":true}]}}