{"id":142220,"date":"2023-03-09T06:38:57","date_gmt":"2023-03-09T10:38:57","guid":{"rendered":"https:\/\/www.eldiario.net\/portal\/?p=142220"},"modified":"2023-03-09T06:38:57","modified_gmt":"2023-03-09T10:38:57","slug":"el-psg-de-mbappe-y-messi-consuma-su-fracaso-anual-en-la-champions","status":"publish","type":"post","link":"https:\/\/www.eldiario.net\/portal\/2023\/03\/09\/el-psg-de-mbappe-y-messi-consuma-su-fracaso-anual-en-la-champions\/","title":{"rendered":"El PSG de Mbapp\u00e9 y Messi consuma su fracaso anual en la Champions"},"content":{"rendered":"<p>Una vez m\u00e1s, el Paris Saint Germain ha fracaso en su m\u00e1ximo sue\u00f1o, ganar la Champions League.<\/p>\n<p>Por segunda temporada consecutiva, el PSG se quedar\u00e1 con las manos vac\u00edas en los octavos de final, tras caer 2-0 ante Bayern Munich, 3-0 en el global.<\/p>\n<p>Con esto, el proyecto multimillonario de los c-atar\u00edes sigue sin rendir frutos, donde Kylian Mbapp\u00e9, Lionel Messi y el lesionado Neymar, entre otros, seguir\u00e1n sin brillar a nivel continental.<\/p>\n<p>Una primera mitad intensa la que se vivi\u00f3 en Alemania, con un Leon Goretzka como fiera en el mediocampo, y un Matthijs de Ligt que se erigi\u00f3 como una muralla en la defensiva.<\/p>\n<p>Fue al minuto 25 que el zaguero neerland\u00e9s dej\u00f3 entrever que dar\u00eda la vida por salvar su porter\u00eda, cuando Messi se meti\u00f3 al \u00e1rea pero se top\u00f3 con su humanidad cuando el bal\u00f3n ya se enfilaba a la porter\u00eda.<\/p>\n<p>El club parisino sufri\u00f3 un duro golpe al 36&#8242;, cuando Marquinhos tuvo que dejar el terreno de juego por lesi\u00f3n, cediendo su lugar a Mukiele, una baja sensible que pagar\u00edan m\u00e1s adelante.<\/p>\n<p>La jugada m\u00e1s tarde ocurri\u00f3 unos segundos despu\u00e9s, en lo que podr\u00eda catalogarse como la salvada de esta semana en la Champions League.<\/p>\n<p>Corr\u00eda el minuto 38 cuando Yann Sommer pec\u00f3 de exceso de confianza, y ante la presi\u00f3n de Achraf Hakimi, dej\u00f3 el bal\u00f3n a merced de Vitinha. Fue cuando el portugu\u00e9s de 23 a\u00f1os sac\u00f3 un disparo suave y ya se lam\u00eda los bigotes; sin embargo, no se esperaba la barrida salvadores y en la l\u00ednea de gol de De Ligt para alejar el peligro.<\/p>\n<p>Para la parte complementaria, el Paris Saint Germain se volc\u00f3 al frente ante unos &#8216;B\u00e1varos&#8217; que tampoco quitaron el pie del acelerador.<\/p>\n<p>Aunque lo m\u00e1s destacado despu\u00e9s del descanso fue la salida de Nordi Mukiele, que reci\u00e9n hab\u00eda ingresado, por lesi\u00f3n para dejar su lugar a El Chadaille Bitshiabu, defensor de 17 a\u00f1os.<\/p>\n<p>El Bayern Munich dio la primera llamada al 53&#8242;, cuando un error de Thomas M\u00fcller ahog\u00f3 el grito de gol en Bavaria.<\/p>\n<p>Eric Maxim Choupo-Moting hab\u00eda peinado el esf\u00e9rico; sin embargo, el delantero alem\u00e1n intervino, por lo que le marcaron fuera de lugar despu\u00e9s de revisarlo en el VAR.<\/p>\n<p>Pero s\u00f3lo pasaron 7 minutos para que ahora s\u00ed el conjunto alem\u00e1n abriera la lata, y con el propio delantero camerun\u00e9s que ya le hab\u00edan quitado un gol.<\/p>\n<p>Bitshiabu comprometi\u00f3 en la parte baja a Marco Verratti, quien no tuvo oportunidad de reventar el bal\u00f3n, y sufri\u00f3 el &#8216;robo&#8217; de Leon Goretzka.<\/p>\n<p>&nbsp;<\/p>\n<p>Ya dentro del \u00e1rea, el mediocampista germano habilit\u00f3 a Choupo-Moting, quien solo frente al marco de Gianluigi Donnarumma, mand\u00f3 la esf\u00e9rica al fondo de la porter\u00eda.<\/p>\n<p>&nbsp;<\/p>\n<p>NOCHE DE PESADILLA PARA MESSI Y MBAPP\u00c9<\/p>\n<p>&nbsp;<\/p>\n<p>Con el marcador en contra, el Paris Saint Germain no pudo despertar, donde sus m\u00e1ximas estrellas pasaron de noche por Alemania.<\/p>\n<p>Ni Lionel Messi o Kylian Mbapp\u00e9 pudieron echarse a las espaldas al PSG, donde el m\u00e1s peligroso fue Sergio Ramos.<\/p>\n<p>La primera del defensa espa\u00f1ol lleg\u00f3 al 64&#8242;, pero se top\u00f3 con la humanidad de Yann Sommer, a quien exigi\u00f3 al m\u00e1ximo; y al minuto 82, con otro remate de cabeza, envi\u00f3 la redonda por un costado de la porter\u00eda del suizo.<\/p>\n<p>El &#8216;\u00faltimo clavo en el ata\u00fad&#8217; del PSG lleg\u00f3 hasta el ocaso del cotejo, cuando en una descolgada que mont\u00f3 Joao Cancelo, habilit\u00f3 a Serge Gnabry, que al meterse al \u00e1rea cruz\u00f3 a Donnarumma.<\/p>\n<p>Con este resultado, el PSG vuelve a fracasar en la Champions League; mientras que Bayern Munich sortea un rival complicado y se instala en los cuartos de final.<\/p>\n<p>&nbsp;<\/p>\n<p>FRACASOS DEL PSG EN CHAMPIONS LEAGUE POR A\u00d1O<\/p>\n<p>&nbsp;<\/p>\n<p>Un nuevo traspi\u00e9 del multimillonario proyecto del Paris Saint Germain, as\u00ed como de Lionel Messi, quien sigue sin ganar la Champions League desde que lo hicieron con Barcelona en la Temporada 2024-15.<\/p>\n<p>Por otra parte, el PSG se queda sin levantar la &#8216;Orejona&#8217; por und\u00e9cimo a\u00f1o consecutivo, quienes se han vuelto un club poderoso econ\u00f3micamente desde 2010, y que no fallan a su cita en Champions League desde la 2012-13.<\/p>\n<p>&nbsp;<\/p>\n<p>2022-23 | Octavos de final vs. Bayern Munich<\/p>\n<p>2021-22 | Octavos de final vs. Real Madrid<\/p>\n<p>2020-21 | Semifinales vs. Manchester City<\/p>\n<p>2019-20 | Final vs. Bayern Munich<\/p>\n<p>2018-19 | Octavos de final vs. Manchester United<\/p>\n<p>2017-18 | Octavos de final vs. Real Madrid<\/p>\n<p>2016-17 | Octavos de final vs. Barcelona<\/p>\n<p>2015-16 | Cuartos de final vs. Manchester City<\/p>\n<p>2014-15 | Cuartos de final vs. Barcelona<\/p>\n<p>2013-14 | Cuartos de final vs. Chelsea<\/p>\n<p>2012-13 | Cuartos de final vs. Barcelona<\/p>\n<p>&nbsp;<\/p>\n<p>(MARCA)<\/p>\n","protected":false},"excerpt":{"rendered":"<p>Una vez m\u00e1s, el Paris Saint Germain ha fracaso en su m\u00e1ximo sue\u00f1o, ganar la Champions League. Por segunda temporada consecutiva, el PSG se quedar\u00e1 con las manos vac\u00edas en los octavos de final, tras caer 2-0 ante Bayern Munich, 3-0 en el global. Con esto, el proyecto multimillonario de los c-atar\u00edes sigue sin rendir [&hellip;]<\/p>\n","protected":false},"author":1,"featured_media":142221,"comment_status":"closed","ping_status":"closed","sticky":false,"template":"","format":"standard","meta":{"_acf_changed":false,"footnotes":""},"categories":[6],"tags":[],"class_list":["post-142220","post","type-post","status-publish","format-standard","has-post-thumbnail","category-deportes"],"acf":{"antetitulo":""},"yoast_head":"<!-- This site is optimized with the Yoast SEO plugin v28.4 - https:\/\/yoast.com\/product\/yoast-seo-wordpress\/ -->\n<title>El PSG de Mbapp\u00e9 y Messi consuma su fracaso anual en la Champions - El Diario - Bolivia<\/title>\n<meta name=\"robots\" content=\"index, follow, max-snippet:-1, max-image-preview:large, max-video-preview:-1\" \/>\n<link rel=\"canonical\" href=\"https:\/\/www.eldiario.net\/portal\/2023\/03\/09\/el-psg-de-mbappe-y-messi-consuma-su-fracaso-anual-en-la-champions\/\" \/>\n<meta property=\"og:locale\" content=\"es_ES\" \/>\n<meta property=\"og:type\" content=\"article\" \/>\n<meta property=\"og:title\" content=\"El PSG de Mbapp\u00e9 y Messi consuma su fracaso anual en la Champions - El Diario - Bolivia\" \/>\n<meta property=\"og:description\" content=\"Una vez m\u00e1s, el Paris Saint Germain ha fracaso en su m\u00e1ximo sue\u00f1o, ganar la Champions League. Por segunda temporada consecutiva, el PSG se quedar\u00e1 con las manos vac\u00edas en los octavos de final, tras caer 2-0 ante Bayern Munich, 3-0 en el global. Con esto, el proyecto multimillonario de los c-atar\u00edes sigue sin rendir [&hellip;]\" \/>\n<meta property=\"og:url\" content=\"https:\/\/www.eldiario.net\/portal\/2023\/03\/09\/el-psg-de-mbappe-y-messi-consuma-su-fracaso-anual-en-la-champions\/\" \/>\n<meta property=\"og:site_name\" content=\"El Diario - Bolivia\" \/>\n<meta property=\"article:publisher\" content=\"https:\/\/www.facebook.com\/eldiario.bolivia\/\" \/>\n<meta property=\"article:published_time\" content=\"2023-03-09T10:38:57+00:00\" \/>\n<meta name=\"author\" content=\"Jeanette\" \/>\n<meta name=\"twitter:card\" content=\"summary_large_image\" \/>\n<meta name=\"twitter:creator\" content=\"@eldiario_net\" \/>\n<meta name=\"twitter:site\" content=\"@eldiario_net\" \/>\n<meta name=\"twitter:label1\" content=\"Escrito por\" \/>\n\t<meta name=\"twitter:data1\" content=\"Jeanette\" \/>\n\t<meta name=\"twitter:label2\" content=\"Tiempo de lectura\" \/>\n\t<meta name=\"twitter:data2\" content=\"4 minutos\" \/>\n<script type=\"application\/ld+json\" class=\"yoast-schema-graph\">{\"@context\":\"https:\\\/\\\/schema.org\",\"@graph\":[{\"@type\":\"Article\",\"@id\":\"https:\\\/\\\/www.eldiario.net\\\/portal\\\/2023\\\/03\\\/09\\\/el-psg-de-mbappe-y-messi-consuma-su-fracaso-anual-en-la-champions\\\/#article\",\"isPartOf\":{\"@id\":\"https:\\\/\\\/www.eldiario.net\\\/portal\\\/2023\\\/03\\\/09\\\/el-psg-de-mbappe-y-messi-consuma-su-fracaso-anual-en-la-champions\\\/\"},\"author\":{\"name\":\"Jeanette\",\"@id\":\"https:\\\/\\\/www.eldiario.net\\\/portal\\\/#\\\/schema\\\/person\\\/f46445640444750d7d753ccd04ae01b7\"},\"headline\":\"El PSG de Mbapp\u00e9 y Messi consuma su fracaso anual en la Champions\",\"datePublished\":\"2023-03-09T10:38:57+00:00\",\"mainEntityOfPage\":{\"@id\":\"https:\\\/\\\/www.eldiario.net\\\/portal\\\/2023\\\/03\\\/09\\\/el-psg-de-mbappe-y-messi-consuma-su-fracaso-anual-en-la-champions\\\/\"},\"wordCount\":807,\"publisher\":{\"@id\":\"https:\\\/\\\/www.eldiario.net\\\/portal\\\/#organization\"},\"image\":{\"@id\":\"https:\\\/\\\/www.eldiario.net\\\/portal\\\/2023\\\/03\\\/09\\\/el-psg-de-mbappe-y-messi-consuma-su-fracaso-anual-en-la-champions\\\/#primaryimage\"},\"thumbnailUrl\":\"\",\"articleSection\":[\"Deportes\"],\"inLanguage\":\"es\"},{\"@type\":\"WebPage\",\"@id\":\"https:\\\/\\\/www.eldiario.net\\\/portal\\\/2023\\\/03\\\/09\\\/el-psg-de-mbappe-y-messi-consuma-su-fracaso-anual-en-la-champions\\\/\",\"url\":\"https:\\\/\\\/www.eldiario.net\\\/portal\\\/2023\\\/03\\\/09\\\/el-psg-de-mbappe-y-messi-consuma-su-fracaso-anual-en-la-champions\\\/\",\"name\":\"El PSG de Mbapp\u00e9 y Messi consuma su fracaso anual en la Champions - El Diario - Bolivia\",\"isPartOf\":{\"@id\":\"https:\\\/\\\/www.eldiario.net\\\/portal\\\/#website\"},\"primaryImageOfPage\":{\"@id\":\"https:\\\/\\\/www.eldiario.net\\\/portal\\\/2023\\\/03\\\/09\\\/el-psg-de-mbappe-y-messi-consuma-su-fracaso-anual-en-la-champions\\\/#primaryimage\"},\"image\":{\"@id\":\"https:\\\/\\\/www.eldiario.net\\\/portal\\\/2023\\\/03\\\/09\\\/el-psg-de-mbappe-y-messi-consuma-su-fracaso-anual-en-la-champions\\\/#primaryimage\"},\"thumbnailUrl\":\"\",\"datePublished\":\"2023-03-09T10:38:57+00:00\",\"breadcrumb\":{\"@id\":\"https:\\\/\\\/www.eldiario.net\\\/portal\\\/2023\\\/03\\\/09\\\/el-psg-de-mbappe-y-messi-consuma-su-fracaso-anual-en-la-champions\\\/#breadcrumb\"},\"inLanguage\":\"es\",\"potentialAction\":[{\"@type\":\"ReadAction\",\"target\":[\"https:\\\/\\\/www.eldiario.net\\\/portal\\\/2023\\\/03\\\/09\\\/el-psg-de-mbappe-y-messi-consuma-su-fracaso-anual-en-la-champions\\\/\"]}]},{\"@type\":\"ImageObject\",\"inLanguage\":\"es\",\"@id\":\"https:\\\/\\\/www.eldiario.net\\\/portal\\\/2023\\\/03\\\/09\\\/el-psg-de-mbappe-y-messi-consuma-su-fracaso-anual-en-la-champions\\\/#primaryimage\",\"url\":\"\",\"contentUrl\":\"\"},{\"@type\":\"BreadcrumbList\",\"@id\":\"https:\\\/\\\/www.eldiario.net\\\/portal\\\/2023\\\/03\\\/09\\\/el-psg-de-mbappe-y-messi-consuma-su-fracaso-anual-en-la-champions\\\/#breadcrumb\",\"itemListElement\":[{\"@type\":\"ListItem\",\"position\":1,\"name\":\"Portada\",\"item\":\"https:\\\/\\\/www.eldiario.net\\\/portal\\\/\"},{\"@type\":\"ListItem\",\"position\":2,\"name\":\"El PSG de Mbapp\u00e9 y Messi consuma su fracaso anual en la Champions\"}]},{\"@type\":\"WebSite\",\"@id\":\"https:\\\/\\\/www.eldiario.net\\\/portal\\\/#website\",\"url\":\"https:\\\/\\\/www.eldiario.net\\\/portal\\\/\",\"name\":\"El Diario - Decano de la prensa nacional\",\"description\":\"El Diario - Decano de la prensa nacional\",\"publisher\":{\"@id\":\"https:\\\/\\\/www.eldiario.net\\\/portal\\\/#organization\"},\"potentialAction\":[{\"@type\":\"SearchAction\",\"target\":{\"@type\":\"EntryPoint\",\"urlTemplate\":\"https:\\\/\\\/www.eldiario.net\\\/portal\\\/?s={search_term_string}\"},\"query-input\":{\"@type\":\"PropertyValueSpecification\",\"valueRequired\":true,\"valueName\":\"search_term_string\"}}],\"inLanguage\":\"es\"},{\"@type\":\"Organization\",\"@id\":\"https:\\\/\\\/www.eldiario.net\\\/portal\\\/#organization\",\"name\":\"El Diario - Decano de la prensa nacional\",\"url\":\"https:\\\/\\\/www.eldiario.net\\\/portal\\\/\",\"logo\":{\"@type\":\"ImageObject\",\"inLanguage\":\"es\",\"@id\":\"https:\\\/\\\/www.eldiario.net\\\/portal\\\/#\\\/schema\\\/logo\\\/image\\\/\",\"url\":\"https:\\\/\\\/www.eldiario.net\\\/portal\\\/wp-content\\\/uploads\\\/2023\\\/07\\\/logo_ED.jpg\",\"contentUrl\":\"https:\\\/\\\/www.eldiario.net\\\/portal\\\/wp-content\\\/uploads\\\/2023\\\/07\\\/logo_ED.jpg\",\"width\":272,\"height\":52,\"caption\":\"El Diario - Decano de la prensa nacional\"},\"image\":{\"@id\":\"https:\\\/\\\/www.eldiario.net\\\/portal\\\/#\\\/schema\\\/logo\\\/image\\\/\"},\"sameAs\":[\"https:\\\/\\\/www.facebook.com\\\/eldiario.bolivia\\\/\",\"https:\\\/\\\/x.com\\\/eldiario_net\"]},{\"@type\":\"Person\",\"@id\":\"https:\\\/\\\/www.eldiario.net\\\/portal\\\/#\\\/schema\\\/person\\\/f46445640444750d7d753ccd04ae01b7\",\"name\":\"Jeanette\",\"image\":{\"@type\":\"ImageObject\",\"inLanguage\":\"es\",\"@id\":\"https:\\\/\\\/secure.gravatar.com\\\/avatar\\\/3ea2118a5f7dad2b7138b1187a6b7ee55f160b9968b66013c3a3ef39dd7e5798?s=96&d=mm&r=g\",\"url\":\"https:\\\/\\\/secure.gravatar.com\\\/avatar\\\/3ea2118a5f7dad2b7138b1187a6b7ee55f160b9968b66013c3a3ef39dd7e5798?s=96&d=mm&r=g\",\"contentUrl\":\"https:\\\/\\\/secure.gravatar.com\\\/avatar\\\/3ea2118a5f7dad2b7138b1187a6b7ee55f160b9968b66013c3a3ef39dd7e5798?s=96&d=mm&r=g\",\"caption\":\"Jeanette\"},\"sameAs\":[\"https:\\\/\\\/www.eldiario.net\\\/portal\"],\"url\":\"https:\\\/\\\/www.eldiario.net\\\/portal\\\/author\\\/jeanette\\\/\"}]}<\/script>\n<!-- \/ Yoast SEO plugin. -->","yoast_head_json":{"title":"El PSG de Mbapp\u00e9 y Messi consuma su fracaso anual en la Champions - El Diario - Bolivia","robots":{"index":"index","follow":"follow","max-snippet":"max-snippet:-1","max-image-preview":"max-image-preview:large","max-video-preview":"max-video-preview:-1"},"canonical":"https:\/\/www.eldiario.net\/portal\/2023\/03\/09\/el-psg-de-mbappe-y-messi-consuma-su-fracaso-anual-en-la-champions\/","og_locale":"es_ES","og_type":"article","og_title":"El PSG de Mbapp\u00e9 y Messi consuma su fracaso anual en la Champions - El Diario - Bolivia","og_description":"Una vez m\u00e1s, el Paris Saint Germain ha fracaso en su m\u00e1ximo sue\u00f1o, ganar la Champions League. Por segunda temporada consecutiva, el PSG se quedar\u00e1 con las manos vac\u00edas en los octavos de final, tras caer 2-0 ante Bayern Munich, 3-0 en el global. Con esto, el proyecto multimillonario de los c-atar\u00edes sigue sin rendir [&hellip;]","og_url":"https:\/\/www.eldiario.net\/portal\/2023\/03\/09\/el-psg-de-mbappe-y-messi-consuma-su-fracaso-anual-en-la-champions\/","og_site_name":"El Diario - Bolivia","article_publisher":"https:\/\/www.facebook.com\/eldiario.bolivia\/","article_published_time":"2023-03-09T10:38:57+00:00","author":"Jeanette","twitter_card":"summary_large_image","twitter_creator":"@eldiario_net","twitter_site":"@eldiario_net","twitter_misc":{"Escrito por":"Jeanette","Tiempo de lectura":"4 minutos"},"schema":{"@context":"https:\/\/schema.org","@graph":[{"@type":"Article","@id":"https:\/\/www.eldiario.net\/portal\/2023\/03\/09\/el-psg-de-mbappe-y-messi-consuma-su-fracaso-anual-en-la-champions\/#article","isPartOf":{"@id":"https:\/\/www.eldiario.net\/portal\/2023\/03\/09\/el-psg-de-mbappe-y-messi-consuma-su-fracaso-anual-en-la-champions\/"},"author":{"name":"Jeanette","@id":"https:\/\/www.eldiario.net\/portal\/#\/schema\/person\/f46445640444750d7d753ccd04ae01b7"},"headline":"El PSG de Mbapp\u00e9 y Messi consuma su fracaso anual en la Champions","datePublished":"2023-03-09T10:38:57+00:00","mainEntityOfPage":{"@id":"https:\/\/www.eldiario.net\/portal\/2023\/03\/09\/el-psg-de-mbappe-y-messi-consuma-su-fracaso-anual-en-la-champions\/"},"wordCount":807,"publisher":{"@id":"https:\/\/www.eldiario.net\/portal\/#organization"},"image":{"@id":"https:\/\/www.eldiario.net\/portal\/2023\/03\/09\/el-psg-de-mbappe-y-messi-consuma-su-fracaso-anual-en-la-champions\/#primaryimage"},"thumbnailUrl":"","articleSection":["Deportes"],"inLanguage":"es"},{"@type":"WebPage","@id":"https:\/\/www.eldiario.net\/portal\/2023\/03\/09\/el-psg-de-mbappe-y-messi-consuma-su-fracaso-anual-en-la-champions\/","url":"https:\/\/www.eldiario.net\/portal\/2023\/03\/09\/el-psg-de-mbappe-y-messi-consuma-su-fracaso-anual-en-la-champions\/","name":"El PSG de Mbapp\u00e9 y Messi consuma su fracaso anual en la Champions - El Diario - Bolivia","isPartOf":{"@id":"https:\/\/www.eldiario.net\/portal\/#website"},"primaryImageOfPage":{"@id":"https:\/\/www.eldiario.net\/portal\/2023\/03\/09\/el-psg-de-mbappe-y-messi-consuma-su-fracaso-anual-en-la-champions\/#primaryimage"},"image":{"@id":"https:\/\/www.eldiario.net\/portal\/2023\/03\/09\/el-psg-de-mbappe-y-messi-consuma-su-fracaso-anual-en-la-champions\/#primaryimage"},"thumbnailUrl":"","datePublished":"2023-03-09T10:38:57+00:00","breadcrumb":{"@id":"https:\/\/www.eldiario.net\/portal\/2023\/03\/09\/el-psg-de-mbappe-y-messi-consuma-su-fracaso-anual-en-la-champions\/#breadcrumb"},"inLanguage":"es","potentialAction":[{"@type":"ReadAction","target":["https:\/\/www.eldiario.net\/portal\/2023\/03\/09\/el-psg-de-mbappe-y-messi-consuma-su-fracaso-anual-en-la-champions\/"]}]},{"@type":"ImageObject","inLanguage":"es","@id":"https:\/\/www.eldiario.net\/portal\/2023\/03\/09\/el-psg-de-mbappe-y-messi-consuma-su-fracaso-anual-en-la-champions\/#primaryimage","url":"","contentUrl":""},{"@type":"BreadcrumbList","@id":"https:\/\/www.eldiario.net\/portal\/2023\/03\/09\/el-psg-de-mbappe-y-messi-consuma-su-fracaso-anual-en-la-champions\/#breadcrumb","itemListElement":[{"@type":"ListItem","position":1,"name":"Portada","item":"https:\/\/www.eldiario.net\/portal\/"},{"@type":"ListItem","position":2,"name":"El PSG de Mbapp\u00e9 y Messi consuma su fracaso anual en la Champions"}]},{"@type":"WebSite","@id":"https:\/\/www.eldiario.net\/portal\/#website","url":"https:\/\/www.eldiario.net\/portal\/","name":"El Diario - Decano de la prensa nacional","description":"El Diario - Decano de la prensa nacional","publisher":{"@id":"https:\/\/www.eldiario.net\/portal\/#organization"},"potentialAction":[{"@type":"SearchAction","target":{"@type":"EntryPoint","urlTemplate":"https:\/\/www.eldiario.net\/portal\/?s={search_term_string}"},"query-input":{"@type":"PropertyValueSpecification","valueRequired":true,"valueName":"search_term_string"}}],"inLanguage":"es"},{"@type":"Organization","@id":"https:\/\/www.eldiario.net\/portal\/#organization","name":"El Diario - Decano de la prensa nacional","url":"https:\/\/www.eldiario.net\/portal\/","logo":{"@type":"ImageObject","inLanguage":"es","@id":"https:\/\/www.eldiario.net\/portal\/#\/schema\/logo\/image\/","url":"https:\/\/www.eldiario.net\/portal\/wp-content\/uploads\/2023\/07\/logo_ED.jpg","contentUrl":"https:\/\/www.eldiario.net\/portal\/wp-content\/uploads\/2023\/07\/logo_ED.jpg","width":272,"height":52,"caption":"El Diario - Decano de la prensa nacional"},"image":{"@id":"https:\/\/www.eldiario.net\/portal\/#\/schema\/logo\/image\/"},"sameAs":["https:\/\/www.facebook.com\/eldiario.bolivia\/","https:\/\/x.com\/eldiario_net"]},{"@type":"Person","@id":"https:\/\/www.eldiario.net\/portal\/#\/schema\/person\/f46445640444750d7d753ccd04ae01b7","name":"Jeanette","image":{"@type":"ImageObject","inLanguage":"es","@id":"https:\/\/secure.gravatar.com\/avatar\/3ea2118a5f7dad2b7138b1187a6b7ee55f160b9968b66013c3a3ef39dd7e5798?s=96&d=mm&r=g","url":"https:\/\/secure.gravatar.com\/avatar\/3ea2118a5f7dad2b7138b1187a6b7ee55f160b9968b66013c3a3ef39dd7e5798?s=96&d=mm&r=g","contentUrl":"https:\/\/secure.gravatar.com\/avatar\/3ea2118a5f7dad2b7138b1187a6b7ee55f160b9968b66013c3a3ef39dd7e5798?s=96&d=mm&r=g","caption":"Jeanette"},"sameAs":["https:\/\/www.eldiario.net\/portal"],"url":"https:\/\/www.eldiario.net\/portal\/author\/jeanette\/"}]}},"_links":{"self":[{"href":"https:\/\/www.eldiario.net\/portal\/wp-json\/wp\/v2\/posts\/142220","targetHints":{"allow":["GET"]}}],"collection":[{"href":"https:\/\/www.eldiario.net\/portal\/wp-json\/wp\/v2\/posts"}],"about":[{"href":"https:\/\/www.eldiario.net\/portal\/wp-json\/wp\/v2\/types\/post"}],"author":[{"embeddable":true,"href":"https:\/\/www.eldiario.net\/portal\/wp-json\/wp\/v2\/users\/1"}],"replies":[{"embeddable":true,"href":"https:\/\/www.eldiario.net\/portal\/wp-json\/wp\/v2\/comments?post=142220"}],"version-history":[{"count":0,"href":"https:\/\/www.eldiario.net\/portal\/wp-json\/wp\/v2\/posts\/142220\/revisions"}],"wp:attachment":[{"href":"https:\/\/www.eldiario.net\/portal\/wp-json\/wp\/v2\/media?parent=142220"}],"wp:term":[{"taxonomy":"category","embeddable":true,"href":"https:\/\/www.eldiario.net\/portal\/wp-json\/wp\/v2\/categories?post=142220"},{"taxonomy":"post_tag","embeddable":true,"href":"https:\/\/www.eldiario.net\/portal\/wp-json\/wp\/v2\/tags?post=142220"}],"curies":[{"name":"wp","href":"https:\/\/api.w.org\/{rel}","templated":true}]}}