{"id":142217,"date":"2023-03-09T06:38:05","date_gmt":"2023-03-09T10:38:05","guid":{"rendered":"https:\/\/www.eldiario.net\/portal\/?p=142217"},"modified":"2023-03-09T06:38:05","modified_gmt":"2023-03-09T10:38:05","slug":"oriente-petrolero-cura-sus-heridas-con-triunfo-en-la-sudamericana","status":"publish","type":"post","link":"https:\/\/www.eldiario.net\/portal\/2023\/03\/09\/oriente-petrolero-cura-sus-heridas-con-triunfo-en-la-sudamericana\/","title":{"rendered":"Oriente Petrolero cura sus heridas con triunfo en la sudamericana"},"content":{"rendered":"<p>Con un ajustado triunfo por 1-0, Oriente Petrolero abri\u00f3 camino, dejando a un lado a Guabir\u00e1, para avanzar a la fase de grupos de la Copa Sudamericana y recuperar el aliento con este objetivo cumplido, que adem\u00e1s de la satisfacci\u00f3n deportiva viene con un premio econ\u00f3mico que alcanza al mill\u00f3n de d\u00f3lares.<\/p>\n<p>Oriente Petrolero sali\u00f3 vencedor de este cotejo, jugado la noche de este mi\u00e9rcoles, en el estadio Ram\u00f3n Aguilera Costas, con el gol anotado por Jorge Correa, a los 74 minutos, en un encuentro apretado por la marcaci\u00f3n en todos los sectores, dejando poco espacio para la creatividad y para el f\u00fatbol.<\/p>\n<p>Cuando el partido estaba embotellado, Cristian \u00c1rabe apareci\u00f3 a toda velocidad para aprovechar una habilitaci\u00f3n quedar delante del arquero Jairo Cuellar. Antes de quedarse si \u00e1ngulo mand\u00f3 un centro a media altura hacia el segundo palo, donde apareci\u00f3 Correa para empujar la pelota con el pie.<\/p>\n<p>Esa fue la jugada que defini\u00f3 esta llave y que permiti\u00f3 a los verdolagas ser el primer plantel boliviano en avanzar de ronda en esta edici\u00f3n de la Sudamericana, cuyo formato en la etapa inicial cambi\u00f3 de dos compromisos a uno entre los representantes del mismo pa\u00eds. Por este motivo, cualquier error era imperdonable.<\/p>\n<p>Ambos equipos sufrieron la sentencia del Sistema de Video Arbitraje, uno por cada lado, anulando las jugadas que finalizaron en goles. Esto aument\u00f3 la tensi\u00f3n en el escenario cruce\u00f1o.<\/p>\n<p>Los rojos de Montero terminaron por lamentar las oportunidades que dejaron escapar durante el primer tiempo. Mientras, Oriente Petrolero estaba con mejor disposici\u00f3n a jugar despu\u00e9s de abrir la cuenta.<\/p>\n<p>Sobre el final del compromiso, Erwin S\u00e1nchez Junior estuvo por ampliar la cuenta con una jugada individual, dejando a dos defensores atr\u00e1s a pura velocidad, y su zurdazo fue a chocarse con la base del palo. La ofensiva contin\u00fao con un remate de Correa que Cuellar pudo desviar.<\/p>\n<p>Por jugar esta fase, Oriente Petrolero recibi\u00f3 225 mil d\u00f3lares y con su presencia asegurada en la zona de grupos embolsillar\u00e1 la suma de 900 mil d\u00f3lares y un extra de 100 mil d\u00f3lares por partido ganado. A finales de este mes se har\u00e1 el sorteo de las series y la primera semana de abril se reanuda la Sudamericana.<\/p>\n<p>S\u00cdNTESIS<\/p>\n<p>Esta es la s\u00edntesis del partido:<\/p>\n<p>&nbsp;<\/p>\n<p>GUABIR\u00c1 (0)<\/p>\n<p>Jairo Cuellar, Fran Supayabe, Carlos Chore (Jorge Gonz\u00e1les), Santiago Echeverr\u00eda, Santos Navarro (Harry C\u00e9spedes), Alejandro Mele\u00e1n (Iv\u00e1n Huayhuata), Sebasti\u00e1n Gallegos, Mart\u00edn Alaniz, Juan Montenegro (Freddy Abastoflor), Bruno Miranda, Rodrigo Ruiz D\u00edaz (Gustavo Peredo). DT: Mauricio Soria.<\/p>\n<p>ORIENTE PETROLERO (1)<\/p>\n<p>Wilson Qui\u00f1\u00f3nez, Samuel Guzm\u00e1n (Adri\u00e1n Sandoval), Wilfredo Soleto, Luis Guti\u00e9rrez, Juan Mercado, Daniel Rojas, Erwin S\u00e1nchez (Sebasti\u00e1n \u00c1lvarez), Cristian \u00c1lvarez, Jorge Correa (Luis Zeballos), Henry Vaca\u00a0 (Cristhian \u00c1rabe), Jonathan Cristaldo (Leonardo Villagra). DT: Erwin S\u00e1nchez<\/p>\n<p>GOL: Jorge Correa ( 73\u00b4)<\/p>\n<p>JUECES: Guillermo Guerrero- Byron Romero y Ricardo Baren (Ecuador)<\/p>\n<p>ESTADIO: Ram\u00f3n \u201cTahuichi\u201d Aguilera (Santa Cruz)<\/p>\n<p>P\u00daBLICO: 15 mil personas aproximadamente. (APG)<\/p>\n<p>&nbsp;<\/p>\n<p>&nbsp;<\/p>\n","protected":false},"excerpt":{"rendered":"<p>Con un ajustado triunfo por 1-0, Oriente Petrolero abri\u00f3 camino, dejando a un lado a Guabir\u00e1, para avanzar a la fase de grupos de la Copa Sudamericana y recuperar el aliento con este objetivo cumplido, que adem\u00e1s de la satisfacci\u00f3n deportiva viene con un premio econ\u00f3mico que alcanza al mill\u00f3n de d\u00f3lares. Oriente Petrolero sali\u00f3 [&hellip;]<\/p>\n","protected":false},"author":1,"featured_media":142218,"comment_status":"closed","ping_status":"closed","sticky":false,"template":"","format":"standard","meta":{"_acf_changed":false,"footnotes":""},"categories":[6],"tags":[],"class_list":["post-142217","post","type-post","status-publish","format-standard","has-post-thumbnail","category-deportes"],"acf":{"antetitulo":""},"yoast_head":"<!-- This site is optimized with the Yoast SEO plugin v28.4 - https:\/\/yoast.com\/product\/yoast-seo-wordpress\/ -->\n<title>Oriente Petrolero cura sus heridas con triunfo en la sudamericana - El Diario - Bolivia<\/title>\n<meta name=\"robots\" content=\"index, follow, max-snippet:-1, max-image-preview:large, max-video-preview:-1\" \/>\n<link rel=\"canonical\" href=\"https:\/\/www.eldiario.net\/portal\/2023\/03\/09\/oriente-petrolero-cura-sus-heridas-con-triunfo-en-la-sudamericana\/\" \/>\n<meta property=\"og:locale\" content=\"es_ES\" \/>\n<meta property=\"og:type\" content=\"article\" \/>\n<meta property=\"og:title\" content=\"Oriente Petrolero cura sus heridas con triunfo en la sudamericana - El Diario - Bolivia\" \/>\n<meta property=\"og:description\" content=\"Con un ajustado triunfo por 1-0, Oriente Petrolero abri\u00f3 camino, dejando a un lado a Guabir\u00e1, para avanzar a la fase de grupos de la Copa Sudamericana y recuperar el aliento con este objetivo cumplido, que adem\u00e1s de la satisfacci\u00f3n deportiva viene con un premio econ\u00f3mico que alcanza al mill\u00f3n de d\u00f3lares. Oriente Petrolero sali\u00f3 [&hellip;]\" \/>\n<meta property=\"og:url\" content=\"https:\/\/www.eldiario.net\/portal\/2023\/03\/09\/oriente-petrolero-cura-sus-heridas-con-triunfo-en-la-sudamericana\/\" \/>\n<meta property=\"og:site_name\" content=\"El Diario - Bolivia\" \/>\n<meta property=\"article:publisher\" content=\"https:\/\/www.facebook.com\/eldiario.bolivia\/\" \/>\n<meta property=\"article:published_time\" content=\"2023-03-09T10:38:05+00:00\" \/>\n<meta name=\"author\" content=\"Jeanette\" \/>\n<meta name=\"twitter:card\" content=\"summary_large_image\" \/>\n<meta name=\"twitter:creator\" content=\"@eldiario_net\" \/>\n<meta name=\"twitter:site\" content=\"@eldiario_net\" \/>\n<meta name=\"twitter:label1\" content=\"Escrito por\" \/>\n\t<meta name=\"twitter:data1\" content=\"Jeanette\" \/>\n\t<meta name=\"twitter:label2\" content=\"Tiempo de lectura\" \/>\n\t<meta name=\"twitter:data2\" content=\"3 minutos\" \/>\n<script type=\"application\/ld+json\" class=\"yoast-schema-graph\">{\"@context\":\"https:\\\/\\\/schema.org\",\"@graph\":[{\"@type\":\"Article\",\"@id\":\"https:\\\/\\\/www.eldiario.net\\\/portal\\\/2023\\\/03\\\/09\\\/oriente-petrolero-cura-sus-heridas-con-triunfo-en-la-sudamericana\\\/#article\",\"isPartOf\":{\"@id\":\"https:\\\/\\\/www.eldiario.net\\\/portal\\\/2023\\\/03\\\/09\\\/oriente-petrolero-cura-sus-heridas-con-triunfo-en-la-sudamericana\\\/\"},\"author\":{\"name\":\"Jeanette\",\"@id\":\"https:\\\/\\\/www.eldiario.net\\\/portal\\\/#\\\/schema\\\/person\\\/f46445640444750d7d753ccd04ae01b7\"},\"headline\":\"Oriente Petrolero cura sus heridas con triunfo en la sudamericana\",\"datePublished\":\"2023-03-09T10:38:05+00:00\",\"mainEntityOfPage\":{\"@id\":\"https:\\\/\\\/www.eldiario.net\\\/portal\\\/2023\\\/03\\\/09\\\/oriente-petrolero-cura-sus-heridas-con-triunfo-en-la-sudamericana\\\/\"},\"wordCount\":523,\"publisher\":{\"@id\":\"https:\\\/\\\/www.eldiario.net\\\/portal\\\/#organization\"},\"image\":{\"@id\":\"https:\\\/\\\/www.eldiario.net\\\/portal\\\/2023\\\/03\\\/09\\\/oriente-petrolero-cura-sus-heridas-con-triunfo-en-la-sudamericana\\\/#primaryimage\"},\"thumbnailUrl\":\"\",\"articleSection\":[\"Deportes\"],\"inLanguage\":\"es\"},{\"@type\":\"WebPage\",\"@id\":\"https:\\\/\\\/www.eldiario.net\\\/portal\\\/2023\\\/03\\\/09\\\/oriente-petrolero-cura-sus-heridas-con-triunfo-en-la-sudamericana\\\/\",\"url\":\"https:\\\/\\\/www.eldiario.net\\\/portal\\\/2023\\\/03\\\/09\\\/oriente-petrolero-cura-sus-heridas-con-triunfo-en-la-sudamericana\\\/\",\"name\":\"Oriente Petrolero cura sus heridas con triunfo en la sudamericana - El Diario - Bolivia\",\"isPartOf\":{\"@id\":\"https:\\\/\\\/www.eldiario.net\\\/portal\\\/#website\"},\"primaryImageOfPage\":{\"@id\":\"https:\\\/\\\/www.eldiario.net\\\/portal\\\/2023\\\/03\\\/09\\\/oriente-petrolero-cura-sus-heridas-con-triunfo-en-la-sudamericana\\\/#primaryimage\"},\"image\":{\"@id\":\"https:\\\/\\\/www.eldiario.net\\\/portal\\\/2023\\\/03\\\/09\\\/oriente-petrolero-cura-sus-heridas-con-triunfo-en-la-sudamericana\\\/#primaryimage\"},\"thumbnailUrl\":\"\",\"datePublished\":\"2023-03-09T10:38:05+00:00\",\"breadcrumb\":{\"@id\":\"https:\\\/\\\/www.eldiario.net\\\/portal\\\/2023\\\/03\\\/09\\\/oriente-petrolero-cura-sus-heridas-con-triunfo-en-la-sudamericana\\\/#breadcrumb\"},\"inLanguage\":\"es\",\"potentialAction\":[{\"@type\":\"ReadAction\",\"target\":[\"https:\\\/\\\/www.eldiario.net\\\/portal\\\/2023\\\/03\\\/09\\\/oriente-petrolero-cura-sus-heridas-con-triunfo-en-la-sudamericana\\\/\"]}]},{\"@type\":\"ImageObject\",\"inLanguage\":\"es\",\"@id\":\"https:\\\/\\\/www.eldiario.net\\\/portal\\\/2023\\\/03\\\/09\\\/oriente-petrolero-cura-sus-heridas-con-triunfo-en-la-sudamericana\\\/#primaryimage\",\"url\":\"\",\"contentUrl\":\"\"},{\"@type\":\"BreadcrumbList\",\"@id\":\"https:\\\/\\\/www.eldiario.net\\\/portal\\\/2023\\\/03\\\/09\\\/oriente-petrolero-cura-sus-heridas-con-triunfo-en-la-sudamericana\\\/#breadcrumb\",\"itemListElement\":[{\"@type\":\"ListItem\",\"position\":1,\"name\":\"Portada\",\"item\":\"https:\\\/\\\/www.eldiario.net\\\/portal\\\/\"},{\"@type\":\"ListItem\",\"position\":2,\"name\":\"Oriente Petrolero cura sus heridas con triunfo en la sudamericana\"}]},{\"@type\":\"WebSite\",\"@id\":\"https:\\\/\\\/www.eldiario.net\\\/portal\\\/#website\",\"url\":\"https:\\\/\\\/www.eldiario.net\\\/portal\\\/\",\"name\":\"El Diario - Decano de la prensa nacional\",\"description\":\"El Diario - Decano de la prensa nacional\",\"publisher\":{\"@id\":\"https:\\\/\\\/www.eldiario.net\\\/portal\\\/#organization\"},\"potentialAction\":[{\"@type\":\"SearchAction\",\"target\":{\"@type\":\"EntryPoint\",\"urlTemplate\":\"https:\\\/\\\/www.eldiario.net\\\/portal\\\/?s={search_term_string}\"},\"query-input\":{\"@type\":\"PropertyValueSpecification\",\"valueRequired\":true,\"valueName\":\"search_term_string\"}}],\"inLanguage\":\"es\"},{\"@type\":\"Organization\",\"@id\":\"https:\\\/\\\/www.eldiario.net\\\/portal\\\/#organization\",\"name\":\"El Diario - Decano de la prensa nacional\",\"url\":\"https:\\\/\\\/www.eldiario.net\\\/portal\\\/\",\"logo\":{\"@type\":\"ImageObject\",\"inLanguage\":\"es\",\"@id\":\"https:\\\/\\\/www.eldiario.net\\\/portal\\\/#\\\/schema\\\/logo\\\/image\\\/\",\"url\":\"https:\\\/\\\/www.eldiario.net\\\/portal\\\/wp-content\\\/uploads\\\/2023\\\/07\\\/logo_ED.jpg\",\"contentUrl\":\"https:\\\/\\\/www.eldiario.net\\\/portal\\\/wp-content\\\/uploads\\\/2023\\\/07\\\/logo_ED.jpg\",\"width\":272,\"height\":52,\"caption\":\"El Diario - Decano de la prensa nacional\"},\"image\":{\"@id\":\"https:\\\/\\\/www.eldiario.net\\\/portal\\\/#\\\/schema\\\/logo\\\/image\\\/\"},\"sameAs\":[\"https:\\\/\\\/www.facebook.com\\\/eldiario.bolivia\\\/\",\"https:\\\/\\\/x.com\\\/eldiario_net\"]},{\"@type\":\"Person\",\"@id\":\"https:\\\/\\\/www.eldiario.net\\\/portal\\\/#\\\/schema\\\/person\\\/f46445640444750d7d753ccd04ae01b7\",\"name\":\"Jeanette\",\"image\":{\"@type\":\"ImageObject\",\"inLanguage\":\"es\",\"@id\":\"https:\\\/\\\/secure.gravatar.com\\\/avatar\\\/3ea2118a5f7dad2b7138b1187a6b7ee55f160b9968b66013c3a3ef39dd7e5798?s=96&d=mm&r=g\",\"url\":\"https:\\\/\\\/secure.gravatar.com\\\/avatar\\\/3ea2118a5f7dad2b7138b1187a6b7ee55f160b9968b66013c3a3ef39dd7e5798?s=96&d=mm&r=g\",\"contentUrl\":\"https:\\\/\\\/secure.gravatar.com\\\/avatar\\\/3ea2118a5f7dad2b7138b1187a6b7ee55f160b9968b66013c3a3ef39dd7e5798?s=96&d=mm&r=g\",\"caption\":\"Jeanette\"},\"sameAs\":[\"https:\\\/\\\/www.eldiario.net\\\/portal\"],\"url\":\"https:\\\/\\\/www.eldiario.net\\\/portal\\\/author\\\/jeanette\\\/\"}]}<\/script>\n<!-- \/ Yoast SEO plugin. -->","yoast_head_json":{"title":"Oriente Petrolero cura sus heridas con triunfo en la sudamericana - El Diario - Bolivia","robots":{"index":"index","follow":"follow","max-snippet":"max-snippet:-1","max-image-preview":"max-image-preview:large","max-video-preview":"max-video-preview:-1"},"canonical":"https:\/\/www.eldiario.net\/portal\/2023\/03\/09\/oriente-petrolero-cura-sus-heridas-con-triunfo-en-la-sudamericana\/","og_locale":"es_ES","og_type":"article","og_title":"Oriente Petrolero cura sus heridas con triunfo en la sudamericana - El Diario - Bolivia","og_description":"Con un ajustado triunfo por 1-0, Oriente Petrolero abri\u00f3 camino, dejando a un lado a Guabir\u00e1, para avanzar a la fase de grupos de la Copa Sudamericana y recuperar el aliento con este objetivo cumplido, que adem\u00e1s de la satisfacci\u00f3n deportiva viene con un premio econ\u00f3mico que alcanza al mill\u00f3n de d\u00f3lares. Oriente Petrolero sali\u00f3 [&hellip;]","og_url":"https:\/\/www.eldiario.net\/portal\/2023\/03\/09\/oriente-petrolero-cura-sus-heridas-con-triunfo-en-la-sudamericana\/","og_site_name":"El Diario - Bolivia","article_publisher":"https:\/\/www.facebook.com\/eldiario.bolivia\/","article_published_time":"2023-03-09T10:38:05+00:00","author":"Jeanette","twitter_card":"summary_large_image","twitter_creator":"@eldiario_net","twitter_site":"@eldiario_net","twitter_misc":{"Escrito por":"Jeanette","Tiempo de lectura":"3 minutos"},"schema":{"@context":"https:\/\/schema.org","@graph":[{"@type":"Article","@id":"https:\/\/www.eldiario.net\/portal\/2023\/03\/09\/oriente-petrolero-cura-sus-heridas-con-triunfo-en-la-sudamericana\/#article","isPartOf":{"@id":"https:\/\/www.eldiario.net\/portal\/2023\/03\/09\/oriente-petrolero-cura-sus-heridas-con-triunfo-en-la-sudamericana\/"},"author":{"name":"Jeanette","@id":"https:\/\/www.eldiario.net\/portal\/#\/schema\/person\/f46445640444750d7d753ccd04ae01b7"},"headline":"Oriente Petrolero cura sus heridas con triunfo en la sudamericana","datePublished":"2023-03-09T10:38:05+00:00","mainEntityOfPage":{"@id":"https:\/\/www.eldiario.net\/portal\/2023\/03\/09\/oriente-petrolero-cura-sus-heridas-con-triunfo-en-la-sudamericana\/"},"wordCount":523,"publisher":{"@id":"https:\/\/www.eldiario.net\/portal\/#organization"},"image":{"@id":"https:\/\/www.eldiario.net\/portal\/2023\/03\/09\/oriente-petrolero-cura-sus-heridas-con-triunfo-en-la-sudamericana\/#primaryimage"},"thumbnailUrl":"","articleSection":["Deportes"],"inLanguage":"es"},{"@type":"WebPage","@id":"https:\/\/www.eldiario.net\/portal\/2023\/03\/09\/oriente-petrolero-cura-sus-heridas-con-triunfo-en-la-sudamericana\/","url":"https:\/\/www.eldiario.net\/portal\/2023\/03\/09\/oriente-petrolero-cura-sus-heridas-con-triunfo-en-la-sudamericana\/","name":"Oriente Petrolero cura sus heridas con triunfo en la sudamericana - El Diario - Bolivia","isPartOf":{"@id":"https:\/\/www.eldiario.net\/portal\/#website"},"primaryImageOfPage":{"@id":"https:\/\/www.eldiario.net\/portal\/2023\/03\/09\/oriente-petrolero-cura-sus-heridas-con-triunfo-en-la-sudamericana\/#primaryimage"},"image":{"@id":"https:\/\/www.eldiario.net\/portal\/2023\/03\/09\/oriente-petrolero-cura-sus-heridas-con-triunfo-en-la-sudamericana\/#primaryimage"},"thumbnailUrl":"","datePublished":"2023-03-09T10:38:05+00:00","breadcrumb":{"@id":"https:\/\/www.eldiario.net\/portal\/2023\/03\/09\/oriente-petrolero-cura-sus-heridas-con-triunfo-en-la-sudamericana\/#breadcrumb"},"inLanguage":"es","potentialAction":[{"@type":"ReadAction","target":["https:\/\/www.eldiario.net\/portal\/2023\/03\/09\/oriente-petrolero-cura-sus-heridas-con-triunfo-en-la-sudamericana\/"]}]},{"@type":"ImageObject","inLanguage":"es","@id":"https:\/\/www.eldiario.net\/portal\/2023\/03\/09\/oriente-petrolero-cura-sus-heridas-con-triunfo-en-la-sudamericana\/#primaryimage","url":"","contentUrl":""},{"@type":"BreadcrumbList","@id":"https:\/\/www.eldiario.net\/portal\/2023\/03\/09\/oriente-petrolero-cura-sus-heridas-con-triunfo-en-la-sudamericana\/#breadcrumb","itemListElement":[{"@type":"ListItem","position":1,"name":"Portada","item":"https:\/\/www.eldiario.net\/portal\/"},{"@type":"ListItem","position":2,"name":"Oriente Petrolero cura sus heridas con triunfo en la sudamericana"}]},{"@type":"WebSite","@id":"https:\/\/www.eldiario.net\/portal\/#website","url":"https:\/\/www.eldiario.net\/portal\/","name":"El Diario - Decano de la prensa nacional","description":"El Diario - Decano de la prensa nacional","publisher":{"@id":"https:\/\/www.eldiario.net\/portal\/#organization"},"potentialAction":[{"@type":"SearchAction","target":{"@type":"EntryPoint","urlTemplate":"https:\/\/www.eldiario.net\/portal\/?s={search_term_string}"},"query-input":{"@type":"PropertyValueSpecification","valueRequired":true,"valueName":"search_term_string"}}],"inLanguage":"es"},{"@type":"Organization","@id":"https:\/\/www.eldiario.net\/portal\/#organization","name":"El Diario - Decano de la prensa nacional","url":"https:\/\/www.eldiario.net\/portal\/","logo":{"@type":"ImageObject","inLanguage":"es","@id":"https:\/\/www.eldiario.net\/portal\/#\/schema\/logo\/image\/","url":"https:\/\/www.eldiario.net\/portal\/wp-content\/uploads\/2023\/07\/logo_ED.jpg","contentUrl":"https:\/\/www.eldiario.net\/portal\/wp-content\/uploads\/2023\/07\/logo_ED.jpg","width":272,"height":52,"caption":"El Diario - Decano de la prensa nacional"},"image":{"@id":"https:\/\/www.eldiario.net\/portal\/#\/schema\/logo\/image\/"},"sameAs":["https:\/\/www.facebook.com\/eldiario.bolivia\/","https:\/\/x.com\/eldiario_net"]},{"@type":"Person","@id":"https:\/\/www.eldiario.net\/portal\/#\/schema\/person\/f46445640444750d7d753ccd04ae01b7","name":"Jeanette","image":{"@type":"ImageObject","inLanguage":"es","@id":"https:\/\/secure.gravatar.com\/avatar\/3ea2118a5f7dad2b7138b1187a6b7ee55f160b9968b66013c3a3ef39dd7e5798?s=96&d=mm&r=g","url":"https:\/\/secure.gravatar.com\/avatar\/3ea2118a5f7dad2b7138b1187a6b7ee55f160b9968b66013c3a3ef39dd7e5798?s=96&d=mm&r=g","contentUrl":"https:\/\/secure.gravatar.com\/avatar\/3ea2118a5f7dad2b7138b1187a6b7ee55f160b9968b66013c3a3ef39dd7e5798?s=96&d=mm&r=g","caption":"Jeanette"},"sameAs":["https:\/\/www.eldiario.net\/portal"],"url":"https:\/\/www.eldiario.net\/portal\/author\/jeanette\/"}]}},"_links":{"self":[{"href":"https:\/\/www.eldiario.net\/portal\/wp-json\/wp\/v2\/posts\/142217","targetHints":{"allow":["GET"]}}],"collection":[{"href":"https:\/\/www.eldiario.net\/portal\/wp-json\/wp\/v2\/posts"}],"about":[{"href":"https:\/\/www.eldiario.net\/portal\/wp-json\/wp\/v2\/types\/post"}],"author":[{"embeddable":true,"href":"https:\/\/www.eldiario.net\/portal\/wp-json\/wp\/v2\/users\/1"}],"replies":[{"embeddable":true,"href":"https:\/\/www.eldiario.net\/portal\/wp-json\/wp\/v2\/comments?post=142217"}],"version-history":[{"count":0,"href":"https:\/\/www.eldiario.net\/portal\/wp-json\/wp\/v2\/posts\/142217\/revisions"}],"wp:attachment":[{"href":"https:\/\/www.eldiario.net\/portal\/wp-json\/wp\/v2\/media?parent=142217"}],"wp:term":[{"taxonomy":"category","embeddable":true,"href":"https:\/\/www.eldiario.net\/portal\/wp-json\/wp\/v2\/categories?post=142217"},{"taxonomy":"post_tag","embeddable":true,"href":"https:\/\/www.eldiario.net\/portal\/wp-json\/wp\/v2\/tags?post=142217"}],"curies":[{"name":"wp","href":"https:\/\/api.w.org\/{rel}","templated":true}]}}