{"id":142214,"date":"2023-03-09T06:37:14","date_gmt":"2023-03-09T10:37:14","guid":{"rendered":"https:\/\/www.eldiario.net\/portal\/?p=142214"},"modified":"2023-03-09T06:37:14","modified_gmt":"2023-03-09T10:37:14","slug":"lionel-messi-se-suma-a-la-pantalla-chica-y-tendra-su-propia-serie-animada","status":"publish","type":"post","link":"https:\/\/www.eldiario.net\/portal\/2023\/03\/09\/lionel-messi-se-suma-a-la-pantalla-chica-y-tendra-su-propia-serie-animada\/","title":{"rendered":"Lionel Messi se suma a la pantalla chica y tendr\u00e1 su propia serie animada"},"content":{"rendered":"<p>La popularidad del \u00eddolo argentino Lionel Messi no tiene l\u00edmites y el siguiente paso de la Pulga es la pantalla chica. El astro del Par\u00eds Saint Germain se asoci\u00f3 con Sony Music Entertainment para desarrollar una nueva serie animada despu\u00e9s de ganar la Copa del Mundo en Catar.<\/p>\n<p>Seg\u00fan dio a conocer la productora se enfocar\u00e1 en la infancia del rosarino en donde enfrenta obst\u00e1culos mientras viaja a trav\u00e9s de un videojuego.<\/p>\n<p>Este proyecto estar\u00e1 dirigido al p\u00fablico infantil y juvenil y contar\u00e1 con m\u00fasica original de artistas y compositores de la compa\u00f1\u00eda discogr\u00e1fica.<\/p>\n<p>El proyecto est\u00e1 actualmente en desarrollo, confirm\u00f3 Sony. \u201cDesde que era ni\u00f1o, siempre me gustaron las series de animaci\u00f3n y mis hijos son grandes fans de los personajes animados. Poder participar en un proyecto de animaci\u00f3n me hace feliz, porque cumple uno de mis sue\u00f1os Esperamos que a todos les guste el resultado, especialmente a las chicas y a los chicos\u201d, declar\u00f3 en exclusiva Messi a la empresa.<\/p>\n<p>Por otro lado, a\u00fan no hay fecha de estreno y tampoco qu\u00e9 plataforma de streaming se encargar\u00e1 de contar la historia del crack argentino. Adem\u00e1s, se desconoce si Lionel prestar\u00e1 su voz para este proyecto animado o si alguno de sus tres hijos, Ciro, Thiago o Mateo, tendr\u00e1n alg\u00fan tipo de injerencia para ayudar a relatar la infancia de su padre en Rosario, sus intentos en Buenos Aires y la apuesta rumbo a Barcelona.<\/p>\n<p>Fernando Cabral, director de Desarrollo de Negocios, Regional Latino-Iberia de Sony Music Entertainment opin\u00f3 sobre la nueva producci\u00f3n que espera tener \u00e9xito: \u201cEs un privilegio para Sony Music colaborar con Lionel Messi en este proyecto para mostrar el poder y las lecciones del deporte en asociaci\u00f3n con el mejor jugador de f\u00fatbol de todos los tiempos y uno de los mejores atletas de la historia. Esperamos llevar esta serie conmovedora y humilde a las pantallas para audiencias de todas las edades en todo el mundo\u201d. (INFOBAE)<\/p>\n","protected":false},"excerpt":{"rendered":"<p>La popularidad del \u00eddolo argentino Lionel Messi no tiene l\u00edmites y el siguiente paso de la Pulga es la pantalla chica. El astro del Par\u00eds Saint Germain se asoci\u00f3 con Sony Music Entertainment para desarrollar una nueva serie animada despu\u00e9s de ganar la Copa del Mundo en Catar. Seg\u00fan dio a conocer la productora se [&hellip;]<\/p>\n","protected":false},"author":1,"featured_media":142215,"comment_status":"closed","ping_status":"closed","sticky":false,"template":"","format":"standard","meta":{"_acf_changed":false,"footnotes":""},"categories":[6],"tags":[],"class_list":["post-142214","post","type-post","status-publish","format-standard","has-post-thumbnail","category-deportes"],"acf":{"antetitulo":""},"yoast_head":"<!-- This site is optimized with the Yoast SEO plugin v28.3 - https:\/\/yoast.com\/product\/yoast-seo-wordpress\/ -->\n<title>Lionel Messi se suma a la pantalla chica y tendr\u00e1 su propia serie animada - El Diario - Bolivia<\/title>\n<meta name=\"robots\" content=\"index, follow, max-snippet:-1, max-image-preview:large, max-video-preview:-1\" \/>\n<link rel=\"canonical\" href=\"https:\/\/www.eldiario.net\/portal\/2023\/03\/09\/lionel-messi-se-suma-a-la-pantalla-chica-y-tendra-su-propia-serie-animada\/\" \/>\n<meta property=\"og:locale\" content=\"es_ES\" \/>\n<meta property=\"og:type\" content=\"article\" \/>\n<meta property=\"og:title\" content=\"Lionel Messi se suma a la pantalla chica y tendr\u00e1 su propia serie animada - El Diario - Bolivia\" \/>\n<meta property=\"og:description\" content=\"La popularidad del \u00eddolo argentino Lionel Messi no tiene l\u00edmites y el siguiente paso de la Pulga es la pantalla chica. El astro del Par\u00eds Saint Germain se asoci\u00f3 con Sony Music Entertainment para desarrollar una nueva serie animada despu\u00e9s de ganar la Copa del Mundo en Catar. Seg\u00fan dio a conocer la productora se [&hellip;]\" \/>\n<meta property=\"og:url\" content=\"https:\/\/www.eldiario.net\/portal\/2023\/03\/09\/lionel-messi-se-suma-a-la-pantalla-chica-y-tendra-su-propia-serie-animada\/\" \/>\n<meta property=\"og:site_name\" content=\"El Diario - Bolivia\" \/>\n<meta property=\"article:publisher\" content=\"https:\/\/www.facebook.com\/eldiario.bolivia\/\" \/>\n<meta property=\"article:published_time\" content=\"2023-03-09T10:37:14+00:00\" \/>\n<meta name=\"author\" content=\"Jeanette\" \/>\n<meta name=\"twitter:card\" content=\"summary_large_image\" \/>\n<meta name=\"twitter:creator\" content=\"@eldiario_net\" \/>\n<meta name=\"twitter:site\" content=\"@eldiario_net\" \/>\n<meta name=\"twitter:label1\" content=\"Escrito por\" \/>\n\t<meta name=\"twitter:data1\" content=\"Jeanette\" \/>\n\t<meta name=\"twitter:label2\" content=\"Tiempo de lectura\" \/>\n\t<meta name=\"twitter:data2\" content=\"2 minutos\" \/>\n<script type=\"application\/ld+json\" class=\"yoast-schema-graph\">{\"@context\":\"https:\\\/\\\/schema.org\",\"@graph\":[{\"@type\":\"Article\",\"@id\":\"https:\\\/\\\/www.eldiario.net\\\/portal\\\/2023\\\/03\\\/09\\\/lionel-messi-se-suma-a-la-pantalla-chica-y-tendra-su-propia-serie-animada\\\/#article\",\"isPartOf\":{\"@id\":\"https:\\\/\\\/www.eldiario.net\\\/portal\\\/2023\\\/03\\\/09\\\/lionel-messi-se-suma-a-la-pantalla-chica-y-tendra-su-propia-serie-animada\\\/\"},\"author\":{\"name\":\"Jeanette\",\"@id\":\"https:\\\/\\\/www.eldiario.net\\\/portal\\\/#\\\/schema\\\/person\\\/f46445640444750d7d753ccd04ae01b7\"},\"headline\":\"Lionel Messi se suma a la pantalla chica y tendr\u00e1 su propia serie animada\",\"datePublished\":\"2023-03-09T10:37:14+00:00\",\"mainEntityOfPage\":{\"@id\":\"https:\\\/\\\/www.eldiario.net\\\/portal\\\/2023\\\/03\\\/09\\\/lionel-messi-se-suma-a-la-pantalla-chica-y-tendra-su-propia-serie-animada\\\/\"},\"wordCount\":357,\"publisher\":{\"@id\":\"https:\\\/\\\/www.eldiario.net\\\/portal\\\/#organization\"},\"image\":{\"@id\":\"https:\\\/\\\/www.eldiario.net\\\/portal\\\/2023\\\/03\\\/09\\\/lionel-messi-se-suma-a-la-pantalla-chica-y-tendra-su-propia-serie-animada\\\/#primaryimage\"},\"thumbnailUrl\":\"\",\"articleSection\":[\"Deportes\"],\"inLanguage\":\"es\"},{\"@type\":\"WebPage\",\"@id\":\"https:\\\/\\\/www.eldiario.net\\\/portal\\\/2023\\\/03\\\/09\\\/lionel-messi-se-suma-a-la-pantalla-chica-y-tendra-su-propia-serie-animada\\\/\",\"url\":\"https:\\\/\\\/www.eldiario.net\\\/portal\\\/2023\\\/03\\\/09\\\/lionel-messi-se-suma-a-la-pantalla-chica-y-tendra-su-propia-serie-animada\\\/\",\"name\":\"Lionel Messi se suma a la pantalla chica y tendr\u00e1 su propia serie animada - El Diario - Bolivia\",\"isPartOf\":{\"@id\":\"https:\\\/\\\/www.eldiario.net\\\/portal\\\/#website\"},\"primaryImageOfPage\":{\"@id\":\"https:\\\/\\\/www.eldiario.net\\\/portal\\\/2023\\\/03\\\/09\\\/lionel-messi-se-suma-a-la-pantalla-chica-y-tendra-su-propia-serie-animada\\\/#primaryimage\"},\"image\":{\"@id\":\"https:\\\/\\\/www.eldiario.net\\\/portal\\\/2023\\\/03\\\/09\\\/lionel-messi-se-suma-a-la-pantalla-chica-y-tendra-su-propia-serie-animada\\\/#primaryimage\"},\"thumbnailUrl\":\"\",\"datePublished\":\"2023-03-09T10:37:14+00:00\",\"breadcrumb\":{\"@id\":\"https:\\\/\\\/www.eldiario.net\\\/portal\\\/2023\\\/03\\\/09\\\/lionel-messi-se-suma-a-la-pantalla-chica-y-tendra-su-propia-serie-animada\\\/#breadcrumb\"},\"inLanguage\":\"es\",\"potentialAction\":[{\"@type\":\"ReadAction\",\"target\":[\"https:\\\/\\\/www.eldiario.net\\\/portal\\\/2023\\\/03\\\/09\\\/lionel-messi-se-suma-a-la-pantalla-chica-y-tendra-su-propia-serie-animada\\\/\"]}]},{\"@type\":\"ImageObject\",\"inLanguage\":\"es\",\"@id\":\"https:\\\/\\\/www.eldiario.net\\\/portal\\\/2023\\\/03\\\/09\\\/lionel-messi-se-suma-a-la-pantalla-chica-y-tendra-su-propia-serie-animada\\\/#primaryimage\",\"url\":\"\",\"contentUrl\":\"\"},{\"@type\":\"BreadcrumbList\",\"@id\":\"https:\\\/\\\/www.eldiario.net\\\/portal\\\/2023\\\/03\\\/09\\\/lionel-messi-se-suma-a-la-pantalla-chica-y-tendra-su-propia-serie-animada\\\/#breadcrumb\",\"itemListElement\":[{\"@type\":\"ListItem\",\"position\":1,\"name\":\"Portada\",\"item\":\"https:\\\/\\\/www.eldiario.net\\\/portal\\\/\"},{\"@type\":\"ListItem\",\"position\":2,\"name\":\"Lionel Messi se suma a la pantalla chica y tendr\u00e1 su propia serie animada\"}]},{\"@type\":\"WebSite\",\"@id\":\"https:\\\/\\\/www.eldiario.net\\\/portal\\\/#website\",\"url\":\"https:\\\/\\\/www.eldiario.net\\\/portal\\\/\",\"name\":\"El Diario - Decano de la prensa nacional\",\"description\":\"El Diario - Decano de la prensa nacional\",\"publisher\":{\"@id\":\"https:\\\/\\\/www.eldiario.net\\\/portal\\\/#organization\"},\"potentialAction\":[{\"@type\":\"SearchAction\",\"target\":{\"@type\":\"EntryPoint\",\"urlTemplate\":\"https:\\\/\\\/www.eldiario.net\\\/portal\\\/?s={search_term_string}\"},\"query-input\":{\"@type\":\"PropertyValueSpecification\",\"valueRequired\":true,\"valueName\":\"search_term_string\"}}],\"inLanguage\":\"es\"},{\"@type\":\"Organization\",\"@id\":\"https:\\\/\\\/www.eldiario.net\\\/portal\\\/#organization\",\"name\":\"El Diario - Decano de la prensa nacional\",\"url\":\"https:\\\/\\\/www.eldiario.net\\\/portal\\\/\",\"logo\":{\"@type\":\"ImageObject\",\"inLanguage\":\"es\",\"@id\":\"https:\\\/\\\/www.eldiario.net\\\/portal\\\/#\\\/schema\\\/logo\\\/image\\\/\",\"url\":\"https:\\\/\\\/www.eldiario.net\\\/portal\\\/wp-content\\\/uploads\\\/2023\\\/07\\\/logo_ED.jpg\",\"contentUrl\":\"https:\\\/\\\/www.eldiario.net\\\/portal\\\/wp-content\\\/uploads\\\/2023\\\/07\\\/logo_ED.jpg\",\"width\":272,\"height\":52,\"caption\":\"El Diario - Decano de la prensa nacional\"},\"image\":{\"@id\":\"https:\\\/\\\/www.eldiario.net\\\/portal\\\/#\\\/schema\\\/logo\\\/image\\\/\"},\"sameAs\":[\"https:\\\/\\\/www.facebook.com\\\/eldiario.bolivia\\\/\",\"https:\\\/\\\/x.com\\\/eldiario_net\"]},{\"@type\":\"Person\",\"@id\":\"https:\\\/\\\/www.eldiario.net\\\/portal\\\/#\\\/schema\\\/person\\\/f46445640444750d7d753ccd04ae01b7\",\"name\":\"Jeanette\",\"image\":{\"@type\":\"ImageObject\",\"inLanguage\":\"es\",\"@id\":\"https:\\\/\\\/secure.gravatar.com\\\/avatar\\\/3ea2118a5f7dad2b7138b1187a6b7ee55f160b9968b66013c3a3ef39dd7e5798?s=96&d=mm&r=g\",\"url\":\"https:\\\/\\\/secure.gravatar.com\\\/avatar\\\/3ea2118a5f7dad2b7138b1187a6b7ee55f160b9968b66013c3a3ef39dd7e5798?s=96&d=mm&r=g\",\"contentUrl\":\"https:\\\/\\\/secure.gravatar.com\\\/avatar\\\/3ea2118a5f7dad2b7138b1187a6b7ee55f160b9968b66013c3a3ef39dd7e5798?s=96&d=mm&r=g\",\"caption\":\"Jeanette\"},\"sameAs\":[\"https:\\\/\\\/www.eldiario.net\\\/portal\"],\"url\":\"https:\\\/\\\/www.eldiario.net\\\/portal\\\/author\\\/jeanette\\\/\"}]}<\/script>\n<!-- \/ Yoast SEO plugin. -->","yoast_head_json":{"title":"Lionel Messi se suma a la pantalla chica y tendr\u00e1 su propia serie animada - El Diario - Bolivia","robots":{"index":"index","follow":"follow","max-snippet":"max-snippet:-1","max-image-preview":"max-image-preview:large","max-video-preview":"max-video-preview:-1"},"canonical":"https:\/\/www.eldiario.net\/portal\/2023\/03\/09\/lionel-messi-se-suma-a-la-pantalla-chica-y-tendra-su-propia-serie-animada\/","og_locale":"es_ES","og_type":"article","og_title":"Lionel Messi se suma a la pantalla chica y tendr\u00e1 su propia serie animada - El Diario - Bolivia","og_description":"La popularidad del \u00eddolo argentino Lionel Messi no tiene l\u00edmites y el siguiente paso de la Pulga es la pantalla chica. El astro del Par\u00eds Saint Germain se asoci\u00f3 con Sony Music Entertainment para desarrollar una nueva serie animada despu\u00e9s de ganar la Copa del Mundo en Catar. Seg\u00fan dio a conocer la productora se [&hellip;]","og_url":"https:\/\/www.eldiario.net\/portal\/2023\/03\/09\/lionel-messi-se-suma-a-la-pantalla-chica-y-tendra-su-propia-serie-animada\/","og_site_name":"El Diario - Bolivia","article_publisher":"https:\/\/www.facebook.com\/eldiario.bolivia\/","article_published_time":"2023-03-09T10:37:14+00:00","author":"Jeanette","twitter_card":"summary_large_image","twitter_creator":"@eldiario_net","twitter_site":"@eldiario_net","twitter_misc":{"Escrito por":"Jeanette","Tiempo de lectura":"2 minutos"},"schema":{"@context":"https:\/\/schema.org","@graph":[{"@type":"Article","@id":"https:\/\/www.eldiario.net\/portal\/2023\/03\/09\/lionel-messi-se-suma-a-la-pantalla-chica-y-tendra-su-propia-serie-animada\/#article","isPartOf":{"@id":"https:\/\/www.eldiario.net\/portal\/2023\/03\/09\/lionel-messi-se-suma-a-la-pantalla-chica-y-tendra-su-propia-serie-animada\/"},"author":{"name":"Jeanette","@id":"https:\/\/www.eldiario.net\/portal\/#\/schema\/person\/f46445640444750d7d753ccd04ae01b7"},"headline":"Lionel Messi se suma a la pantalla chica y tendr\u00e1 su propia serie animada","datePublished":"2023-03-09T10:37:14+00:00","mainEntityOfPage":{"@id":"https:\/\/www.eldiario.net\/portal\/2023\/03\/09\/lionel-messi-se-suma-a-la-pantalla-chica-y-tendra-su-propia-serie-animada\/"},"wordCount":357,"publisher":{"@id":"https:\/\/www.eldiario.net\/portal\/#organization"},"image":{"@id":"https:\/\/www.eldiario.net\/portal\/2023\/03\/09\/lionel-messi-se-suma-a-la-pantalla-chica-y-tendra-su-propia-serie-animada\/#primaryimage"},"thumbnailUrl":"","articleSection":["Deportes"],"inLanguage":"es"},{"@type":"WebPage","@id":"https:\/\/www.eldiario.net\/portal\/2023\/03\/09\/lionel-messi-se-suma-a-la-pantalla-chica-y-tendra-su-propia-serie-animada\/","url":"https:\/\/www.eldiario.net\/portal\/2023\/03\/09\/lionel-messi-se-suma-a-la-pantalla-chica-y-tendra-su-propia-serie-animada\/","name":"Lionel Messi se suma a la pantalla chica y tendr\u00e1 su propia serie animada - El Diario - Bolivia","isPartOf":{"@id":"https:\/\/www.eldiario.net\/portal\/#website"},"primaryImageOfPage":{"@id":"https:\/\/www.eldiario.net\/portal\/2023\/03\/09\/lionel-messi-se-suma-a-la-pantalla-chica-y-tendra-su-propia-serie-animada\/#primaryimage"},"image":{"@id":"https:\/\/www.eldiario.net\/portal\/2023\/03\/09\/lionel-messi-se-suma-a-la-pantalla-chica-y-tendra-su-propia-serie-animada\/#primaryimage"},"thumbnailUrl":"","datePublished":"2023-03-09T10:37:14+00:00","breadcrumb":{"@id":"https:\/\/www.eldiario.net\/portal\/2023\/03\/09\/lionel-messi-se-suma-a-la-pantalla-chica-y-tendra-su-propia-serie-animada\/#breadcrumb"},"inLanguage":"es","potentialAction":[{"@type":"ReadAction","target":["https:\/\/www.eldiario.net\/portal\/2023\/03\/09\/lionel-messi-se-suma-a-la-pantalla-chica-y-tendra-su-propia-serie-animada\/"]}]},{"@type":"ImageObject","inLanguage":"es","@id":"https:\/\/www.eldiario.net\/portal\/2023\/03\/09\/lionel-messi-se-suma-a-la-pantalla-chica-y-tendra-su-propia-serie-animada\/#primaryimage","url":"","contentUrl":""},{"@type":"BreadcrumbList","@id":"https:\/\/www.eldiario.net\/portal\/2023\/03\/09\/lionel-messi-se-suma-a-la-pantalla-chica-y-tendra-su-propia-serie-animada\/#breadcrumb","itemListElement":[{"@type":"ListItem","position":1,"name":"Portada","item":"https:\/\/www.eldiario.net\/portal\/"},{"@type":"ListItem","position":2,"name":"Lionel Messi se suma a la pantalla chica y tendr\u00e1 su propia serie animada"}]},{"@type":"WebSite","@id":"https:\/\/www.eldiario.net\/portal\/#website","url":"https:\/\/www.eldiario.net\/portal\/","name":"El Diario - Decano de la prensa nacional","description":"El Diario - Decano de la prensa nacional","publisher":{"@id":"https:\/\/www.eldiario.net\/portal\/#organization"},"potentialAction":[{"@type":"SearchAction","target":{"@type":"EntryPoint","urlTemplate":"https:\/\/www.eldiario.net\/portal\/?s={search_term_string}"},"query-input":{"@type":"PropertyValueSpecification","valueRequired":true,"valueName":"search_term_string"}}],"inLanguage":"es"},{"@type":"Organization","@id":"https:\/\/www.eldiario.net\/portal\/#organization","name":"El Diario - Decano de la prensa nacional","url":"https:\/\/www.eldiario.net\/portal\/","logo":{"@type":"ImageObject","inLanguage":"es","@id":"https:\/\/www.eldiario.net\/portal\/#\/schema\/logo\/image\/","url":"https:\/\/www.eldiario.net\/portal\/wp-content\/uploads\/2023\/07\/logo_ED.jpg","contentUrl":"https:\/\/www.eldiario.net\/portal\/wp-content\/uploads\/2023\/07\/logo_ED.jpg","width":272,"height":52,"caption":"El Diario - Decano de la prensa nacional"},"image":{"@id":"https:\/\/www.eldiario.net\/portal\/#\/schema\/logo\/image\/"},"sameAs":["https:\/\/www.facebook.com\/eldiario.bolivia\/","https:\/\/x.com\/eldiario_net"]},{"@type":"Person","@id":"https:\/\/www.eldiario.net\/portal\/#\/schema\/person\/f46445640444750d7d753ccd04ae01b7","name":"Jeanette","image":{"@type":"ImageObject","inLanguage":"es","@id":"https:\/\/secure.gravatar.com\/avatar\/3ea2118a5f7dad2b7138b1187a6b7ee55f160b9968b66013c3a3ef39dd7e5798?s=96&d=mm&r=g","url":"https:\/\/secure.gravatar.com\/avatar\/3ea2118a5f7dad2b7138b1187a6b7ee55f160b9968b66013c3a3ef39dd7e5798?s=96&d=mm&r=g","contentUrl":"https:\/\/secure.gravatar.com\/avatar\/3ea2118a5f7dad2b7138b1187a6b7ee55f160b9968b66013c3a3ef39dd7e5798?s=96&d=mm&r=g","caption":"Jeanette"},"sameAs":["https:\/\/www.eldiario.net\/portal"],"url":"https:\/\/www.eldiario.net\/portal\/author\/jeanette\/"}]}},"_links":{"self":[{"href":"https:\/\/www.eldiario.net\/portal\/wp-json\/wp\/v2\/posts\/142214","targetHints":{"allow":["GET"]}}],"collection":[{"href":"https:\/\/www.eldiario.net\/portal\/wp-json\/wp\/v2\/posts"}],"about":[{"href":"https:\/\/www.eldiario.net\/portal\/wp-json\/wp\/v2\/types\/post"}],"author":[{"embeddable":true,"href":"https:\/\/www.eldiario.net\/portal\/wp-json\/wp\/v2\/users\/1"}],"replies":[{"embeddable":true,"href":"https:\/\/www.eldiario.net\/portal\/wp-json\/wp\/v2\/comments?post=142214"}],"version-history":[{"count":0,"href":"https:\/\/www.eldiario.net\/portal\/wp-json\/wp\/v2\/posts\/142214\/revisions"}],"wp:attachment":[{"href":"https:\/\/www.eldiario.net\/portal\/wp-json\/wp\/v2\/media?parent=142214"}],"wp:term":[{"taxonomy":"category","embeddable":true,"href":"https:\/\/www.eldiario.net\/portal\/wp-json\/wp\/v2\/categories?post=142214"},{"taxonomy":"post_tag","embeddable":true,"href":"https:\/\/www.eldiario.net\/portal\/wp-json\/wp\/v2\/tags?post=142214"}],"curies":[{"name":"wp","href":"https:\/\/api.w.org\/{rel}","templated":true}]}}