{"id":142208,"date":"2023-03-09T06:35:12","date_gmt":"2023-03-09T10:35:12","guid":{"rendered":"https:\/\/www.eldiario.net\/portal\/?p=142208"},"modified":"2023-03-09T06:35:12","modified_gmt":"2023-03-09T10:35:12","slug":"falta-de-transparencia-del-gobierno-aumenta-desconfianza-de-la-poblacion","status":"publish","type":"post","link":"https:\/\/www.eldiario.net\/portal\/2023\/03\/09\/falta-de-transparencia-del-gobierno-aumenta-desconfianza-de-la-poblacion\/","title":{"rendered":"Falta de transparencia del Gobierno  aumenta desconfianza de la poblaci\u00f3n"},"content":{"rendered":"<p>Tres expertos en finanzas coincidieron que las recientes medidas del Banco Central de Bolivia (BCB) y la falta de transparencia del Gobierno sobre la oferta de d\u00f3lares empezaron a aumentar la desconfianza de la poblaci\u00f3n sobre el sistema financiero.<\/p>\n<p>El exdirector del BCB, Gabriel Espinoza, afirm\u00f3 a trav\u00e9s de su cuenta de Twitter: @g_espinoza que \u201cel mal manejo de expectativas, falta de tino para implementar sus propias ideas, y la falta de transparencia de las autoridades del equipo econ\u00f3mico son el principal riesgo para la estabilidad macroecon\u00f3mica del pa\u00eds\u201d.<\/p>\n<p>Acot\u00f3 que \u201cest\u00e1n a tiempo de evitar una total p\u00e9rdida de confianza\u201d, en alusi\u00f3n a los miembros del equipo econ\u00f3mico del Gobierno del presidente Luis Arce.<\/p>\n<p>Por su parte, el economista Antonio Saravia, profesor asociado de Econom\u00eda y Director del Centro BB&amp;T para la Investigaci\u00f3n sobre el Capitalismo en Mercer University, escribi\u00f3 a trav\u00e9s de su cuenta de Twitter @tufisaravia: \u201cLa cosa est\u00e1 fea. Las chamboneadas del Gobierno y el Banco Central est\u00e1n exasperando expectativas\u201d.<\/p>\n<p>El especialista cuestion\u00f3: \u201c\u00bfD\u00f3nde est\u00e1 el Presidente?, \u00bfD\u00f3nde est\u00e1 el otrora orgulloso padre del modelito?, \u00bfPor qu\u00e9 no se pone una corbata y sale a dar la cara?\u201d, con lo cual gener\u00f3 bastante interacci\u00f3n en las redes.<\/p>\n<p>A su turno, el consultor internacional en econom\u00eda y finanzas, Jaime Dunn consider\u00f3 necesario que se explique a la poblaci\u00f3n lo que est\u00e1 sucediendo con las reservas internacionales y la disponibilidad de d\u00f3lares para el sistema financiero.<\/p>\n<p>\u00abEl Gobierno deber\u00eda explicar: los d\u00f3lares en este momento no est\u00e1n llegando a los bancos por estas razones, y las medidas que hemos tomado son estas, y en los pr\u00f3ximos seis, siete d\u00edas se va a normalizar (\u2026).\u00a0 Pero cuando las autoridades no atienden a las preguntas que les hace la prensa y por el otro lado dicen que no pasa nada, que todo est\u00e1 bien, lo \u00fanico que est\u00e1n haciendo es generar m\u00e1s desconfianza\u201d, afirm\u00f3 a Br\u00fajula Digital.<\/p>\n<p>En las \u00faltimas jornadas se generaron largas filas fuera de las instalaciones del Banco Central de Bolivia, ante la disposici\u00f3n de ventas directas a los usuarios. Sin embargo los reclamos fueron frecuentes, no solo por las horas de espera, sino tambi\u00e9n porque se les exige declaraciones juradas para quienes quieran comprar m\u00e1s de $us 5.000. Tambi\u00e9n protestaron porque se les indic\u00f3 que podr\u00edan comprar los d\u00f3lares en el Banco Uni\u00f3n, pero de ah\u00ed los derivaron al BCB.<\/p>\n<p>Jaime Dunn explic\u00f3 que Bolivia es un pa\u00eds en el que la demanda y la oferta de d\u00f3lares a calzado muy bien, no solo hay d\u00f3lares en el BCB, sino tambi\u00e9n \u201cporque hay como 7.000 millones de d\u00f3lares en la econom\u00eda informal, que son los que han ido manteniendo calzada la oferta y la demanda\u201d.<\/p>\n<p>\u201cEn otras palabras, esta falta de d\u00f3lares que se est\u00e1 dando, es el resultado de las pol\u00edticas p\u00fablicas de no informar y tomar medidas parche que han exacerbado las expectativas de la gente\u201d, asegur\u00f3.<\/p>\n<p>Dunn se\u00f1al\u00f3 que mucha gente que ha sacado d\u00f3lares de sus cuentas, no es precisamente porque necesite hacer una transacci\u00f3n financiera, sino porque desconf\u00eda del Gobierno.<\/p>\n<p>\u201cLa confianza del Gobierno se est\u00e1 perdiendo r\u00e1pidamente por la forma c\u00f3mo act\u00faa y anda en una negaci\u00f3n muy fuerte sobre el hecho de que la econom\u00eda necesita fortalecerse porque su crecimiento es a punta de deuda y consumo de reservas que tienen un l\u00edmite, y cuando supere esa negaci\u00f3n volver\u00e1 a generar un \u00e1mbito de mejor confianza\u201d, subray\u00f3.<\/p>\n<p>Observ\u00f3 que las reservas netas han estado de bajada, pero que se estabilizaron alrededor de los 4.000 millones de d\u00f3lares en los \u00faltimos meses. Una parte de las reservas est\u00e1 en efectivo, otra en derechos especiales de giro y la tercera parte en oro.<\/p>\n<p>\u201cTodos estos factores se han ido reduciendo y el gasto p\u00fablico se ha ido acelerando, porque como parte de la pol\u00edtica est\u00e1 la subvenci\u00f3n a los combustibles, hay un gasto muy grande, porque se debe importar caro y vender barato en el mercado interno\u201d, dijo.<\/p>\n<p>Advirti\u00f3 que la subvenci\u00f3n tiene el efecto de drenar r\u00e1pidamente las reservas porque dentro de la pol\u00edtica del Gobierno est\u00e1 el redimir a la inflaci\u00f3n; es decir mantenerla baja a punta de subvenci\u00f3n.<\/p>\n<p>\u201cCompramos la inflaci\u00f3n baja pagando 1.700 millones de d\u00f3lares anuales en combustibles y otro monto en alimentos que le cuesta a Bolivia $us 2.000 millones anuales, ese es el costo de una inflaci\u00f3n baja\u201d, sostuvo.<\/p>\n<p>Sin embargo recomend\u00f3 que el Gobierno se concentre en medidas que puedan garantizar un aumento de las reservas, y mejora de la econom\u00eda, como la liberaci\u00f3n de los cupos de exportaci\u00f3n, monetizar los derechos especiales de giro en el FMI, pagar mejores tasas de inter\u00e9s a los dep\u00f3sitos en d\u00f3lar y efectivizar los cr\u00e9ditos internacionales que oscilan en $us 3.500 millones, entre otras medidas.<\/p>\n<p>Recomend\u00f3 en ese marco, que el Gobierno se sincere sobre la situaci\u00f3n real de la econom\u00eda. \u201cSi se remonta hace cuatro semanas, todo estaba bien, los analistas \u00e9ramos los mentirosos. A m\u00ed me llamaron \u00b4\u00e9l caballo del Apocalipsis\u00b4. (Dec\u00edan) no quieren ver el \u00e9xito del Gobierno, pero al d\u00eda siguiente que dicen que todo est\u00e1 bien empiezan a tomar medidas\u201d, se\u00f1al\u00f3.<\/p>\n<p>No obstante, consider\u00f3 muy prematuro y poco prudente hablar de \u201ccorralitos\u201d pues ese tipo de medidas se las toma de manera oficial a trav\u00e9s de medidas administrativas gubernamentales cuando la situaci\u00f3n es extrema y en la cual, la demanda es much\u00edsimo m\u00e1s grande que la oferta de d\u00f3lares.<\/p>\n<p>En cuanto a la disposici\u00f3n del BCB, para comprar d\u00f3lares a los exportadores a un cambio preferente al del oficial, Dunn dijo que se gener\u00f3 un mercado paralelo del d\u00f3lar. Advirti\u00f3 que en el pa\u00eds la econom\u00eda informal, que mueve $us 7.000 millones ha sido la que ha garantizado que la oferta y la demanda del d\u00f3lar calcen.<\/p>\n<p>\u201cEl rato que el BCB le dice a los exportadores, te voy a pagar m\u00e1s, lo que ha hecho es crear otro mercado paralelo \u2013dentro de la banda- para los exportadores. El problema es cuando el mercado paralelo se mueve fuera de la banda oficial, ese es el tipo de mercado que no queremos tener y es la se\u00f1al de que la demanda de d\u00f3lares no est\u00e1 siendo satisfecha por la oferta de d\u00f3lares que hay en ese momento\u201d, afirm\u00f3. (Br\u00fajula Digital)<\/p>\n","protected":false},"excerpt":{"rendered":"<p>Tres expertos en finanzas coincidieron que las recientes medidas del Banco Central de Bolivia (BCB) y la falta de transparencia del Gobierno sobre la oferta de d\u00f3lares empezaron a aumentar la desconfianza de la poblaci\u00f3n sobre el sistema financiero. El exdirector del BCB, Gabriel Espinoza, afirm\u00f3 a trav\u00e9s de su cuenta de Twitter: @g_espinoza que [&hellip;]<\/p>\n","protected":false},"author":1,"featured_media":142209,"comment_status":"closed","ping_status":"closed","sticky":false,"template":"","format":"standard","meta":{"_acf_changed":false,"footnotes":""},"categories":[17],"tags":[],"class_list":["post-142208","post","type-post","status-publish","format-standard","has-post-thumbnail","category-principal"],"acf":{"antetitulo":""},"yoast_head":"<!-- This site is optimized with the Yoast SEO plugin v28.3 - https:\/\/yoast.com\/product\/yoast-seo-wordpress\/ -->\n<title>Falta de transparencia del Gobierno aumenta desconfianza de la poblaci\u00f3n - El Diario - Bolivia<\/title>\n<meta name=\"robots\" content=\"index, follow, max-snippet:-1, max-image-preview:large, max-video-preview:-1\" \/>\n<link rel=\"canonical\" href=\"https:\/\/www.eldiario.net\/portal\/2023\/03\/09\/falta-de-transparencia-del-gobierno-aumenta-desconfianza-de-la-poblacion\/\" \/>\n<meta property=\"og:locale\" content=\"es_ES\" \/>\n<meta property=\"og:type\" content=\"article\" \/>\n<meta property=\"og:title\" content=\"Falta de transparencia del Gobierno aumenta desconfianza de la poblaci\u00f3n - El Diario - Bolivia\" \/>\n<meta property=\"og:description\" content=\"Tres expertos en finanzas coincidieron que las recientes medidas del Banco Central de Bolivia (BCB) y la falta de transparencia del Gobierno sobre la oferta de d\u00f3lares empezaron a aumentar la desconfianza de la poblaci\u00f3n sobre el sistema financiero. El exdirector del BCB, Gabriel Espinoza, afirm\u00f3 a trav\u00e9s de su cuenta de Twitter: @g_espinoza que [&hellip;]\" \/>\n<meta property=\"og:url\" content=\"https:\/\/www.eldiario.net\/portal\/2023\/03\/09\/falta-de-transparencia-del-gobierno-aumenta-desconfianza-de-la-poblacion\/\" \/>\n<meta property=\"og:site_name\" content=\"El Diario - Bolivia\" \/>\n<meta property=\"article:publisher\" content=\"https:\/\/www.facebook.com\/eldiario.bolivia\/\" \/>\n<meta property=\"article:published_time\" content=\"2023-03-09T10:35:12+00:00\" \/>\n<meta property=\"og:image\" content=\"https:\/\/www.eldiario.net\/portal\/wp-content\/uploads\/2023\/03\/DOLARES-FOTO-1.jpg\" \/>\n\t<meta property=\"og:image:width\" content=\"720\" \/>\n\t<meta property=\"og:image:height\" content=\"399\" \/>\n\t<meta property=\"og:image:type\" content=\"image\/jpeg\" \/>\n<meta name=\"author\" content=\"Jeanette\" \/>\n<meta name=\"twitter:card\" content=\"summary_large_image\" \/>\n<meta name=\"twitter:creator\" content=\"@eldiario_net\" \/>\n<meta name=\"twitter:site\" content=\"@eldiario_net\" \/>\n<meta name=\"twitter:label1\" content=\"Escrito por\" \/>\n\t<meta name=\"twitter:data1\" content=\"Jeanette\" \/>\n\t<meta name=\"twitter:label2\" content=\"Tiempo de lectura\" \/>\n\t<meta name=\"twitter:data2\" content=\"5 minutos\" \/>\n<script type=\"application\/ld+json\" class=\"yoast-schema-graph\">{\"@context\":\"https:\\\/\\\/schema.org\",\"@graph\":[{\"@type\":\"Article\",\"@id\":\"https:\\\/\\\/www.eldiario.net\\\/portal\\\/2023\\\/03\\\/09\\\/falta-de-transparencia-del-gobierno-aumenta-desconfianza-de-la-poblacion\\\/#article\",\"isPartOf\":{\"@id\":\"https:\\\/\\\/www.eldiario.net\\\/portal\\\/2023\\\/03\\\/09\\\/falta-de-transparencia-del-gobierno-aumenta-desconfianza-de-la-poblacion\\\/\"},\"author\":{\"name\":\"Jeanette\",\"@id\":\"https:\\\/\\\/www.eldiario.net\\\/portal\\\/#\\\/schema\\\/person\\\/f46445640444750d7d753ccd04ae01b7\"},\"headline\":\"Falta de transparencia del Gobierno aumenta desconfianza de la poblaci\u00f3n\",\"datePublished\":\"2023-03-09T10:35:12+00:00\",\"mainEntityOfPage\":{\"@id\":\"https:\\\/\\\/www.eldiario.net\\\/portal\\\/2023\\\/03\\\/09\\\/falta-de-transparencia-del-gobierno-aumenta-desconfianza-de-la-poblacion\\\/\"},\"wordCount\":1139,\"publisher\":{\"@id\":\"https:\\\/\\\/www.eldiario.net\\\/portal\\\/#organization\"},\"image\":{\"@id\":\"https:\\\/\\\/www.eldiario.net\\\/portal\\\/2023\\\/03\\\/09\\\/falta-de-transparencia-del-gobierno-aumenta-desconfianza-de-la-poblacion\\\/#primaryimage\"},\"thumbnailUrl\":\"https:\\\/\\\/www.eldiario.net\\\/portal\\\/wp-content\\\/uploads\\\/2023\\\/03\\\/DOLARES-FOTO-1.jpg\",\"articleSection\":[\"Principal\"],\"inLanguage\":\"es\"},{\"@type\":\"WebPage\",\"@id\":\"https:\\\/\\\/www.eldiario.net\\\/portal\\\/2023\\\/03\\\/09\\\/falta-de-transparencia-del-gobierno-aumenta-desconfianza-de-la-poblacion\\\/\",\"url\":\"https:\\\/\\\/www.eldiario.net\\\/portal\\\/2023\\\/03\\\/09\\\/falta-de-transparencia-del-gobierno-aumenta-desconfianza-de-la-poblacion\\\/\",\"name\":\"Falta de transparencia del Gobierno aumenta desconfianza de la poblaci\u00f3n - El Diario - Bolivia\",\"isPartOf\":{\"@id\":\"https:\\\/\\\/www.eldiario.net\\\/portal\\\/#website\"},\"primaryImageOfPage\":{\"@id\":\"https:\\\/\\\/www.eldiario.net\\\/portal\\\/2023\\\/03\\\/09\\\/falta-de-transparencia-del-gobierno-aumenta-desconfianza-de-la-poblacion\\\/#primaryimage\"},\"image\":{\"@id\":\"https:\\\/\\\/www.eldiario.net\\\/portal\\\/2023\\\/03\\\/09\\\/falta-de-transparencia-del-gobierno-aumenta-desconfianza-de-la-poblacion\\\/#primaryimage\"},\"thumbnailUrl\":\"https:\\\/\\\/www.eldiario.net\\\/portal\\\/wp-content\\\/uploads\\\/2023\\\/03\\\/DOLARES-FOTO-1.jpg\",\"datePublished\":\"2023-03-09T10:35:12+00:00\",\"breadcrumb\":{\"@id\":\"https:\\\/\\\/www.eldiario.net\\\/portal\\\/2023\\\/03\\\/09\\\/falta-de-transparencia-del-gobierno-aumenta-desconfianza-de-la-poblacion\\\/#breadcrumb\"},\"inLanguage\":\"es\",\"potentialAction\":[{\"@type\":\"ReadAction\",\"target\":[\"https:\\\/\\\/www.eldiario.net\\\/portal\\\/2023\\\/03\\\/09\\\/falta-de-transparencia-del-gobierno-aumenta-desconfianza-de-la-poblacion\\\/\"]}]},{\"@type\":\"ImageObject\",\"inLanguage\":\"es\",\"@id\":\"https:\\\/\\\/www.eldiario.net\\\/portal\\\/2023\\\/03\\\/09\\\/falta-de-transparencia-del-gobierno-aumenta-desconfianza-de-la-poblacion\\\/#primaryimage\",\"url\":\"https:\\\/\\\/www.eldiario.net\\\/portal\\\/wp-content\\\/uploads\\\/2023\\\/03\\\/DOLARES-FOTO-1.jpg\",\"contentUrl\":\"https:\\\/\\\/www.eldiario.net\\\/portal\\\/wp-content\\\/uploads\\\/2023\\\/03\\\/DOLARES-FOTO-1.jpg\",\"width\":720,\"height\":399,\"caption\":\"Siguen las aglomeraciones en puertas del BCB por la compra de d\u00f3lares. Foto:Br\u00fajula Digital\"},{\"@type\":\"BreadcrumbList\",\"@id\":\"https:\\\/\\\/www.eldiario.net\\\/portal\\\/2023\\\/03\\\/09\\\/falta-de-transparencia-del-gobierno-aumenta-desconfianza-de-la-poblacion\\\/#breadcrumb\",\"itemListElement\":[{\"@type\":\"ListItem\",\"position\":1,\"name\":\"Portada\",\"item\":\"https:\\\/\\\/www.eldiario.net\\\/portal\\\/\"},{\"@type\":\"ListItem\",\"position\":2,\"name\":\"Falta de transparencia del Gobierno aumenta desconfianza de la poblaci\u00f3n\"}]},{\"@type\":\"WebSite\",\"@id\":\"https:\\\/\\\/www.eldiario.net\\\/portal\\\/#website\",\"url\":\"https:\\\/\\\/www.eldiario.net\\\/portal\\\/\",\"name\":\"El Diario - Decano de la prensa nacional\",\"description\":\"El Diario - Decano de la prensa nacional\",\"publisher\":{\"@id\":\"https:\\\/\\\/www.eldiario.net\\\/portal\\\/#organization\"},\"potentialAction\":[{\"@type\":\"SearchAction\",\"target\":{\"@type\":\"EntryPoint\",\"urlTemplate\":\"https:\\\/\\\/www.eldiario.net\\\/portal\\\/?s={search_term_string}\"},\"query-input\":{\"@type\":\"PropertyValueSpecification\",\"valueRequired\":true,\"valueName\":\"search_term_string\"}}],\"inLanguage\":\"es\"},{\"@type\":\"Organization\",\"@id\":\"https:\\\/\\\/www.eldiario.net\\\/portal\\\/#organization\",\"name\":\"El Diario - Decano de la prensa nacional\",\"url\":\"https:\\\/\\\/www.eldiario.net\\\/portal\\\/\",\"logo\":{\"@type\":\"ImageObject\",\"inLanguage\":\"es\",\"@id\":\"https:\\\/\\\/www.eldiario.net\\\/portal\\\/#\\\/schema\\\/logo\\\/image\\\/\",\"url\":\"https:\\\/\\\/www.eldiario.net\\\/portal\\\/wp-content\\\/uploads\\\/2023\\\/07\\\/logo_ED.jpg\",\"contentUrl\":\"https:\\\/\\\/www.eldiario.net\\\/portal\\\/wp-content\\\/uploads\\\/2023\\\/07\\\/logo_ED.jpg\",\"width\":272,\"height\":52,\"caption\":\"El Diario - Decano de la prensa nacional\"},\"image\":{\"@id\":\"https:\\\/\\\/www.eldiario.net\\\/portal\\\/#\\\/schema\\\/logo\\\/image\\\/\"},\"sameAs\":[\"https:\\\/\\\/www.facebook.com\\\/eldiario.bolivia\\\/\",\"https:\\\/\\\/x.com\\\/eldiario_net\"]},{\"@type\":\"Person\",\"@id\":\"https:\\\/\\\/www.eldiario.net\\\/portal\\\/#\\\/schema\\\/person\\\/f46445640444750d7d753ccd04ae01b7\",\"name\":\"Jeanette\",\"image\":{\"@type\":\"ImageObject\",\"inLanguage\":\"es\",\"@id\":\"https:\\\/\\\/secure.gravatar.com\\\/avatar\\\/3ea2118a5f7dad2b7138b1187a6b7ee55f160b9968b66013c3a3ef39dd7e5798?s=96&d=mm&r=g\",\"url\":\"https:\\\/\\\/secure.gravatar.com\\\/avatar\\\/3ea2118a5f7dad2b7138b1187a6b7ee55f160b9968b66013c3a3ef39dd7e5798?s=96&d=mm&r=g\",\"contentUrl\":\"https:\\\/\\\/secure.gravatar.com\\\/avatar\\\/3ea2118a5f7dad2b7138b1187a6b7ee55f160b9968b66013c3a3ef39dd7e5798?s=96&d=mm&r=g\",\"caption\":\"Jeanette\"},\"sameAs\":[\"https:\\\/\\\/www.eldiario.net\\\/portal\"],\"url\":\"https:\\\/\\\/www.eldiario.net\\\/portal\\\/author\\\/jeanette\\\/\"}]}<\/script>\n<!-- \/ Yoast SEO plugin. -->","yoast_head_json":{"title":"Falta de transparencia del Gobierno aumenta desconfianza de la poblaci\u00f3n - El Diario - Bolivia","robots":{"index":"index","follow":"follow","max-snippet":"max-snippet:-1","max-image-preview":"max-image-preview:large","max-video-preview":"max-video-preview:-1"},"canonical":"https:\/\/www.eldiario.net\/portal\/2023\/03\/09\/falta-de-transparencia-del-gobierno-aumenta-desconfianza-de-la-poblacion\/","og_locale":"es_ES","og_type":"article","og_title":"Falta de transparencia del Gobierno aumenta desconfianza de la poblaci\u00f3n - El Diario - Bolivia","og_description":"Tres expertos en finanzas coincidieron que las recientes medidas del Banco Central de Bolivia (BCB) y la falta de transparencia del Gobierno sobre la oferta de d\u00f3lares empezaron a aumentar la desconfianza de la poblaci\u00f3n sobre el sistema financiero. El exdirector del BCB, Gabriel Espinoza, afirm\u00f3 a trav\u00e9s de su cuenta de Twitter: @g_espinoza que [&hellip;]","og_url":"https:\/\/www.eldiario.net\/portal\/2023\/03\/09\/falta-de-transparencia-del-gobierno-aumenta-desconfianza-de-la-poblacion\/","og_site_name":"El Diario - Bolivia","article_publisher":"https:\/\/www.facebook.com\/eldiario.bolivia\/","article_published_time":"2023-03-09T10:35:12+00:00","og_image":[{"width":720,"height":399,"url":"https:\/\/www.eldiario.net\/portal\/wp-content\/uploads\/2023\/03\/DOLARES-FOTO-1.jpg","type":"image\/jpeg"}],"author":"Jeanette","twitter_card":"summary_large_image","twitter_creator":"@eldiario_net","twitter_site":"@eldiario_net","twitter_misc":{"Escrito por":"Jeanette","Tiempo de lectura":"5 minutos"},"schema":{"@context":"https:\/\/schema.org","@graph":[{"@type":"Article","@id":"https:\/\/www.eldiario.net\/portal\/2023\/03\/09\/falta-de-transparencia-del-gobierno-aumenta-desconfianza-de-la-poblacion\/#article","isPartOf":{"@id":"https:\/\/www.eldiario.net\/portal\/2023\/03\/09\/falta-de-transparencia-del-gobierno-aumenta-desconfianza-de-la-poblacion\/"},"author":{"name":"Jeanette","@id":"https:\/\/www.eldiario.net\/portal\/#\/schema\/person\/f46445640444750d7d753ccd04ae01b7"},"headline":"Falta de transparencia del Gobierno aumenta desconfianza de la poblaci\u00f3n","datePublished":"2023-03-09T10:35:12+00:00","mainEntityOfPage":{"@id":"https:\/\/www.eldiario.net\/portal\/2023\/03\/09\/falta-de-transparencia-del-gobierno-aumenta-desconfianza-de-la-poblacion\/"},"wordCount":1139,"publisher":{"@id":"https:\/\/www.eldiario.net\/portal\/#organization"},"image":{"@id":"https:\/\/www.eldiario.net\/portal\/2023\/03\/09\/falta-de-transparencia-del-gobierno-aumenta-desconfianza-de-la-poblacion\/#primaryimage"},"thumbnailUrl":"https:\/\/www.eldiario.net\/portal\/wp-content\/uploads\/2023\/03\/DOLARES-FOTO-1.jpg","articleSection":["Principal"],"inLanguage":"es"},{"@type":"WebPage","@id":"https:\/\/www.eldiario.net\/portal\/2023\/03\/09\/falta-de-transparencia-del-gobierno-aumenta-desconfianza-de-la-poblacion\/","url":"https:\/\/www.eldiario.net\/portal\/2023\/03\/09\/falta-de-transparencia-del-gobierno-aumenta-desconfianza-de-la-poblacion\/","name":"Falta de transparencia del Gobierno aumenta desconfianza de la poblaci\u00f3n - El Diario - Bolivia","isPartOf":{"@id":"https:\/\/www.eldiario.net\/portal\/#website"},"primaryImageOfPage":{"@id":"https:\/\/www.eldiario.net\/portal\/2023\/03\/09\/falta-de-transparencia-del-gobierno-aumenta-desconfianza-de-la-poblacion\/#primaryimage"},"image":{"@id":"https:\/\/www.eldiario.net\/portal\/2023\/03\/09\/falta-de-transparencia-del-gobierno-aumenta-desconfianza-de-la-poblacion\/#primaryimage"},"thumbnailUrl":"https:\/\/www.eldiario.net\/portal\/wp-content\/uploads\/2023\/03\/DOLARES-FOTO-1.jpg","datePublished":"2023-03-09T10:35:12+00:00","breadcrumb":{"@id":"https:\/\/www.eldiario.net\/portal\/2023\/03\/09\/falta-de-transparencia-del-gobierno-aumenta-desconfianza-de-la-poblacion\/#breadcrumb"},"inLanguage":"es","potentialAction":[{"@type":"ReadAction","target":["https:\/\/www.eldiario.net\/portal\/2023\/03\/09\/falta-de-transparencia-del-gobierno-aumenta-desconfianza-de-la-poblacion\/"]}]},{"@type":"ImageObject","inLanguage":"es","@id":"https:\/\/www.eldiario.net\/portal\/2023\/03\/09\/falta-de-transparencia-del-gobierno-aumenta-desconfianza-de-la-poblacion\/#primaryimage","url":"https:\/\/www.eldiario.net\/portal\/wp-content\/uploads\/2023\/03\/DOLARES-FOTO-1.jpg","contentUrl":"https:\/\/www.eldiario.net\/portal\/wp-content\/uploads\/2023\/03\/DOLARES-FOTO-1.jpg","width":720,"height":399,"caption":"Siguen las aglomeraciones en puertas del BCB por la compra de d\u00f3lares. Foto:Br\u00fajula Digital"},{"@type":"BreadcrumbList","@id":"https:\/\/www.eldiario.net\/portal\/2023\/03\/09\/falta-de-transparencia-del-gobierno-aumenta-desconfianza-de-la-poblacion\/#breadcrumb","itemListElement":[{"@type":"ListItem","position":1,"name":"Portada","item":"https:\/\/www.eldiario.net\/portal\/"},{"@type":"ListItem","position":2,"name":"Falta de transparencia del Gobierno aumenta desconfianza de la poblaci\u00f3n"}]},{"@type":"WebSite","@id":"https:\/\/www.eldiario.net\/portal\/#website","url":"https:\/\/www.eldiario.net\/portal\/","name":"El Diario - Decano de la prensa nacional","description":"El Diario - Decano de la prensa nacional","publisher":{"@id":"https:\/\/www.eldiario.net\/portal\/#organization"},"potentialAction":[{"@type":"SearchAction","target":{"@type":"EntryPoint","urlTemplate":"https:\/\/www.eldiario.net\/portal\/?s={search_term_string}"},"query-input":{"@type":"PropertyValueSpecification","valueRequired":true,"valueName":"search_term_string"}}],"inLanguage":"es"},{"@type":"Organization","@id":"https:\/\/www.eldiario.net\/portal\/#organization","name":"El Diario - Decano de la prensa nacional","url":"https:\/\/www.eldiario.net\/portal\/","logo":{"@type":"ImageObject","inLanguage":"es","@id":"https:\/\/www.eldiario.net\/portal\/#\/schema\/logo\/image\/","url":"https:\/\/www.eldiario.net\/portal\/wp-content\/uploads\/2023\/07\/logo_ED.jpg","contentUrl":"https:\/\/www.eldiario.net\/portal\/wp-content\/uploads\/2023\/07\/logo_ED.jpg","width":272,"height":52,"caption":"El Diario - Decano de la prensa nacional"},"image":{"@id":"https:\/\/www.eldiario.net\/portal\/#\/schema\/logo\/image\/"},"sameAs":["https:\/\/www.facebook.com\/eldiario.bolivia\/","https:\/\/x.com\/eldiario_net"]},{"@type":"Person","@id":"https:\/\/www.eldiario.net\/portal\/#\/schema\/person\/f46445640444750d7d753ccd04ae01b7","name":"Jeanette","image":{"@type":"ImageObject","inLanguage":"es","@id":"https:\/\/secure.gravatar.com\/avatar\/3ea2118a5f7dad2b7138b1187a6b7ee55f160b9968b66013c3a3ef39dd7e5798?s=96&d=mm&r=g","url":"https:\/\/secure.gravatar.com\/avatar\/3ea2118a5f7dad2b7138b1187a6b7ee55f160b9968b66013c3a3ef39dd7e5798?s=96&d=mm&r=g","contentUrl":"https:\/\/secure.gravatar.com\/avatar\/3ea2118a5f7dad2b7138b1187a6b7ee55f160b9968b66013c3a3ef39dd7e5798?s=96&d=mm&r=g","caption":"Jeanette"},"sameAs":["https:\/\/www.eldiario.net\/portal"],"url":"https:\/\/www.eldiario.net\/portal\/author\/jeanette\/"}]}},"_links":{"self":[{"href":"https:\/\/www.eldiario.net\/portal\/wp-json\/wp\/v2\/posts\/142208","targetHints":{"allow":["GET"]}}],"collection":[{"href":"https:\/\/www.eldiario.net\/portal\/wp-json\/wp\/v2\/posts"}],"about":[{"href":"https:\/\/www.eldiario.net\/portal\/wp-json\/wp\/v2\/types\/post"}],"author":[{"embeddable":true,"href":"https:\/\/www.eldiario.net\/portal\/wp-json\/wp\/v2\/users\/1"}],"replies":[{"embeddable":true,"href":"https:\/\/www.eldiario.net\/portal\/wp-json\/wp\/v2\/comments?post=142208"}],"version-history":[{"count":0,"href":"https:\/\/www.eldiario.net\/portal\/wp-json\/wp\/v2\/posts\/142208\/revisions"}],"wp:featuredmedia":[{"embeddable":true,"href":"https:\/\/www.eldiario.net\/portal\/wp-json\/wp\/v2\/media\/142209"}],"wp:attachment":[{"href":"https:\/\/www.eldiario.net\/portal\/wp-json\/wp\/v2\/media?parent=142208"}],"wp:term":[{"taxonomy":"category","embeddable":true,"href":"https:\/\/www.eldiario.net\/portal\/wp-json\/wp\/v2\/categories?post=142208"},{"taxonomy":"post_tag","embeddable":true,"href":"https:\/\/www.eldiario.net\/portal\/wp-json\/wp\/v2\/tags?post=142208"}],"curies":[{"name":"wp","href":"https:\/\/api.w.org\/{rel}","templated":true}]}}