{"id":142205,"date":"2023-03-09T06:33:09","date_gmt":"2023-03-09T10:33:09","guid":{"rendered":"https:\/\/www.eldiario.net\/portal\/?p=142205"},"modified":"2023-03-09T06:33:09","modified_gmt":"2023-03-09T10:33:09","slug":"devuelvanme-mi-derecho-a-defenderme-en-libertad","status":"publish","type":"post","link":"https:\/\/www.eldiario.net\/portal\/2023\/03\/09\/devuelvanme-mi-derecho-a-defenderme-en-libertad\/","title":{"rendered":"\u201cDevu\u00e9lvanme mi derecho  a defenderme en libertad\u201d"},"content":{"rendered":"<p>Durante su audiencia de ampliaci\u00f3n a la detenci\u00f3n preventiva por el caso denominado golpe de Estado I, la expresidenta Jeanine A\u00f1ez afirm\u00f3 que en vez de prolongarle su confinamiento en la c\u00e1rcel, la justicia debe aceptar que se defienda en libertad.<\/p>\n<p>\u201cNo corresponde otra resoluci\u00f3n que devolverme mi derecho a defenderme en libertad y en un juicio de responsabilidades, un juicio de responsabilidades que se me niega y me obligan a estar en esta audiencia nula, donde yo no lo reconozco para juzgarme y curiosamente s\u00f3lo usted lo \u00fanico que puede hacer es evitar m\u00e1s violencia contra una mujer expresidente\u201d, expres\u00f3 A\u00f1ez.<\/p>\n<p>Afirm\u00f3 que s\u00f3lo faltan d\u00edas para cumplir dos a\u00f1os con detenci\u00f3n preventiva en el penal de Miraflores y que sorprende que a\u00fan sigan solicitando la ampliaci\u00f3n de la medida por sexta vez.<\/p>\n<p>\u201cA pocos d\u00edas estar\u00eda cumpliendo dos a\u00f1os de la m\u00e1xima medida cautelar penal contra una mujer inocente, la privaci\u00f3n de libertad y est\u00e1 en manos del Juez contra la Violencia Hacia la Mujer lo que parece ir\u00f3nico y hasta una burla la ampliaci\u00f3n por sexta vez de este abuso procesal, de esta ilegal detenci\u00f3n preventiva indefinida\u201d, lament\u00f3 la exmandataria.<\/p>\n<p>Record\u00f3 que su detenci\u00f3n fue por \u201corden del Gobierno\u201d en la ciudad de Trinidad siendo ilegal su traslada la sede de Gobierno y que desde ese entonces se encuentra privada de libertad sin importar la vulneraci\u00f3n de sus derechos.<\/p>\n<p>\u201cEs curioso que hoy me encuentre ante su juzgado primero contra la Violencia Hacia la Mujer, a 712 d\u00edas de mi secuestro ejecutado en la ciudad de Trinidad por decisi\u00f3n y a la orden del gobierno del MAS. Mi ilegal traslado a la ciudad de La Paz y la privaci\u00f3n de mi libertad desde entonces sin que importe a ning\u00fan tribunal ni fiscal, la vulneraci\u00f3n de todos mis derechos, comenzando por la inexistencia una denuncia congruente\u201d, dijo.<\/p>\n<p>Asegur\u00f3 que ning\u00fan juzgado, ni ning\u00fan tribunal ordinario tienen jurisdicci\u00f3n para determinar ni juzgar los actos administrativos ni pol\u00edticos de una expresidenta.<\/p>\n<p>\u201cLa Constituci\u00f3n Pol\u00edtica del Estado y la Ley 044 se\u00f1alan la v\u00eda del Juicio de Responsabilidades para investigar, conocer y garantizar el debido proceso a una ex mandataria de Estado. \u00bfSer\u00e1 usted se\u00f1or Juez, a cargo de los delitos de violencia contra las mujeres, la autoridad judicial imparcial, independiente y respetuosa de la Constituci\u00f3n, que har\u00e1 valer mis derechos frente a los abusos cometidos en mi contra por sus pares estos casi dos a\u00f1os pasados de reclusi\u00f3n y pondr\u00e1 fin a tanto atropello?\u201d, cuestion\u00f3.<\/p>\n<p>Asimismo, pregunt\u00f3 al juez si est\u00e1 en frente de una terrorista o una sediciosa y que solo est\u00e1 frente a una expresidenta de Bolivia que \u201cen su vida solamente ha matado mosquitos y quieren endosarme delitos que jam\u00e1s he cometido\u201d. (ANF)<\/p>\n","protected":false},"excerpt":{"rendered":"<p>Durante su audiencia de ampliaci\u00f3n a la detenci\u00f3n preventiva por el caso denominado golpe de Estado I, la expresidenta Jeanine A\u00f1ez afirm\u00f3 que en vez de prolongarle su confinamiento en la c\u00e1rcel, la justicia debe aceptar que se defienda en libertad. \u201cNo corresponde otra resoluci\u00f3n que devolverme mi derecho a defenderme en libertad y en [&hellip;]<\/p>\n","protected":false},"author":1,"featured_media":142206,"comment_status":"closed","ping_status":"closed","sticky":false,"template":"","format":"standard","meta":{"_acf_changed":false,"footnotes":""},"categories":[15],"tags":[],"class_list":["post-142205","post","type-post","status-publish","format-standard","has-post-thumbnail","category-portada"],"acf":{"antetitulo":""},"yoast_head":"<!-- This site is optimized with the Yoast SEO plugin v28.3 - https:\/\/yoast.com\/product\/yoast-seo-wordpress\/ -->\n<title>\u201cDevu\u00e9lvanme mi derecho a defenderme en libertad\u201d - El Diario - Bolivia<\/title>\n<meta name=\"robots\" content=\"index, follow, max-snippet:-1, max-image-preview:large, max-video-preview:-1\" \/>\n<link rel=\"canonical\" href=\"https:\/\/www.eldiario.net\/portal\/2023\/03\/09\/devuelvanme-mi-derecho-a-defenderme-en-libertad\/\" \/>\n<meta property=\"og:locale\" content=\"es_ES\" \/>\n<meta property=\"og:type\" content=\"article\" \/>\n<meta property=\"og:title\" content=\"\u201cDevu\u00e9lvanme mi derecho a defenderme en libertad\u201d - El Diario - Bolivia\" \/>\n<meta property=\"og:description\" content=\"Durante su audiencia de ampliaci\u00f3n a la detenci\u00f3n preventiva por el caso denominado golpe de Estado I, la expresidenta Jeanine A\u00f1ez afirm\u00f3 que en vez de prolongarle su confinamiento en la c\u00e1rcel, la justicia debe aceptar que se defienda en libertad. \u201cNo corresponde otra resoluci\u00f3n que devolverme mi derecho a defenderme en libertad y en [&hellip;]\" \/>\n<meta property=\"og:url\" content=\"https:\/\/www.eldiario.net\/portal\/2023\/03\/09\/devuelvanme-mi-derecho-a-defenderme-en-libertad\/\" \/>\n<meta property=\"og:site_name\" content=\"El Diario - Bolivia\" \/>\n<meta property=\"article:publisher\" content=\"https:\/\/www.facebook.com\/eldiario.bolivia\/\" \/>\n<meta property=\"article:published_time\" content=\"2023-03-09T10:33:09+00:00\" \/>\n<meta name=\"author\" content=\"Jeanette\" \/>\n<meta name=\"twitter:card\" content=\"summary_large_image\" \/>\n<meta name=\"twitter:creator\" content=\"@eldiario_net\" \/>\n<meta name=\"twitter:site\" content=\"@eldiario_net\" \/>\n<meta name=\"twitter:label1\" content=\"Escrito por\" \/>\n\t<meta name=\"twitter:data1\" content=\"Jeanette\" \/>\n\t<meta name=\"twitter:label2\" content=\"Tiempo de lectura\" \/>\n\t<meta name=\"twitter:data2\" content=\"3 minutos\" \/>\n<script type=\"application\/ld+json\" class=\"yoast-schema-graph\">{\"@context\":\"https:\\\/\\\/schema.org\",\"@graph\":[{\"@type\":\"Article\",\"@id\":\"https:\\\/\\\/www.eldiario.net\\\/portal\\\/2023\\\/03\\\/09\\\/devuelvanme-mi-derecho-a-defenderme-en-libertad\\\/#article\",\"isPartOf\":{\"@id\":\"https:\\\/\\\/www.eldiario.net\\\/portal\\\/2023\\\/03\\\/09\\\/devuelvanme-mi-derecho-a-defenderme-en-libertad\\\/\"},\"author\":{\"name\":\"Jeanette\",\"@id\":\"https:\\\/\\\/www.eldiario.net\\\/portal\\\/#\\\/schema\\\/person\\\/f46445640444750d7d753ccd04ae01b7\"},\"headline\":\"\u201cDevu\u00e9lvanme mi derecho a defenderme en libertad\u201d\",\"datePublished\":\"2023-03-09T10:33:09+00:00\",\"mainEntityOfPage\":{\"@id\":\"https:\\\/\\\/www.eldiario.net\\\/portal\\\/2023\\\/03\\\/09\\\/devuelvanme-mi-derecho-a-defenderme-en-libertad\\\/\"},\"wordCount\":504,\"publisher\":{\"@id\":\"https:\\\/\\\/www.eldiario.net\\\/portal\\\/#organization\"},\"image\":{\"@id\":\"https:\\\/\\\/www.eldiario.net\\\/portal\\\/2023\\\/03\\\/09\\\/devuelvanme-mi-derecho-a-defenderme-en-libertad\\\/#primaryimage\"},\"thumbnailUrl\":\"\",\"articleSection\":[\"Portada\"],\"inLanguage\":\"es\"},{\"@type\":\"WebPage\",\"@id\":\"https:\\\/\\\/www.eldiario.net\\\/portal\\\/2023\\\/03\\\/09\\\/devuelvanme-mi-derecho-a-defenderme-en-libertad\\\/\",\"url\":\"https:\\\/\\\/www.eldiario.net\\\/portal\\\/2023\\\/03\\\/09\\\/devuelvanme-mi-derecho-a-defenderme-en-libertad\\\/\",\"name\":\"\u201cDevu\u00e9lvanme mi derecho a defenderme en libertad\u201d - El Diario - Bolivia\",\"isPartOf\":{\"@id\":\"https:\\\/\\\/www.eldiario.net\\\/portal\\\/#website\"},\"primaryImageOfPage\":{\"@id\":\"https:\\\/\\\/www.eldiario.net\\\/portal\\\/2023\\\/03\\\/09\\\/devuelvanme-mi-derecho-a-defenderme-en-libertad\\\/#primaryimage\"},\"image\":{\"@id\":\"https:\\\/\\\/www.eldiario.net\\\/portal\\\/2023\\\/03\\\/09\\\/devuelvanme-mi-derecho-a-defenderme-en-libertad\\\/#primaryimage\"},\"thumbnailUrl\":\"\",\"datePublished\":\"2023-03-09T10:33:09+00:00\",\"breadcrumb\":{\"@id\":\"https:\\\/\\\/www.eldiario.net\\\/portal\\\/2023\\\/03\\\/09\\\/devuelvanme-mi-derecho-a-defenderme-en-libertad\\\/#breadcrumb\"},\"inLanguage\":\"es\",\"potentialAction\":[{\"@type\":\"ReadAction\",\"target\":[\"https:\\\/\\\/www.eldiario.net\\\/portal\\\/2023\\\/03\\\/09\\\/devuelvanme-mi-derecho-a-defenderme-en-libertad\\\/\"]}]},{\"@type\":\"ImageObject\",\"inLanguage\":\"es\",\"@id\":\"https:\\\/\\\/www.eldiario.net\\\/portal\\\/2023\\\/03\\\/09\\\/devuelvanme-mi-derecho-a-defenderme-en-libertad\\\/#primaryimage\",\"url\":\"\",\"contentUrl\":\"\"},{\"@type\":\"BreadcrumbList\",\"@id\":\"https:\\\/\\\/www.eldiario.net\\\/portal\\\/2023\\\/03\\\/09\\\/devuelvanme-mi-derecho-a-defenderme-en-libertad\\\/#breadcrumb\",\"itemListElement\":[{\"@type\":\"ListItem\",\"position\":1,\"name\":\"Portada\",\"item\":\"https:\\\/\\\/www.eldiario.net\\\/portal\\\/\"},{\"@type\":\"ListItem\",\"position\":2,\"name\":\"\u201cDevu\u00e9lvanme mi derecho a defenderme en libertad\u201d\"}]},{\"@type\":\"WebSite\",\"@id\":\"https:\\\/\\\/www.eldiario.net\\\/portal\\\/#website\",\"url\":\"https:\\\/\\\/www.eldiario.net\\\/portal\\\/\",\"name\":\"El Diario - Decano de la prensa nacional\",\"description\":\"El Diario - Decano de la prensa nacional\",\"publisher\":{\"@id\":\"https:\\\/\\\/www.eldiario.net\\\/portal\\\/#organization\"},\"potentialAction\":[{\"@type\":\"SearchAction\",\"target\":{\"@type\":\"EntryPoint\",\"urlTemplate\":\"https:\\\/\\\/www.eldiario.net\\\/portal\\\/?s={search_term_string}\"},\"query-input\":{\"@type\":\"PropertyValueSpecification\",\"valueRequired\":true,\"valueName\":\"search_term_string\"}}],\"inLanguage\":\"es\"},{\"@type\":\"Organization\",\"@id\":\"https:\\\/\\\/www.eldiario.net\\\/portal\\\/#organization\",\"name\":\"El Diario - Decano de la prensa nacional\",\"url\":\"https:\\\/\\\/www.eldiario.net\\\/portal\\\/\",\"logo\":{\"@type\":\"ImageObject\",\"inLanguage\":\"es\",\"@id\":\"https:\\\/\\\/www.eldiario.net\\\/portal\\\/#\\\/schema\\\/logo\\\/image\\\/\",\"url\":\"https:\\\/\\\/www.eldiario.net\\\/portal\\\/wp-content\\\/uploads\\\/2023\\\/07\\\/logo_ED.jpg\",\"contentUrl\":\"https:\\\/\\\/www.eldiario.net\\\/portal\\\/wp-content\\\/uploads\\\/2023\\\/07\\\/logo_ED.jpg\",\"width\":272,\"height\":52,\"caption\":\"El Diario - Decano de la prensa nacional\"},\"image\":{\"@id\":\"https:\\\/\\\/www.eldiario.net\\\/portal\\\/#\\\/schema\\\/logo\\\/image\\\/\"},\"sameAs\":[\"https:\\\/\\\/www.facebook.com\\\/eldiario.bolivia\\\/\",\"https:\\\/\\\/x.com\\\/eldiario_net\"]},{\"@type\":\"Person\",\"@id\":\"https:\\\/\\\/www.eldiario.net\\\/portal\\\/#\\\/schema\\\/person\\\/f46445640444750d7d753ccd04ae01b7\",\"name\":\"Jeanette\",\"image\":{\"@type\":\"ImageObject\",\"inLanguage\":\"es\",\"@id\":\"https:\\\/\\\/secure.gravatar.com\\\/avatar\\\/3ea2118a5f7dad2b7138b1187a6b7ee55f160b9968b66013c3a3ef39dd7e5798?s=96&d=mm&r=g\",\"url\":\"https:\\\/\\\/secure.gravatar.com\\\/avatar\\\/3ea2118a5f7dad2b7138b1187a6b7ee55f160b9968b66013c3a3ef39dd7e5798?s=96&d=mm&r=g\",\"contentUrl\":\"https:\\\/\\\/secure.gravatar.com\\\/avatar\\\/3ea2118a5f7dad2b7138b1187a6b7ee55f160b9968b66013c3a3ef39dd7e5798?s=96&d=mm&r=g\",\"caption\":\"Jeanette\"},\"sameAs\":[\"https:\\\/\\\/www.eldiario.net\\\/portal\"],\"url\":\"https:\\\/\\\/www.eldiario.net\\\/portal\\\/author\\\/jeanette\\\/\"}]}<\/script>\n<!-- \/ Yoast SEO plugin. -->","yoast_head_json":{"title":"\u201cDevu\u00e9lvanme mi derecho a defenderme en libertad\u201d - El Diario - Bolivia","robots":{"index":"index","follow":"follow","max-snippet":"max-snippet:-1","max-image-preview":"max-image-preview:large","max-video-preview":"max-video-preview:-1"},"canonical":"https:\/\/www.eldiario.net\/portal\/2023\/03\/09\/devuelvanme-mi-derecho-a-defenderme-en-libertad\/","og_locale":"es_ES","og_type":"article","og_title":"\u201cDevu\u00e9lvanme mi derecho a defenderme en libertad\u201d - El Diario - Bolivia","og_description":"Durante su audiencia de ampliaci\u00f3n a la detenci\u00f3n preventiva por el caso denominado golpe de Estado I, la expresidenta Jeanine A\u00f1ez afirm\u00f3 que en vez de prolongarle su confinamiento en la c\u00e1rcel, la justicia debe aceptar que se defienda en libertad. \u201cNo corresponde otra resoluci\u00f3n que devolverme mi derecho a defenderme en libertad y en [&hellip;]","og_url":"https:\/\/www.eldiario.net\/portal\/2023\/03\/09\/devuelvanme-mi-derecho-a-defenderme-en-libertad\/","og_site_name":"El Diario - Bolivia","article_publisher":"https:\/\/www.facebook.com\/eldiario.bolivia\/","article_published_time":"2023-03-09T10:33:09+00:00","author":"Jeanette","twitter_card":"summary_large_image","twitter_creator":"@eldiario_net","twitter_site":"@eldiario_net","twitter_misc":{"Escrito por":"Jeanette","Tiempo de lectura":"3 minutos"},"schema":{"@context":"https:\/\/schema.org","@graph":[{"@type":"Article","@id":"https:\/\/www.eldiario.net\/portal\/2023\/03\/09\/devuelvanme-mi-derecho-a-defenderme-en-libertad\/#article","isPartOf":{"@id":"https:\/\/www.eldiario.net\/portal\/2023\/03\/09\/devuelvanme-mi-derecho-a-defenderme-en-libertad\/"},"author":{"name":"Jeanette","@id":"https:\/\/www.eldiario.net\/portal\/#\/schema\/person\/f46445640444750d7d753ccd04ae01b7"},"headline":"\u201cDevu\u00e9lvanme mi derecho a defenderme en libertad\u201d","datePublished":"2023-03-09T10:33:09+00:00","mainEntityOfPage":{"@id":"https:\/\/www.eldiario.net\/portal\/2023\/03\/09\/devuelvanme-mi-derecho-a-defenderme-en-libertad\/"},"wordCount":504,"publisher":{"@id":"https:\/\/www.eldiario.net\/portal\/#organization"},"image":{"@id":"https:\/\/www.eldiario.net\/portal\/2023\/03\/09\/devuelvanme-mi-derecho-a-defenderme-en-libertad\/#primaryimage"},"thumbnailUrl":"","articleSection":["Portada"],"inLanguage":"es"},{"@type":"WebPage","@id":"https:\/\/www.eldiario.net\/portal\/2023\/03\/09\/devuelvanme-mi-derecho-a-defenderme-en-libertad\/","url":"https:\/\/www.eldiario.net\/portal\/2023\/03\/09\/devuelvanme-mi-derecho-a-defenderme-en-libertad\/","name":"\u201cDevu\u00e9lvanme mi derecho a defenderme en libertad\u201d - El Diario - Bolivia","isPartOf":{"@id":"https:\/\/www.eldiario.net\/portal\/#website"},"primaryImageOfPage":{"@id":"https:\/\/www.eldiario.net\/portal\/2023\/03\/09\/devuelvanme-mi-derecho-a-defenderme-en-libertad\/#primaryimage"},"image":{"@id":"https:\/\/www.eldiario.net\/portal\/2023\/03\/09\/devuelvanme-mi-derecho-a-defenderme-en-libertad\/#primaryimage"},"thumbnailUrl":"","datePublished":"2023-03-09T10:33:09+00:00","breadcrumb":{"@id":"https:\/\/www.eldiario.net\/portal\/2023\/03\/09\/devuelvanme-mi-derecho-a-defenderme-en-libertad\/#breadcrumb"},"inLanguage":"es","potentialAction":[{"@type":"ReadAction","target":["https:\/\/www.eldiario.net\/portal\/2023\/03\/09\/devuelvanme-mi-derecho-a-defenderme-en-libertad\/"]}]},{"@type":"ImageObject","inLanguage":"es","@id":"https:\/\/www.eldiario.net\/portal\/2023\/03\/09\/devuelvanme-mi-derecho-a-defenderme-en-libertad\/#primaryimage","url":"","contentUrl":""},{"@type":"BreadcrumbList","@id":"https:\/\/www.eldiario.net\/portal\/2023\/03\/09\/devuelvanme-mi-derecho-a-defenderme-en-libertad\/#breadcrumb","itemListElement":[{"@type":"ListItem","position":1,"name":"Portada","item":"https:\/\/www.eldiario.net\/portal\/"},{"@type":"ListItem","position":2,"name":"\u201cDevu\u00e9lvanme mi derecho a defenderme en libertad\u201d"}]},{"@type":"WebSite","@id":"https:\/\/www.eldiario.net\/portal\/#website","url":"https:\/\/www.eldiario.net\/portal\/","name":"El Diario - Decano de la prensa nacional","description":"El Diario - Decano de la prensa nacional","publisher":{"@id":"https:\/\/www.eldiario.net\/portal\/#organization"},"potentialAction":[{"@type":"SearchAction","target":{"@type":"EntryPoint","urlTemplate":"https:\/\/www.eldiario.net\/portal\/?s={search_term_string}"},"query-input":{"@type":"PropertyValueSpecification","valueRequired":true,"valueName":"search_term_string"}}],"inLanguage":"es"},{"@type":"Organization","@id":"https:\/\/www.eldiario.net\/portal\/#organization","name":"El Diario - Decano de la prensa nacional","url":"https:\/\/www.eldiario.net\/portal\/","logo":{"@type":"ImageObject","inLanguage":"es","@id":"https:\/\/www.eldiario.net\/portal\/#\/schema\/logo\/image\/","url":"https:\/\/www.eldiario.net\/portal\/wp-content\/uploads\/2023\/07\/logo_ED.jpg","contentUrl":"https:\/\/www.eldiario.net\/portal\/wp-content\/uploads\/2023\/07\/logo_ED.jpg","width":272,"height":52,"caption":"El Diario - Decano de la prensa nacional"},"image":{"@id":"https:\/\/www.eldiario.net\/portal\/#\/schema\/logo\/image\/"},"sameAs":["https:\/\/www.facebook.com\/eldiario.bolivia\/","https:\/\/x.com\/eldiario_net"]},{"@type":"Person","@id":"https:\/\/www.eldiario.net\/portal\/#\/schema\/person\/f46445640444750d7d753ccd04ae01b7","name":"Jeanette","image":{"@type":"ImageObject","inLanguage":"es","@id":"https:\/\/secure.gravatar.com\/avatar\/3ea2118a5f7dad2b7138b1187a6b7ee55f160b9968b66013c3a3ef39dd7e5798?s=96&d=mm&r=g","url":"https:\/\/secure.gravatar.com\/avatar\/3ea2118a5f7dad2b7138b1187a6b7ee55f160b9968b66013c3a3ef39dd7e5798?s=96&d=mm&r=g","contentUrl":"https:\/\/secure.gravatar.com\/avatar\/3ea2118a5f7dad2b7138b1187a6b7ee55f160b9968b66013c3a3ef39dd7e5798?s=96&d=mm&r=g","caption":"Jeanette"},"sameAs":["https:\/\/www.eldiario.net\/portal"],"url":"https:\/\/www.eldiario.net\/portal\/author\/jeanette\/"}]}},"_links":{"self":[{"href":"https:\/\/www.eldiario.net\/portal\/wp-json\/wp\/v2\/posts\/142205","targetHints":{"allow":["GET"]}}],"collection":[{"href":"https:\/\/www.eldiario.net\/portal\/wp-json\/wp\/v2\/posts"}],"about":[{"href":"https:\/\/www.eldiario.net\/portal\/wp-json\/wp\/v2\/types\/post"}],"author":[{"embeddable":true,"href":"https:\/\/www.eldiario.net\/portal\/wp-json\/wp\/v2\/users\/1"}],"replies":[{"embeddable":true,"href":"https:\/\/www.eldiario.net\/portal\/wp-json\/wp\/v2\/comments?post=142205"}],"version-history":[{"count":0,"href":"https:\/\/www.eldiario.net\/portal\/wp-json\/wp\/v2\/posts\/142205\/revisions"}],"wp:attachment":[{"href":"https:\/\/www.eldiario.net\/portal\/wp-json\/wp\/v2\/media?parent=142205"}],"wp:term":[{"taxonomy":"category","embeddable":true,"href":"https:\/\/www.eldiario.net\/portal\/wp-json\/wp\/v2\/categories?post=142205"},{"taxonomy":"post_tag","embeddable":true,"href":"https:\/\/www.eldiario.net\/portal\/wp-json\/wp\/v2\/tags?post=142205"}],"curies":[{"name":"wp","href":"https:\/\/api.w.org\/{rel}","templated":true}]}}