{"id":142202,"date":"2023-03-09T06:31:26","date_gmt":"2023-03-09T10:31:26","guid":{"rendered":"https:\/\/www.eldiario.net\/portal\/?p=142202"},"modified":"2023-03-09T06:31:26","modified_gmt":"2023-03-09T10:31:26","slug":"posicion-del-mas-es-evitar-toda-reforma-en-la-justicia","status":"publish","type":"post","link":"https:\/\/www.eldiario.net\/portal\/2023\/03\/09\/posicion-del-mas-es-evitar-toda-reforma-en-la-justicia\/","title":{"rendered":"Posici\u00f3n del MAS es evitar  toda reforma en la justicia"},"content":{"rendered":"<p>Respondiendo a los cuestionamientos del oficialismo a la propuesta de Comunidad Ciudadana (CC) para las pr\u00f3ximas elecciones judiciales, el jefe de bancada por esta organizaci\u00f3n pol\u00edtica en Diputados, Enrique Urquidi, asegur\u00f3 que la posici\u00f3n del Movimiento al Socialismo (MAS) es descalificar cualquier iniciativa y evitar verdaderas reformas en la justicia.<\/p>\n<p>Urquidi se refiri\u00f3 a las observaciones del oficialismo calific\u00e1ndolas como intentos por deslegitimar y descalificar propuestas legitimas de los frentes de oposici\u00f3n y de varios sectores de la sociedad como el Conade y otros, que van en la misma direcci\u00f3n.<\/p>\n<p>\u201cAhora sabemos que la posici\u00f3n del oficialismo es la de descalificar toda iniciativa porque, est\u00e1 claro que los que menos quieren y menos les conviene es cambiar la justicia y a las cabezas del \u00d3rgano Judicial es al MAS\u201d, indic\u00f3 el legislador.<\/p>\n<p>Sostuvo adem\u00e1s que los cuestionamientos expresados por parlamentarios del MAS responden a que durante 16 a\u00f1os, esta organizaci\u00f3n pol\u00edtica ha convertido a la justicia en un espacio en el que pueden mandar a jueces y fiscales para ejecutar la persecuci\u00f3n pol\u00edtica y judicial contra l\u00edderes de oposici\u00f3n, autoridades y ciudadanos contrarios a sus intereses.<\/p>\n<p>El lunes, desde la alianza Comunidad Ciudadana se present\u00f3 un proyecto de Ley en el que se plantea la creaci\u00f3n de nueve Tribunales Departamentales de M\u00e9ritos que apoyen en el proceso de selecci\u00f3n de postulantes a altos cargos en el \u00d3rgano Judicial.<\/p>\n<p>Inmediatamente, autoridades y legisladores del oficialismo rechazaron la propuesta se\u00f1alando que va en contra de la Constituci\u00f3n Pol\u00edtica del Estado y quita atribuciones a la Asamblea Legislativa.<\/p>\n","protected":false},"excerpt":{"rendered":"<p>Respondiendo a los cuestionamientos del oficialismo a la propuesta de Comunidad Ciudadana (CC) para las pr\u00f3ximas elecciones judiciales, el jefe de bancada por esta organizaci\u00f3n pol\u00edtica en Diputados, Enrique Urquidi, asegur\u00f3 que la posici\u00f3n del Movimiento al Socialismo (MAS) es descalificar cualquier iniciativa y evitar verdaderas reformas en la justicia. Urquidi se refiri\u00f3 a las [&hellip;]<\/p>\n","protected":false},"author":1,"featured_media":142203,"comment_status":"closed","ping_status":"closed","sticky":false,"template":"","format":"standard","meta":{"_acf_changed":false,"footnotes":""},"categories":[15],"tags":[],"class_list":["post-142202","post","type-post","status-publish","format-standard","has-post-thumbnail","category-portada"],"acf":{"antetitulo":""},"yoast_head":"<!-- This site is optimized with the Yoast SEO plugin v28.3 - https:\/\/yoast.com\/product\/yoast-seo-wordpress\/ -->\n<title>Posici\u00f3n del MAS es evitar toda reforma en la justicia - El Diario - Bolivia<\/title>\n<meta name=\"robots\" content=\"index, follow, max-snippet:-1, max-image-preview:large, max-video-preview:-1\" \/>\n<link rel=\"canonical\" href=\"https:\/\/www.eldiario.net\/portal\/2023\/03\/09\/posicion-del-mas-es-evitar-toda-reforma-en-la-justicia\/\" \/>\n<meta property=\"og:locale\" content=\"es_ES\" \/>\n<meta property=\"og:type\" content=\"article\" \/>\n<meta property=\"og:title\" content=\"Posici\u00f3n del MAS es evitar toda reforma en la justicia - El Diario - Bolivia\" \/>\n<meta property=\"og:description\" content=\"Respondiendo a los cuestionamientos del oficialismo a la propuesta de Comunidad Ciudadana (CC) para las pr\u00f3ximas elecciones judiciales, el jefe de bancada por esta organizaci\u00f3n pol\u00edtica en Diputados, Enrique Urquidi, asegur\u00f3 que la posici\u00f3n del Movimiento al Socialismo (MAS) es descalificar cualquier iniciativa y evitar verdaderas reformas en la justicia. Urquidi se refiri\u00f3 a las [&hellip;]\" \/>\n<meta property=\"og:url\" content=\"https:\/\/www.eldiario.net\/portal\/2023\/03\/09\/posicion-del-mas-es-evitar-toda-reforma-en-la-justicia\/\" \/>\n<meta property=\"og:site_name\" content=\"El Diario - Bolivia\" \/>\n<meta property=\"article:publisher\" content=\"https:\/\/www.facebook.com\/eldiario.bolivia\/\" \/>\n<meta property=\"article:published_time\" content=\"2023-03-09T10:31:26+00:00\" \/>\n<meta name=\"author\" content=\"Jeanette\" \/>\n<meta name=\"twitter:card\" content=\"summary_large_image\" \/>\n<meta name=\"twitter:creator\" content=\"@eldiario_net\" \/>\n<meta name=\"twitter:site\" content=\"@eldiario_net\" \/>\n<meta name=\"twitter:label1\" content=\"Escrito por\" \/>\n\t<meta name=\"twitter:data1\" content=\"Jeanette\" \/>\n\t<meta name=\"twitter:label2\" content=\"Tiempo de lectura\" \/>\n\t<meta name=\"twitter:data2\" content=\"2 minutos\" \/>\n<script type=\"application\/ld+json\" class=\"yoast-schema-graph\">{\"@context\":\"https:\\\/\\\/schema.org\",\"@graph\":[{\"@type\":\"Article\",\"@id\":\"https:\\\/\\\/www.eldiario.net\\\/portal\\\/2023\\\/03\\\/09\\\/posicion-del-mas-es-evitar-toda-reforma-en-la-justicia\\\/#article\",\"isPartOf\":{\"@id\":\"https:\\\/\\\/www.eldiario.net\\\/portal\\\/2023\\\/03\\\/09\\\/posicion-del-mas-es-evitar-toda-reforma-en-la-justicia\\\/\"},\"author\":{\"name\":\"Jeanette\",\"@id\":\"https:\\\/\\\/www.eldiario.net\\\/portal\\\/#\\\/schema\\\/person\\\/f46445640444750d7d753ccd04ae01b7\"},\"headline\":\"Posici\u00f3n del MAS es evitar toda reforma en la justicia\",\"datePublished\":\"2023-03-09T10:31:26+00:00\",\"mainEntityOfPage\":{\"@id\":\"https:\\\/\\\/www.eldiario.net\\\/portal\\\/2023\\\/03\\\/09\\\/posicion-del-mas-es-evitar-toda-reforma-en-la-justicia\\\/\"},\"wordCount\":287,\"publisher\":{\"@id\":\"https:\\\/\\\/www.eldiario.net\\\/portal\\\/#organization\"},\"image\":{\"@id\":\"https:\\\/\\\/www.eldiario.net\\\/portal\\\/2023\\\/03\\\/09\\\/posicion-del-mas-es-evitar-toda-reforma-en-la-justicia\\\/#primaryimage\"},\"thumbnailUrl\":\"\",\"articleSection\":[\"Portada\"],\"inLanguage\":\"es\"},{\"@type\":\"WebPage\",\"@id\":\"https:\\\/\\\/www.eldiario.net\\\/portal\\\/2023\\\/03\\\/09\\\/posicion-del-mas-es-evitar-toda-reforma-en-la-justicia\\\/\",\"url\":\"https:\\\/\\\/www.eldiario.net\\\/portal\\\/2023\\\/03\\\/09\\\/posicion-del-mas-es-evitar-toda-reforma-en-la-justicia\\\/\",\"name\":\"Posici\u00f3n del MAS es evitar toda reforma en la justicia - El Diario - Bolivia\",\"isPartOf\":{\"@id\":\"https:\\\/\\\/www.eldiario.net\\\/portal\\\/#website\"},\"primaryImageOfPage\":{\"@id\":\"https:\\\/\\\/www.eldiario.net\\\/portal\\\/2023\\\/03\\\/09\\\/posicion-del-mas-es-evitar-toda-reforma-en-la-justicia\\\/#primaryimage\"},\"image\":{\"@id\":\"https:\\\/\\\/www.eldiario.net\\\/portal\\\/2023\\\/03\\\/09\\\/posicion-del-mas-es-evitar-toda-reforma-en-la-justicia\\\/#primaryimage\"},\"thumbnailUrl\":\"\",\"datePublished\":\"2023-03-09T10:31:26+00:00\",\"breadcrumb\":{\"@id\":\"https:\\\/\\\/www.eldiario.net\\\/portal\\\/2023\\\/03\\\/09\\\/posicion-del-mas-es-evitar-toda-reforma-en-la-justicia\\\/#breadcrumb\"},\"inLanguage\":\"es\",\"potentialAction\":[{\"@type\":\"ReadAction\",\"target\":[\"https:\\\/\\\/www.eldiario.net\\\/portal\\\/2023\\\/03\\\/09\\\/posicion-del-mas-es-evitar-toda-reforma-en-la-justicia\\\/\"]}]},{\"@type\":\"ImageObject\",\"inLanguage\":\"es\",\"@id\":\"https:\\\/\\\/www.eldiario.net\\\/portal\\\/2023\\\/03\\\/09\\\/posicion-del-mas-es-evitar-toda-reforma-en-la-justicia\\\/#primaryimage\",\"url\":\"\",\"contentUrl\":\"\"},{\"@type\":\"BreadcrumbList\",\"@id\":\"https:\\\/\\\/www.eldiario.net\\\/portal\\\/2023\\\/03\\\/09\\\/posicion-del-mas-es-evitar-toda-reforma-en-la-justicia\\\/#breadcrumb\",\"itemListElement\":[{\"@type\":\"ListItem\",\"position\":1,\"name\":\"Portada\",\"item\":\"https:\\\/\\\/www.eldiario.net\\\/portal\\\/\"},{\"@type\":\"ListItem\",\"position\":2,\"name\":\"Posici\u00f3n del MAS es evitar toda reforma en la justicia\"}]},{\"@type\":\"WebSite\",\"@id\":\"https:\\\/\\\/www.eldiario.net\\\/portal\\\/#website\",\"url\":\"https:\\\/\\\/www.eldiario.net\\\/portal\\\/\",\"name\":\"El Diario - Decano de la prensa nacional\",\"description\":\"El Diario - Decano de la prensa nacional\",\"publisher\":{\"@id\":\"https:\\\/\\\/www.eldiario.net\\\/portal\\\/#organization\"},\"potentialAction\":[{\"@type\":\"SearchAction\",\"target\":{\"@type\":\"EntryPoint\",\"urlTemplate\":\"https:\\\/\\\/www.eldiario.net\\\/portal\\\/?s={search_term_string}\"},\"query-input\":{\"@type\":\"PropertyValueSpecification\",\"valueRequired\":true,\"valueName\":\"search_term_string\"}}],\"inLanguage\":\"es\"},{\"@type\":\"Organization\",\"@id\":\"https:\\\/\\\/www.eldiario.net\\\/portal\\\/#organization\",\"name\":\"El Diario - Decano de la prensa nacional\",\"url\":\"https:\\\/\\\/www.eldiario.net\\\/portal\\\/\",\"logo\":{\"@type\":\"ImageObject\",\"inLanguage\":\"es\",\"@id\":\"https:\\\/\\\/www.eldiario.net\\\/portal\\\/#\\\/schema\\\/logo\\\/image\\\/\",\"url\":\"https:\\\/\\\/www.eldiario.net\\\/portal\\\/wp-content\\\/uploads\\\/2023\\\/07\\\/logo_ED.jpg\",\"contentUrl\":\"https:\\\/\\\/www.eldiario.net\\\/portal\\\/wp-content\\\/uploads\\\/2023\\\/07\\\/logo_ED.jpg\",\"width\":272,\"height\":52,\"caption\":\"El Diario - Decano de la prensa nacional\"},\"image\":{\"@id\":\"https:\\\/\\\/www.eldiario.net\\\/portal\\\/#\\\/schema\\\/logo\\\/image\\\/\"},\"sameAs\":[\"https:\\\/\\\/www.facebook.com\\\/eldiario.bolivia\\\/\",\"https:\\\/\\\/x.com\\\/eldiario_net\"]},{\"@type\":\"Person\",\"@id\":\"https:\\\/\\\/www.eldiario.net\\\/portal\\\/#\\\/schema\\\/person\\\/f46445640444750d7d753ccd04ae01b7\",\"name\":\"Jeanette\",\"image\":{\"@type\":\"ImageObject\",\"inLanguage\":\"es\",\"@id\":\"https:\\\/\\\/secure.gravatar.com\\\/avatar\\\/3ea2118a5f7dad2b7138b1187a6b7ee55f160b9968b66013c3a3ef39dd7e5798?s=96&d=mm&r=g\",\"url\":\"https:\\\/\\\/secure.gravatar.com\\\/avatar\\\/3ea2118a5f7dad2b7138b1187a6b7ee55f160b9968b66013c3a3ef39dd7e5798?s=96&d=mm&r=g\",\"contentUrl\":\"https:\\\/\\\/secure.gravatar.com\\\/avatar\\\/3ea2118a5f7dad2b7138b1187a6b7ee55f160b9968b66013c3a3ef39dd7e5798?s=96&d=mm&r=g\",\"caption\":\"Jeanette\"},\"sameAs\":[\"https:\\\/\\\/www.eldiario.net\\\/portal\"],\"url\":\"https:\\\/\\\/www.eldiario.net\\\/portal\\\/author\\\/jeanette\\\/\"}]}<\/script>\n<!-- \/ Yoast SEO plugin. -->","yoast_head_json":{"title":"Posici\u00f3n del MAS es evitar toda reforma en la justicia - El Diario - Bolivia","robots":{"index":"index","follow":"follow","max-snippet":"max-snippet:-1","max-image-preview":"max-image-preview:large","max-video-preview":"max-video-preview:-1"},"canonical":"https:\/\/www.eldiario.net\/portal\/2023\/03\/09\/posicion-del-mas-es-evitar-toda-reforma-en-la-justicia\/","og_locale":"es_ES","og_type":"article","og_title":"Posici\u00f3n del MAS es evitar toda reforma en la justicia - El Diario - Bolivia","og_description":"Respondiendo a los cuestionamientos del oficialismo a la propuesta de Comunidad Ciudadana (CC) para las pr\u00f3ximas elecciones judiciales, el jefe de bancada por esta organizaci\u00f3n pol\u00edtica en Diputados, Enrique Urquidi, asegur\u00f3 que la posici\u00f3n del Movimiento al Socialismo (MAS) es descalificar cualquier iniciativa y evitar verdaderas reformas en la justicia. Urquidi se refiri\u00f3 a las [&hellip;]","og_url":"https:\/\/www.eldiario.net\/portal\/2023\/03\/09\/posicion-del-mas-es-evitar-toda-reforma-en-la-justicia\/","og_site_name":"El Diario - Bolivia","article_publisher":"https:\/\/www.facebook.com\/eldiario.bolivia\/","article_published_time":"2023-03-09T10:31:26+00:00","author":"Jeanette","twitter_card":"summary_large_image","twitter_creator":"@eldiario_net","twitter_site":"@eldiario_net","twitter_misc":{"Escrito por":"Jeanette","Tiempo de lectura":"2 minutos"},"schema":{"@context":"https:\/\/schema.org","@graph":[{"@type":"Article","@id":"https:\/\/www.eldiario.net\/portal\/2023\/03\/09\/posicion-del-mas-es-evitar-toda-reforma-en-la-justicia\/#article","isPartOf":{"@id":"https:\/\/www.eldiario.net\/portal\/2023\/03\/09\/posicion-del-mas-es-evitar-toda-reforma-en-la-justicia\/"},"author":{"name":"Jeanette","@id":"https:\/\/www.eldiario.net\/portal\/#\/schema\/person\/f46445640444750d7d753ccd04ae01b7"},"headline":"Posici\u00f3n del MAS es evitar toda reforma en la justicia","datePublished":"2023-03-09T10:31:26+00:00","mainEntityOfPage":{"@id":"https:\/\/www.eldiario.net\/portal\/2023\/03\/09\/posicion-del-mas-es-evitar-toda-reforma-en-la-justicia\/"},"wordCount":287,"publisher":{"@id":"https:\/\/www.eldiario.net\/portal\/#organization"},"image":{"@id":"https:\/\/www.eldiario.net\/portal\/2023\/03\/09\/posicion-del-mas-es-evitar-toda-reforma-en-la-justicia\/#primaryimage"},"thumbnailUrl":"","articleSection":["Portada"],"inLanguage":"es"},{"@type":"WebPage","@id":"https:\/\/www.eldiario.net\/portal\/2023\/03\/09\/posicion-del-mas-es-evitar-toda-reforma-en-la-justicia\/","url":"https:\/\/www.eldiario.net\/portal\/2023\/03\/09\/posicion-del-mas-es-evitar-toda-reforma-en-la-justicia\/","name":"Posici\u00f3n del MAS es evitar toda reforma en la justicia - El Diario - Bolivia","isPartOf":{"@id":"https:\/\/www.eldiario.net\/portal\/#website"},"primaryImageOfPage":{"@id":"https:\/\/www.eldiario.net\/portal\/2023\/03\/09\/posicion-del-mas-es-evitar-toda-reforma-en-la-justicia\/#primaryimage"},"image":{"@id":"https:\/\/www.eldiario.net\/portal\/2023\/03\/09\/posicion-del-mas-es-evitar-toda-reforma-en-la-justicia\/#primaryimage"},"thumbnailUrl":"","datePublished":"2023-03-09T10:31:26+00:00","breadcrumb":{"@id":"https:\/\/www.eldiario.net\/portal\/2023\/03\/09\/posicion-del-mas-es-evitar-toda-reforma-en-la-justicia\/#breadcrumb"},"inLanguage":"es","potentialAction":[{"@type":"ReadAction","target":["https:\/\/www.eldiario.net\/portal\/2023\/03\/09\/posicion-del-mas-es-evitar-toda-reforma-en-la-justicia\/"]}]},{"@type":"ImageObject","inLanguage":"es","@id":"https:\/\/www.eldiario.net\/portal\/2023\/03\/09\/posicion-del-mas-es-evitar-toda-reforma-en-la-justicia\/#primaryimage","url":"","contentUrl":""},{"@type":"BreadcrumbList","@id":"https:\/\/www.eldiario.net\/portal\/2023\/03\/09\/posicion-del-mas-es-evitar-toda-reforma-en-la-justicia\/#breadcrumb","itemListElement":[{"@type":"ListItem","position":1,"name":"Portada","item":"https:\/\/www.eldiario.net\/portal\/"},{"@type":"ListItem","position":2,"name":"Posici\u00f3n del MAS es evitar toda reforma en la justicia"}]},{"@type":"WebSite","@id":"https:\/\/www.eldiario.net\/portal\/#website","url":"https:\/\/www.eldiario.net\/portal\/","name":"El Diario - Decano de la prensa nacional","description":"El Diario - Decano de la prensa nacional","publisher":{"@id":"https:\/\/www.eldiario.net\/portal\/#organization"},"potentialAction":[{"@type":"SearchAction","target":{"@type":"EntryPoint","urlTemplate":"https:\/\/www.eldiario.net\/portal\/?s={search_term_string}"},"query-input":{"@type":"PropertyValueSpecification","valueRequired":true,"valueName":"search_term_string"}}],"inLanguage":"es"},{"@type":"Organization","@id":"https:\/\/www.eldiario.net\/portal\/#organization","name":"El Diario - Decano de la prensa nacional","url":"https:\/\/www.eldiario.net\/portal\/","logo":{"@type":"ImageObject","inLanguage":"es","@id":"https:\/\/www.eldiario.net\/portal\/#\/schema\/logo\/image\/","url":"https:\/\/www.eldiario.net\/portal\/wp-content\/uploads\/2023\/07\/logo_ED.jpg","contentUrl":"https:\/\/www.eldiario.net\/portal\/wp-content\/uploads\/2023\/07\/logo_ED.jpg","width":272,"height":52,"caption":"El Diario - Decano de la prensa nacional"},"image":{"@id":"https:\/\/www.eldiario.net\/portal\/#\/schema\/logo\/image\/"},"sameAs":["https:\/\/www.facebook.com\/eldiario.bolivia\/","https:\/\/x.com\/eldiario_net"]},{"@type":"Person","@id":"https:\/\/www.eldiario.net\/portal\/#\/schema\/person\/f46445640444750d7d753ccd04ae01b7","name":"Jeanette","image":{"@type":"ImageObject","inLanguage":"es","@id":"https:\/\/secure.gravatar.com\/avatar\/3ea2118a5f7dad2b7138b1187a6b7ee55f160b9968b66013c3a3ef39dd7e5798?s=96&d=mm&r=g","url":"https:\/\/secure.gravatar.com\/avatar\/3ea2118a5f7dad2b7138b1187a6b7ee55f160b9968b66013c3a3ef39dd7e5798?s=96&d=mm&r=g","contentUrl":"https:\/\/secure.gravatar.com\/avatar\/3ea2118a5f7dad2b7138b1187a6b7ee55f160b9968b66013c3a3ef39dd7e5798?s=96&d=mm&r=g","caption":"Jeanette"},"sameAs":["https:\/\/www.eldiario.net\/portal"],"url":"https:\/\/www.eldiario.net\/portal\/author\/jeanette\/"}]}},"_links":{"self":[{"href":"https:\/\/www.eldiario.net\/portal\/wp-json\/wp\/v2\/posts\/142202","targetHints":{"allow":["GET"]}}],"collection":[{"href":"https:\/\/www.eldiario.net\/portal\/wp-json\/wp\/v2\/posts"}],"about":[{"href":"https:\/\/www.eldiario.net\/portal\/wp-json\/wp\/v2\/types\/post"}],"author":[{"embeddable":true,"href":"https:\/\/www.eldiario.net\/portal\/wp-json\/wp\/v2\/users\/1"}],"replies":[{"embeddable":true,"href":"https:\/\/www.eldiario.net\/portal\/wp-json\/wp\/v2\/comments?post=142202"}],"version-history":[{"count":0,"href":"https:\/\/www.eldiario.net\/portal\/wp-json\/wp\/v2\/posts\/142202\/revisions"}],"wp:attachment":[{"href":"https:\/\/www.eldiario.net\/portal\/wp-json\/wp\/v2\/media?parent=142202"}],"wp:term":[{"taxonomy":"category","embeddable":true,"href":"https:\/\/www.eldiario.net\/portal\/wp-json\/wp\/v2\/categories?post=142202"},{"taxonomy":"post_tag","embeddable":true,"href":"https:\/\/www.eldiario.net\/portal\/wp-json\/wp\/v2\/tags?post=142202"}],"curies":[{"name":"wp","href":"https:\/\/api.w.org\/{rel}","templated":true}]}}