{"id":142199,"date":"2023-03-09T06:30:23","date_gmt":"2023-03-09T10:30:23","guid":{"rendered":"https:\/\/www.eldiario.net\/portal\/?p=142199"},"modified":"2023-03-09T06:30:23","modified_gmt":"2023-03-09T10:30:23","slug":"mujeres-periodistas-fueron-atacadas-por-la-policia-con-gas-lacrimogeno","status":"publish","type":"post","link":"https:\/\/www.eldiario.net\/portal\/2023\/03\/09\/mujeres-periodistas-fueron-atacadas-por-la-policia-con-gas-lacrimogeno\/","title":{"rendered":"Mujeres periodistas fueron atacadas  por la Polic\u00eda con gas lacrim\u00f3geno"},"content":{"rendered":"<p>La periodista del canal privado de televisi\u00f3n Cadena A Red Nacional, Helga Velasco, report\u00f3 a la Unidad de Monitoreo de la Asociaci\u00f3n Nacional de la Prensa (ANP) que efectivos de la Polic\u00eda lanzaron gas lacrim\u00f3geno de forma directa e intencional contra su rostro y el de su compa\u00f1era Carla Mercado, periodista de la Red de televisi\u00f3n Unitel, cuando se encontraban reportando en vivo la marcha de protesta del Magisterio Urbano a la altura de la zona de La Portada de la ciudad de La Paz, el martes 7 de marzo.<\/p>\n<p>\u201cLa Polic\u00eda reaccion\u00f3 con nosotras sin motivo, nos echaron gas directamente, no fue accidental, ni porque est\u00e1bamos cerca de los maestros. Nos echaron gas a\u00a0las\u00a0periodistas\u201d.\u00a0\u201cEn im\u00e1genes de video\u00a0se ve c\u00f3mo el polic\u00eda levanta el escudo para echarnos gas. Es un exceso\u00a0sin\u00a0sentido\u201d, inform\u00f3 Velasco.<\/p>\n<p>Tras lo sucedido, ambas comunicadoras fueron auxiliadas por los maestros quienes tuvieron que sufrir las consecuencias de la gasificaci\u00f3n directa: falta de ox\u00edgeno y n\u00e1useas.<\/p>\n<p>Las periodistas interrumpieron su cobertura informativa que en ese momento era transmitida en directo para los noticieros de mediod\u00eda.<\/p>\n<p>Delegaciones de maestros de varias regiones de Bolivia llegaron a la sede de gobierno en rechazo a la aplicaci\u00f3n del nuevo programa de ense\u00f1anza aprobado por el Ministerio de Educaci\u00f3n y en reclamo por demandas sectoriales desatendidas, entre ellas la jubilaci\u00f3n con el pago de una renta equivalente a la totalidad de su salario como trabajadores activos. (ANF)<\/p>\n","protected":false},"excerpt":{"rendered":"<p>La periodista del canal privado de televisi\u00f3n Cadena A Red Nacional, Helga Velasco, report\u00f3 a la Unidad de Monitoreo de la Asociaci\u00f3n Nacional de la Prensa (ANP) que efectivos de la Polic\u00eda lanzaron gas lacrim\u00f3geno de forma directa e intencional contra su rostro y el de su compa\u00f1era Carla Mercado, periodista de la Red de [&hellip;]<\/p>\n","protected":false},"author":1,"featured_media":142200,"comment_status":"closed","ping_status":"closed","sticky":false,"template":"","format":"standard","meta":{"_acf_changed":false,"footnotes":""},"categories":[15],"tags":[],"class_list":["post-142199","post","type-post","status-publish","format-standard","has-post-thumbnail","category-portada"],"acf":{"antetitulo":""},"yoast_head":"<!-- This site is optimized with the Yoast SEO plugin v28.3 - https:\/\/yoast.com\/product\/yoast-seo-wordpress\/ -->\n<title>Mujeres periodistas fueron atacadas por la Polic\u00eda con gas lacrim\u00f3geno - El Diario - Bolivia<\/title>\n<meta name=\"robots\" content=\"index, follow, max-snippet:-1, max-image-preview:large, max-video-preview:-1\" \/>\n<link rel=\"canonical\" href=\"https:\/\/www.eldiario.net\/portal\/2023\/03\/09\/mujeres-periodistas-fueron-atacadas-por-la-policia-con-gas-lacrimogeno\/\" \/>\n<meta property=\"og:locale\" content=\"es_ES\" \/>\n<meta property=\"og:type\" content=\"article\" \/>\n<meta property=\"og:title\" content=\"Mujeres periodistas fueron atacadas por la Polic\u00eda con gas lacrim\u00f3geno - El Diario - Bolivia\" \/>\n<meta property=\"og:description\" content=\"La periodista del canal privado de televisi\u00f3n Cadena A Red Nacional, Helga Velasco, report\u00f3 a la Unidad de Monitoreo de la Asociaci\u00f3n Nacional de la Prensa (ANP) que efectivos de la Polic\u00eda lanzaron gas lacrim\u00f3geno de forma directa e intencional contra su rostro y el de su compa\u00f1era Carla Mercado, periodista de la Red de [&hellip;]\" \/>\n<meta property=\"og:url\" content=\"https:\/\/www.eldiario.net\/portal\/2023\/03\/09\/mujeres-periodistas-fueron-atacadas-por-la-policia-con-gas-lacrimogeno\/\" \/>\n<meta property=\"og:site_name\" content=\"El Diario - Bolivia\" \/>\n<meta property=\"article:publisher\" content=\"https:\/\/www.facebook.com\/eldiario.bolivia\/\" \/>\n<meta property=\"article:published_time\" content=\"2023-03-09T10:30:23+00:00\" \/>\n<meta name=\"author\" content=\"Jeanette\" \/>\n<meta name=\"twitter:card\" content=\"summary_large_image\" \/>\n<meta name=\"twitter:creator\" content=\"@eldiario_net\" \/>\n<meta name=\"twitter:site\" content=\"@eldiario_net\" \/>\n<meta name=\"twitter:label1\" content=\"Escrito por\" \/>\n\t<meta name=\"twitter:data1\" content=\"Jeanette\" \/>\n\t<meta name=\"twitter:label2\" content=\"Tiempo de lectura\" \/>\n\t<meta name=\"twitter:data2\" content=\"2 minutos\" \/>\n<script type=\"application\/ld+json\" class=\"yoast-schema-graph\">{\"@context\":\"https:\\\/\\\/schema.org\",\"@graph\":[{\"@type\":\"Article\",\"@id\":\"https:\\\/\\\/www.eldiario.net\\\/portal\\\/2023\\\/03\\\/09\\\/mujeres-periodistas-fueron-atacadas-por-la-policia-con-gas-lacrimogeno\\\/#article\",\"isPartOf\":{\"@id\":\"https:\\\/\\\/www.eldiario.net\\\/portal\\\/2023\\\/03\\\/09\\\/mujeres-periodistas-fueron-atacadas-por-la-policia-con-gas-lacrimogeno\\\/\"},\"author\":{\"name\":\"Jeanette\",\"@id\":\"https:\\\/\\\/www.eldiario.net\\\/portal\\\/#\\\/schema\\\/person\\\/f46445640444750d7d753ccd04ae01b7\"},\"headline\":\"Mujeres periodistas fueron atacadas por la Polic\u00eda con gas lacrim\u00f3geno\",\"datePublished\":\"2023-03-09T10:30:23+00:00\",\"mainEntityOfPage\":{\"@id\":\"https:\\\/\\\/www.eldiario.net\\\/portal\\\/2023\\\/03\\\/09\\\/mujeres-periodistas-fueron-atacadas-por-la-policia-con-gas-lacrimogeno\\\/\"},\"wordCount\":271,\"publisher\":{\"@id\":\"https:\\\/\\\/www.eldiario.net\\\/portal\\\/#organization\"},\"image\":{\"@id\":\"https:\\\/\\\/www.eldiario.net\\\/portal\\\/2023\\\/03\\\/09\\\/mujeres-periodistas-fueron-atacadas-por-la-policia-con-gas-lacrimogeno\\\/#primaryimage\"},\"thumbnailUrl\":\"\",\"articleSection\":[\"Portada\"],\"inLanguage\":\"es\"},{\"@type\":\"WebPage\",\"@id\":\"https:\\\/\\\/www.eldiario.net\\\/portal\\\/2023\\\/03\\\/09\\\/mujeres-periodistas-fueron-atacadas-por-la-policia-con-gas-lacrimogeno\\\/\",\"url\":\"https:\\\/\\\/www.eldiario.net\\\/portal\\\/2023\\\/03\\\/09\\\/mujeres-periodistas-fueron-atacadas-por-la-policia-con-gas-lacrimogeno\\\/\",\"name\":\"Mujeres periodistas fueron atacadas por la Polic\u00eda con gas lacrim\u00f3geno - El Diario - Bolivia\",\"isPartOf\":{\"@id\":\"https:\\\/\\\/www.eldiario.net\\\/portal\\\/#website\"},\"primaryImageOfPage\":{\"@id\":\"https:\\\/\\\/www.eldiario.net\\\/portal\\\/2023\\\/03\\\/09\\\/mujeres-periodistas-fueron-atacadas-por-la-policia-con-gas-lacrimogeno\\\/#primaryimage\"},\"image\":{\"@id\":\"https:\\\/\\\/www.eldiario.net\\\/portal\\\/2023\\\/03\\\/09\\\/mujeres-periodistas-fueron-atacadas-por-la-policia-con-gas-lacrimogeno\\\/#primaryimage\"},\"thumbnailUrl\":\"\",\"datePublished\":\"2023-03-09T10:30:23+00:00\",\"breadcrumb\":{\"@id\":\"https:\\\/\\\/www.eldiario.net\\\/portal\\\/2023\\\/03\\\/09\\\/mujeres-periodistas-fueron-atacadas-por-la-policia-con-gas-lacrimogeno\\\/#breadcrumb\"},\"inLanguage\":\"es\",\"potentialAction\":[{\"@type\":\"ReadAction\",\"target\":[\"https:\\\/\\\/www.eldiario.net\\\/portal\\\/2023\\\/03\\\/09\\\/mujeres-periodistas-fueron-atacadas-por-la-policia-con-gas-lacrimogeno\\\/\"]}]},{\"@type\":\"ImageObject\",\"inLanguage\":\"es\",\"@id\":\"https:\\\/\\\/www.eldiario.net\\\/portal\\\/2023\\\/03\\\/09\\\/mujeres-periodistas-fueron-atacadas-por-la-policia-con-gas-lacrimogeno\\\/#primaryimage\",\"url\":\"\",\"contentUrl\":\"\"},{\"@type\":\"BreadcrumbList\",\"@id\":\"https:\\\/\\\/www.eldiario.net\\\/portal\\\/2023\\\/03\\\/09\\\/mujeres-periodistas-fueron-atacadas-por-la-policia-con-gas-lacrimogeno\\\/#breadcrumb\",\"itemListElement\":[{\"@type\":\"ListItem\",\"position\":1,\"name\":\"Portada\",\"item\":\"https:\\\/\\\/www.eldiario.net\\\/portal\\\/\"},{\"@type\":\"ListItem\",\"position\":2,\"name\":\"Mujeres periodistas fueron atacadas por la Polic\u00eda con gas lacrim\u00f3geno\"}]},{\"@type\":\"WebSite\",\"@id\":\"https:\\\/\\\/www.eldiario.net\\\/portal\\\/#website\",\"url\":\"https:\\\/\\\/www.eldiario.net\\\/portal\\\/\",\"name\":\"El Diario - Decano de la prensa nacional\",\"description\":\"El Diario - Decano de la prensa nacional\",\"publisher\":{\"@id\":\"https:\\\/\\\/www.eldiario.net\\\/portal\\\/#organization\"},\"potentialAction\":[{\"@type\":\"SearchAction\",\"target\":{\"@type\":\"EntryPoint\",\"urlTemplate\":\"https:\\\/\\\/www.eldiario.net\\\/portal\\\/?s={search_term_string}\"},\"query-input\":{\"@type\":\"PropertyValueSpecification\",\"valueRequired\":true,\"valueName\":\"search_term_string\"}}],\"inLanguage\":\"es\"},{\"@type\":\"Organization\",\"@id\":\"https:\\\/\\\/www.eldiario.net\\\/portal\\\/#organization\",\"name\":\"El Diario - Decano de la prensa nacional\",\"url\":\"https:\\\/\\\/www.eldiario.net\\\/portal\\\/\",\"logo\":{\"@type\":\"ImageObject\",\"inLanguage\":\"es\",\"@id\":\"https:\\\/\\\/www.eldiario.net\\\/portal\\\/#\\\/schema\\\/logo\\\/image\\\/\",\"url\":\"https:\\\/\\\/www.eldiario.net\\\/portal\\\/wp-content\\\/uploads\\\/2023\\\/07\\\/logo_ED.jpg\",\"contentUrl\":\"https:\\\/\\\/www.eldiario.net\\\/portal\\\/wp-content\\\/uploads\\\/2023\\\/07\\\/logo_ED.jpg\",\"width\":272,\"height\":52,\"caption\":\"El Diario - Decano de la prensa nacional\"},\"image\":{\"@id\":\"https:\\\/\\\/www.eldiario.net\\\/portal\\\/#\\\/schema\\\/logo\\\/image\\\/\"},\"sameAs\":[\"https:\\\/\\\/www.facebook.com\\\/eldiario.bolivia\\\/\",\"https:\\\/\\\/x.com\\\/eldiario_net\"]},{\"@type\":\"Person\",\"@id\":\"https:\\\/\\\/www.eldiario.net\\\/portal\\\/#\\\/schema\\\/person\\\/f46445640444750d7d753ccd04ae01b7\",\"name\":\"Jeanette\",\"image\":{\"@type\":\"ImageObject\",\"inLanguage\":\"es\",\"@id\":\"https:\\\/\\\/secure.gravatar.com\\\/avatar\\\/3ea2118a5f7dad2b7138b1187a6b7ee55f160b9968b66013c3a3ef39dd7e5798?s=96&d=mm&r=g\",\"url\":\"https:\\\/\\\/secure.gravatar.com\\\/avatar\\\/3ea2118a5f7dad2b7138b1187a6b7ee55f160b9968b66013c3a3ef39dd7e5798?s=96&d=mm&r=g\",\"contentUrl\":\"https:\\\/\\\/secure.gravatar.com\\\/avatar\\\/3ea2118a5f7dad2b7138b1187a6b7ee55f160b9968b66013c3a3ef39dd7e5798?s=96&d=mm&r=g\",\"caption\":\"Jeanette\"},\"sameAs\":[\"https:\\\/\\\/www.eldiario.net\\\/portal\"],\"url\":\"https:\\\/\\\/www.eldiario.net\\\/portal\\\/author\\\/jeanette\\\/\"}]}<\/script>\n<!-- \/ Yoast SEO plugin. -->","yoast_head_json":{"title":"Mujeres periodistas fueron atacadas por la Polic\u00eda con gas lacrim\u00f3geno - El Diario - Bolivia","robots":{"index":"index","follow":"follow","max-snippet":"max-snippet:-1","max-image-preview":"max-image-preview:large","max-video-preview":"max-video-preview:-1"},"canonical":"https:\/\/www.eldiario.net\/portal\/2023\/03\/09\/mujeres-periodistas-fueron-atacadas-por-la-policia-con-gas-lacrimogeno\/","og_locale":"es_ES","og_type":"article","og_title":"Mujeres periodistas fueron atacadas por la Polic\u00eda con gas lacrim\u00f3geno - El Diario - Bolivia","og_description":"La periodista del canal privado de televisi\u00f3n Cadena A Red Nacional, Helga Velasco, report\u00f3 a la Unidad de Monitoreo de la Asociaci\u00f3n Nacional de la Prensa (ANP) que efectivos de la Polic\u00eda lanzaron gas lacrim\u00f3geno de forma directa e intencional contra su rostro y el de su compa\u00f1era Carla Mercado, periodista de la Red de [&hellip;]","og_url":"https:\/\/www.eldiario.net\/portal\/2023\/03\/09\/mujeres-periodistas-fueron-atacadas-por-la-policia-con-gas-lacrimogeno\/","og_site_name":"El Diario - Bolivia","article_publisher":"https:\/\/www.facebook.com\/eldiario.bolivia\/","article_published_time":"2023-03-09T10:30:23+00:00","author":"Jeanette","twitter_card":"summary_large_image","twitter_creator":"@eldiario_net","twitter_site":"@eldiario_net","twitter_misc":{"Escrito por":"Jeanette","Tiempo de lectura":"2 minutos"},"schema":{"@context":"https:\/\/schema.org","@graph":[{"@type":"Article","@id":"https:\/\/www.eldiario.net\/portal\/2023\/03\/09\/mujeres-periodistas-fueron-atacadas-por-la-policia-con-gas-lacrimogeno\/#article","isPartOf":{"@id":"https:\/\/www.eldiario.net\/portal\/2023\/03\/09\/mujeres-periodistas-fueron-atacadas-por-la-policia-con-gas-lacrimogeno\/"},"author":{"name":"Jeanette","@id":"https:\/\/www.eldiario.net\/portal\/#\/schema\/person\/f46445640444750d7d753ccd04ae01b7"},"headline":"Mujeres periodistas fueron atacadas por la Polic\u00eda con gas lacrim\u00f3geno","datePublished":"2023-03-09T10:30:23+00:00","mainEntityOfPage":{"@id":"https:\/\/www.eldiario.net\/portal\/2023\/03\/09\/mujeres-periodistas-fueron-atacadas-por-la-policia-con-gas-lacrimogeno\/"},"wordCount":271,"publisher":{"@id":"https:\/\/www.eldiario.net\/portal\/#organization"},"image":{"@id":"https:\/\/www.eldiario.net\/portal\/2023\/03\/09\/mujeres-periodistas-fueron-atacadas-por-la-policia-con-gas-lacrimogeno\/#primaryimage"},"thumbnailUrl":"","articleSection":["Portada"],"inLanguage":"es"},{"@type":"WebPage","@id":"https:\/\/www.eldiario.net\/portal\/2023\/03\/09\/mujeres-periodistas-fueron-atacadas-por-la-policia-con-gas-lacrimogeno\/","url":"https:\/\/www.eldiario.net\/portal\/2023\/03\/09\/mujeres-periodistas-fueron-atacadas-por-la-policia-con-gas-lacrimogeno\/","name":"Mujeres periodistas fueron atacadas por la Polic\u00eda con gas lacrim\u00f3geno - El Diario - Bolivia","isPartOf":{"@id":"https:\/\/www.eldiario.net\/portal\/#website"},"primaryImageOfPage":{"@id":"https:\/\/www.eldiario.net\/portal\/2023\/03\/09\/mujeres-periodistas-fueron-atacadas-por-la-policia-con-gas-lacrimogeno\/#primaryimage"},"image":{"@id":"https:\/\/www.eldiario.net\/portal\/2023\/03\/09\/mujeres-periodistas-fueron-atacadas-por-la-policia-con-gas-lacrimogeno\/#primaryimage"},"thumbnailUrl":"","datePublished":"2023-03-09T10:30:23+00:00","breadcrumb":{"@id":"https:\/\/www.eldiario.net\/portal\/2023\/03\/09\/mujeres-periodistas-fueron-atacadas-por-la-policia-con-gas-lacrimogeno\/#breadcrumb"},"inLanguage":"es","potentialAction":[{"@type":"ReadAction","target":["https:\/\/www.eldiario.net\/portal\/2023\/03\/09\/mujeres-periodistas-fueron-atacadas-por-la-policia-con-gas-lacrimogeno\/"]}]},{"@type":"ImageObject","inLanguage":"es","@id":"https:\/\/www.eldiario.net\/portal\/2023\/03\/09\/mujeres-periodistas-fueron-atacadas-por-la-policia-con-gas-lacrimogeno\/#primaryimage","url":"","contentUrl":""},{"@type":"BreadcrumbList","@id":"https:\/\/www.eldiario.net\/portal\/2023\/03\/09\/mujeres-periodistas-fueron-atacadas-por-la-policia-con-gas-lacrimogeno\/#breadcrumb","itemListElement":[{"@type":"ListItem","position":1,"name":"Portada","item":"https:\/\/www.eldiario.net\/portal\/"},{"@type":"ListItem","position":2,"name":"Mujeres periodistas fueron atacadas por la Polic\u00eda con gas lacrim\u00f3geno"}]},{"@type":"WebSite","@id":"https:\/\/www.eldiario.net\/portal\/#website","url":"https:\/\/www.eldiario.net\/portal\/","name":"El Diario - Decano de la prensa nacional","description":"El Diario - Decano de la prensa nacional","publisher":{"@id":"https:\/\/www.eldiario.net\/portal\/#organization"},"potentialAction":[{"@type":"SearchAction","target":{"@type":"EntryPoint","urlTemplate":"https:\/\/www.eldiario.net\/portal\/?s={search_term_string}"},"query-input":{"@type":"PropertyValueSpecification","valueRequired":true,"valueName":"search_term_string"}}],"inLanguage":"es"},{"@type":"Organization","@id":"https:\/\/www.eldiario.net\/portal\/#organization","name":"El Diario - Decano de la prensa nacional","url":"https:\/\/www.eldiario.net\/portal\/","logo":{"@type":"ImageObject","inLanguage":"es","@id":"https:\/\/www.eldiario.net\/portal\/#\/schema\/logo\/image\/","url":"https:\/\/www.eldiario.net\/portal\/wp-content\/uploads\/2023\/07\/logo_ED.jpg","contentUrl":"https:\/\/www.eldiario.net\/portal\/wp-content\/uploads\/2023\/07\/logo_ED.jpg","width":272,"height":52,"caption":"El Diario - Decano de la prensa nacional"},"image":{"@id":"https:\/\/www.eldiario.net\/portal\/#\/schema\/logo\/image\/"},"sameAs":["https:\/\/www.facebook.com\/eldiario.bolivia\/","https:\/\/x.com\/eldiario_net"]},{"@type":"Person","@id":"https:\/\/www.eldiario.net\/portal\/#\/schema\/person\/f46445640444750d7d753ccd04ae01b7","name":"Jeanette","image":{"@type":"ImageObject","inLanguage":"es","@id":"https:\/\/secure.gravatar.com\/avatar\/3ea2118a5f7dad2b7138b1187a6b7ee55f160b9968b66013c3a3ef39dd7e5798?s=96&d=mm&r=g","url":"https:\/\/secure.gravatar.com\/avatar\/3ea2118a5f7dad2b7138b1187a6b7ee55f160b9968b66013c3a3ef39dd7e5798?s=96&d=mm&r=g","contentUrl":"https:\/\/secure.gravatar.com\/avatar\/3ea2118a5f7dad2b7138b1187a6b7ee55f160b9968b66013c3a3ef39dd7e5798?s=96&d=mm&r=g","caption":"Jeanette"},"sameAs":["https:\/\/www.eldiario.net\/portal"],"url":"https:\/\/www.eldiario.net\/portal\/author\/jeanette\/"}]}},"_links":{"self":[{"href":"https:\/\/www.eldiario.net\/portal\/wp-json\/wp\/v2\/posts\/142199","targetHints":{"allow":["GET"]}}],"collection":[{"href":"https:\/\/www.eldiario.net\/portal\/wp-json\/wp\/v2\/posts"}],"about":[{"href":"https:\/\/www.eldiario.net\/portal\/wp-json\/wp\/v2\/types\/post"}],"author":[{"embeddable":true,"href":"https:\/\/www.eldiario.net\/portal\/wp-json\/wp\/v2\/users\/1"}],"replies":[{"embeddable":true,"href":"https:\/\/www.eldiario.net\/portal\/wp-json\/wp\/v2\/comments?post=142199"}],"version-history":[{"count":0,"href":"https:\/\/www.eldiario.net\/portal\/wp-json\/wp\/v2\/posts\/142199\/revisions"}],"wp:attachment":[{"href":"https:\/\/www.eldiario.net\/portal\/wp-json\/wp\/v2\/media?parent=142199"}],"wp:term":[{"taxonomy":"category","embeddable":true,"href":"https:\/\/www.eldiario.net\/portal\/wp-json\/wp\/v2\/categories?post=142199"},{"taxonomy":"post_tag","embeddable":true,"href":"https:\/\/www.eldiario.net\/portal\/wp-json\/wp\/v2\/tags?post=142199"}],"curies":[{"name":"wp","href":"https:\/\/api.w.org\/{rel}","templated":true}]}}