{"id":142196,"date":"2023-03-09T06:29:33","date_gmt":"2023-03-09T10:29:33","guid":{"rendered":"https:\/\/www.eldiario.net\/portal\/?p=142196"},"modified":"2023-03-09T06:29:33","modified_gmt":"2023-03-09T10:29:33","slug":"aprehendidos-y-pugnas-acrecientan-tension-entre-gobierno-y-magisterio","status":"publish","type":"post","link":"https:\/\/www.eldiario.net\/portal\/2023\/03\/09\/aprehendidos-y-pugnas-acrecientan-tension-entre-gobierno-y-magisterio\/","title":{"rendered":"Aprehendidos y pugnas acrecientan tensi\u00f3n entre Gobierno y Magisterio"},"content":{"rendered":"<p>Nuevamente las movilizaciones del Magisterio Urbano del pa\u00eds fueron con enfrentamientos entre maestros y polic\u00edas, producto de estas hay tres educadores aprehendidos, un veh\u00edculo secuestrado, seis polic\u00edas heridos y otros lesionados de parte de los movilizados. Al parecer, la tensi\u00f3n entre el Gobierno y los profesores crece y no se avizoran avances, aunque ambas partes expresaron su inter\u00e9s de reanudar el di\u00e1logo.<\/p>\n<p>Tras una tercera jornada marcada por marchas, petardos, gases y choques entre bandos, dos profesores fueron aprehendidos y un veh\u00edculo secuestrado durante la pasada jornada, report\u00f3 el subdirector de la Fuerza Especial de Lucha Contra el Crimen (Felcc) de La Paz, Juan Jos\u00e9 Donaire.<\/p>\n<p>De acuerdo con el informe, ambas personas fueron encontradas presuntamente en flagrancia cuando trasladaban un motorizado cargado con petardos que, presuntamente, ser\u00edan utilizados para disparar en contra los efectivos policiales que resguardaban los accesos de la plaza Murillo en medio de la marcha.<\/p>\n<p>Por su parte, el comandante departamental de la Polic\u00eda de La Paz, coronel Ismael Villca, cuestion\u00f3 el uso de esos artefactos y detall\u00f3 que al menos seis uniformados resultaron heridos durante la movilizaci\u00f3n.<\/p>\n<p>\u201cCuando se usa estos explosivos no tiene una direcci\u00f3n espec\u00edfica a un lugar o un determinado objetivo, esto se esparce como una especie de embudo y est\u00e1n da\u00f1ando inclusive a personas civiles, ni\u00f1os y mujeres que est\u00e1n alrededor\u201d, asegur\u00f3.<\/p>\n<p>El ministro de Gobierno, Eduardo del Castillo, mediante sus redes sociales, indic\u00f3 que un veh\u00edculo de propiedad de la Confederaci\u00f3n de Trabajadores de Educaci\u00f3n Urbana de Bolivia (Cteub) fue intervenido y secuestrado debido a que dentro se encontr\u00f3 artefactos explosivos que eran trasladados por dos personas.<\/p>\n<p>\u201cSe informa al pueblo boliviano de la intervenci\u00f3n de un veh\u00edculo de propiedad de la Confederaci\u00f3n de Trabajadores de Educaci\u00f3n Urbana (maestros urbanos) que conten\u00eda en su interior una cantidad considerable de explosivos que eran usados para atacar a la Polic\u00eda Boliviana y da\u00f1ar la humanidad de los transe\u00fantes\u201d, escribi\u00f3 la autoridad.<\/p>\n<p>El director departamental de la Felcc, coronel Rolando Rojas, explic\u00f3 que la intervenci\u00f3n fue realizada tras un trabajo de inteligencia cerca de las 11:30 de ayer y se confirm\u00f3 que transportaba aproximadamente 2.500 explosivos.<\/p>\n<p>\u201cSon aproximadamente 2.500 unidades que se han cuantificado, tenemos a dos personas aprehendidas y un veh\u00edculo secuestrado\u201d, corrobor\u00f3.<\/p>\n<p>Los dos ocupantes del motorizado ser\u00e1n investigados por porte y portaci\u00f3n il\u00edcita de explosivos. El director asegur\u00f3 que hay im\u00e1genes en las que se observa que del coche se distribuye petardos que fueron utilizados durante la movilizaci\u00f3n de los maestros.<\/p>\n<p>En horas de la tarde, luego de que la marcha llegara hasta el Ministerio de Educaci\u00f3n, lugar donde permanecen, en un sal\u00f3n, 31 educadores, se instal\u00f3 una vigilia y la jornada estuvo menos tensa. El magisterio urbano cumpli\u00f3 el tercer d\u00eda de movilizaciones en protesta de que el Gobierno cumpla una serie de demandas como el incremento al presupuesto, mayor cantidad de \u00edtems, jubilaci\u00f3n con el 100% y rechazo a la actualizaci\u00f3n curricular.<\/p>\n<p>LIBERACI\u00d3N<\/p>\n<p>El profesor Gonzalo C. recobr\u00f3 su libertad condicional tras ser aprehendido y acusado de supuestamente agredir a una funcionaria policial, durante la movilizaci\u00f3n del pasado martes.<\/p>\n<p>\u201cEstamos luchando por un presupuesto m\u00e1s para Educaci\u00f3n, han podido observar que el Ministerio de Educaci\u00f3n ha utilizado a los polic\u00edas para que nos puedan aprehender. Mi persona ha sido sorprendido sin ning\u00fan petardo, pero me est\u00e1n culpando por algo que no hice\u201d, expres\u00f3 al salir de celdas policiales.<\/p>\n<p>El liberado fue aprehendido el martes, tras registrarse enfrentamientos en la zona La Portada y la autopista La Paz-El Alto. Es dirigente del Magisterio de Chuquisaca y fue acusado de disparar petardos en contra de una mujer polic\u00eda, quien tiene cuatro d\u00edas de impedimento.<\/p>\n<p>Horas antes de su liberaci\u00f3n, Rojas sostuvo que este educador ser\u00eda imputado por el delito de lesiones graves y leves. \u201cEsta persona habr\u00eda hecho uso de un dispositivo, los petardos en contra de la humanidad de efectivos policiales siendo que fruto de estas acciones le caus\u00f3 lesiones graves a una funcionaria policial, concretamente con lesiones de quemadura en el brazo izquierdo\u201d.<\/p>\n<p>Mientras estos acontecimientos sucedieron, autoridades del Ministerio de Educaci\u00f3n manten\u00edan su posici\u00f3n de que ellos no pod\u00edan negociar la liberaci\u00f3n de los aprehendidos, pero contin\u00faan predispuestos a reiniciar el di\u00e1logo.<\/p>\n<p>\u201cHacer conocer la predisposici\u00f3n del Ministerio de Educaci\u00f3n en concretar el di\u00e1logo, pero lamentablemente no es la misma voluntad de nuestros colegas maestros de educaci\u00f3n urbana. Nosotros nos reunimos el anterior mi\u00e9rcoles. Ellos nos pidieron cinco puntos, nos han dado una nota de conocimiento, dimos una respuesta el d\u00eda viernes en un di\u00e1logo de cinco horas y ellos pidieron un cuarto intermedio\u201d, detall\u00f3 la directora General de Educaci\u00f3n Especial del Ministerio de Educaci\u00f3n, Elsa Chavarria.<\/p>\n<p>&nbsp;<\/p>\n","protected":false},"excerpt":{"rendered":"<p>Nuevamente las movilizaciones del Magisterio Urbano del pa\u00eds fueron con enfrentamientos entre maestros y polic\u00edas, producto de estas hay tres educadores aprehendidos, un veh\u00edculo secuestrado, seis polic\u00edas heridos y otros lesionados de parte de los movilizados. Al parecer, la tensi\u00f3n entre el Gobierno y los profesores crece y no se avizoran avances, aunque ambas partes [&hellip;]<\/p>\n","protected":false},"author":1,"featured_media":142197,"comment_status":"closed","ping_status":"closed","sticky":false,"template":"","format":"standard","meta":{"_acf_changed":false,"footnotes":""},"categories":[15],"tags":[],"class_list":["post-142196","post","type-post","status-publish","format-standard","has-post-thumbnail","category-portada"],"acf":{"antetitulo":""},"yoast_head":"<!-- This site is optimized with the Yoast SEO plugin v28.3 - https:\/\/yoast.com\/product\/yoast-seo-wordpress\/ -->\n<title>Aprehendidos y pugnas acrecientan tensi\u00f3n entre Gobierno y Magisterio - El Diario - Bolivia<\/title>\n<meta name=\"robots\" content=\"index, follow, max-snippet:-1, max-image-preview:large, max-video-preview:-1\" \/>\n<link rel=\"canonical\" href=\"https:\/\/www.eldiario.net\/portal\/2023\/03\/09\/aprehendidos-y-pugnas-acrecientan-tension-entre-gobierno-y-magisterio\/\" \/>\n<meta property=\"og:locale\" content=\"es_ES\" \/>\n<meta property=\"og:type\" content=\"article\" \/>\n<meta property=\"og:title\" content=\"Aprehendidos y pugnas acrecientan tensi\u00f3n entre Gobierno y Magisterio - El Diario - Bolivia\" \/>\n<meta property=\"og:description\" content=\"Nuevamente las movilizaciones del Magisterio Urbano del pa\u00eds fueron con enfrentamientos entre maestros y polic\u00edas, producto de estas hay tres educadores aprehendidos, un veh\u00edculo secuestrado, seis polic\u00edas heridos y otros lesionados de parte de los movilizados. Al parecer, la tensi\u00f3n entre el Gobierno y los profesores crece y no se avizoran avances, aunque ambas partes [&hellip;]\" \/>\n<meta property=\"og:url\" content=\"https:\/\/www.eldiario.net\/portal\/2023\/03\/09\/aprehendidos-y-pugnas-acrecientan-tension-entre-gobierno-y-magisterio\/\" \/>\n<meta property=\"og:site_name\" content=\"El Diario - Bolivia\" \/>\n<meta property=\"article:publisher\" content=\"https:\/\/www.facebook.com\/eldiario.bolivia\/\" \/>\n<meta property=\"article:published_time\" content=\"2023-03-09T10:29:33+00:00\" \/>\n<meta name=\"author\" content=\"Jeanette\" \/>\n<meta name=\"twitter:card\" content=\"summary_large_image\" \/>\n<meta name=\"twitter:creator\" content=\"@eldiario_net\" \/>\n<meta name=\"twitter:site\" content=\"@eldiario_net\" \/>\n<meta name=\"twitter:label1\" content=\"Escrito por\" \/>\n\t<meta name=\"twitter:data1\" content=\"Jeanette\" \/>\n\t<meta name=\"twitter:label2\" content=\"Tiempo de lectura\" \/>\n\t<meta name=\"twitter:data2\" content=\"4 minutos\" \/>\n<script type=\"application\/ld+json\" class=\"yoast-schema-graph\">{\"@context\":\"https:\\\/\\\/schema.org\",\"@graph\":[{\"@type\":\"Article\",\"@id\":\"https:\\\/\\\/www.eldiario.net\\\/portal\\\/2023\\\/03\\\/09\\\/aprehendidos-y-pugnas-acrecientan-tension-entre-gobierno-y-magisterio\\\/#article\",\"isPartOf\":{\"@id\":\"https:\\\/\\\/www.eldiario.net\\\/portal\\\/2023\\\/03\\\/09\\\/aprehendidos-y-pugnas-acrecientan-tension-entre-gobierno-y-magisterio\\\/\"},\"author\":{\"name\":\"Jeanette\",\"@id\":\"https:\\\/\\\/www.eldiario.net\\\/portal\\\/#\\\/schema\\\/person\\\/f46445640444750d7d753ccd04ae01b7\"},\"headline\":\"Aprehendidos y pugnas acrecientan tensi\u00f3n entre Gobierno y Magisterio\",\"datePublished\":\"2023-03-09T10:29:33+00:00\",\"mainEntityOfPage\":{\"@id\":\"https:\\\/\\\/www.eldiario.net\\\/portal\\\/2023\\\/03\\\/09\\\/aprehendidos-y-pugnas-acrecientan-tension-entre-gobierno-y-magisterio\\\/\"},\"wordCount\":845,\"publisher\":{\"@id\":\"https:\\\/\\\/www.eldiario.net\\\/portal\\\/#organization\"},\"image\":{\"@id\":\"https:\\\/\\\/www.eldiario.net\\\/portal\\\/2023\\\/03\\\/09\\\/aprehendidos-y-pugnas-acrecientan-tension-entre-gobierno-y-magisterio\\\/#primaryimage\"},\"thumbnailUrl\":\"\",\"articleSection\":[\"Portada\"],\"inLanguage\":\"es\"},{\"@type\":\"WebPage\",\"@id\":\"https:\\\/\\\/www.eldiario.net\\\/portal\\\/2023\\\/03\\\/09\\\/aprehendidos-y-pugnas-acrecientan-tension-entre-gobierno-y-magisterio\\\/\",\"url\":\"https:\\\/\\\/www.eldiario.net\\\/portal\\\/2023\\\/03\\\/09\\\/aprehendidos-y-pugnas-acrecientan-tension-entre-gobierno-y-magisterio\\\/\",\"name\":\"Aprehendidos y pugnas acrecientan tensi\u00f3n entre Gobierno y Magisterio - El Diario - Bolivia\",\"isPartOf\":{\"@id\":\"https:\\\/\\\/www.eldiario.net\\\/portal\\\/#website\"},\"primaryImageOfPage\":{\"@id\":\"https:\\\/\\\/www.eldiario.net\\\/portal\\\/2023\\\/03\\\/09\\\/aprehendidos-y-pugnas-acrecientan-tension-entre-gobierno-y-magisterio\\\/#primaryimage\"},\"image\":{\"@id\":\"https:\\\/\\\/www.eldiario.net\\\/portal\\\/2023\\\/03\\\/09\\\/aprehendidos-y-pugnas-acrecientan-tension-entre-gobierno-y-magisterio\\\/#primaryimage\"},\"thumbnailUrl\":\"\",\"datePublished\":\"2023-03-09T10:29:33+00:00\",\"breadcrumb\":{\"@id\":\"https:\\\/\\\/www.eldiario.net\\\/portal\\\/2023\\\/03\\\/09\\\/aprehendidos-y-pugnas-acrecientan-tension-entre-gobierno-y-magisterio\\\/#breadcrumb\"},\"inLanguage\":\"es\",\"potentialAction\":[{\"@type\":\"ReadAction\",\"target\":[\"https:\\\/\\\/www.eldiario.net\\\/portal\\\/2023\\\/03\\\/09\\\/aprehendidos-y-pugnas-acrecientan-tension-entre-gobierno-y-magisterio\\\/\"]}]},{\"@type\":\"ImageObject\",\"inLanguage\":\"es\",\"@id\":\"https:\\\/\\\/www.eldiario.net\\\/portal\\\/2023\\\/03\\\/09\\\/aprehendidos-y-pugnas-acrecientan-tension-entre-gobierno-y-magisterio\\\/#primaryimage\",\"url\":\"\",\"contentUrl\":\"\"},{\"@type\":\"BreadcrumbList\",\"@id\":\"https:\\\/\\\/www.eldiario.net\\\/portal\\\/2023\\\/03\\\/09\\\/aprehendidos-y-pugnas-acrecientan-tension-entre-gobierno-y-magisterio\\\/#breadcrumb\",\"itemListElement\":[{\"@type\":\"ListItem\",\"position\":1,\"name\":\"Portada\",\"item\":\"https:\\\/\\\/www.eldiario.net\\\/portal\\\/\"},{\"@type\":\"ListItem\",\"position\":2,\"name\":\"Aprehendidos y pugnas acrecientan tensi\u00f3n entre Gobierno y Magisterio\"}]},{\"@type\":\"WebSite\",\"@id\":\"https:\\\/\\\/www.eldiario.net\\\/portal\\\/#website\",\"url\":\"https:\\\/\\\/www.eldiario.net\\\/portal\\\/\",\"name\":\"El Diario - Decano de la prensa nacional\",\"description\":\"El Diario - Decano de la prensa nacional\",\"publisher\":{\"@id\":\"https:\\\/\\\/www.eldiario.net\\\/portal\\\/#organization\"},\"potentialAction\":[{\"@type\":\"SearchAction\",\"target\":{\"@type\":\"EntryPoint\",\"urlTemplate\":\"https:\\\/\\\/www.eldiario.net\\\/portal\\\/?s={search_term_string}\"},\"query-input\":{\"@type\":\"PropertyValueSpecification\",\"valueRequired\":true,\"valueName\":\"search_term_string\"}}],\"inLanguage\":\"es\"},{\"@type\":\"Organization\",\"@id\":\"https:\\\/\\\/www.eldiario.net\\\/portal\\\/#organization\",\"name\":\"El Diario - Decano de la prensa nacional\",\"url\":\"https:\\\/\\\/www.eldiario.net\\\/portal\\\/\",\"logo\":{\"@type\":\"ImageObject\",\"inLanguage\":\"es\",\"@id\":\"https:\\\/\\\/www.eldiario.net\\\/portal\\\/#\\\/schema\\\/logo\\\/image\\\/\",\"url\":\"https:\\\/\\\/www.eldiario.net\\\/portal\\\/wp-content\\\/uploads\\\/2023\\\/07\\\/logo_ED.jpg\",\"contentUrl\":\"https:\\\/\\\/www.eldiario.net\\\/portal\\\/wp-content\\\/uploads\\\/2023\\\/07\\\/logo_ED.jpg\",\"width\":272,\"height\":52,\"caption\":\"El Diario - Decano de la prensa nacional\"},\"image\":{\"@id\":\"https:\\\/\\\/www.eldiario.net\\\/portal\\\/#\\\/schema\\\/logo\\\/image\\\/\"},\"sameAs\":[\"https:\\\/\\\/www.facebook.com\\\/eldiario.bolivia\\\/\",\"https:\\\/\\\/x.com\\\/eldiario_net\"]},{\"@type\":\"Person\",\"@id\":\"https:\\\/\\\/www.eldiario.net\\\/portal\\\/#\\\/schema\\\/person\\\/f46445640444750d7d753ccd04ae01b7\",\"name\":\"Jeanette\",\"image\":{\"@type\":\"ImageObject\",\"inLanguage\":\"es\",\"@id\":\"https:\\\/\\\/secure.gravatar.com\\\/avatar\\\/3ea2118a5f7dad2b7138b1187a6b7ee55f160b9968b66013c3a3ef39dd7e5798?s=96&d=mm&r=g\",\"url\":\"https:\\\/\\\/secure.gravatar.com\\\/avatar\\\/3ea2118a5f7dad2b7138b1187a6b7ee55f160b9968b66013c3a3ef39dd7e5798?s=96&d=mm&r=g\",\"contentUrl\":\"https:\\\/\\\/secure.gravatar.com\\\/avatar\\\/3ea2118a5f7dad2b7138b1187a6b7ee55f160b9968b66013c3a3ef39dd7e5798?s=96&d=mm&r=g\",\"caption\":\"Jeanette\"},\"sameAs\":[\"https:\\\/\\\/www.eldiario.net\\\/portal\"],\"url\":\"https:\\\/\\\/www.eldiario.net\\\/portal\\\/author\\\/jeanette\\\/\"}]}<\/script>\n<!-- \/ Yoast SEO plugin. -->","yoast_head_json":{"title":"Aprehendidos y pugnas acrecientan tensi\u00f3n entre Gobierno y Magisterio - El Diario - Bolivia","robots":{"index":"index","follow":"follow","max-snippet":"max-snippet:-1","max-image-preview":"max-image-preview:large","max-video-preview":"max-video-preview:-1"},"canonical":"https:\/\/www.eldiario.net\/portal\/2023\/03\/09\/aprehendidos-y-pugnas-acrecientan-tension-entre-gobierno-y-magisterio\/","og_locale":"es_ES","og_type":"article","og_title":"Aprehendidos y pugnas acrecientan tensi\u00f3n entre Gobierno y Magisterio - El Diario - Bolivia","og_description":"Nuevamente las movilizaciones del Magisterio Urbano del pa\u00eds fueron con enfrentamientos entre maestros y polic\u00edas, producto de estas hay tres educadores aprehendidos, un veh\u00edculo secuestrado, seis polic\u00edas heridos y otros lesionados de parte de los movilizados. Al parecer, la tensi\u00f3n entre el Gobierno y los profesores crece y no se avizoran avances, aunque ambas partes [&hellip;]","og_url":"https:\/\/www.eldiario.net\/portal\/2023\/03\/09\/aprehendidos-y-pugnas-acrecientan-tension-entre-gobierno-y-magisterio\/","og_site_name":"El Diario - Bolivia","article_publisher":"https:\/\/www.facebook.com\/eldiario.bolivia\/","article_published_time":"2023-03-09T10:29:33+00:00","author":"Jeanette","twitter_card":"summary_large_image","twitter_creator":"@eldiario_net","twitter_site":"@eldiario_net","twitter_misc":{"Escrito por":"Jeanette","Tiempo de lectura":"4 minutos"},"schema":{"@context":"https:\/\/schema.org","@graph":[{"@type":"Article","@id":"https:\/\/www.eldiario.net\/portal\/2023\/03\/09\/aprehendidos-y-pugnas-acrecientan-tension-entre-gobierno-y-magisterio\/#article","isPartOf":{"@id":"https:\/\/www.eldiario.net\/portal\/2023\/03\/09\/aprehendidos-y-pugnas-acrecientan-tension-entre-gobierno-y-magisterio\/"},"author":{"name":"Jeanette","@id":"https:\/\/www.eldiario.net\/portal\/#\/schema\/person\/f46445640444750d7d753ccd04ae01b7"},"headline":"Aprehendidos y pugnas acrecientan tensi\u00f3n entre Gobierno y Magisterio","datePublished":"2023-03-09T10:29:33+00:00","mainEntityOfPage":{"@id":"https:\/\/www.eldiario.net\/portal\/2023\/03\/09\/aprehendidos-y-pugnas-acrecientan-tension-entre-gobierno-y-magisterio\/"},"wordCount":845,"publisher":{"@id":"https:\/\/www.eldiario.net\/portal\/#organization"},"image":{"@id":"https:\/\/www.eldiario.net\/portal\/2023\/03\/09\/aprehendidos-y-pugnas-acrecientan-tension-entre-gobierno-y-magisterio\/#primaryimage"},"thumbnailUrl":"","articleSection":["Portada"],"inLanguage":"es"},{"@type":"WebPage","@id":"https:\/\/www.eldiario.net\/portal\/2023\/03\/09\/aprehendidos-y-pugnas-acrecientan-tension-entre-gobierno-y-magisterio\/","url":"https:\/\/www.eldiario.net\/portal\/2023\/03\/09\/aprehendidos-y-pugnas-acrecientan-tension-entre-gobierno-y-magisterio\/","name":"Aprehendidos y pugnas acrecientan tensi\u00f3n entre Gobierno y Magisterio - El Diario - Bolivia","isPartOf":{"@id":"https:\/\/www.eldiario.net\/portal\/#website"},"primaryImageOfPage":{"@id":"https:\/\/www.eldiario.net\/portal\/2023\/03\/09\/aprehendidos-y-pugnas-acrecientan-tension-entre-gobierno-y-magisterio\/#primaryimage"},"image":{"@id":"https:\/\/www.eldiario.net\/portal\/2023\/03\/09\/aprehendidos-y-pugnas-acrecientan-tension-entre-gobierno-y-magisterio\/#primaryimage"},"thumbnailUrl":"","datePublished":"2023-03-09T10:29:33+00:00","breadcrumb":{"@id":"https:\/\/www.eldiario.net\/portal\/2023\/03\/09\/aprehendidos-y-pugnas-acrecientan-tension-entre-gobierno-y-magisterio\/#breadcrumb"},"inLanguage":"es","potentialAction":[{"@type":"ReadAction","target":["https:\/\/www.eldiario.net\/portal\/2023\/03\/09\/aprehendidos-y-pugnas-acrecientan-tension-entre-gobierno-y-magisterio\/"]}]},{"@type":"ImageObject","inLanguage":"es","@id":"https:\/\/www.eldiario.net\/portal\/2023\/03\/09\/aprehendidos-y-pugnas-acrecientan-tension-entre-gobierno-y-magisterio\/#primaryimage","url":"","contentUrl":""},{"@type":"BreadcrumbList","@id":"https:\/\/www.eldiario.net\/portal\/2023\/03\/09\/aprehendidos-y-pugnas-acrecientan-tension-entre-gobierno-y-magisterio\/#breadcrumb","itemListElement":[{"@type":"ListItem","position":1,"name":"Portada","item":"https:\/\/www.eldiario.net\/portal\/"},{"@type":"ListItem","position":2,"name":"Aprehendidos y pugnas acrecientan tensi\u00f3n entre Gobierno y Magisterio"}]},{"@type":"WebSite","@id":"https:\/\/www.eldiario.net\/portal\/#website","url":"https:\/\/www.eldiario.net\/portal\/","name":"El Diario - Decano de la prensa nacional","description":"El Diario - Decano de la prensa nacional","publisher":{"@id":"https:\/\/www.eldiario.net\/portal\/#organization"},"potentialAction":[{"@type":"SearchAction","target":{"@type":"EntryPoint","urlTemplate":"https:\/\/www.eldiario.net\/portal\/?s={search_term_string}"},"query-input":{"@type":"PropertyValueSpecification","valueRequired":true,"valueName":"search_term_string"}}],"inLanguage":"es"},{"@type":"Organization","@id":"https:\/\/www.eldiario.net\/portal\/#organization","name":"El Diario - Decano de la prensa nacional","url":"https:\/\/www.eldiario.net\/portal\/","logo":{"@type":"ImageObject","inLanguage":"es","@id":"https:\/\/www.eldiario.net\/portal\/#\/schema\/logo\/image\/","url":"https:\/\/www.eldiario.net\/portal\/wp-content\/uploads\/2023\/07\/logo_ED.jpg","contentUrl":"https:\/\/www.eldiario.net\/portal\/wp-content\/uploads\/2023\/07\/logo_ED.jpg","width":272,"height":52,"caption":"El Diario - Decano de la prensa nacional"},"image":{"@id":"https:\/\/www.eldiario.net\/portal\/#\/schema\/logo\/image\/"},"sameAs":["https:\/\/www.facebook.com\/eldiario.bolivia\/","https:\/\/x.com\/eldiario_net"]},{"@type":"Person","@id":"https:\/\/www.eldiario.net\/portal\/#\/schema\/person\/f46445640444750d7d753ccd04ae01b7","name":"Jeanette","image":{"@type":"ImageObject","inLanguage":"es","@id":"https:\/\/secure.gravatar.com\/avatar\/3ea2118a5f7dad2b7138b1187a6b7ee55f160b9968b66013c3a3ef39dd7e5798?s=96&d=mm&r=g","url":"https:\/\/secure.gravatar.com\/avatar\/3ea2118a5f7dad2b7138b1187a6b7ee55f160b9968b66013c3a3ef39dd7e5798?s=96&d=mm&r=g","contentUrl":"https:\/\/secure.gravatar.com\/avatar\/3ea2118a5f7dad2b7138b1187a6b7ee55f160b9968b66013c3a3ef39dd7e5798?s=96&d=mm&r=g","caption":"Jeanette"},"sameAs":["https:\/\/www.eldiario.net\/portal"],"url":"https:\/\/www.eldiario.net\/portal\/author\/jeanette\/"}]}},"_links":{"self":[{"href":"https:\/\/www.eldiario.net\/portal\/wp-json\/wp\/v2\/posts\/142196","targetHints":{"allow":["GET"]}}],"collection":[{"href":"https:\/\/www.eldiario.net\/portal\/wp-json\/wp\/v2\/posts"}],"about":[{"href":"https:\/\/www.eldiario.net\/portal\/wp-json\/wp\/v2\/types\/post"}],"author":[{"embeddable":true,"href":"https:\/\/www.eldiario.net\/portal\/wp-json\/wp\/v2\/users\/1"}],"replies":[{"embeddable":true,"href":"https:\/\/www.eldiario.net\/portal\/wp-json\/wp\/v2\/comments?post=142196"}],"version-history":[{"count":0,"href":"https:\/\/www.eldiario.net\/portal\/wp-json\/wp\/v2\/posts\/142196\/revisions"}],"wp:attachment":[{"href":"https:\/\/www.eldiario.net\/portal\/wp-json\/wp\/v2\/media?parent=142196"}],"wp:term":[{"taxonomy":"category","embeddable":true,"href":"https:\/\/www.eldiario.net\/portal\/wp-json\/wp\/v2\/categories?post=142196"},{"taxonomy":"post_tag","embeddable":true,"href":"https:\/\/www.eldiario.net\/portal\/wp-json\/wp\/v2\/tags?post=142196"}],"curies":[{"name":"wp","href":"https:\/\/api.w.org\/{rel}","templated":true}]}}