{"id":142190,"date":"2023-03-09T06:27:37","date_gmt":"2023-03-09T10:27:37","guid":{"rendered":"https:\/\/www.eldiario.net\/portal\/?p=142190"},"modified":"2023-03-09T06:27:37","modified_gmt":"2023-03-09T10:27:37","slug":"el-papa-aboga-por-igualdad-de-oportunidades-para-la-mujer","status":"publish","type":"post","link":"https:\/\/www.eldiario.net\/portal\/2023\/03\/09\/el-papa-aboga-por-igualdad-de-oportunidades-para-la-mujer\/","title":{"rendered":"El Papa aboga por igualdad de oportunidades para la mujer"},"content":{"rendered":"<p>El papa Francisco conden\u00f3 la violencia y los prejuicios contra las mujeres y dijo que conceder igualdad de salarios y oportunidades podr\u00eda ayudar a crear un mundo m\u00e1s pac\u00edfico, mientras una nueva encuesta entre mujeres cat\u00f3licas mostraba que muchas sent\u00edan que la Iglesia las discriminaba.<\/p>\n<p>En el prefacio de un libro publicado por el sitio web Vatican News en el D\u00eda Internacional de la Mujer, Francisco hizo hincapi\u00e9 en las diferencias entre hombres y mujeres, pero pidi\u00f3 \u00abigualdad en la diversidad\u00bb en \u00abun campo de juego abierto a todos los jugadores\u00bb.<\/p>\n<p>\u00abMe gusta pensar que si las mujeres pudieran disfrutar de la plena igualdad de oportunidades, podr\u00edan contribuir sustancialmente al cambio necesario hacia un mundo de paz, inclusi\u00f3n, solidaridad y sostenibilidad integral\u00bb, dijo el Santo Padre.<\/p>\n<p>Francisco ha condenado la discriminaci\u00f3n contra las mujeres en el pasado, pero, al igual que sus predecesores, ha descartado el sacerdocio femenino. La Iglesia cat\u00f3lica ense\u00f1a que s\u00f3lo los hombres pueden ser sacerdotes porque Jes\u00fas eligi\u00f3 a hombres como sus ap\u00f3stoles.<\/p>\n<p>Una encuesta publicada por la Universidad de Newcastle, Australia, revel\u00f3 que casi el 80% de las m\u00e1s de 17.000 mujeres cat\u00f3licas encuestadas en 104 pa\u00edses afirmaron que las mujeres deber\u00edan ser incluidas en todos los niveles de liderazgo de la Iglesia.<\/p>\n<p>La encuesta, que se present\u00f3 en el Vaticano, mostr\u00f3 que dos tercios de las encuestadas, o el 68%, estaban muy de acuerdo o de acuerdo en que las mujeres deber\u00edan poder ser ordenadas sacerdotes.<\/p>\n<p>Hubo un apoyo mayoritario al sacerdocio femenino en los 104 pa\u00edses encuestados, excepto en Polonia y Sud\u00e1frica.<\/p>\n<p>En el prefacio del libro titulado: M\u00e1s liderazgo femenino para un mundo mejor, el Sumo Pont\u00edfice ensalz\u00f3 las diferencias entre hombres y mujeres.<\/p>\n<p>\u00abEllas est\u00e1n m\u00e1s atentas a la protecci\u00f3n del medio ambiente, su mirada no se dirige al pasado sino al futuro\u00bb, dijo.<\/p>\n<p>\u00abLas mujeres saben que dan a luz con dolor para alcanzar una gran alegr\u00eda: dar vida y abrir horizontes vastos y nuevos. Por eso las mujeres quieren la paz, siempre\u00bb.<\/p>\n<p>Dijo que las mujeres necesitan obtener la misma remuneraci\u00f3n que los hombres por funciones iguales y describi\u00f3 las diferencias salariales existentes como \u00abuna grave injusticia\u00bb.<\/p>\n<p>El Papa conden\u00f3 la \u00abplaga\u00bb de la violencia contra las mujeres, recordando un discurso que pronunci\u00f3 en 2021 cuando la calific\u00f3 de \u00abherida abierta fruto de una cultura patriarcal y machista de opresi\u00f3n\u00bb.<\/p>\n<p>Francisco ha nombrado a varias mujeres para puestos directivos desde que se convirti\u00f3 en Papa, y dijo el a\u00f1o pasado que \u00abcada vez que a una mujer se le da un puesto (de responsabilidad) en el Vaticano, las cosas mejoran\u00bb. (Reuters)<\/p>\n","protected":false},"excerpt":{"rendered":"<p>El papa Francisco conden\u00f3 la violencia y los prejuicios contra las mujeres y dijo que conceder igualdad de salarios y oportunidades podr\u00eda ayudar a crear un mundo m\u00e1s pac\u00edfico, mientras una nueva encuesta entre mujeres cat\u00f3licas mostraba que muchas sent\u00edan que la Iglesia las discriminaba. En el prefacio de un libro publicado por el sitio [&hellip;]<\/p>\n","protected":false},"author":1,"featured_media":142191,"comment_status":"closed","ping_status":"closed","sticky":false,"template":"","format":"standard","meta":{"_acf_changed":false,"footnotes":""},"categories":[15],"tags":[],"class_list":["post-142190","post","type-post","status-publish","format-standard","has-post-thumbnail","category-portada"],"acf":{"antetitulo":""},"yoast_head":"<!-- This site is optimized with the Yoast SEO plugin v28.3 - https:\/\/yoast.com\/product\/yoast-seo-wordpress\/ -->\n<title>El Papa aboga por igualdad de oportunidades para la mujer - El Diario - Bolivia<\/title>\n<meta name=\"robots\" content=\"index, follow, max-snippet:-1, max-image-preview:large, max-video-preview:-1\" \/>\n<link rel=\"canonical\" href=\"https:\/\/www.eldiario.net\/portal\/2023\/03\/09\/el-papa-aboga-por-igualdad-de-oportunidades-para-la-mujer\/\" \/>\n<meta property=\"og:locale\" content=\"es_ES\" \/>\n<meta property=\"og:type\" content=\"article\" \/>\n<meta property=\"og:title\" content=\"El Papa aboga por igualdad de oportunidades para la mujer - El Diario - Bolivia\" \/>\n<meta property=\"og:description\" content=\"El papa Francisco conden\u00f3 la violencia y los prejuicios contra las mujeres y dijo que conceder igualdad de salarios y oportunidades podr\u00eda ayudar a crear un mundo m\u00e1s pac\u00edfico, mientras una nueva encuesta entre mujeres cat\u00f3licas mostraba que muchas sent\u00edan que la Iglesia las discriminaba. En el prefacio de un libro publicado por el sitio [&hellip;]\" \/>\n<meta property=\"og:url\" content=\"https:\/\/www.eldiario.net\/portal\/2023\/03\/09\/el-papa-aboga-por-igualdad-de-oportunidades-para-la-mujer\/\" \/>\n<meta property=\"og:site_name\" content=\"El Diario - Bolivia\" \/>\n<meta property=\"article:publisher\" content=\"https:\/\/www.facebook.com\/eldiario.bolivia\/\" \/>\n<meta property=\"article:published_time\" content=\"2023-03-09T10:27:37+00:00\" \/>\n<meta name=\"author\" content=\"Jeanette\" \/>\n<meta name=\"twitter:card\" content=\"summary_large_image\" \/>\n<meta name=\"twitter:creator\" content=\"@eldiario_net\" \/>\n<meta name=\"twitter:site\" content=\"@eldiario_net\" \/>\n<meta name=\"twitter:label1\" content=\"Escrito por\" \/>\n\t<meta name=\"twitter:data1\" content=\"Jeanette\" \/>\n\t<meta name=\"twitter:label2\" content=\"Tiempo de lectura\" \/>\n\t<meta name=\"twitter:data2\" content=\"2 minutos\" \/>\n<script type=\"application\/ld+json\" class=\"yoast-schema-graph\">{\"@context\":\"https:\\\/\\\/schema.org\",\"@graph\":[{\"@type\":\"Article\",\"@id\":\"https:\\\/\\\/www.eldiario.net\\\/portal\\\/2023\\\/03\\\/09\\\/el-papa-aboga-por-igualdad-de-oportunidades-para-la-mujer\\\/#article\",\"isPartOf\":{\"@id\":\"https:\\\/\\\/www.eldiario.net\\\/portal\\\/2023\\\/03\\\/09\\\/el-papa-aboga-por-igualdad-de-oportunidades-para-la-mujer\\\/\"},\"author\":{\"name\":\"Jeanette\",\"@id\":\"https:\\\/\\\/www.eldiario.net\\\/portal\\\/#\\\/schema\\\/person\\\/f46445640444750d7d753ccd04ae01b7\"},\"headline\":\"El Papa aboga por igualdad de oportunidades para la mujer\",\"datePublished\":\"2023-03-09T10:27:37+00:00\",\"mainEntityOfPage\":{\"@id\":\"https:\\\/\\\/www.eldiario.net\\\/portal\\\/2023\\\/03\\\/09\\\/el-papa-aboga-por-igualdad-de-oportunidades-para-la-mujer\\\/\"},\"wordCount\":466,\"publisher\":{\"@id\":\"https:\\\/\\\/www.eldiario.net\\\/portal\\\/#organization\"},\"image\":{\"@id\":\"https:\\\/\\\/www.eldiario.net\\\/portal\\\/2023\\\/03\\\/09\\\/el-papa-aboga-por-igualdad-de-oportunidades-para-la-mujer\\\/#primaryimage\"},\"thumbnailUrl\":\"\",\"articleSection\":[\"Portada\"],\"inLanguage\":\"es\"},{\"@type\":\"WebPage\",\"@id\":\"https:\\\/\\\/www.eldiario.net\\\/portal\\\/2023\\\/03\\\/09\\\/el-papa-aboga-por-igualdad-de-oportunidades-para-la-mujer\\\/\",\"url\":\"https:\\\/\\\/www.eldiario.net\\\/portal\\\/2023\\\/03\\\/09\\\/el-papa-aboga-por-igualdad-de-oportunidades-para-la-mujer\\\/\",\"name\":\"El Papa aboga por igualdad de oportunidades para la mujer - El Diario - Bolivia\",\"isPartOf\":{\"@id\":\"https:\\\/\\\/www.eldiario.net\\\/portal\\\/#website\"},\"primaryImageOfPage\":{\"@id\":\"https:\\\/\\\/www.eldiario.net\\\/portal\\\/2023\\\/03\\\/09\\\/el-papa-aboga-por-igualdad-de-oportunidades-para-la-mujer\\\/#primaryimage\"},\"image\":{\"@id\":\"https:\\\/\\\/www.eldiario.net\\\/portal\\\/2023\\\/03\\\/09\\\/el-papa-aboga-por-igualdad-de-oportunidades-para-la-mujer\\\/#primaryimage\"},\"thumbnailUrl\":\"\",\"datePublished\":\"2023-03-09T10:27:37+00:00\",\"breadcrumb\":{\"@id\":\"https:\\\/\\\/www.eldiario.net\\\/portal\\\/2023\\\/03\\\/09\\\/el-papa-aboga-por-igualdad-de-oportunidades-para-la-mujer\\\/#breadcrumb\"},\"inLanguage\":\"es\",\"potentialAction\":[{\"@type\":\"ReadAction\",\"target\":[\"https:\\\/\\\/www.eldiario.net\\\/portal\\\/2023\\\/03\\\/09\\\/el-papa-aboga-por-igualdad-de-oportunidades-para-la-mujer\\\/\"]}]},{\"@type\":\"ImageObject\",\"inLanguage\":\"es\",\"@id\":\"https:\\\/\\\/www.eldiario.net\\\/portal\\\/2023\\\/03\\\/09\\\/el-papa-aboga-por-igualdad-de-oportunidades-para-la-mujer\\\/#primaryimage\",\"url\":\"\",\"contentUrl\":\"\"},{\"@type\":\"BreadcrumbList\",\"@id\":\"https:\\\/\\\/www.eldiario.net\\\/portal\\\/2023\\\/03\\\/09\\\/el-papa-aboga-por-igualdad-de-oportunidades-para-la-mujer\\\/#breadcrumb\",\"itemListElement\":[{\"@type\":\"ListItem\",\"position\":1,\"name\":\"Portada\",\"item\":\"https:\\\/\\\/www.eldiario.net\\\/portal\\\/\"},{\"@type\":\"ListItem\",\"position\":2,\"name\":\"El Papa aboga por igualdad de oportunidades para la mujer\"}]},{\"@type\":\"WebSite\",\"@id\":\"https:\\\/\\\/www.eldiario.net\\\/portal\\\/#website\",\"url\":\"https:\\\/\\\/www.eldiario.net\\\/portal\\\/\",\"name\":\"El Diario - Decano de la prensa nacional\",\"description\":\"El Diario - Decano de la prensa nacional\",\"publisher\":{\"@id\":\"https:\\\/\\\/www.eldiario.net\\\/portal\\\/#organization\"},\"potentialAction\":[{\"@type\":\"SearchAction\",\"target\":{\"@type\":\"EntryPoint\",\"urlTemplate\":\"https:\\\/\\\/www.eldiario.net\\\/portal\\\/?s={search_term_string}\"},\"query-input\":{\"@type\":\"PropertyValueSpecification\",\"valueRequired\":true,\"valueName\":\"search_term_string\"}}],\"inLanguage\":\"es\"},{\"@type\":\"Organization\",\"@id\":\"https:\\\/\\\/www.eldiario.net\\\/portal\\\/#organization\",\"name\":\"El Diario - Decano de la prensa nacional\",\"url\":\"https:\\\/\\\/www.eldiario.net\\\/portal\\\/\",\"logo\":{\"@type\":\"ImageObject\",\"inLanguage\":\"es\",\"@id\":\"https:\\\/\\\/www.eldiario.net\\\/portal\\\/#\\\/schema\\\/logo\\\/image\\\/\",\"url\":\"https:\\\/\\\/www.eldiario.net\\\/portal\\\/wp-content\\\/uploads\\\/2023\\\/07\\\/logo_ED.jpg\",\"contentUrl\":\"https:\\\/\\\/www.eldiario.net\\\/portal\\\/wp-content\\\/uploads\\\/2023\\\/07\\\/logo_ED.jpg\",\"width\":272,\"height\":52,\"caption\":\"El Diario - Decano de la prensa nacional\"},\"image\":{\"@id\":\"https:\\\/\\\/www.eldiario.net\\\/portal\\\/#\\\/schema\\\/logo\\\/image\\\/\"},\"sameAs\":[\"https:\\\/\\\/www.facebook.com\\\/eldiario.bolivia\\\/\",\"https:\\\/\\\/x.com\\\/eldiario_net\"]},{\"@type\":\"Person\",\"@id\":\"https:\\\/\\\/www.eldiario.net\\\/portal\\\/#\\\/schema\\\/person\\\/f46445640444750d7d753ccd04ae01b7\",\"name\":\"Jeanette\",\"image\":{\"@type\":\"ImageObject\",\"inLanguage\":\"es\",\"@id\":\"https:\\\/\\\/secure.gravatar.com\\\/avatar\\\/3ea2118a5f7dad2b7138b1187a6b7ee55f160b9968b66013c3a3ef39dd7e5798?s=96&d=mm&r=g\",\"url\":\"https:\\\/\\\/secure.gravatar.com\\\/avatar\\\/3ea2118a5f7dad2b7138b1187a6b7ee55f160b9968b66013c3a3ef39dd7e5798?s=96&d=mm&r=g\",\"contentUrl\":\"https:\\\/\\\/secure.gravatar.com\\\/avatar\\\/3ea2118a5f7dad2b7138b1187a6b7ee55f160b9968b66013c3a3ef39dd7e5798?s=96&d=mm&r=g\",\"caption\":\"Jeanette\"},\"sameAs\":[\"https:\\\/\\\/www.eldiario.net\\\/portal\"],\"url\":\"https:\\\/\\\/www.eldiario.net\\\/portal\\\/author\\\/jeanette\\\/\"}]}<\/script>\n<!-- \/ Yoast SEO plugin. -->","yoast_head_json":{"title":"El Papa aboga por igualdad de oportunidades para la mujer - El Diario - Bolivia","robots":{"index":"index","follow":"follow","max-snippet":"max-snippet:-1","max-image-preview":"max-image-preview:large","max-video-preview":"max-video-preview:-1"},"canonical":"https:\/\/www.eldiario.net\/portal\/2023\/03\/09\/el-papa-aboga-por-igualdad-de-oportunidades-para-la-mujer\/","og_locale":"es_ES","og_type":"article","og_title":"El Papa aboga por igualdad de oportunidades para la mujer - El Diario - Bolivia","og_description":"El papa Francisco conden\u00f3 la violencia y los prejuicios contra las mujeres y dijo que conceder igualdad de salarios y oportunidades podr\u00eda ayudar a crear un mundo m\u00e1s pac\u00edfico, mientras una nueva encuesta entre mujeres cat\u00f3licas mostraba que muchas sent\u00edan que la Iglesia las discriminaba. En el prefacio de un libro publicado por el sitio [&hellip;]","og_url":"https:\/\/www.eldiario.net\/portal\/2023\/03\/09\/el-papa-aboga-por-igualdad-de-oportunidades-para-la-mujer\/","og_site_name":"El Diario - Bolivia","article_publisher":"https:\/\/www.facebook.com\/eldiario.bolivia\/","article_published_time":"2023-03-09T10:27:37+00:00","author":"Jeanette","twitter_card":"summary_large_image","twitter_creator":"@eldiario_net","twitter_site":"@eldiario_net","twitter_misc":{"Escrito por":"Jeanette","Tiempo de lectura":"2 minutos"},"schema":{"@context":"https:\/\/schema.org","@graph":[{"@type":"Article","@id":"https:\/\/www.eldiario.net\/portal\/2023\/03\/09\/el-papa-aboga-por-igualdad-de-oportunidades-para-la-mujer\/#article","isPartOf":{"@id":"https:\/\/www.eldiario.net\/portal\/2023\/03\/09\/el-papa-aboga-por-igualdad-de-oportunidades-para-la-mujer\/"},"author":{"name":"Jeanette","@id":"https:\/\/www.eldiario.net\/portal\/#\/schema\/person\/f46445640444750d7d753ccd04ae01b7"},"headline":"El Papa aboga por igualdad de oportunidades para la mujer","datePublished":"2023-03-09T10:27:37+00:00","mainEntityOfPage":{"@id":"https:\/\/www.eldiario.net\/portal\/2023\/03\/09\/el-papa-aboga-por-igualdad-de-oportunidades-para-la-mujer\/"},"wordCount":466,"publisher":{"@id":"https:\/\/www.eldiario.net\/portal\/#organization"},"image":{"@id":"https:\/\/www.eldiario.net\/portal\/2023\/03\/09\/el-papa-aboga-por-igualdad-de-oportunidades-para-la-mujer\/#primaryimage"},"thumbnailUrl":"","articleSection":["Portada"],"inLanguage":"es"},{"@type":"WebPage","@id":"https:\/\/www.eldiario.net\/portal\/2023\/03\/09\/el-papa-aboga-por-igualdad-de-oportunidades-para-la-mujer\/","url":"https:\/\/www.eldiario.net\/portal\/2023\/03\/09\/el-papa-aboga-por-igualdad-de-oportunidades-para-la-mujer\/","name":"El Papa aboga por igualdad de oportunidades para la mujer - El Diario - Bolivia","isPartOf":{"@id":"https:\/\/www.eldiario.net\/portal\/#website"},"primaryImageOfPage":{"@id":"https:\/\/www.eldiario.net\/portal\/2023\/03\/09\/el-papa-aboga-por-igualdad-de-oportunidades-para-la-mujer\/#primaryimage"},"image":{"@id":"https:\/\/www.eldiario.net\/portal\/2023\/03\/09\/el-papa-aboga-por-igualdad-de-oportunidades-para-la-mujer\/#primaryimage"},"thumbnailUrl":"","datePublished":"2023-03-09T10:27:37+00:00","breadcrumb":{"@id":"https:\/\/www.eldiario.net\/portal\/2023\/03\/09\/el-papa-aboga-por-igualdad-de-oportunidades-para-la-mujer\/#breadcrumb"},"inLanguage":"es","potentialAction":[{"@type":"ReadAction","target":["https:\/\/www.eldiario.net\/portal\/2023\/03\/09\/el-papa-aboga-por-igualdad-de-oportunidades-para-la-mujer\/"]}]},{"@type":"ImageObject","inLanguage":"es","@id":"https:\/\/www.eldiario.net\/portal\/2023\/03\/09\/el-papa-aboga-por-igualdad-de-oportunidades-para-la-mujer\/#primaryimage","url":"","contentUrl":""},{"@type":"BreadcrumbList","@id":"https:\/\/www.eldiario.net\/portal\/2023\/03\/09\/el-papa-aboga-por-igualdad-de-oportunidades-para-la-mujer\/#breadcrumb","itemListElement":[{"@type":"ListItem","position":1,"name":"Portada","item":"https:\/\/www.eldiario.net\/portal\/"},{"@type":"ListItem","position":2,"name":"El Papa aboga por igualdad de oportunidades para la mujer"}]},{"@type":"WebSite","@id":"https:\/\/www.eldiario.net\/portal\/#website","url":"https:\/\/www.eldiario.net\/portal\/","name":"El Diario - Decano de la prensa nacional","description":"El Diario - Decano de la prensa nacional","publisher":{"@id":"https:\/\/www.eldiario.net\/portal\/#organization"},"potentialAction":[{"@type":"SearchAction","target":{"@type":"EntryPoint","urlTemplate":"https:\/\/www.eldiario.net\/portal\/?s={search_term_string}"},"query-input":{"@type":"PropertyValueSpecification","valueRequired":true,"valueName":"search_term_string"}}],"inLanguage":"es"},{"@type":"Organization","@id":"https:\/\/www.eldiario.net\/portal\/#organization","name":"El Diario - Decano de la prensa nacional","url":"https:\/\/www.eldiario.net\/portal\/","logo":{"@type":"ImageObject","inLanguage":"es","@id":"https:\/\/www.eldiario.net\/portal\/#\/schema\/logo\/image\/","url":"https:\/\/www.eldiario.net\/portal\/wp-content\/uploads\/2023\/07\/logo_ED.jpg","contentUrl":"https:\/\/www.eldiario.net\/portal\/wp-content\/uploads\/2023\/07\/logo_ED.jpg","width":272,"height":52,"caption":"El Diario - Decano de la prensa nacional"},"image":{"@id":"https:\/\/www.eldiario.net\/portal\/#\/schema\/logo\/image\/"},"sameAs":["https:\/\/www.facebook.com\/eldiario.bolivia\/","https:\/\/x.com\/eldiario_net"]},{"@type":"Person","@id":"https:\/\/www.eldiario.net\/portal\/#\/schema\/person\/f46445640444750d7d753ccd04ae01b7","name":"Jeanette","image":{"@type":"ImageObject","inLanguage":"es","@id":"https:\/\/secure.gravatar.com\/avatar\/3ea2118a5f7dad2b7138b1187a6b7ee55f160b9968b66013c3a3ef39dd7e5798?s=96&d=mm&r=g","url":"https:\/\/secure.gravatar.com\/avatar\/3ea2118a5f7dad2b7138b1187a6b7ee55f160b9968b66013c3a3ef39dd7e5798?s=96&d=mm&r=g","contentUrl":"https:\/\/secure.gravatar.com\/avatar\/3ea2118a5f7dad2b7138b1187a6b7ee55f160b9968b66013c3a3ef39dd7e5798?s=96&d=mm&r=g","caption":"Jeanette"},"sameAs":["https:\/\/www.eldiario.net\/portal"],"url":"https:\/\/www.eldiario.net\/portal\/author\/jeanette\/"}]}},"_links":{"self":[{"href":"https:\/\/www.eldiario.net\/portal\/wp-json\/wp\/v2\/posts\/142190","targetHints":{"allow":["GET"]}}],"collection":[{"href":"https:\/\/www.eldiario.net\/portal\/wp-json\/wp\/v2\/posts"}],"about":[{"href":"https:\/\/www.eldiario.net\/portal\/wp-json\/wp\/v2\/types\/post"}],"author":[{"embeddable":true,"href":"https:\/\/www.eldiario.net\/portal\/wp-json\/wp\/v2\/users\/1"}],"replies":[{"embeddable":true,"href":"https:\/\/www.eldiario.net\/portal\/wp-json\/wp\/v2\/comments?post=142190"}],"version-history":[{"count":0,"href":"https:\/\/www.eldiario.net\/portal\/wp-json\/wp\/v2\/posts\/142190\/revisions"}],"wp:attachment":[{"href":"https:\/\/www.eldiario.net\/portal\/wp-json\/wp\/v2\/media?parent=142190"}],"wp:term":[{"taxonomy":"category","embeddable":true,"href":"https:\/\/www.eldiario.net\/portal\/wp-json\/wp\/v2\/categories?post=142190"},{"taxonomy":"post_tag","embeddable":true,"href":"https:\/\/www.eldiario.net\/portal\/wp-json\/wp\/v2\/tags?post=142190"}],"curies":[{"name":"wp","href":"https:\/\/api.w.org\/{rel}","templated":true}]}}