{"id":142181,"date":"2023-03-09T06:23:47","date_gmt":"2023-03-09T10:23:47","guid":{"rendered":"https:\/\/www.eldiario.net\/portal\/?p=142181"},"modified":"2023-03-09T06:23:47","modified_gmt":"2023-03-09T10:23:47","slug":"fiscalia-busca-detener-a-camacho-por-un-segundo-proceso-en-su-contra","status":"publish","type":"post","link":"https:\/\/www.eldiario.net\/portal\/2023\/03\/09\/fiscalia-busca-detener-a-camacho-por-un-segundo-proceso-en-su-contra\/","title":{"rendered":"Fiscal\u00eda busca detener a Camacho  por un segundo proceso en su contra"},"content":{"rendered":"<p>El Ministerio P\u00fablico busca la detenci\u00f3n preventiva, por seis meses, del gobernador de Santa Cruz, Luis Fernando Camacho, imputado por los presuntos delitos de resoluciones contrarias a la Constituci\u00f3n e incumplimiento de deberes, por la emisi\u00f3n del Decreto Departamental 373, que posteriormente fue anulado.<\/p>\n<p>En la imputaci\u00f3n formal, la Fiscal\u00eda de Santa Cruz solicita la detenci\u00f3n preventiva de la autoridad electa en la c\u00e1rcel de Palmasola, seg\u00fan publicaci\u00f3n de Red Uno. Actualmente Camacho se encuentra encarcelado en el penal de Chonchocoro de La Paz, imputado por terrorismo, dentro del caso de supuesto golpe de Estado.<\/p>\n<p>La denuncia contra la autoridad electa fue presentada por el entonces jefe de bancada del Movimiento al Socialismo (MAS), Clemente Ramos, por el decreto que dispon\u00eda que el secretario General de la Gobernaci\u00f3n cruce\u00f1a asuma como gobernador interino cuando quien deb\u00eda ejercer el cargo era el vicegobernador Mario Aguilera. Despu\u00e9s de varias cr\u00edticas y hasta el anuncio de procesos penales, la disposici\u00f3n fue abrogada e incluso fue eliminada de la gaceta departamental.<\/p>\n<p>Ramos explic\u00f3 a la ANF que, el 9 de marzo de 2022, Camacho viaj\u00f3 a Brasil para participar de la 12va Reuni\u00f3n Anual del Grupo de Trabajo de Gobernadores sobre el Clima (GCF Task Force) y antes de hacerlo firm\u00f3 el Decreto Departamental 373 que va en contra del Estatuto Auton\u00f3mico de Santa Cruz.<\/p>\n<p>\u201cAh\u00ed hubo un delito de incumplimiento de deberes y al sacar un decreto (para designar) a un funcionario que no ha sido electo (el delito es) resoluciones contrarias a la ley. Y, (el) tercer delito es porque despu\u00e9s que han subido a la gaceta oficial lo borran, as\u00ed como nada, (\u2026) ah\u00ed ha habido otro delito que ser\u00eda la manipulaci\u00f3n inform\u00e1tica\u201d, asever\u00f3.<\/p>\n","protected":false},"excerpt":{"rendered":"<p>El Ministerio P\u00fablico busca la detenci\u00f3n preventiva, por seis meses, del gobernador de Santa Cruz, Luis Fernando Camacho, imputado por los presuntos delitos de resoluciones contrarias a la Constituci\u00f3n e incumplimiento de deberes, por la emisi\u00f3n del Decreto Departamental 373, que posteriormente fue anulado. En la imputaci\u00f3n formal, la Fiscal\u00eda de Santa Cruz solicita la [&hellip;]<\/p>\n","protected":false},"author":1,"featured_media":142182,"comment_status":"closed","ping_status":"closed","sticky":false,"template":"","format":"standard","meta":{"_acf_changed":false,"footnotes":""},"categories":[39],"tags":[],"class_list":["post-142181","post","type-post","status-publish","format-standard","has-post-thumbnail","category-sociedad"],"acf":{"antetitulo":""},"yoast_head":"<!-- This site is optimized with the Yoast SEO plugin v28.4 - https:\/\/yoast.com\/product\/yoast-seo-wordpress\/ -->\n<title>Fiscal\u00eda busca detener a Camacho por un segundo proceso en su contra - El Diario - Bolivia<\/title>\n<meta name=\"robots\" content=\"index, follow, max-snippet:-1, max-image-preview:large, max-video-preview:-1\" \/>\n<link rel=\"canonical\" href=\"https:\/\/www.eldiario.net\/portal\/2023\/03\/09\/fiscalia-busca-detener-a-camacho-por-un-segundo-proceso-en-su-contra\/\" \/>\n<meta property=\"og:locale\" content=\"es_ES\" \/>\n<meta property=\"og:type\" content=\"article\" \/>\n<meta property=\"og:title\" content=\"Fiscal\u00eda busca detener a Camacho por un segundo proceso en su contra - El Diario - Bolivia\" \/>\n<meta property=\"og:description\" content=\"El Ministerio P\u00fablico busca la detenci\u00f3n preventiva, por seis meses, del gobernador de Santa Cruz, Luis Fernando Camacho, imputado por los presuntos delitos de resoluciones contrarias a la Constituci\u00f3n e incumplimiento de deberes, por la emisi\u00f3n del Decreto Departamental 373, que posteriormente fue anulado. En la imputaci\u00f3n formal, la Fiscal\u00eda de Santa Cruz solicita la [&hellip;]\" \/>\n<meta property=\"og:url\" content=\"https:\/\/www.eldiario.net\/portal\/2023\/03\/09\/fiscalia-busca-detener-a-camacho-por-un-segundo-proceso-en-su-contra\/\" \/>\n<meta property=\"og:site_name\" content=\"El Diario - Bolivia\" \/>\n<meta property=\"article:publisher\" content=\"https:\/\/www.facebook.com\/eldiario.bolivia\/\" \/>\n<meta property=\"article:published_time\" content=\"2023-03-09T10:23:47+00:00\" \/>\n<meta property=\"og:image\" content=\"https:\/\/www.eldiario.net\/portal\/wp-content\/uploads\/2023\/03\/CAMACHO-FOTO.jpeg\" \/>\n\t<meta property=\"og:image:width\" content=\"697\" \/>\n\t<meta property=\"og:image:height\" content=\"839\" \/>\n\t<meta property=\"og:image:type\" content=\"image\/jpeg\" \/>\n<meta name=\"author\" content=\"Jeanette\" \/>\n<meta name=\"twitter:card\" content=\"summary_large_image\" \/>\n<meta name=\"twitter:creator\" content=\"@eldiario_net\" \/>\n<meta name=\"twitter:site\" content=\"@eldiario_net\" \/>\n<meta name=\"twitter:label1\" content=\"Escrito por\" \/>\n\t<meta name=\"twitter:data1\" content=\"Jeanette\" \/>\n\t<meta name=\"twitter:label2\" content=\"Tiempo de lectura\" \/>\n\t<meta name=\"twitter:data2\" content=\"2 minutos\" \/>\n<script type=\"application\/ld+json\" class=\"yoast-schema-graph\">{\"@context\":\"https:\\\/\\\/schema.org\",\"@graph\":[{\"@type\":\"Article\",\"@id\":\"https:\\\/\\\/www.eldiario.net\\\/portal\\\/2023\\\/03\\\/09\\\/fiscalia-busca-detener-a-camacho-por-un-segundo-proceso-en-su-contra\\\/#article\",\"isPartOf\":{\"@id\":\"https:\\\/\\\/www.eldiario.net\\\/portal\\\/2023\\\/03\\\/09\\\/fiscalia-busca-detener-a-camacho-por-un-segundo-proceso-en-su-contra\\\/\"},\"author\":{\"name\":\"Jeanette\",\"@id\":\"https:\\\/\\\/www.eldiario.net\\\/portal\\\/#\\\/schema\\\/person\\\/f46445640444750d7d753ccd04ae01b7\"},\"headline\":\"Fiscal\u00eda busca detener a Camacho por un segundo proceso en su contra\",\"datePublished\":\"2023-03-09T10:23:47+00:00\",\"mainEntityOfPage\":{\"@id\":\"https:\\\/\\\/www.eldiario.net\\\/portal\\\/2023\\\/03\\\/09\\\/fiscalia-busca-detener-a-camacho-por-un-segundo-proceso-en-su-contra\\\/\"},\"wordCount\":314,\"publisher\":{\"@id\":\"https:\\\/\\\/www.eldiario.net\\\/portal\\\/#organization\"},\"image\":{\"@id\":\"https:\\\/\\\/www.eldiario.net\\\/portal\\\/2023\\\/03\\\/09\\\/fiscalia-busca-detener-a-camacho-por-un-segundo-proceso-en-su-contra\\\/#primaryimage\"},\"thumbnailUrl\":\"https:\\\/\\\/www.eldiario.net\\\/portal\\\/wp-content\\\/uploads\\\/2023\\\/03\\\/CAMACHO-FOTO.jpeg\",\"articleSection\":[\"Sociedad - Seguridad\"],\"inLanguage\":\"es\"},{\"@type\":\"WebPage\",\"@id\":\"https:\\\/\\\/www.eldiario.net\\\/portal\\\/2023\\\/03\\\/09\\\/fiscalia-busca-detener-a-camacho-por-un-segundo-proceso-en-su-contra\\\/\",\"url\":\"https:\\\/\\\/www.eldiario.net\\\/portal\\\/2023\\\/03\\\/09\\\/fiscalia-busca-detener-a-camacho-por-un-segundo-proceso-en-su-contra\\\/\",\"name\":\"Fiscal\u00eda busca detener a Camacho por un segundo proceso en su contra - El Diario - Bolivia\",\"isPartOf\":{\"@id\":\"https:\\\/\\\/www.eldiario.net\\\/portal\\\/#website\"},\"primaryImageOfPage\":{\"@id\":\"https:\\\/\\\/www.eldiario.net\\\/portal\\\/2023\\\/03\\\/09\\\/fiscalia-busca-detener-a-camacho-por-un-segundo-proceso-en-su-contra\\\/#primaryimage\"},\"image\":{\"@id\":\"https:\\\/\\\/www.eldiario.net\\\/portal\\\/2023\\\/03\\\/09\\\/fiscalia-busca-detener-a-camacho-por-un-segundo-proceso-en-su-contra\\\/#primaryimage\"},\"thumbnailUrl\":\"https:\\\/\\\/www.eldiario.net\\\/portal\\\/wp-content\\\/uploads\\\/2023\\\/03\\\/CAMACHO-FOTO.jpeg\",\"datePublished\":\"2023-03-09T10:23:47+00:00\",\"breadcrumb\":{\"@id\":\"https:\\\/\\\/www.eldiario.net\\\/portal\\\/2023\\\/03\\\/09\\\/fiscalia-busca-detener-a-camacho-por-un-segundo-proceso-en-su-contra\\\/#breadcrumb\"},\"inLanguage\":\"es\",\"potentialAction\":[{\"@type\":\"ReadAction\",\"target\":[\"https:\\\/\\\/www.eldiario.net\\\/portal\\\/2023\\\/03\\\/09\\\/fiscalia-busca-detener-a-camacho-por-un-segundo-proceso-en-su-contra\\\/\"]}]},{\"@type\":\"ImageObject\",\"inLanguage\":\"es\",\"@id\":\"https:\\\/\\\/www.eldiario.net\\\/portal\\\/2023\\\/03\\\/09\\\/fiscalia-busca-detener-a-camacho-por-un-segundo-proceso-en-su-contra\\\/#primaryimage\",\"url\":\"https:\\\/\\\/www.eldiario.net\\\/portal\\\/wp-content\\\/uploads\\\/2023\\\/03\\\/CAMACHO-FOTO.jpeg\",\"contentUrl\":\"https:\\\/\\\/www.eldiario.net\\\/portal\\\/wp-content\\\/uploads\\\/2023\\\/03\\\/CAMACHO-FOTO.jpeg\",\"width\":697,\"height\":839,\"caption\":\"LUIS FERNANDO CAMACHO, GOBERNADOR DE SANTA CRUZ CR\u00c9DITO: REDES SOCIALES\"},{\"@type\":\"BreadcrumbList\",\"@id\":\"https:\\\/\\\/www.eldiario.net\\\/portal\\\/2023\\\/03\\\/09\\\/fiscalia-busca-detener-a-camacho-por-un-segundo-proceso-en-su-contra\\\/#breadcrumb\",\"itemListElement\":[{\"@type\":\"ListItem\",\"position\":1,\"name\":\"Portada\",\"item\":\"https:\\\/\\\/www.eldiario.net\\\/portal\\\/\"},{\"@type\":\"ListItem\",\"position\":2,\"name\":\"Fiscal\u00eda busca detener a Camacho por un segundo proceso en su contra\"}]},{\"@type\":\"WebSite\",\"@id\":\"https:\\\/\\\/www.eldiario.net\\\/portal\\\/#website\",\"url\":\"https:\\\/\\\/www.eldiario.net\\\/portal\\\/\",\"name\":\"El Diario - Decano de la prensa nacional\",\"description\":\"El Diario - Decano de la prensa nacional\",\"publisher\":{\"@id\":\"https:\\\/\\\/www.eldiario.net\\\/portal\\\/#organization\"},\"potentialAction\":[{\"@type\":\"SearchAction\",\"target\":{\"@type\":\"EntryPoint\",\"urlTemplate\":\"https:\\\/\\\/www.eldiario.net\\\/portal\\\/?s={search_term_string}\"},\"query-input\":{\"@type\":\"PropertyValueSpecification\",\"valueRequired\":true,\"valueName\":\"search_term_string\"}}],\"inLanguage\":\"es\"},{\"@type\":\"Organization\",\"@id\":\"https:\\\/\\\/www.eldiario.net\\\/portal\\\/#organization\",\"name\":\"El Diario - Decano de la prensa nacional\",\"url\":\"https:\\\/\\\/www.eldiario.net\\\/portal\\\/\",\"logo\":{\"@type\":\"ImageObject\",\"inLanguage\":\"es\",\"@id\":\"https:\\\/\\\/www.eldiario.net\\\/portal\\\/#\\\/schema\\\/logo\\\/image\\\/\",\"url\":\"https:\\\/\\\/www.eldiario.net\\\/portal\\\/wp-content\\\/uploads\\\/2023\\\/07\\\/logo_ED.jpg\",\"contentUrl\":\"https:\\\/\\\/www.eldiario.net\\\/portal\\\/wp-content\\\/uploads\\\/2023\\\/07\\\/logo_ED.jpg\",\"width\":272,\"height\":52,\"caption\":\"El Diario - Decano de la prensa nacional\"},\"image\":{\"@id\":\"https:\\\/\\\/www.eldiario.net\\\/portal\\\/#\\\/schema\\\/logo\\\/image\\\/\"},\"sameAs\":[\"https:\\\/\\\/www.facebook.com\\\/eldiario.bolivia\\\/\",\"https:\\\/\\\/x.com\\\/eldiario_net\"]},{\"@type\":\"Person\",\"@id\":\"https:\\\/\\\/www.eldiario.net\\\/portal\\\/#\\\/schema\\\/person\\\/f46445640444750d7d753ccd04ae01b7\",\"name\":\"Jeanette\",\"image\":{\"@type\":\"ImageObject\",\"inLanguage\":\"es\",\"@id\":\"https:\\\/\\\/secure.gravatar.com\\\/avatar\\\/3ea2118a5f7dad2b7138b1187a6b7ee55f160b9968b66013c3a3ef39dd7e5798?s=96&d=mm&r=g\",\"url\":\"https:\\\/\\\/secure.gravatar.com\\\/avatar\\\/3ea2118a5f7dad2b7138b1187a6b7ee55f160b9968b66013c3a3ef39dd7e5798?s=96&d=mm&r=g\",\"contentUrl\":\"https:\\\/\\\/secure.gravatar.com\\\/avatar\\\/3ea2118a5f7dad2b7138b1187a6b7ee55f160b9968b66013c3a3ef39dd7e5798?s=96&d=mm&r=g\",\"caption\":\"Jeanette\"},\"sameAs\":[\"https:\\\/\\\/www.eldiario.net\\\/portal\"],\"url\":\"https:\\\/\\\/www.eldiario.net\\\/portal\\\/author\\\/jeanette\\\/\"}]}<\/script>\n<!-- \/ Yoast SEO plugin. -->","yoast_head_json":{"title":"Fiscal\u00eda busca detener a Camacho por un segundo proceso en su contra - El Diario - Bolivia","robots":{"index":"index","follow":"follow","max-snippet":"max-snippet:-1","max-image-preview":"max-image-preview:large","max-video-preview":"max-video-preview:-1"},"canonical":"https:\/\/www.eldiario.net\/portal\/2023\/03\/09\/fiscalia-busca-detener-a-camacho-por-un-segundo-proceso-en-su-contra\/","og_locale":"es_ES","og_type":"article","og_title":"Fiscal\u00eda busca detener a Camacho por un segundo proceso en su contra - El Diario - Bolivia","og_description":"El Ministerio P\u00fablico busca la detenci\u00f3n preventiva, por seis meses, del gobernador de Santa Cruz, Luis Fernando Camacho, imputado por los presuntos delitos de resoluciones contrarias a la Constituci\u00f3n e incumplimiento de deberes, por la emisi\u00f3n del Decreto Departamental 373, que posteriormente fue anulado. En la imputaci\u00f3n formal, la Fiscal\u00eda de Santa Cruz solicita la [&hellip;]","og_url":"https:\/\/www.eldiario.net\/portal\/2023\/03\/09\/fiscalia-busca-detener-a-camacho-por-un-segundo-proceso-en-su-contra\/","og_site_name":"El Diario - Bolivia","article_publisher":"https:\/\/www.facebook.com\/eldiario.bolivia\/","article_published_time":"2023-03-09T10:23:47+00:00","og_image":[{"width":697,"height":839,"url":"https:\/\/www.eldiario.net\/portal\/wp-content\/uploads\/2023\/03\/CAMACHO-FOTO.jpeg","type":"image\/jpeg"}],"author":"Jeanette","twitter_card":"summary_large_image","twitter_creator":"@eldiario_net","twitter_site":"@eldiario_net","twitter_misc":{"Escrito por":"Jeanette","Tiempo de lectura":"2 minutos"},"schema":{"@context":"https:\/\/schema.org","@graph":[{"@type":"Article","@id":"https:\/\/www.eldiario.net\/portal\/2023\/03\/09\/fiscalia-busca-detener-a-camacho-por-un-segundo-proceso-en-su-contra\/#article","isPartOf":{"@id":"https:\/\/www.eldiario.net\/portal\/2023\/03\/09\/fiscalia-busca-detener-a-camacho-por-un-segundo-proceso-en-su-contra\/"},"author":{"name":"Jeanette","@id":"https:\/\/www.eldiario.net\/portal\/#\/schema\/person\/f46445640444750d7d753ccd04ae01b7"},"headline":"Fiscal\u00eda busca detener a Camacho por un segundo proceso en su contra","datePublished":"2023-03-09T10:23:47+00:00","mainEntityOfPage":{"@id":"https:\/\/www.eldiario.net\/portal\/2023\/03\/09\/fiscalia-busca-detener-a-camacho-por-un-segundo-proceso-en-su-contra\/"},"wordCount":314,"publisher":{"@id":"https:\/\/www.eldiario.net\/portal\/#organization"},"image":{"@id":"https:\/\/www.eldiario.net\/portal\/2023\/03\/09\/fiscalia-busca-detener-a-camacho-por-un-segundo-proceso-en-su-contra\/#primaryimage"},"thumbnailUrl":"https:\/\/www.eldiario.net\/portal\/wp-content\/uploads\/2023\/03\/CAMACHO-FOTO.jpeg","articleSection":["Sociedad - Seguridad"],"inLanguage":"es"},{"@type":"WebPage","@id":"https:\/\/www.eldiario.net\/portal\/2023\/03\/09\/fiscalia-busca-detener-a-camacho-por-un-segundo-proceso-en-su-contra\/","url":"https:\/\/www.eldiario.net\/portal\/2023\/03\/09\/fiscalia-busca-detener-a-camacho-por-un-segundo-proceso-en-su-contra\/","name":"Fiscal\u00eda busca detener a Camacho por un segundo proceso en su contra - El Diario - Bolivia","isPartOf":{"@id":"https:\/\/www.eldiario.net\/portal\/#website"},"primaryImageOfPage":{"@id":"https:\/\/www.eldiario.net\/portal\/2023\/03\/09\/fiscalia-busca-detener-a-camacho-por-un-segundo-proceso-en-su-contra\/#primaryimage"},"image":{"@id":"https:\/\/www.eldiario.net\/portal\/2023\/03\/09\/fiscalia-busca-detener-a-camacho-por-un-segundo-proceso-en-su-contra\/#primaryimage"},"thumbnailUrl":"https:\/\/www.eldiario.net\/portal\/wp-content\/uploads\/2023\/03\/CAMACHO-FOTO.jpeg","datePublished":"2023-03-09T10:23:47+00:00","breadcrumb":{"@id":"https:\/\/www.eldiario.net\/portal\/2023\/03\/09\/fiscalia-busca-detener-a-camacho-por-un-segundo-proceso-en-su-contra\/#breadcrumb"},"inLanguage":"es","potentialAction":[{"@type":"ReadAction","target":["https:\/\/www.eldiario.net\/portal\/2023\/03\/09\/fiscalia-busca-detener-a-camacho-por-un-segundo-proceso-en-su-contra\/"]}]},{"@type":"ImageObject","inLanguage":"es","@id":"https:\/\/www.eldiario.net\/portal\/2023\/03\/09\/fiscalia-busca-detener-a-camacho-por-un-segundo-proceso-en-su-contra\/#primaryimage","url":"https:\/\/www.eldiario.net\/portal\/wp-content\/uploads\/2023\/03\/CAMACHO-FOTO.jpeg","contentUrl":"https:\/\/www.eldiario.net\/portal\/wp-content\/uploads\/2023\/03\/CAMACHO-FOTO.jpeg","width":697,"height":839,"caption":"LUIS FERNANDO CAMACHO, GOBERNADOR DE SANTA CRUZ CR\u00c9DITO: REDES SOCIALES"},{"@type":"BreadcrumbList","@id":"https:\/\/www.eldiario.net\/portal\/2023\/03\/09\/fiscalia-busca-detener-a-camacho-por-un-segundo-proceso-en-su-contra\/#breadcrumb","itemListElement":[{"@type":"ListItem","position":1,"name":"Portada","item":"https:\/\/www.eldiario.net\/portal\/"},{"@type":"ListItem","position":2,"name":"Fiscal\u00eda busca detener a Camacho por un segundo proceso en su contra"}]},{"@type":"WebSite","@id":"https:\/\/www.eldiario.net\/portal\/#website","url":"https:\/\/www.eldiario.net\/portal\/","name":"El Diario - Decano de la prensa nacional","description":"El Diario - Decano de la prensa nacional","publisher":{"@id":"https:\/\/www.eldiario.net\/portal\/#organization"},"potentialAction":[{"@type":"SearchAction","target":{"@type":"EntryPoint","urlTemplate":"https:\/\/www.eldiario.net\/portal\/?s={search_term_string}"},"query-input":{"@type":"PropertyValueSpecification","valueRequired":true,"valueName":"search_term_string"}}],"inLanguage":"es"},{"@type":"Organization","@id":"https:\/\/www.eldiario.net\/portal\/#organization","name":"El Diario - Decano de la prensa nacional","url":"https:\/\/www.eldiario.net\/portal\/","logo":{"@type":"ImageObject","inLanguage":"es","@id":"https:\/\/www.eldiario.net\/portal\/#\/schema\/logo\/image\/","url":"https:\/\/www.eldiario.net\/portal\/wp-content\/uploads\/2023\/07\/logo_ED.jpg","contentUrl":"https:\/\/www.eldiario.net\/portal\/wp-content\/uploads\/2023\/07\/logo_ED.jpg","width":272,"height":52,"caption":"El Diario - Decano de la prensa nacional"},"image":{"@id":"https:\/\/www.eldiario.net\/portal\/#\/schema\/logo\/image\/"},"sameAs":["https:\/\/www.facebook.com\/eldiario.bolivia\/","https:\/\/x.com\/eldiario_net"]},{"@type":"Person","@id":"https:\/\/www.eldiario.net\/portal\/#\/schema\/person\/f46445640444750d7d753ccd04ae01b7","name":"Jeanette","image":{"@type":"ImageObject","inLanguage":"es","@id":"https:\/\/secure.gravatar.com\/avatar\/3ea2118a5f7dad2b7138b1187a6b7ee55f160b9968b66013c3a3ef39dd7e5798?s=96&d=mm&r=g","url":"https:\/\/secure.gravatar.com\/avatar\/3ea2118a5f7dad2b7138b1187a6b7ee55f160b9968b66013c3a3ef39dd7e5798?s=96&d=mm&r=g","contentUrl":"https:\/\/secure.gravatar.com\/avatar\/3ea2118a5f7dad2b7138b1187a6b7ee55f160b9968b66013c3a3ef39dd7e5798?s=96&d=mm&r=g","caption":"Jeanette"},"sameAs":["https:\/\/www.eldiario.net\/portal"],"url":"https:\/\/www.eldiario.net\/portal\/author\/jeanette\/"}]}},"_links":{"self":[{"href":"https:\/\/www.eldiario.net\/portal\/wp-json\/wp\/v2\/posts\/142181","targetHints":{"allow":["GET"]}}],"collection":[{"href":"https:\/\/www.eldiario.net\/portal\/wp-json\/wp\/v2\/posts"}],"about":[{"href":"https:\/\/www.eldiario.net\/portal\/wp-json\/wp\/v2\/types\/post"}],"author":[{"embeddable":true,"href":"https:\/\/www.eldiario.net\/portal\/wp-json\/wp\/v2\/users\/1"}],"replies":[{"embeddable":true,"href":"https:\/\/www.eldiario.net\/portal\/wp-json\/wp\/v2\/comments?post=142181"}],"version-history":[{"count":0,"href":"https:\/\/www.eldiario.net\/portal\/wp-json\/wp\/v2\/posts\/142181\/revisions"}],"wp:featuredmedia":[{"embeddable":true,"href":"https:\/\/www.eldiario.net\/portal\/wp-json\/wp\/v2\/media\/142182"}],"wp:attachment":[{"href":"https:\/\/www.eldiario.net\/portal\/wp-json\/wp\/v2\/media?parent=142181"}],"wp:term":[{"taxonomy":"category","embeddable":true,"href":"https:\/\/www.eldiario.net\/portal\/wp-json\/wp\/v2\/categories?post=142181"},{"taxonomy":"post_tag","embeddable":true,"href":"https:\/\/www.eldiario.net\/portal\/wp-json\/wp\/v2\/tags?post=142181"}],"curies":[{"name":"wp","href":"https:\/\/api.w.org\/{rel}","templated":true}]}}