{"id":142178,"date":"2023-03-09T06:22:45","date_gmt":"2023-03-09T10:22:45","guid":{"rendered":"https:\/\/www.eldiario.net\/portal\/?p=142178"},"modified":"2023-03-09T06:22:45","modified_gmt":"2023-03-09T10:22:45","slug":"jerjes-justiniano-reitera-declarar-via-virtual-desde-estados-unidos","status":"publish","type":"post","link":"https:\/\/www.eldiario.net\/portal\/2023\/03\/09\/jerjes-justiniano-reitera-declarar-via-virtual-desde-estados-unidos\/","title":{"rendered":"Jerjes Justiniano reitera declarar  v\u00eda virtual desde Estados Unidos"},"content":{"rendered":"<p>A trav\u00e9s de un memorial de fecha 6 de marzo de 2023, al que EL DIARIO tuvo acceso, el exministro de la Presidencia, Jerjes Justiniano, reiter\u00f3 su disposici\u00f3n de declarar v\u00eda virtual en el caso de supuesto golpe de Estado, porque desde el 22 de febrero del presente a\u00f1o, se encuentra en Estados Unidos.<\/p>\n<p>Asimismo, el extitular de Presidencia solicita declarar nula la citaci\u00f3n para que declare como testigo ya que fue notificado en un domicilio que no es real.<\/p>\n<p>Justiniano aclar\u00f3 que el d\u00eda lunes 27 de febrero del presente a\u00f1o, se practic\u00f3 una notificaci\u00f3n ilegal en su contra, ya que a trav\u00e9s de un memorial hizo conocer que desde el 3 de febrero de 2023 no se encuentra en la ciudad de Santa Cruz, ni en el pa\u00eds.<\/p>\n<p>\u201cSu autoridad ten\u00eda perfecto conocimiento que no me encuentro en el pa\u00eds, por lo tanto, disponer mi citaci\u00f3n en un domicilio real en el cual no me encontraba, implica vulnerar el principio de la realidad y la verdad, consagrados constitucionalmente\u201d, se\u00f1ala el documento.<\/p>\n<p>Asimismo apunt\u00f3 que a la fecha no le hicieron conocer el resultado o prove\u00eddo con relaci\u00f3n al memorial en el que solicitaba prestar su declaraci\u00f3n v\u00eda virtual, tal como lo hicieron otros testigos en el presente caso.<\/p>\n<p>\u201cAdem\u00e1s, se me notific\u00f3 a horas 17.25 del d\u00eda 27 de febrero para que me presente al d\u00eda siguiente, el 28 de febrero, a horas 10.00, lo que significa que la notificaci\u00f3n fue practicada con apenas 16 horas de anticipaci\u00f3n, pero lo m\u00e1s significativo es que nunca tuve conocimiento de esa notificaci\u00f3n\u201d, refiere.<\/p>\n<p>Record\u00f3 que el art\u00edculo 160 del C\u00f3digo de Procedimiento Penal (CPP) establece que: \u201cLas notificaciones tienen por objeto hacer conocer a las partes o terceros las resoluciones judiciales\u201d.<\/p>\n<p>\u201cSe califica nuestro c\u00f3digo como finalista y no formalista. No son las formas lo que hay que cumplir sino la finalidad esencialmente. En este caso en concreto, se me cit\u00f3 en un domicilio ubicado en la ciudad de Santa Cruz, pero s\u00f3lo para cumplir con las formalidades, pues su autoridad tenia perfecto conocimiento que no me encuentro en el pa\u00eds, por lo tanto la notificaci\u00f3n no cumpli\u00f3 su finalidad, pues no estando en Bolivia, era imposible tomar conocimiento 16 horas antes del acto mismo en el cual deb\u00eda presentarme\u201d, se\u00f1ala.<\/p>\n<p>En ese marco, advierte que el \u00fanico fin de la citaci\u00f3n ser\u00eda ordenar su aprehensi\u00f3n ya que se le est\u00e1 convocando a declarar en un proceso por un delito inexistente.<\/p>\n<p>\u201cEste proceso judicial es un mero pretexto para vulnerar la decisi\u00f3n del soberano que es el pueblo boliviano, pues se ha logrado encarcelar al gobernador de Santa Cruz quien obtuvo el 55,64%\u201d, refiere.<\/p>\n<p>Justiniano lamenta que la justicia en Bolivia sea \u201cprisionera del poder y act\u00faa a las \u00f3rdenes de quien lo ostente\u201d.<\/p>\n<p>\u201cCuando usted imput\u00f3 a Jeanine A\u00f1ez por el presunto delito de terrorismo en fecha 13 de marzo de 2021, lo hizo tambi\u00e9n por el a\u00fan vigente art\u00edculo 123 del C\u00f3digo Penal, delito de sedici\u00f3n y hay que recordar que la parte final de ese tipo penal dice: \u2018Los funcionarios p\u00fablicos que no hubieren resistido a una rebeli\u00f3n o sedici\u00f3n por todos los medios a su alcance incurrir\u00e1n en reclusi\u00f3n de uno (1) a dos (2) a\u00f1os\u2019. Hasta donde s\u00e9, usted era funcionario p\u00fablico en esa presunta sedici\u00f3n y hasta donde s\u00e9 no se opuso por todos los medios a su alcance, por lo que, si existi\u00f3 sedici\u00f3n, usted tambi\u00e9n lo habr\u00eda cometido, sin embargo, todos sabemos no s\u00f3lo que no existi\u00f3 ninguno de los delitos imputados en este proceso, sino que la justicia es prisionera del poder\u201d, manifiesta.<\/p>\n<p>Justiniano adjunt\u00f3 al memorial el formulario 194 extendido por el gobierno de los Estados Unidos de Am\u00e9rica, por medio del cual se evidencia que desde el 22 de febrero se encuentra en este pa\u00eds.<\/p>\n","protected":false},"excerpt":{"rendered":"<p>A trav\u00e9s de un memorial de fecha 6 de marzo de 2023, al que EL DIARIO tuvo acceso, el exministro de la Presidencia, Jerjes Justiniano, reiter\u00f3 su disposici\u00f3n de declarar v\u00eda virtual en el caso de supuesto golpe de Estado, porque desde el 22 de febrero del presente a\u00f1o, se encuentra en Estados Unidos. Asimismo, [&hellip;]<\/p>\n","protected":false},"author":1,"featured_media":142179,"comment_status":"closed","ping_status":"closed","sticky":false,"template":"","format":"standard","meta":{"_acf_changed":false,"footnotes":""},"categories":[39],"tags":[],"class_list":["post-142178","post","type-post","status-publish","format-standard","has-post-thumbnail","category-sociedad"],"acf":{"antetitulo":""},"yoast_head":"<!-- This site is optimized with the Yoast SEO plugin v28.4 - https:\/\/yoast.com\/product\/yoast-seo-wordpress\/ -->\n<title>Jerjes Justiniano reitera declarar v\u00eda virtual desde Estados Unidos - El Diario - Bolivia<\/title>\n<meta name=\"robots\" content=\"index, follow, max-snippet:-1, max-image-preview:large, max-video-preview:-1\" \/>\n<link rel=\"canonical\" href=\"https:\/\/www.eldiario.net\/portal\/2023\/03\/09\/jerjes-justiniano-reitera-declarar-via-virtual-desde-estados-unidos\/\" \/>\n<meta property=\"og:locale\" content=\"es_ES\" \/>\n<meta property=\"og:type\" content=\"article\" \/>\n<meta property=\"og:title\" content=\"Jerjes Justiniano reitera declarar v\u00eda virtual desde Estados Unidos - El Diario - Bolivia\" \/>\n<meta property=\"og:description\" content=\"A trav\u00e9s de un memorial de fecha 6 de marzo de 2023, al que EL DIARIO tuvo acceso, el exministro de la Presidencia, Jerjes Justiniano, reiter\u00f3 su disposici\u00f3n de declarar v\u00eda virtual en el caso de supuesto golpe de Estado, porque desde el 22 de febrero del presente a\u00f1o, se encuentra en Estados Unidos. Asimismo, [&hellip;]\" \/>\n<meta property=\"og:url\" content=\"https:\/\/www.eldiario.net\/portal\/2023\/03\/09\/jerjes-justiniano-reitera-declarar-via-virtual-desde-estados-unidos\/\" \/>\n<meta property=\"og:site_name\" content=\"El Diario - Bolivia\" \/>\n<meta property=\"article:publisher\" content=\"https:\/\/www.facebook.com\/eldiario.bolivia\/\" \/>\n<meta property=\"article:published_time\" content=\"2023-03-09T10:22:45+00:00\" \/>\n<meta name=\"author\" content=\"Jeanette\" \/>\n<meta name=\"twitter:card\" content=\"summary_large_image\" \/>\n<meta name=\"twitter:creator\" content=\"@eldiario_net\" \/>\n<meta name=\"twitter:site\" content=\"@eldiario_net\" \/>\n<meta name=\"twitter:label1\" content=\"Escrito por\" \/>\n\t<meta name=\"twitter:data1\" content=\"Jeanette\" \/>\n\t<meta name=\"twitter:label2\" content=\"Tiempo de lectura\" \/>\n\t<meta name=\"twitter:data2\" content=\"3 minutos\" \/>\n<script type=\"application\/ld+json\" class=\"yoast-schema-graph\">{\"@context\":\"https:\\\/\\\/schema.org\",\"@graph\":[{\"@type\":\"Article\",\"@id\":\"https:\\\/\\\/www.eldiario.net\\\/portal\\\/2023\\\/03\\\/09\\\/jerjes-justiniano-reitera-declarar-via-virtual-desde-estados-unidos\\\/#article\",\"isPartOf\":{\"@id\":\"https:\\\/\\\/www.eldiario.net\\\/portal\\\/2023\\\/03\\\/09\\\/jerjes-justiniano-reitera-declarar-via-virtual-desde-estados-unidos\\\/\"},\"author\":{\"name\":\"Jeanette\",\"@id\":\"https:\\\/\\\/www.eldiario.net\\\/portal\\\/#\\\/schema\\\/person\\\/f46445640444750d7d753ccd04ae01b7\"},\"headline\":\"Jerjes Justiniano reitera declarar v\u00eda virtual desde Estados Unidos\",\"datePublished\":\"2023-03-09T10:22:45+00:00\",\"mainEntityOfPage\":{\"@id\":\"https:\\\/\\\/www.eldiario.net\\\/portal\\\/2023\\\/03\\\/09\\\/jerjes-justiniano-reitera-declarar-via-virtual-desde-estados-unidos\\\/\"},\"wordCount\":683,\"publisher\":{\"@id\":\"https:\\\/\\\/www.eldiario.net\\\/portal\\\/#organization\"},\"image\":{\"@id\":\"https:\\\/\\\/www.eldiario.net\\\/portal\\\/2023\\\/03\\\/09\\\/jerjes-justiniano-reitera-declarar-via-virtual-desde-estados-unidos\\\/#primaryimage\"},\"thumbnailUrl\":\"\",\"articleSection\":[\"Sociedad - Seguridad\"],\"inLanguage\":\"es\"},{\"@type\":\"WebPage\",\"@id\":\"https:\\\/\\\/www.eldiario.net\\\/portal\\\/2023\\\/03\\\/09\\\/jerjes-justiniano-reitera-declarar-via-virtual-desde-estados-unidos\\\/\",\"url\":\"https:\\\/\\\/www.eldiario.net\\\/portal\\\/2023\\\/03\\\/09\\\/jerjes-justiniano-reitera-declarar-via-virtual-desde-estados-unidos\\\/\",\"name\":\"Jerjes Justiniano reitera declarar v\u00eda virtual desde Estados Unidos - El Diario - Bolivia\",\"isPartOf\":{\"@id\":\"https:\\\/\\\/www.eldiario.net\\\/portal\\\/#website\"},\"primaryImageOfPage\":{\"@id\":\"https:\\\/\\\/www.eldiario.net\\\/portal\\\/2023\\\/03\\\/09\\\/jerjes-justiniano-reitera-declarar-via-virtual-desde-estados-unidos\\\/#primaryimage\"},\"image\":{\"@id\":\"https:\\\/\\\/www.eldiario.net\\\/portal\\\/2023\\\/03\\\/09\\\/jerjes-justiniano-reitera-declarar-via-virtual-desde-estados-unidos\\\/#primaryimage\"},\"thumbnailUrl\":\"\",\"datePublished\":\"2023-03-09T10:22:45+00:00\",\"breadcrumb\":{\"@id\":\"https:\\\/\\\/www.eldiario.net\\\/portal\\\/2023\\\/03\\\/09\\\/jerjes-justiniano-reitera-declarar-via-virtual-desde-estados-unidos\\\/#breadcrumb\"},\"inLanguage\":\"es\",\"potentialAction\":[{\"@type\":\"ReadAction\",\"target\":[\"https:\\\/\\\/www.eldiario.net\\\/portal\\\/2023\\\/03\\\/09\\\/jerjes-justiniano-reitera-declarar-via-virtual-desde-estados-unidos\\\/\"]}]},{\"@type\":\"ImageObject\",\"inLanguage\":\"es\",\"@id\":\"https:\\\/\\\/www.eldiario.net\\\/portal\\\/2023\\\/03\\\/09\\\/jerjes-justiniano-reitera-declarar-via-virtual-desde-estados-unidos\\\/#primaryimage\",\"url\":\"\",\"contentUrl\":\"\"},{\"@type\":\"BreadcrumbList\",\"@id\":\"https:\\\/\\\/www.eldiario.net\\\/portal\\\/2023\\\/03\\\/09\\\/jerjes-justiniano-reitera-declarar-via-virtual-desde-estados-unidos\\\/#breadcrumb\",\"itemListElement\":[{\"@type\":\"ListItem\",\"position\":1,\"name\":\"Portada\",\"item\":\"https:\\\/\\\/www.eldiario.net\\\/portal\\\/\"},{\"@type\":\"ListItem\",\"position\":2,\"name\":\"Jerjes Justiniano reitera declarar v\u00eda virtual desde Estados Unidos\"}]},{\"@type\":\"WebSite\",\"@id\":\"https:\\\/\\\/www.eldiario.net\\\/portal\\\/#website\",\"url\":\"https:\\\/\\\/www.eldiario.net\\\/portal\\\/\",\"name\":\"El Diario - Decano de la prensa nacional\",\"description\":\"El Diario - Decano de la prensa nacional\",\"publisher\":{\"@id\":\"https:\\\/\\\/www.eldiario.net\\\/portal\\\/#organization\"},\"potentialAction\":[{\"@type\":\"SearchAction\",\"target\":{\"@type\":\"EntryPoint\",\"urlTemplate\":\"https:\\\/\\\/www.eldiario.net\\\/portal\\\/?s={search_term_string}\"},\"query-input\":{\"@type\":\"PropertyValueSpecification\",\"valueRequired\":true,\"valueName\":\"search_term_string\"}}],\"inLanguage\":\"es\"},{\"@type\":\"Organization\",\"@id\":\"https:\\\/\\\/www.eldiario.net\\\/portal\\\/#organization\",\"name\":\"El Diario - Decano de la prensa nacional\",\"url\":\"https:\\\/\\\/www.eldiario.net\\\/portal\\\/\",\"logo\":{\"@type\":\"ImageObject\",\"inLanguage\":\"es\",\"@id\":\"https:\\\/\\\/www.eldiario.net\\\/portal\\\/#\\\/schema\\\/logo\\\/image\\\/\",\"url\":\"https:\\\/\\\/www.eldiario.net\\\/portal\\\/wp-content\\\/uploads\\\/2023\\\/07\\\/logo_ED.jpg\",\"contentUrl\":\"https:\\\/\\\/www.eldiario.net\\\/portal\\\/wp-content\\\/uploads\\\/2023\\\/07\\\/logo_ED.jpg\",\"width\":272,\"height\":52,\"caption\":\"El Diario - Decano de la prensa nacional\"},\"image\":{\"@id\":\"https:\\\/\\\/www.eldiario.net\\\/portal\\\/#\\\/schema\\\/logo\\\/image\\\/\"},\"sameAs\":[\"https:\\\/\\\/www.facebook.com\\\/eldiario.bolivia\\\/\",\"https:\\\/\\\/x.com\\\/eldiario_net\"]},{\"@type\":\"Person\",\"@id\":\"https:\\\/\\\/www.eldiario.net\\\/portal\\\/#\\\/schema\\\/person\\\/f46445640444750d7d753ccd04ae01b7\",\"name\":\"Jeanette\",\"image\":{\"@type\":\"ImageObject\",\"inLanguage\":\"es\",\"@id\":\"https:\\\/\\\/secure.gravatar.com\\\/avatar\\\/3ea2118a5f7dad2b7138b1187a6b7ee55f160b9968b66013c3a3ef39dd7e5798?s=96&d=mm&r=g\",\"url\":\"https:\\\/\\\/secure.gravatar.com\\\/avatar\\\/3ea2118a5f7dad2b7138b1187a6b7ee55f160b9968b66013c3a3ef39dd7e5798?s=96&d=mm&r=g\",\"contentUrl\":\"https:\\\/\\\/secure.gravatar.com\\\/avatar\\\/3ea2118a5f7dad2b7138b1187a6b7ee55f160b9968b66013c3a3ef39dd7e5798?s=96&d=mm&r=g\",\"caption\":\"Jeanette\"},\"sameAs\":[\"https:\\\/\\\/www.eldiario.net\\\/portal\"],\"url\":\"https:\\\/\\\/www.eldiario.net\\\/portal\\\/author\\\/jeanette\\\/\"}]}<\/script>\n<!-- \/ Yoast SEO plugin. -->","yoast_head_json":{"title":"Jerjes Justiniano reitera declarar v\u00eda virtual desde Estados Unidos - El Diario - Bolivia","robots":{"index":"index","follow":"follow","max-snippet":"max-snippet:-1","max-image-preview":"max-image-preview:large","max-video-preview":"max-video-preview:-1"},"canonical":"https:\/\/www.eldiario.net\/portal\/2023\/03\/09\/jerjes-justiniano-reitera-declarar-via-virtual-desde-estados-unidos\/","og_locale":"es_ES","og_type":"article","og_title":"Jerjes Justiniano reitera declarar v\u00eda virtual desde Estados Unidos - El Diario - Bolivia","og_description":"A trav\u00e9s de un memorial de fecha 6 de marzo de 2023, al que EL DIARIO tuvo acceso, el exministro de la Presidencia, Jerjes Justiniano, reiter\u00f3 su disposici\u00f3n de declarar v\u00eda virtual en el caso de supuesto golpe de Estado, porque desde el 22 de febrero del presente a\u00f1o, se encuentra en Estados Unidos. Asimismo, [&hellip;]","og_url":"https:\/\/www.eldiario.net\/portal\/2023\/03\/09\/jerjes-justiniano-reitera-declarar-via-virtual-desde-estados-unidos\/","og_site_name":"El Diario - Bolivia","article_publisher":"https:\/\/www.facebook.com\/eldiario.bolivia\/","article_published_time":"2023-03-09T10:22:45+00:00","author":"Jeanette","twitter_card":"summary_large_image","twitter_creator":"@eldiario_net","twitter_site":"@eldiario_net","twitter_misc":{"Escrito por":"Jeanette","Tiempo de lectura":"3 minutos"},"schema":{"@context":"https:\/\/schema.org","@graph":[{"@type":"Article","@id":"https:\/\/www.eldiario.net\/portal\/2023\/03\/09\/jerjes-justiniano-reitera-declarar-via-virtual-desde-estados-unidos\/#article","isPartOf":{"@id":"https:\/\/www.eldiario.net\/portal\/2023\/03\/09\/jerjes-justiniano-reitera-declarar-via-virtual-desde-estados-unidos\/"},"author":{"name":"Jeanette","@id":"https:\/\/www.eldiario.net\/portal\/#\/schema\/person\/f46445640444750d7d753ccd04ae01b7"},"headline":"Jerjes Justiniano reitera declarar v\u00eda virtual desde Estados Unidos","datePublished":"2023-03-09T10:22:45+00:00","mainEntityOfPage":{"@id":"https:\/\/www.eldiario.net\/portal\/2023\/03\/09\/jerjes-justiniano-reitera-declarar-via-virtual-desde-estados-unidos\/"},"wordCount":683,"publisher":{"@id":"https:\/\/www.eldiario.net\/portal\/#organization"},"image":{"@id":"https:\/\/www.eldiario.net\/portal\/2023\/03\/09\/jerjes-justiniano-reitera-declarar-via-virtual-desde-estados-unidos\/#primaryimage"},"thumbnailUrl":"","articleSection":["Sociedad - Seguridad"],"inLanguage":"es"},{"@type":"WebPage","@id":"https:\/\/www.eldiario.net\/portal\/2023\/03\/09\/jerjes-justiniano-reitera-declarar-via-virtual-desde-estados-unidos\/","url":"https:\/\/www.eldiario.net\/portal\/2023\/03\/09\/jerjes-justiniano-reitera-declarar-via-virtual-desde-estados-unidos\/","name":"Jerjes Justiniano reitera declarar v\u00eda virtual desde Estados Unidos - El Diario - Bolivia","isPartOf":{"@id":"https:\/\/www.eldiario.net\/portal\/#website"},"primaryImageOfPage":{"@id":"https:\/\/www.eldiario.net\/portal\/2023\/03\/09\/jerjes-justiniano-reitera-declarar-via-virtual-desde-estados-unidos\/#primaryimage"},"image":{"@id":"https:\/\/www.eldiario.net\/portal\/2023\/03\/09\/jerjes-justiniano-reitera-declarar-via-virtual-desde-estados-unidos\/#primaryimage"},"thumbnailUrl":"","datePublished":"2023-03-09T10:22:45+00:00","breadcrumb":{"@id":"https:\/\/www.eldiario.net\/portal\/2023\/03\/09\/jerjes-justiniano-reitera-declarar-via-virtual-desde-estados-unidos\/#breadcrumb"},"inLanguage":"es","potentialAction":[{"@type":"ReadAction","target":["https:\/\/www.eldiario.net\/portal\/2023\/03\/09\/jerjes-justiniano-reitera-declarar-via-virtual-desde-estados-unidos\/"]}]},{"@type":"ImageObject","inLanguage":"es","@id":"https:\/\/www.eldiario.net\/portal\/2023\/03\/09\/jerjes-justiniano-reitera-declarar-via-virtual-desde-estados-unidos\/#primaryimage","url":"","contentUrl":""},{"@type":"BreadcrumbList","@id":"https:\/\/www.eldiario.net\/portal\/2023\/03\/09\/jerjes-justiniano-reitera-declarar-via-virtual-desde-estados-unidos\/#breadcrumb","itemListElement":[{"@type":"ListItem","position":1,"name":"Portada","item":"https:\/\/www.eldiario.net\/portal\/"},{"@type":"ListItem","position":2,"name":"Jerjes Justiniano reitera declarar v\u00eda virtual desde Estados Unidos"}]},{"@type":"WebSite","@id":"https:\/\/www.eldiario.net\/portal\/#website","url":"https:\/\/www.eldiario.net\/portal\/","name":"El Diario - Decano de la prensa nacional","description":"El Diario - Decano de la prensa nacional","publisher":{"@id":"https:\/\/www.eldiario.net\/portal\/#organization"},"potentialAction":[{"@type":"SearchAction","target":{"@type":"EntryPoint","urlTemplate":"https:\/\/www.eldiario.net\/portal\/?s={search_term_string}"},"query-input":{"@type":"PropertyValueSpecification","valueRequired":true,"valueName":"search_term_string"}}],"inLanguage":"es"},{"@type":"Organization","@id":"https:\/\/www.eldiario.net\/portal\/#organization","name":"El Diario - Decano de la prensa nacional","url":"https:\/\/www.eldiario.net\/portal\/","logo":{"@type":"ImageObject","inLanguage":"es","@id":"https:\/\/www.eldiario.net\/portal\/#\/schema\/logo\/image\/","url":"https:\/\/www.eldiario.net\/portal\/wp-content\/uploads\/2023\/07\/logo_ED.jpg","contentUrl":"https:\/\/www.eldiario.net\/portal\/wp-content\/uploads\/2023\/07\/logo_ED.jpg","width":272,"height":52,"caption":"El Diario - Decano de la prensa nacional"},"image":{"@id":"https:\/\/www.eldiario.net\/portal\/#\/schema\/logo\/image\/"},"sameAs":["https:\/\/www.facebook.com\/eldiario.bolivia\/","https:\/\/x.com\/eldiario_net"]},{"@type":"Person","@id":"https:\/\/www.eldiario.net\/portal\/#\/schema\/person\/f46445640444750d7d753ccd04ae01b7","name":"Jeanette","image":{"@type":"ImageObject","inLanguage":"es","@id":"https:\/\/secure.gravatar.com\/avatar\/3ea2118a5f7dad2b7138b1187a6b7ee55f160b9968b66013c3a3ef39dd7e5798?s=96&d=mm&r=g","url":"https:\/\/secure.gravatar.com\/avatar\/3ea2118a5f7dad2b7138b1187a6b7ee55f160b9968b66013c3a3ef39dd7e5798?s=96&d=mm&r=g","contentUrl":"https:\/\/secure.gravatar.com\/avatar\/3ea2118a5f7dad2b7138b1187a6b7ee55f160b9968b66013c3a3ef39dd7e5798?s=96&d=mm&r=g","caption":"Jeanette"},"sameAs":["https:\/\/www.eldiario.net\/portal"],"url":"https:\/\/www.eldiario.net\/portal\/author\/jeanette\/"}]}},"_links":{"self":[{"href":"https:\/\/www.eldiario.net\/portal\/wp-json\/wp\/v2\/posts\/142178","targetHints":{"allow":["GET"]}}],"collection":[{"href":"https:\/\/www.eldiario.net\/portal\/wp-json\/wp\/v2\/posts"}],"about":[{"href":"https:\/\/www.eldiario.net\/portal\/wp-json\/wp\/v2\/types\/post"}],"author":[{"embeddable":true,"href":"https:\/\/www.eldiario.net\/portal\/wp-json\/wp\/v2\/users\/1"}],"replies":[{"embeddable":true,"href":"https:\/\/www.eldiario.net\/portal\/wp-json\/wp\/v2\/comments?post=142178"}],"version-history":[{"count":0,"href":"https:\/\/www.eldiario.net\/portal\/wp-json\/wp\/v2\/posts\/142178\/revisions"}],"wp:attachment":[{"href":"https:\/\/www.eldiario.net\/portal\/wp-json\/wp\/v2\/media?parent=142178"}],"wp:term":[{"taxonomy":"category","embeddable":true,"href":"https:\/\/www.eldiario.net\/portal\/wp-json\/wp\/v2\/categories?post=142178"},{"taxonomy":"post_tag","embeddable":true,"href":"https:\/\/www.eldiario.net\/portal\/wp-json\/wp\/v2\/tags?post=142178"}],"curies":[{"name":"wp","href":"https:\/\/api.w.org\/{rel}","templated":true}]}}