{"id":142171,"date":"2023-03-09T06:20:24","date_gmt":"2023-03-09T10:20:24","guid":{"rendered":"https:\/\/www.eldiario.net\/portal\/?p=142171"},"modified":"2023-03-09T06:20:24","modified_gmt":"2023-03-09T10:20:24","slug":"caf-aprueba-creditos-por-mas-de-us-1-200-millones-reactivacion-social","status":"publish","type":"post","link":"https:\/\/www.eldiario.net\/portal\/2023\/03\/09\/caf-aprueba-creditos-por-mas-de-us-1-200-millones-reactivacion-social\/","title":{"rendered":"CAF aprueba cr\u00e9ditos por m\u00e1s de  $us 1.200 millones reactivaci\u00f3n social"},"content":{"rendered":"<p>En la CLXXVII sesi\u00f3n del Directorio de CAF se aprobaron cr\u00e9ditos por 1.175 millones de d\u00f3lares para Argentina, Chile y Paraguay, que se suman a la asignaci\u00f3n de 122 millones para fomentar la movilidad el\u00e9ctrica en Panam\u00e1, Paraguay y Uruguay a trav\u00e9s del Programa de Movilidad El\u00e9ctrica y Transporte Bajo en Carbono (E-MOTION) de CAF y el Fondo Verde por el Clima; en sectores estrat\u00e9gicos como energ\u00eda, infraestructura, educaci\u00f3n, agroexportaci\u00f3n, inclusi\u00f3n y movilidad sostenible, entre otros.<\/p>\n<p>Una nota de prensa del ente internacional se\u00f1ala que por primera vez en los 55 a\u00f1os de fundaci\u00f3n de CAF -banco de desarrollo de Am\u00e9rica Latina-, su Directorio y Asamblea General, conformados por los Ministros de Econom\u00eda y Finanzas, Presidentes de Bancos Centrales y altas autoridades econ\u00f3micas de los pa\u00edses accionistas, se realiz\u00f3 en Santiago de Chile, como parte de las actividades realizadas por el organismo multilateral para fortalecer su presencia, luego que el pa\u00eds se reincorporara como miembro pleno de la instituci\u00f3n.<\/p>\n<p>\u201cEl regreso de Chile como miembro pleno a CAF es hist\u00f3rico para Am\u00e9rica Latina y el Caribe porque se produce en un contexto social y econ\u00f3mico en el que m\u00e1s se requiere de un rol activo de la banca multilateral, y adem\u00e1s coincide con el mejor momento de CAF en solidez financiera, calificaciones de riesgo y experticia t\u00e9cnica para apoyar al sector p\u00fablico y privado Chile y los dem\u00e1s pa\u00edses en promover la reactivaci\u00f3n econ\u00f3mica y social y ser el banco verde de Am\u00e9rica Latina y el Caribe\u201d afirm\u00f3 el presidente ejecutivo de CAF, <strong>Sergio D\u00edaz-Granados<\/strong>.<\/p>\n<p>CAF aprob\u00f3 pr\u00e9stamos por 840 millones de d\u00f3lares para impulsar la transici\u00f3n energ\u00e9tica y el modelo social de la discapacidad en Argentina; una l l\u00ednea de cr\u00e9dito al Banco del Estado de Chile para apoyar el desarrollo social y la generaci\u00f3n de empleo; destina 122 millones para impulsar la movilidad el\u00e9ctrica en Panam\u00e1, Paraguay y Uruguay; y apoya la integraci\u00f3n local y regional de Paraguay con el financiamiento de un programa vial por 135 millones<\/p>\n<p>Al t\u00e9rmino del Directorio, se realiz\u00f3 la firma del convenio de suscripci\u00f3n de acciones de capital ordinario por parte del Banco Davivienda para avanzar en la <strong>materializaci\u00f3n de la nueva capitalizaci\u00f3n de 7.000 millones<\/strong> de d\u00f3lares el a\u00f1o pasado tal como lo han hecho otros bancos privados de Bolivia, Ecuador y Venezuela, y siete pa\u00edses accionistas de CAF. En el marco de este encuentro tambi\u00e9n se firm\u00f3 un convenio con el Foro Permanente de Pol\u00edtica Exterior de Chile y un Memorando de Entendimiento con el Banco Estado.<\/p>\n<p>Con su reincorporaci\u00f3n como miembro pleno, Chile volver\u00e1 a tener voz y voto en las decisiones del organismo, incrementar\u00e1 su acceso a financiamiento tanto en forma de cr\u00e9dito como en cooperaciones t\u00e9cnicas, acceder\u00e1 a fondos de otros donantes administrados por CAF, y contar\u00e1 con herramientas de conocimiento para el fortalecimiento de sus sectores p\u00fablico y privado.<\/p>\n","protected":false},"excerpt":{"rendered":"<p>En la CLXXVII sesi\u00f3n del Directorio de CAF se aprobaron cr\u00e9ditos por 1.175 millones de d\u00f3lares para Argentina, Chile y Paraguay, que se suman a la asignaci\u00f3n de 122 millones para fomentar la movilidad el\u00e9ctrica en Panam\u00e1, Paraguay y Uruguay a trav\u00e9s del Programa de Movilidad El\u00e9ctrica y Transporte Bajo en Carbono (E-MOTION) de CAF [&hellip;]<\/p>\n","protected":false},"author":1,"featured_media":142172,"comment_status":"closed","ping_status":"closed","sticky":false,"template":"","format":"standard","meta":{"_acf_changed":false,"footnotes":""},"categories":[7],"tags":[],"class_list":["post-142171","post","type-post","status-publish","format-standard","has-post-thumbnail","category-economia"],"acf":{"antetitulo":""},"yoast_head":"<!-- This site is optimized with the Yoast SEO plugin v28.4 - https:\/\/yoast.com\/product\/yoast-seo-wordpress\/ -->\n<title>CAF aprueba cr\u00e9ditos por m\u00e1s de $us 1.200 millones reactivaci\u00f3n social - El Diario - Bolivia<\/title>\n<meta name=\"robots\" content=\"index, follow, max-snippet:-1, max-image-preview:large, max-video-preview:-1\" \/>\n<link rel=\"canonical\" href=\"https:\/\/www.eldiario.net\/portal\/2023\/03\/09\/caf-aprueba-creditos-por-mas-de-us-1-200-millones-reactivacion-social\/\" \/>\n<meta property=\"og:locale\" content=\"es_ES\" \/>\n<meta property=\"og:type\" content=\"article\" \/>\n<meta property=\"og:title\" content=\"CAF aprueba cr\u00e9ditos por m\u00e1s de $us 1.200 millones reactivaci\u00f3n social - El Diario - Bolivia\" \/>\n<meta property=\"og:description\" content=\"En la CLXXVII sesi\u00f3n del Directorio de CAF se aprobaron cr\u00e9ditos por 1.175 millones de d\u00f3lares para Argentina, Chile y Paraguay, que se suman a la asignaci\u00f3n de 122 millones para fomentar la movilidad el\u00e9ctrica en Panam\u00e1, Paraguay y Uruguay a trav\u00e9s del Programa de Movilidad El\u00e9ctrica y Transporte Bajo en Carbono (E-MOTION) de CAF [&hellip;]\" \/>\n<meta property=\"og:url\" content=\"https:\/\/www.eldiario.net\/portal\/2023\/03\/09\/caf-aprueba-creditos-por-mas-de-us-1-200-millones-reactivacion-social\/\" \/>\n<meta property=\"og:site_name\" content=\"El Diario - Bolivia\" \/>\n<meta property=\"article:publisher\" content=\"https:\/\/www.facebook.com\/eldiario.bolivia\/\" \/>\n<meta property=\"article:published_time\" content=\"2023-03-09T10:20:24+00:00\" \/>\n<meta name=\"author\" content=\"Jeanette\" \/>\n<meta name=\"twitter:card\" content=\"summary_large_image\" \/>\n<meta name=\"twitter:creator\" content=\"@eldiario_net\" \/>\n<meta name=\"twitter:site\" content=\"@eldiario_net\" \/>\n<meta name=\"twitter:label1\" content=\"Escrito por\" \/>\n\t<meta name=\"twitter:data1\" content=\"Jeanette\" \/>\n\t<meta name=\"twitter:label2\" content=\"Tiempo de lectura\" \/>\n\t<meta name=\"twitter:data2\" content=\"3 minutos\" \/>\n<script type=\"application\/ld+json\" class=\"yoast-schema-graph\">{\"@context\":\"https:\\\/\\\/schema.org\",\"@graph\":[{\"@type\":\"Article\",\"@id\":\"https:\\\/\\\/www.eldiario.net\\\/portal\\\/2023\\\/03\\\/09\\\/caf-aprueba-creditos-por-mas-de-us-1-200-millones-reactivacion-social\\\/#article\",\"isPartOf\":{\"@id\":\"https:\\\/\\\/www.eldiario.net\\\/portal\\\/2023\\\/03\\\/09\\\/caf-aprueba-creditos-por-mas-de-us-1-200-millones-reactivacion-social\\\/\"},\"author\":{\"name\":\"Jeanette\",\"@id\":\"https:\\\/\\\/www.eldiario.net\\\/portal\\\/#\\\/schema\\\/person\\\/f46445640444750d7d753ccd04ae01b7\"},\"headline\":\"CAF aprueba cr\u00e9ditos por m\u00e1s de $us 1.200 millones reactivaci\u00f3n social\",\"datePublished\":\"2023-03-09T10:20:24+00:00\",\"mainEntityOfPage\":{\"@id\":\"https:\\\/\\\/www.eldiario.net\\\/portal\\\/2023\\\/03\\\/09\\\/caf-aprueba-creditos-por-mas-de-us-1-200-millones-reactivacion-social\\\/\"},\"wordCount\":535,\"publisher\":{\"@id\":\"https:\\\/\\\/www.eldiario.net\\\/portal\\\/#organization\"},\"image\":{\"@id\":\"https:\\\/\\\/www.eldiario.net\\\/portal\\\/2023\\\/03\\\/09\\\/caf-aprueba-creditos-por-mas-de-us-1-200-millones-reactivacion-social\\\/#primaryimage\"},\"thumbnailUrl\":\"\",\"articleSection\":[\"Econom\u00eda\"],\"inLanguage\":\"es\"},{\"@type\":\"WebPage\",\"@id\":\"https:\\\/\\\/www.eldiario.net\\\/portal\\\/2023\\\/03\\\/09\\\/caf-aprueba-creditos-por-mas-de-us-1-200-millones-reactivacion-social\\\/\",\"url\":\"https:\\\/\\\/www.eldiario.net\\\/portal\\\/2023\\\/03\\\/09\\\/caf-aprueba-creditos-por-mas-de-us-1-200-millones-reactivacion-social\\\/\",\"name\":\"CAF aprueba cr\u00e9ditos por m\u00e1s de $us 1.200 millones reactivaci\u00f3n social - El Diario - Bolivia\",\"isPartOf\":{\"@id\":\"https:\\\/\\\/www.eldiario.net\\\/portal\\\/#website\"},\"primaryImageOfPage\":{\"@id\":\"https:\\\/\\\/www.eldiario.net\\\/portal\\\/2023\\\/03\\\/09\\\/caf-aprueba-creditos-por-mas-de-us-1-200-millones-reactivacion-social\\\/#primaryimage\"},\"image\":{\"@id\":\"https:\\\/\\\/www.eldiario.net\\\/portal\\\/2023\\\/03\\\/09\\\/caf-aprueba-creditos-por-mas-de-us-1-200-millones-reactivacion-social\\\/#primaryimage\"},\"thumbnailUrl\":\"\",\"datePublished\":\"2023-03-09T10:20:24+00:00\",\"breadcrumb\":{\"@id\":\"https:\\\/\\\/www.eldiario.net\\\/portal\\\/2023\\\/03\\\/09\\\/caf-aprueba-creditos-por-mas-de-us-1-200-millones-reactivacion-social\\\/#breadcrumb\"},\"inLanguage\":\"es\",\"potentialAction\":[{\"@type\":\"ReadAction\",\"target\":[\"https:\\\/\\\/www.eldiario.net\\\/portal\\\/2023\\\/03\\\/09\\\/caf-aprueba-creditos-por-mas-de-us-1-200-millones-reactivacion-social\\\/\"]}]},{\"@type\":\"ImageObject\",\"inLanguage\":\"es\",\"@id\":\"https:\\\/\\\/www.eldiario.net\\\/portal\\\/2023\\\/03\\\/09\\\/caf-aprueba-creditos-por-mas-de-us-1-200-millones-reactivacion-social\\\/#primaryimage\",\"url\":\"\",\"contentUrl\":\"\"},{\"@type\":\"BreadcrumbList\",\"@id\":\"https:\\\/\\\/www.eldiario.net\\\/portal\\\/2023\\\/03\\\/09\\\/caf-aprueba-creditos-por-mas-de-us-1-200-millones-reactivacion-social\\\/#breadcrumb\",\"itemListElement\":[{\"@type\":\"ListItem\",\"position\":1,\"name\":\"Portada\",\"item\":\"https:\\\/\\\/www.eldiario.net\\\/portal\\\/\"},{\"@type\":\"ListItem\",\"position\":2,\"name\":\"CAF aprueba cr\u00e9ditos por m\u00e1s de $us 1.200 millones reactivaci\u00f3n social\"}]},{\"@type\":\"WebSite\",\"@id\":\"https:\\\/\\\/www.eldiario.net\\\/portal\\\/#website\",\"url\":\"https:\\\/\\\/www.eldiario.net\\\/portal\\\/\",\"name\":\"El Diario - Decano de la prensa nacional\",\"description\":\"El Diario - Decano de la prensa nacional\",\"publisher\":{\"@id\":\"https:\\\/\\\/www.eldiario.net\\\/portal\\\/#organization\"},\"potentialAction\":[{\"@type\":\"SearchAction\",\"target\":{\"@type\":\"EntryPoint\",\"urlTemplate\":\"https:\\\/\\\/www.eldiario.net\\\/portal\\\/?s={search_term_string}\"},\"query-input\":{\"@type\":\"PropertyValueSpecification\",\"valueRequired\":true,\"valueName\":\"search_term_string\"}}],\"inLanguage\":\"es\"},{\"@type\":\"Organization\",\"@id\":\"https:\\\/\\\/www.eldiario.net\\\/portal\\\/#organization\",\"name\":\"El Diario - Decano de la prensa nacional\",\"url\":\"https:\\\/\\\/www.eldiario.net\\\/portal\\\/\",\"logo\":{\"@type\":\"ImageObject\",\"inLanguage\":\"es\",\"@id\":\"https:\\\/\\\/www.eldiario.net\\\/portal\\\/#\\\/schema\\\/logo\\\/image\\\/\",\"url\":\"https:\\\/\\\/www.eldiario.net\\\/portal\\\/wp-content\\\/uploads\\\/2023\\\/07\\\/logo_ED.jpg\",\"contentUrl\":\"https:\\\/\\\/www.eldiario.net\\\/portal\\\/wp-content\\\/uploads\\\/2023\\\/07\\\/logo_ED.jpg\",\"width\":272,\"height\":52,\"caption\":\"El Diario - Decano de la prensa nacional\"},\"image\":{\"@id\":\"https:\\\/\\\/www.eldiario.net\\\/portal\\\/#\\\/schema\\\/logo\\\/image\\\/\"},\"sameAs\":[\"https:\\\/\\\/www.facebook.com\\\/eldiario.bolivia\\\/\",\"https:\\\/\\\/x.com\\\/eldiario_net\"]},{\"@type\":\"Person\",\"@id\":\"https:\\\/\\\/www.eldiario.net\\\/portal\\\/#\\\/schema\\\/person\\\/f46445640444750d7d753ccd04ae01b7\",\"name\":\"Jeanette\",\"image\":{\"@type\":\"ImageObject\",\"inLanguage\":\"es\",\"@id\":\"https:\\\/\\\/secure.gravatar.com\\\/avatar\\\/3ea2118a5f7dad2b7138b1187a6b7ee55f160b9968b66013c3a3ef39dd7e5798?s=96&d=mm&r=g\",\"url\":\"https:\\\/\\\/secure.gravatar.com\\\/avatar\\\/3ea2118a5f7dad2b7138b1187a6b7ee55f160b9968b66013c3a3ef39dd7e5798?s=96&d=mm&r=g\",\"contentUrl\":\"https:\\\/\\\/secure.gravatar.com\\\/avatar\\\/3ea2118a5f7dad2b7138b1187a6b7ee55f160b9968b66013c3a3ef39dd7e5798?s=96&d=mm&r=g\",\"caption\":\"Jeanette\"},\"sameAs\":[\"https:\\\/\\\/www.eldiario.net\\\/portal\"],\"url\":\"https:\\\/\\\/www.eldiario.net\\\/portal\\\/author\\\/jeanette\\\/\"}]}<\/script>\n<!-- \/ Yoast SEO plugin. -->","yoast_head_json":{"title":"CAF aprueba cr\u00e9ditos por m\u00e1s de $us 1.200 millones reactivaci\u00f3n social - El Diario - Bolivia","robots":{"index":"index","follow":"follow","max-snippet":"max-snippet:-1","max-image-preview":"max-image-preview:large","max-video-preview":"max-video-preview:-1"},"canonical":"https:\/\/www.eldiario.net\/portal\/2023\/03\/09\/caf-aprueba-creditos-por-mas-de-us-1-200-millones-reactivacion-social\/","og_locale":"es_ES","og_type":"article","og_title":"CAF aprueba cr\u00e9ditos por m\u00e1s de $us 1.200 millones reactivaci\u00f3n social - El Diario - Bolivia","og_description":"En la CLXXVII sesi\u00f3n del Directorio de CAF se aprobaron cr\u00e9ditos por 1.175 millones de d\u00f3lares para Argentina, Chile y Paraguay, que se suman a la asignaci\u00f3n de 122 millones para fomentar la movilidad el\u00e9ctrica en Panam\u00e1, Paraguay y Uruguay a trav\u00e9s del Programa de Movilidad El\u00e9ctrica y Transporte Bajo en Carbono (E-MOTION) de CAF [&hellip;]","og_url":"https:\/\/www.eldiario.net\/portal\/2023\/03\/09\/caf-aprueba-creditos-por-mas-de-us-1-200-millones-reactivacion-social\/","og_site_name":"El Diario - Bolivia","article_publisher":"https:\/\/www.facebook.com\/eldiario.bolivia\/","article_published_time":"2023-03-09T10:20:24+00:00","author":"Jeanette","twitter_card":"summary_large_image","twitter_creator":"@eldiario_net","twitter_site":"@eldiario_net","twitter_misc":{"Escrito por":"Jeanette","Tiempo de lectura":"3 minutos"},"schema":{"@context":"https:\/\/schema.org","@graph":[{"@type":"Article","@id":"https:\/\/www.eldiario.net\/portal\/2023\/03\/09\/caf-aprueba-creditos-por-mas-de-us-1-200-millones-reactivacion-social\/#article","isPartOf":{"@id":"https:\/\/www.eldiario.net\/portal\/2023\/03\/09\/caf-aprueba-creditos-por-mas-de-us-1-200-millones-reactivacion-social\/"},"author":{"name":"Jeanette","@id":"https:\/\/www.eldiario.net\/portal\/#\/schema\/person\/f46445640444750d7d753ccd04ae01b7"},"headline":"CAF aprueba cr\u00e9ditos por m\u00e1s de $us 1.200 millones reactivaci\u00f3n social","datePublished":"2023-03-09T10:20:24+00:00","mainEntityOfPage":{"@id":"https:\/\/www.eldiario.net\/portal\/2023\/03\/09\/caf-aprueba-creditos-por-mas-de-us-1-200-millones-reactivacion-social\/"},"wordCount":535,"publisher":{"@id":"https:\/\/www.eldiario.net\/portal\/#organization"},"image":{"@id":"https:\/\/www.eldiario.net\/portal\/2023\/03\/09\/caf-aprueba-creditos-por-mas-de-us-1-200-millones-reactivacion-social\/#primaryimage"},"thumbnailUrl":"","articleSection":["Econom\u00eda"],"inLanguage":"es"},{"@type":"WebPage","@id":"https:\/\/www.eldiario.net\/portal\/2023\/03\/09\/caf-aprueba-creditos-por-mas-de-us-1-200-millones-reactivacion-social\/","url":"https:\/\/www.eldiario.net\/portal\/2023\/03\/09\/caf-aprueba-creditos-por-mas-de-us-1-200-millones-reactivacion-social\/","name":"CAF aprueba cr\u00e9ditos por m\u00e1s de $us 1.200 millones reactivaci\u00f3n social - El Diario - Bolivia","isPartOf":{"@id":"https:\/\/www.eldiario.net\/portal\/#website"},"primaryImageOfPage":{"@id":"https:\/\/www.eldiario.net\/portal\/2023\/03\/09\/caf-aprueba-creditos-por-mas-de-us-1-200-millones-reactivacion-social\/#primaryimage"},"image":{"@id":"https:\/\/www.eldiario.net\/portal\/2023\/03\/09\/caf-aprueba-creditos-por-mas-de-us-1-200-millones-reactivacion-social\/#primaryimage"},"thumbnailUrl":"","datePublished":"2023-03-09T10:20:24+00:00","breadcrumb":{"@id":"https:\/\/www.eldiario.net\/portal\/2023\/03\/09\/caf-aprueba-creditos-por-mas-de-us-1-200-millones-reactivacion-social\/#breadcrumb"},"inLanguage":"es","potentialAction":[{"@type":"ReadAction","target":["https:\/\/www.eldiario.net\/portal\/2023\/03\/09\/caf-aprueba-creditos-por-mas-de-us-1-200-millones-reactivacion-social\/"]}]},{"@type":"ImageObject","inLanguage":"es","@id":"https:\/\/www.eldiario.net\/portal\/2023\/03\/09\/caf-aprueba-creditos-por-mas-de-us-1-200-millones-reactivacion-social\/#primaryimage","url":"","contentUrl":""},{"@type":"BreadcrumbList","@id":"https:\/\/www.eldiario.net\/portal\/2023\/03\/09\/caf-aprueba-creditos-por-mas-de-us-1-200-millones-reactivacion-social\/#breadcrumb","itemListElement":[{"@type":"ListItem","position":1,"name":"Portada","item":"https:\/\/www.eldiario.net\/portal\/"},{"@type":"ListItem","position":2,"name":"CAF aprueba cr\u00e9ditos por m\u00e1s de $us 1.200 millones reactivaci\u00f3n social"}]},{"@type":"WebSite","@id":"https:\/\/www.eldiario.net\/portal\/#website","url":"https:\/\/www.eldiario.net\/portal\/","name":"El Diario - Decano de la prensa nacional","description":"El Diario - Decano de la prensa nacional","publisher":{"@id":"https:\/\/www.eldiario.net\/portal\/#organization"},"potentialAction":[{"@type":"SearchAction","target":{"@type":"EntryPoint","urlTemplate":"https:\/\/www.eldiario.net\/portal\/?s={search_term_string}"},"query-input":{"@type":"PropertyValueSpecification","valueRequired":true,"valueName":"search_term_string"}}],"inLanguage":"es"},{"@type":"Organization","@id":"https:\/\/www.eldiario.net\/portal\/#organization","name":"El Diario - Decano de la prensa nacional","url":"https:\/\/www.eldiario.net\/portal\/","logo":{"@type":"ImageObject","inLanguage":"es","@id":"https:\/\/www.eldiario.net\/portal\/#\/schema\/logo\/image\/","url":"https:\/\/www.eldiario.net\/portal\/wp-content\/uploads\/2023\/07\/logo_ED.jpg","contentUrl":"https:\/\/www.eldiario.net\/portal\/wp-content\/uploads\/2023\/07\/logo_ED.jpg","width":272,"height":52,"caption":"El Diario - Decano de la prensa nacional"},"image":{"@id":"https:\/\/www.eldiario.net\/portal\/#\/schema\/logo\/image\/"},"sameAs":["https:\/\/www.facebook.com\/eldiario.bolivia\/","https:\/\/x.com\/eldiario_net"]},{"@type":"Person","@id":"https:\/\/www.eldiario.net\/portal\/#\/schema\/person\/f46445640444750d7d753ccd04ae01b7","name":"Jeanette","image":{"@type":"ImageObject","inLanguage":"es","@id":"https:\/\/secure.gravatar.com\/avatar\/3ea2118a5f7dad2b7138b1187a6b7ee55f160b9968b66013c3a3ef39dd7e5798?s=96&d=mm&r=g","url":"https:\/\/secure.gravatar.com\/avatar\/3ea2118a5f7dad2b7138b1187a6b7ee55f160b9968b66013c3a3ef39dd7e5798?s=96&d=mm&r=g","contentUrl":"https:\/\/secure.gravatar.com\/avatar\/3ea2118a5f7dad2b7138b1187a6b7ee55f160b9968b66013c3a3ef39dd7e5798?s=96&d=mm&r=g","caption":"Jeanette"},"sameAs":["https:\/\/www.eldiario.net\/portal"],"url":"https:\/\/www.eldiario.net\/portal\/author\/jeanette\/"}]}},"_links":{"self":[{"href":"https:\/\/www.eldiario.net\/portal\/wp-json\/wp\/v2\/posts\/142171","targetHints":{"allow":["GET"]}}],"collection":[{"href":"https:\/\/www.eldiario.net\/portal\/wp-json\/wp\/v2\/posts"}],"about":[{"href":"https:\/\/www.eldiario.net\/portal\/wp-json\/wp\/v2\/types\/post"}],"author":[{"embeddable":true,"href":"https:\/\/www.eldiario.net\/portal\/wp-json\/wp\/v2\/users\/1"}],"replies":[{"embeddable":true,"href":"https:\/\/www.eldiario.net\/portal\/wp-json\/wp\/v2\/comments?post=142171"}],"version-history":[{"count":0,"href":"https:\/\/www.eldiario.net\/portal\/wp-json\/wp\/v2\/posts\/142171\/revisions"}],"wp:attachment":[{"href":"https:\/\/www.eldiario.net\/portal\/wp-json\/wp\/v2\/media?parent=142171"}],"wp:term":[{"taxonomy":"category","embeddable":true,"href":"https:\/\/www.eldiario.net\/portal\/wp-json\/wp\/v2\/categories?post=142171"},{"taxonomy":"post_tag","embeddable":true,"href":"https:\/\/www.eldiario.net\/portal\/wp-json\/wp\/v2\/tags?post=142171"}],"curies":[{"name":"wp","href":"https:\/\/api.w.org\/{rel}","templated":true}]}}