{"id":142168,"date":"2023-03-09T06:19:06","date_gmt":"2023-03-09T10:19:06","guid":{"rendered":"https:\/\/www.eldiario.net\/portal\/?p=142168"},"modified":"2023-03-09T06:19:06","modified_gmt":"2023-03-09T10:19:06","slug":"alistan-trabajos-de-exploracion-en-salares-para-cuantificar-litio","status":"publish","type":"post","link":"https:\/\/www.eldiario.net\/portal\/2023\/03\/09\/alistan-trabajos-de-exploracion-en-salares-para-cuantificar-litio\/","title":{"rendered":"Alistan trabajos de exploraci\u00f3n  en salares para cuantificar litio"},"content":{"rendered":"<p>En al menos cinco salares ubicados en el departamento de Potos\u00ed se realizar\u00e1n trabajos de exploraci\u00f3n, para cuantificar reservas y sumar recursos a proyectos de industrializaci\u00f3n del litio, inform\u00f3 el gerente de Exploraci\u00f3n y Geolog\u00eda de Yacimientos de Litio Bolivianos (YLB), Nelson Carvajal.<\/p>\n<p>\u201cTenemos previsto, en esta gesti\u00f3n, realizar perforaciones a diamantina en al menos cinco salares ubicados al sur del Salar de Pastos Grandes, en Potos\u00ed, para determinar el potencial de posibles yacimientos, con miras a desarrollar proyectos de industrializaci\u00f3n\u201d, explic\u00f3, citado en un bolet\u00edn institucional.<\/p>\n<p>Los cinco salares fueron identificados como zonas con concentraciones elevadas del metal, en un muestreo sistem\u00e1tico, y pueden ser catalogados como yacimientos de litio.<\/p>\n<p>\u201cPara que un salar sea considerado yacimiento, es necesario una estimaci\u00f3n de los recursos de litio, luego pasamos a transformarlo en reservas; las reservas ya son aquellos minerales o elementos que econ\u00f3micamente son explotables, de los cuales se puede extraer beneficios o pasar a una etapa de industrializaci\u00f3n\u201d, explic\u00f3.<\/p>\n<p>Exploraci\u00f3n<\/p>\n<p>En dos a\u00f1os de gesti\u00f3n del presidente Luis Arce, YLB realiz\u00f3 la exploraci\u00f3n y perforaci\u00f3n de 65 pozos en los salares de Coipasa (Oruro) y Pastos Grandes (Potos\u00ed), para cuantificar e incrementar recursos de litio. Los resultados ser\u00e1n hechos p\u00fablicos en los siguientes meses.<\/p>\n<p>El trabajo de exploraci\u00f3n y perforaci\u00f3n de pozos va acompa\u00f1ado del monitoreo medioambiental de recursos h\u00eddricos, fauna y flora, con la finalidad de resguardar los ecosistemas de la zona.<\/p>\n<p>\u201cAl mismo tiempo que realizamos la perforaci\u00f3n de pozos y el muestreo, estamos realizando el monitoreo de toda la cuenca que bordea los salares para identificar los r\u00edos principales, los secundarios y tambi\u00e9n el inventario de fauna y flora que se encuentra en esa cuenca\u201d, detall\u00f3.<\/p>\n<p>A la fecha, Bolivia cuenta con la mayor cantidad de recursos comprobados de litio, que alcanza a 21 millones de toneladas en el Salar de Uyuni (Potos\u00ed), seg\u00fan el Servicio Geol\u00f3gico de Estados Unidos.<\/p>\n","protected":false},"excerpt":{"rendered":"<p>En al menos cinco salares ubicados en el departamento de Potos\u00ed se realizar\u00e1n trabajos de exploraci\u00f3n, para cuantificar reservas y sumar recursos a proyectos de industrializaci\u00f3n del litio, inform\u00f3 el gerente de Exploraci\u00f3n y Geolog\u00eda de Yacimientos de Litio Bolivianos (YLB), Nelson Carvajal. \u201cTenemos previsto, en esta gesti\u00f3n, realizar perforaciones a diamantina en al menos [&hellip;]<\/p>\n","protected":false},"author":1,"featured_media":142169,"comment_status":"closed","ping_status":"closed","sticky":false,"template":"","format":"standard","meta":{"_acf_changed":false,"footnotes":""},"categories":[7],"tags":[],"class_list":["post-142168","post","type-post","status-publish","format-standard","has-post-thumbnail","category-economia"],"acf":{"antetitulo":""},"yoast_head":"<!-- This site is optimized with the Yoast SEO plugin v28.4 - https:\/\/yoast.com\/product\/yoast-seo-wordpress\/ -->\n<title>Alistan trabajos de exploraci\u00f3n en salares para cuantificar litio - El Diario - Bolivia<\/title>\n<meta name=\"robots\" content=\"index, follow, max-snippet:-1, max-image-preview:large, max-video-preview:-1\" \/>\n<link rel=\"canonical\" href=\"https:\/\/www.eldiario.net\/portal\/2023\/03\/09\/alistan-trabajos-de-exploracion-en-salares-para-cuantificar-litio\/\" \/>\n<meta property=\"og:locale\" content=\"es_ES\" \/>\n<meta property=\"og:type\" content=\"article\" \/>\n<meta property=\"og:title\" content=\"Alistan trabajos de exploraci\u00f3n en salares para cuantificar litio - El Diario - Bolivia\" \/>\n<meta property=\"og:description\" content=\"En al menos cinco salares ubicados en el departamento de Potos\u00ed se realizar\u00e1n trabajos de exploraci\u00f3n, para cuantificar reservas y sumar recursos a proyectos de industrializaci\u00f3n del litio, inform\u00f3 el gerente de Exploraci\u00f3n y Geolog\u00eda de Yacimientos de Litio Bolivianos (YLB), Nelson Carvajal. \u201cTenemos previsto, en esta gesti\u00f3n, realizar perforaciones a diamantina en al menos [&hellip;]\" \/>\n<meta property=\"og:url\" content=\"https:\/\/www.eldiario.net\/portal\/2023\/03\/09\/alistan-trabajos-de-exploracion-en-salares-para-cuantificar-litio\/\" \/>\n<meta property=\"og:site_name\" content=\"El Diario - Bolivia\" \/>\n<meta property=\"article:publisher\" content=\"https:\/\/www.facebook.com\/eldiario.bolivia\/\" \/>\n<meta property=\"article:published_time\" content=\"2023-03-09T10:19:06+00:00\" \/>\n<meta name=\"author\" content=\"Jeanette\" \/>\n<meta name=\"twitter:card\" content=\"summary_large_image\" \/>\n<meta name=\"twitter:creator\" content=\"@eldiario_net\" \/>\n<meta name=\"twitter:site\" content=\"@eldiario_net\" \/>\n<meta name=\"twitter:label1\" content=\"Escrito por\" \/>\n\t<meta name=\"twitter:data1\" content=\"Jeanette\" \/>\n\t<meta name=\"twitter:label2\" content=\"Tiempo de lectura\" \/>\n\t<meta name=\"twitter:data2\" content=\"2 minutos\" \/>\n<script type=\"application\/ld+json\" class=\"yoast-schema-graph\">{\"@context\":\"https:\\\/\\\/schema.org\",\"@graph\":[{\"@type\":\"Article\",\"@id\":\"https:\\\/\\\/www.eldiario.net\\\/portal\\\/2023\\\/03\\\/09\\\/alistan-trabajos-de-exploracion-en-salares-para-cuantificar-litio\\\/#article\",\"isPartOf\":{\"@id\":\"https:\\\/\\\/www.eldiario.net\\\/portal\\\/2023\\\/03\\\/09\\\/alistan-trabajos-de-exploracion-en-salares-para-cuantificar-litio\\\/\"},\"author\":{\"name\":\"Jeanette\",\"@id\":\"https:\\\/\\\/www.eldiario.net\\\/portal\\\/#\\\/schema\\\/person\\\/f46445640444750d7d753ccd04ae01b7\"},\"headline\":\"Alistan trabajos de exploraci\u00f3n en salares para cuantificar litio\",\"datePublished\":\"2023-03-09T10:19:06+00:00\",\"mainEntityOfPage\":{\"@id\":\"https:\\\/\\\/www.eldiario.net\\\/portal\\\/2023\\\/03\\\/09\\\/alistan-trabajos-de-exploracion-en-salares-para-cuantificar-litio\\\/\"},\"wordCount\":350,\"publisher\":{\"@id\":\"https:\\\/\\\/www.eldiario.net\\\/portal\\\/#organization\"},\"image\":{\"@id\":\"https:\\\/\\\/www.eldiario.net\\\/portal\\\/2023\\\/03\\\/09\\\/alistan-trabajos-de-exploracion-en-salares-para-cuantificar-litio\\\/#primaryimage\"},\"thumbnailUrl\":\"\",\"articleSection\":[\"Econom\u00eda\"],\"inLanguage\":\"es\"},{\"@type\":\"WebPage\",\"@id\":\"https:\\\/\\\/www.eldiario.net\\\/portal\\\/2023\\\/03\\\/09\\\/alistan-trabajos-de-exploracion-en-salares-para-cuantificar-litio\\\/\",\"url\":\"https:\\\/\\\/www.eldiario.net\\\/portal\\\/2023\\\/03\\\/09\\\/alistan-trabajos-de-exploracion-en-salares-para-cuantificar-litio\\\/\",\"name\":\"Alistan trabajos de exploraci\u00f3n en salares para cuantificar litio - El Diario - Bolivia\",\"isPartOf\":{\"@id\":\"https:\\\/\\\/www.eldiario.net\\\/portal\\\/#website\"},\"primaryImageOfPage\":{\"@id\":\"https:\\\/\\\/www.eldiario.net\\\/portal\\\/2023\\\/03\\\/09\\\/alistan-trabajos-de-exploracion-en-salares-para-cuantificar-litio\\\/#primaryimage\"},\"image\":{\"@id\":\"https:\\\/\\\/www.eldiario.net\\\/portal\\\/2023\\\/03\\\/09\\\/alistan-trabajos-de-exploracion-en-salares-para-cuantificar-litio\\\/#primaryimage\"},\"thumbnailUrl\":\"\",\"datePublished\":\"2023-03-09T10:19:06+00:00\",\"breadcrumb\":{\"@id\":\"https:\\\/\\\/www.eldiario.net\\\/portal\\\/2023\\\/03\\\/09\\\/alistan-trabajos-de-exploracion-en-salares-para-cuantificar-litio\\\/#breadcrumb\"},\"inLanguage\":\"es\",\"potentialAction\":[{\"@type\":\"ReadAction\",\"target\":[\"https:\\\/\\\/www.eldiario.net\\\/portal\\\/2023\\\/03\\\/09\\\/alistan-trabajos-de-exploracion-en-salares-para-cuantificar-litio\\\/\"]}]},{\"@type\":\"ImageObject\",\"inLanguage\":\"es\",\"@id\":\"https:\\\/\\\/www.eldiario.net\\\/portal\\\/2023\\\/03\\\/09\\\/alistan-trabajos-de-exploracion-en-salares-para-cuantificar-litio\\\/#primaryimage\",\"url\":\"\",\"contentUrl\":\"\"},{\"@type\":\"BreadcrumbList\",\"@id\":\"https:\\\/\\\/www.eldiario.net\\\/portal\\\/2023\\\/03\\\/09\\\/alistan-trabajos-de-exploracion-en-salares-para-cuantificar-litio\\\/#breadcrumb\",\"itemListElement\":[{\"@type\":\"ListItem\",\"position\":1,\"name\":\"Portada\",\"item\":\"https:\\\/\\\/www.eldiario.net\\\/portal\\\/\"},{\"@type\":\"ListItem\",\"position\":2,\"name\":\"Alistan trabajos de exploraci\u00f3n en salares para cuantificar litio\"}]},{\"@type\":\"WebSite\",\"@id\":\"https:\\\/\\\/www.eldiario.net\\\/portal\\\/#website\",\"url\":\"https:\\\/\\\/www.eldiario.net\\\/portal\\\/\",\"name\":\"El Diario - Decano de la prensa nacional\",\"description\":\"El Diario - Decano de la prensa nacional\",\"publisher\":{\"@id\":\"https:\\\/\\\/www.eldiario.net\\\/portal\\\/#organization\"},\"potentialAction\":[{\"@type\":\"SearchAction\",\"target\":{\"@type\":\"EntryPoint\",\"urlTemplate\":\"https:\\\/\\\/www.eldiario.net\\\/portal\\\/?s={search_term_string}\"},\"query-input\":{\"@type\":\"PropertyValueSpecification\",\"valueRequired\":true,\"valueName\":\"search_term_string\"}}],\"inLanguage\":\"es\"},{\"@type\":\"Organization\",\"@id\":\"https:\\\/\\\/www.eldiario.net\\\/portal\\\/#organization\",\"name\":\"El Diario - Decano de la prensa nacional\",\"url\":\"https:\\\/\\\/www.eldiario.net\\\/portal\\\/\",\"logo\":{\"@type\":\"ImageObject\",\"inLanguage\":\"es\",\"@id\":\"https:\\\/\\\/www.eldiario.net\\\/portal\\\/#\\\/schema\\\/logo\\\/image\\\/\",\"url\":\"https:\\\/\\\/www.eldiario.net\\\/portal\\\/wp-content\\\/uploads\\\/2023\\\/07\\\/logo_ED.jpg\",\"contentUrl\":\"https:\\\/\\\/www.eldiario.net\\\/portal\\\/wp-content\\\/uploads\\\/2023\\\/07\\\/logo_ED.jpg\",\"width\":272,\"height\":52,\"caption\":\"El Diario - Decano de la prensa nacional\"},\"image\":{\"@id\":\"https:\\\/\\\/www.eldiario.net\\\/portal\\\/#\\\/schema\\\/logo\\\/image\\\/\"},\"sameAs\":[\"https:\\\/\\\/www.facebook.com\\\/eldiario.bolivia\\\/\",\"https:\\\/\\\/x.com\\\/eldiario_net\"]},{\"@type\":\"Person\",\"@id\":\"https:\\\/\\\/www.eldiario.net\\\/portal\\\/#\\\/schema\\\/person\\\/f46445640444750d7d753ccd04ae01b7\",\"name\":\"Jeanette\",\"image\":{\"@type\":\"ImageObject\",\"inLanguage\":\"es\",\"@id\":\"https:\\\/\\\/secure.gravatar.com\\\/avatar\\\/3ea2118a5f7dad2b7138b1187a6b7ee55f160b9968b66013c3a3ef39dd7e5798?s=96&d=mm&r=g\",\"url\":\"https:\\\/\\\/secure.gravatar.com\\\/avatar\\\/3ea2118a5f7dad2b7138b1187a6b7ee55f160b9968b66013c3a3ef39dd7e5798?s=96&d=mm&r=g\",\"contentUrl\":\"https:\\\/\\\/secure.gravatar.com\\\/avatar\\\/3ea2118a5f7dad2b7138b1187a6b7ee55f160b9968b66013c3a3ef39dd7e5798?s=96&d=mm&r=g\",\"caption\":\"Jeanette\"},\"sameAs\":[\"https:\\\/\\\/www.eldiario.net\\\/portal\"],\"url\":\"https:\\\/\\\/www.eldiario.net\\\/portal\\\/author\\\/jeanette\\\/\"}]}<\/script>\n<!-- \/ Yoast SEO plugin. -->","yoast_head_json":{"title":"Alistan trabajos de exploraci\u00f3n en salares para cuantificar litio - El Diario - Bolivia","robots":{"index":"index","follow":"follow","max-snippet":"max-snippet:-1","max-image-preview":"max-image-preview:large","max-video-preview":"max-video-preview:-1"},"canonical":"https:\/\/www.eldiario.net\/portal\/2023\/03\/09\/alistan-trabajos-de-exploracion-en-salares-para-cuantificar-litio\/","og_locale":"es_ES","og_type":"article","og_title":"Alistan trabajos de exploraci\u00f3n en salares para cuantificar litio - El Diario - Bolivia","og_description":"En al menos cinco salares ubicados en el departamento de Potos\u00ed se realizar\u00e1n trabajos de exploraci\u00f3n, para cuantificar reservas y sumar recursos a proyectos de industrializaci\u00f3n del litio, inform\u00f3 el gerente de Exploraci\u00f3n y Geolog\u00eda de Yacimientos de Litio Bolivianos (YLB), Nelson Carvajal. \u201cTenemos previsto, en esta gesti\u00f3n, realizar perforaciones a diamantina en al menos [&hellip;]","og_url":"https:\/\/www.eldiario.net\/portal\/2023\/03\/09\/alistan-trabajos-de-exploracion-en-salares-para-cuantificar-litio\/","og_site_name":"El Diario - Bolivia","article_publisher":"https:\/\/www.facebook.com\/eldiario.bolivia\/","article_published_time":"2023-03-09T10:19:06+00:00","author":"Jeanette","twitter_card":"summary_large_image","twitter_creator":"@eldiario_net","twitter_site":"@eldiario_net","twitter_misc":{"Escrito por":"Jeanette","Tiempo de lectura":"2 minutos"},"schema":{"@context":"https:\/\/schema.org","@graph":[{"@type":"Article","@id":"https:\/\/www.eldiario.net\/portal\/2023\/03\/09\/alistan-trabajos-de-exploracion-en-salares-para-cuantificar-litio\/#article","isPartOf":{"@id":"https:\/\/www.eldiario.net\/portal\/2023\/03\/09\/alistan-trabajos-de-exploracion-en-salares-para-cuantificar-litio\/"},"author":{"name":"Jeanette","@id":"https:\/\/www.eldiario.net\/portal\/#\/schema\/person\/f46445640444750d7d753ccd04ae01b7"},"headline":"Alistan trabajos de exploraci\u00f3n en salares para cuantificar litio","datePublished":"2023-03-09T10:19:06+00:00","mainEntityOfPage":{"@id":"https:\/\/www.eldiario.net\/portal\/2023\/03\/09\/alistan-trabajos-de-exploracion-en-salares-para-cuantificar-litio\/"},"wordCount":350,"publisher":{"@id":"https:\/\/www.eldiario.net\/portal\/#organization"},"image":{"@id":"https:\/\/www.eldiario.net\/portal\/2023\/03\/09\/alistan-trabajos-de-exploracion-en-salares-para-cuantificar-litio\/#primaryimage"},"thumbnailUrl":"","articleSection":["Econom\u00eda"],"inLanguage":"es"},{"@type":"WebPage","@id":"https:\/\/www.eldiario.net\/portal\/2023\/03\/09\/alistan-trabajos-de-exploracion-en-salares-para-cuantificar-litio\/","url":"https:\/\/www.eldiario.net\/portal\/2023\/03\/09\/alistan-trabajos-de-exploracion-en-salares-para-cuantificar-litio\/","name":"Alistan trabajos de exploraci\u00f3n en salares para cuantificar litio - El Diario - Bolivia","isPartOf":{"@id":"https:\/\/www.eldiario.net\/portal\/#website"},"primaryImageOfPage":{"@id":"https:\/\/www.eldiario.net\/portal\/2023\/03\/09\/alistan-trabajos-de-exploracion-en-salares-para-cuantificar-litio\/#primaryimage"},"image":{"@id":"https:\/\/www.eldiario.net\/portal\/2023\/03\/09\/alistan-trabajos-de-exploracion-en-salares-para-cuantificar-litio\/#primaryimage"},"thumbnailUrl":"","datePublished":"2023-03-09T10:19:06+00:00","breadcrumb":{"@id":"https:\/\/www.eldiario.net\/portal\/2023\/03\/09\/alistan-trabajos-de-exploracion-en-salares-para-cuantificar-litio\/#breadcrumb"},"inLanguage":"es","potentialAction":[{"@type":"ReadAction","target":["https:\/\/www.eldiario.net\/portal\/2023\/03\/09\/alistan-trabajos-de-exploracion-en-salares-para-cuantificar-litio\/"]}]},{"@type":"ImageObject","inLanguage":"es","@id":"https:\/\/www.eldiario.net\/portal\/2023\/03\/09\/alistan-trabajos-de-exploracion-en-salares-para-cuantificar-litio\/#primaryimage","url":"","contentUrl":""},{"@type":"BreadcrumbList","@id":"https:\/\/www.eldiario.net\/portal\/2023\/03\/09\/alistan-trabajos-de-exploracion-en-salares-para-cuantificar-litio\/#breadcrumb","itemListElement":[{"@type":"ListItem","position":1,"name":"Portada","item":"https:\/\/www.eldiario.net\/portal\/"},{"@type":"ListItem","position":2,"name":"Alistan trabajos de exploraci\u00f3n en salares para cuantificar litio"}]},{"@type":"WebSite","@id":"https:\/\/www.eldiario.net\/portal\/#website","url":"https:\/\/www.eldiario.net\/portal\/","name":"El Diario - Decano de la prensa nacional","description":"El Diario - Decano de la prensa nacional","publisher":{"@id":"https:\/\/www.eldiario.net\/portal\/#organization"},"potentialAction":[{"@type":"SearchAction","target":{"@type":"EntryPoint","urlTemplate":"https:\/\/www.eldiario.net\/portal\/?s={search_term_string}"},"query-input":{"@type":"PropertyValueSpecification","valueRequired":true,"valueName":"search_term_string"}}],"inLanguage":"es"},{"@type":"Organization","@id":"https:\/\/www.eldiario.net\/portal\/#organization","name":"El Diario - Decano de la prensa nacional","url":"https:\/\/www.eldiario.net\/portal\/","logo":{"@type":"ImageObject","inLanguage":"es","@id":"https:\/\/www.eldiario.net\/portal\/#\/schema\/logo\/image\/","url":"https:\/\/www.eldiario.net\/portal\/wp-content\/uploads\/2023\/07\/logo_ED.jpg","contentUrl":"https:\/\/www.eldiario.net\/portal\/wp-content\/uploads\/2023\/07\/logo_ED.jpg","width":272,"height":52,"caption":"El Diario - Decano de la prensa nacional"},"image":{"@id":"https:\/\/www.eldiario.net\/portal\/#\/schema\/logo\/image\/"},"sameAs":["https:\/\/www.facebook.com\/eldiario.bolivia\/","https:\/\/x.com\/eldiario_net"]},{"@type":"Person","@id":"https:\/\/www.eldiario.net\/portal\/#\/schema\/person\/f46445640444750d7d753ccd04ae01b7","name":"Jeanette","image":{"@type":"ImageObject","inLanguage":"es","@id":"https:\/\/secure.gravatar.com\/avatar\/3ea2118a5f7dad2b7138b1187a6b7ee55f160b9968b66013c3a3ef39dd7e5798?s=96&d=mm&r=g","url":"https:\/\/secure.gravatar.com\/avatar\/3ea2118a5f7dad2b7138b1187a6b7ee55f160b9968b66013c3a3ef39dd7e5798?s=96&d=mm&r=g","contentUrl":"https:\/\/secure.gravatar.com\/avatar\/3ea2118a5f7dad2b7138b1187a6b7ee55f160b9968b66013c3a3ef39dd7e5798?s=96&d=mm&r=g","caption":"Jeanette"},"sameAs":["https:\/\/www.eldiario.net\/portal"],"url":"https:\/\/www.eldiario.net\/portal\/author\/jeanette\/"}]}},"_links":{"self":[{"href":"https:\/\/www.eldiario.net\/portal\/wp-json\/wp\/v2\/posts\/142168","targetHints":{"allow":["GET"]}}],"collection":[{"href":"https:\/\/www.eldiario.net\/portal\/wp-json\/wp\/v2\/posts"}],"about":[{"href":"https:\/\/www.eldiario.net\/portal\/wp-json\/wp\/v2\/types\/post"}],"author":[{"embeddable":true,"href":"https:\/\/www.eldiario.net\/portal\/wp-json\/wp\/v2\/users\/1"}],"replies":[{"embeddable":true,"href":"https:\/\/www.eldiario.net\/portal\/wp-json\/wp\/v2\/comments?post=142168"}],"version-history":[{"count":0,"href":"https:\/\/www.eldiario.net\/portal\/wp-json\/wp\/v2\/posts\/142168\/revisions"}],"wp:attachment":[{"href":"https:\/\/www.eldiario.net\/portal\/wp-json\/wp\/v2\/media?parent=142168"}],"wp:term":[{"taxonomy":"category","embeddable":true,"href":"https:\/\/www.eldiario.net\/portal\/wp-json\/wp\/v2\/categories?post=142168"},{"taxonomy":"post_tag","embeddable":true,"href":"https:\/\/www.eldiario.net\/portal\/wp-json\/wp\/v2\/tags?post=142168"}],"curies":[{"name":"wp","href":"https:\/\/api.w.org\/{rel}","templated":true}]}}