{"id":142165,"date":"2023-03-09T06:18:05","date_gmt":"2023-03-09T10:18:05","guid":{"rendered":"https:\/\/www.eldiario.net\/portal\/?p=142165"},"modified":"2023-03-09T06:18:05","modified_gmt":"2023-03-09T10:18:05","slug":"cooperativistas-mineras-auriferas-se-suman-al-cuidado-del-medio-ambiente","status":"publish","type":"post","link":"https:\/\/www.eldiario.net\/portal\/2023\/03\/09\/cooperativistas-mineras-auriferas-se-suman-al-cuidado-del-medio-ambiente\/","title":{"rendered":"Cooperativistas mineras aur\u00edferas se  suman al cuidado del medio ambiente"},"content":{"rendered":"<p>La Federaci\u00f3n de Cooperativas Mineras Aur\u00edferas del Norte de La Paz r.l., la Fundaci\u00f3n Suiza de Cooperaci\u00f3n para el Desarrollo T\u00e9cnico &#8211; Swisscontact y la C\u00e1mara Nacional de Industrias (CNI) suscribieron un convenio para trabajar en el cuidado del medio ambiente y el reciclaje de los residuos s\u00f3lidos.<\/p>\n<p>El representante de Ferreco y de la Federaci\u00f3n de Cooperativistas Mineras Aur\u00edfera del Norte de La Paz (Fecoman), Ramiro Villavicencio, en la firma del convenio, expres\u00f3 su preocupaci\u00f3n por el reciclado de s\u00f3lidos, as\u00ed como por el medio ambiente, y por ello buscan coordinar con la CNI y la Cooperaci\u00f3n internacional, mediante el acuerdo, para incursionar en la materia y profundizar sus conocimientos en esta materia.<\/p>\n<p>Reconoci\u00f3 que tienen debilidades en el tema del medio ambiente, y por ello van en busca de mitigar los impactos en la naturaleza, e incursionar en el buen manejo de los residuos s\u00f3lidos para su reciclaje.<\/p>\n<p>\u201cManejar mejor el tema del medio ambiente de mejor manera\u201d, apunt\u00f3.<\/p>\n<p>Por su parte, el gerente General de la CNI, Jos\u00e9 Luis Zavala, destac\u00f3 el convenio, ya que permitir\u00e1 mayor responsabilidad en el tema del manejo de los residuos y su recuperaci\u00f3n, as\u00ed como brindar mejores condiciones para el medio ambiente.<\/p>\n<p>Dijo que el acuerdo es vital tomando en cuenta la explotaci\u00f3n del oro, as\u00ed como su exportaci\u00f3n. \u201dPor ello es importante trabajar de manera conjunta para preservar el medio ambiente\u201d, y m\u00e1s adelante aunar en esfuerzos para incursionar en la econom\u00eda circular.<\/p>\n<p>El acuerdo suscrito entre los cooperativistas y la CNI y Swisscontc tiene una duraci\u00f3n de dos a\u00f1os. Como se recordar\u00e1 el sector aur\u00edfero es blanco de cr\u00edticas por la deforestaci\u00f3n y la afectaci\u00f3n que deja a su paso la explotaci\u00f3n del oro y el uso del mercurio.<\/p>\n","protected":false},"excerpt":{"rendered":"<p>La Federaci\u00f3n de Cooperativas Mineras Aur\u00edferas del Norte de La Paz r.l., la Fundaci\u00f3n Suiza de Cooperaci\u00f3n para el Desarrollo T\u00e9cnico &#8211; Swisscontact y la C\u00e1mara Nacional de Industrias (CNI) suscribieron un convenio para trabajar en el cuidado del medio ambiente y el reciclaje de los residuos s\u00f3lidos. El representante de Ferreco y de la [&hellip;]<\/p>\n","protected":false},"author":1,"featured_media":142166,"comment_status":"closed","ping_status":"closed","sticky":false,"template":"","format":"standard","meta":{"_acf_changed":false,"footnotes":""},"categories":[7],"tags":[],"class_list":["post-142165","post","type-post","status-publish","format-standard","has-post-thumbnail","category-economia"],"acf":{"antetitulo":""},"yoast_head":"<!-- This site is optimized with the Yoast SEO plugin v28.4 - https:\/\/yoast.com\/product\/yoast-seo-wordpress\/ -->\n<title>Cooperativistas mineras aur\u00edferas se suman al cuidado del medio ambiente - El Diario - Bolivia<\/title>\n<meta name=\"robots\" content=\"index, follow, max-snippet:-1, max-image-preview:large, max-video-preview:-1\" \/>\n<link rel=\"canonical\" href=\"https:\/\/www.eldiario.net\/portal\/2023\/03\/09\/cooperativistas-mineras-auriferas-se-suman-al-cuidado-del-medio-ambiente\/\" \/>\n<meta property=\"og:locale\" content=\"es_ES\" \/>\n<meta property=\"og:type\" content=\"article\" \/>\n<meta property=\"og:title\" content=\"Cooperativistas mineras aur\u00edferas se suman al cuidado del medio ambiente - El Diario - Bolivia\" \/>\n<meta property=\"og:description\" content=\"La Federaci\u00f3n de Cooperativas Mineras Aur\u00edferas del Norte de La Paz r.l., la Fundaci\u00f3n Suiza de Cooperaci\u00f3n para el Desarrollo T\u00e9cnico &#8211; Swisscontact y la C\u00e1mara Nacional de Industrias (CNI) suscribieron un convenio para trabajar en el cuidado del medio ambiente y el reciclaje de los residuos s\u00f3lidos. El representante de Ferreco y de la [&hellip;]\" \/>\n<meta property=\"og:url\" content=\"https:\/\/www.eldiario.net\/portal\/2023\/03\/09\/cooperativistas-mineras-auriferas-se-suman-al-cuidado-del-medio-ambiente\/\" \/>\n<meta property=\"og:site_name\" content=\"El Diario - Bolivia\" \/>\n<meta property=\"article:publisher\" content=\"https:\/\/www.facebook.com\/eldiario.bolivia\/\" \/>\n<meta property=\"article:published_time\" content=\"2023-03-09T10:18:05+00:00\" \/>\n<meta name=\"author\" content=\"Jeanette\" \/>\n<meta name=\"twitter:card\" content=\"summary_large_image\" \/>\n<meta name=\"twitter:creator\" content=\"@eldiario_net\" \/>\n<meta name=\"twitter:site\" content=\"@eldiario_net\" \/>\n<meta name=\"twitter:label1\" content=\"Escrito por\" \/>\n\t<meta name=\"twitter:data1\" content=\"Jeanette\" \/>\n\t<meta name=\"twitter:label2\" content=\"Tiempo de lectura\" \/>\n\t<meta name=\"twitter:data2\" content=\"2 minutos\" \/>\n<script type=\"application\/ld+json\" class=\"yoast-schema-graph\">{\"@context\":\"https:\\\/\\\/schema.org\",\"@graph\":[{\"@type\":\"Article\",\"@id\":\"https:\\\/\\\/www.eldiario.net\\\/portal\\\/2023\\\/03\\\/09\\\/cooperativistas-mineras-auriferas-se-suman-al-cuidado-del-medio-ambiente\\\/#article\",\"isPartOf\":{\"@id\":\"https:\\\/\\\/www.eldiario.net\\\/portal\\\/2023\\\/03\\\/09\\\/cooperativistas-mineras-auriferas-se-suman-al-cuidado-del-medio-ambiente\\\/\"},\"author\":{\"name\":\"Jeanette\",\"@id\":\"https:\\\/\\\/www.eldiario.net\\\/portal\\\/#\\\/schema\\\/person\\\/f46445640444750d7d753ccd04ae01b7\"},\"headline\":\"Cooperativistas mineras aur\u00edferas se suman al cuidado del medio ambiente\",\"datePublished\":\"2023-03-09T10:18:05+00:00\",\"mainEntityOfPage\":{\"@id\":\"https:\\\/\\\/www.eldiario.net\\\/portal\\\/2023\\\/03\\\/09\\\/cooperativistas-mineras-auriferas-se-suman-al-cuidado-del-medio-ambiente\\\/\"},\"wordCount\":327,\"publisher\":{\"@id\":\"https:\\\/\\\/www.eldiario.net\\\/portal\\\/#organization\"},\"image\":{\"@id\":\"https:\\\/\\\/www.eldiario.net\\\/portal\\\/2023\\\/03\\\/09\\\/cooperativistas-mineras-auriferas-se-suman-al-cuidado-del-medio-ambiente\\\/#primaryimage\"},\"thumbnailUrl\":\"\",\"articleSection\":[\"Econom\u00eda\"],\"inLanguage\":\"es\"},{\"@type\":\"WebPage\",\"@id\":\"https:\\\/\\\/www.eldiario.net\\\/portal\\\/2023\\\/03\\\/09\\\/cooperativistas-mineras-auriferas-se-suman-al-cuidado-del-medio-ambiente\\\/\",\"url\":\"https:\\\/\\\/www.eldiario.net\\\/portal\\\/2023\\\/03\\\/09\\\/cooperativistas-mineras-auriferas-se-suman-al-cuidado-del-medio-ambiente\\\/\",\"name\":\"Cooperativistas mineras aur\u00edferas se suman al cuidado del medio ambiente - El Diario - Bolivia\",\"isPartOf\":{\"@id\":\"https:\\\/\\\/www.eldiario.net\\\/portal\\\/#website\"},\"primaryImageOfPage\":{\"@id\":\"https:\\\/\\\/www.eldiario.net\\\/portal\\\/2023\\\/03\\\/09\\\/cooperativistas-mineras-auriferas-se-suman-al-cuidado-del-medio-ambiente\\\/#primaryimage\"},\"image\":{\"@id\":\"https:\\\/\\\/www.eldiario.net\\\/portal\\\/2023\\\/03\\\/09\\\/cooperativistas-mineras-auriferas-se-suman-al-cuidado-del-medio-ambiente\\\/#primaryimage\"},\"thumbnailUrl\":\"\",\"datePublished\":\"2023-03-09T10:18:05+00:00\",\"breadcrumb\":{\"@id\":\"https:\\\/\\\/www.eldiario.net\\\/portal\\\/2023\\\/03\\\/09\\\/cooperativistas-mineras-auriferas-se-suman-al-cuidado-del-medio-ambiente\\\/#breadcrumb\"},\"inLanguage\":\"es\",\"potentialAction\":[{\"@type\":\"ReadAction\",\"target\":[\"https:\\\/\\\/www.eldiario.net\\\/portal\\\/2023\\\/03\\\/09\\\/cooperativistas-mineras-auriferas-se-suman-al-cuidado-del-medio-ambiente\\\/\"]}]},{\"@type\":\"ImageObject\",\"inLanguage\":\"es\",\"@id\":\"https:\\\/\\\/www.eldiario.net\\\/portal\\\/2023\\\/03\\\/09\\\/cooperativistas-mineras-auriferas-se-suman-al-cuidado-del-medio-ambiente\\\/#primaryimage\",\"url\":\"\",\"contentUrl\":\"\"},{\"@type\":\"BreadcrumbList\",\"@id\":\"https:\\\/\\\/www.eldiario.net\\\/portal\\\/2023\\\/03\\\/09\\\/cooperativistas-mineras-auriferas-se-suman-al-cuidado-del-medio-ambiente\\\/#breadcrumb\",\"itemListElement\":[{\"@type\":\"ListItem\",\"position\":1,\"name\":\"Portada\",\"item\":\"https:\\\/\\\/www.eldiario.net\\\/portal\\\/\"},{\"@type\":\"ListItem\",\"position\":2,\"name\":\"Cooperativistas mineras aur\u00edferas se suman al cuidado del medio ambiente\"}]},{\"@type\":\"WebSite\",\"@id\":\"https:\\\/\\\/www.eldiario.net\\\/portal\\\/#website\",\"url\":\"https:\\\/\\\/www.eldiario.net\\\/portal\\\/\",\"name\":\"El Diario - Decano de la prensa nacional\",\"description\":\"El Diario - Decano de la prensa nacional\",\"publisher\":{\"@id\":\"https:\\\/\\\/www.eldiario.net\\\/portal\\\/#organization\"},\"potentialAction\":[{\"@type\":\"SearchAction\",\"target\":{\"@type\":\"EntryPoint\",\"urlTemplate\":\"https:\\\/\\\/www.eldiario.net\\\/portal\\\/?s={search_term_string}\"},\"query-input\":{\"@type\":\"PropertyValueSpecification\",\"valueRequired\":true,\"valueName\":\"search_term_string\"}}],\"inLanguage\":\"es\"},{\"@type\":\"Organization\",\"@id\":\"https:\\\/\\\/www.eldiario.net\\\/portal\\\/#organization\",\"name\":\"El Diario - Decano de la prensa nacional\",\"url\":\"https:\\\/\\\/www.eldiario.net\\\/portal\\\/\",\"logo\":{\"@type\":\"ImageObject\",\"inLanguage\":\"es\",\"@id\":\"https:\\\/\\\/www.eldiario.net\\\/portal\\\/#\\\/schema\\\/logo\\\/image\\\/\",\"url\":\"https:\\\/\\\/www.eldiario.net\\\/portal\\\/wp-content\\\/uploads\\\/2023\\\/07\\\/logo_ED.jpg\",\"contentUrl\":\"https:\\\/\\\/www.eldiario.net\\\/portal\\\/wp-content\\\/uploads\\\/2023\\\/07\\\/logo_ED.jpg\",\"width\":272,\"height\":52,\"caption\":\"El Diario - Decano de la prensa nacional\"},\"image\":{\"@id\":\"https:\\\/\\\/www.eldiario.net\\\/portal\\\/#\\\/schema\\\/logo\\\/image\\\/\"},\"sameAs\":[\"https:\\\/\\\/www.facebook.com\\\/eldiario.bolivia\\\/\",\"https:\\\/\\\/x.com\\\/eldiario_net\"]},{\"@type\":\"Person\",\"@id\":\"https:\\\/\\\/www.eldiario.net\\\/portal\\\/#\\\/schema\\\/person\\\/f46445640444750d7d753ccd04ae01b7\",\"name\":\"Jeanette\",\"image\":{\"@type\":\"ImageObject\",\"inLanguage\":\"es\",\"@id\":\"https:\\\/\\\/secure.gravatar.com\\\/avatar\\\/3ea2118a5f7dad2b7138b1187a6b7ee55f160b9968b66013c3a3ef39dd7e5798?s=96&d=mm&r=g\",\"url\":\"https:\\\/\\\/secure.gravatar.com\\\/avatar\\\/3ea2118a5f7dad2b7138b1187a6b7ee55f160b9968b66013c3a3ef39dd7e5798?s=96&d=mm&r=g\",\"contentUrl\":\"https:\\\/\\\/secure.gravatar.com\\\/avatar\\\/3ea2118a5f7dad2b7138b1187a6b7ee55f160b9968b66013c3a3ef39dd7e5798?s=96&d=mm&r=g\",\"caption\":\"Jeanette\"},\"sameAs\":[\"https:\\\/\\\/www.eldiario.net\\\/portal\"],\"url\":\"https:\\\/\\\/www.eldiario.net\\\/portal\\\/author\\\/jeanette\\\/\"}]}<\/script>\n<!-- \/ Yoast SEO plugin. -->","yoast_head_json":{"title":"Cooperativistas mineras aur\u00edferas se suman al cuidado del medio ambiente - El Diario - Bolivia","robots":{"index":"index","follow":"follow","max-snippet":"max-snippet:-1","max-image-preview":"max-image-preview:large","max-video-preview":"max-video-preview:-1"},"canonical":"https:\/\/www.eldiario.net\/portal\/2023\/03\/09\/cooperativistas-mineras-auriferas-se-suman-al-cuidado-del-medio-ambiente\/","og_locale":"es_ES","og_type":"article","og_title":"Cooperativistas mineras aur\u00edferas se suman al cuidado del medio ambiente - El Diario - Bolivia","og_description":"La Federaci\u00f3n de Cooperativas Mineras Aur\u00edferas del Norte de La Paz r.l., la Fundaci\u00f3n Suiza de Cooperaci\u00f3n para el Desarrollo T\u00e9cnico &#8211; Swisscontact y la C\u00e1mara Nacional de Industrias (CNI) suscribieron un convenio para trabajar en el cuidado del medio ambiente y el reciclaje de los residuos s\u00f3lidos. El representante de Ferreco y de la [&hellip;]","og_url":"https:\/\/www.eldiario.net\/portal\/2023\/03\/09\/cooperativistas-mineras-auriferas-se-suman-al-cuidado-del-medio-ambiente\/","og_site_name":"El Diario - Bolivia","article_publisher":"https:\/\/www.facebook.com\/eldiario.bolivia\/","article_published_time":"2023-03-09T10:18:05+00:00","author":"Jeanette","twitter_card":"summary_large_image","twitter_creator":"@eldiario_net","twitter_site":"@eldiario_net","twitter_misc":{"Escrito por":"Jeanette","Tiempo de lectura":"2 minutos"},"schema":{"@context":"https:\/\/schema.org","@graph":[{"@type":"Article","@id":"https:\/\/www.eldiario.net\/portal\/2023\/03\/09\/cooperativistas-mineras-auriferas-se-suman-al-cuidado-del-medio-ambiente\/#article","isPartOf":{"@id":"https:\/\/www.eldiario.net\/portal\/2023\/03\/09\/cooperativistas-mineras-auriferas-se-suman-al-cuidado-del-medio-ambiente\/"},"author":{"name":"Jeanette","@id":"https:\/\/www.eldiario.net\/portal\/#\/schema\/person\/f46445640444750d7d753ccd04ae01b7"},"headline":"Cooperativistas mineras aur\u00edferas se suman al cuidado del medio ambiente","datePublished":"2023-03-09T10:18:05+00:00","mainEntityOfPage":{"@id":"https:\/\/www.eldiario.net\/portal\/2023\/03\/09\/cooperativistas-mineras-auriferas-se-suman-al-cuidado-del-medio-ambiente\/"},"wordCount":327,"publisher":{"@id":"https:\/\/www.eldiario.net\/portal\/#organization"},"image":{"@id":"https:\/\/www.eldiario.net\/portal\/2023\/03\/09\/cooperativistas-mineras-auriferas-se-suman-al-cuidado-del-medio-ambiente\/#primaryimage"},"thumbnailUrl":"","articleSection":["Econom\u00eda"],"inLanguage":"es"},{"@type":"WebPage","@id":"https:\/\/www.eldiario.net\/portal\/2023\/03\/09\/cooperativistas-mineras-auriferas-se-suman-al-cuidado-del-medio-ambiente\/","url":"https:\/\/www.eldiario.net\/portal\/2023\/03\/09\/cooperativistas-mineras-auriferas-se-suman-al-cuidado-del-medio-ambiente\/","name":"Cooperativistas mineras aur\u00edferas se suman al cuidado del medio ambiente - El Diario - Bolivia","isPartOf":{"@id":"https:\/\/www.eldiario.net\/portal\/#website"},"primaryImageOfPage":{"@id":"https:\/\/www.eldiario.net\/portal\/2023\/03\/09\/cooperativistas-mineras-auriferas-se-suman-al-cuidado-del-medio-ambiente\/#primaryimage"},"image":{"@id":"https:\/\/www.eldiario.net\/portal\/2023\/03\/09\/cooperativistas-mineras-auriferas-se-suman-al-cuidado-del-medio-ambiente\/#primaryimage"},"thumbnailUrl":"","datePublished":"2023-03-09T10:18:05+00:00","breadcrumb":{"@id":"https:\/\/www.eldiario.net\/portal\/2023\/03\/09\/cooperativistas-mineras-auriferas-se-suman-al-cuidado-del-medio-ambiente\/#breadcrumb"},"inLanguage":"es","potentialAction":[{"@type":"ReadAction","target":["https:\/\/www.eldiario.net\/portal\/2023\/03\/09\/cooperativistas-mineras-auriferas-se-suman-al-cuidado-del-medio-ambiente\/"]}]},{"@type":"ImageObject","inLanguage":"es","@id":"https:\/\/www.eldiario.net\/portal\/2023\/03\/09\/cooperativistas-mineras-auriferas-se-suman-al-cuidado-del-medio-ambiente\/#primaryimage","url":"","contentUrl":""},{"@type":"BreadcrumbList","@id":"https:\/\/www.eldiario.net\/portal\/2023\/03\/09\/cooperativistas-mineras-auriferas-se-suman-al-cuidado-del-medio-ambiente\/#breadcrumb","itemListElement":[{"@type":"ListItem","position":1,"name":"Portada","item":"https:\/\/www.eldiario.net\/portal\/"},{"@type":"ListItem","position":2,"name":"Cooperativistas mineras aur\u00edferas se suman al cuidado del medio ambiente"}]},{"@type":"WebSite","@id":"https:\/\/www.eldiario.net\/portal\/#website","url":"https:\/\/www.eldiario.net\/portal\/","name":"El Diario - Decano de la prensa nacional","description":"El Diario - Decano de la prensa nacional","publisher":{"@id":"https:\/\/www.eldiario.net\/portal\/#organization"},"potentialAction":[{"@type":"SearchAction","target":{"@type":"EntryPoint","urlTemplate":"https:\/\/www.eldiario.net\/portal\/?s={search_term_string}"},"query-input":{"@type":"PropertyValueSpecification","valueRequired":true,"valueName":"search_term_string"}}],"inLanguage":"es"},{"@type":"Organization","@id":"https:\/\/www.eldiario.net\/portal\/#organization","name":"El Diario - Decano de la prensa nacional","url":"https:\/\/www.eldiario.net\/portal\/","logo":{"@type":"ImageObject","inLanguage":"es","@id":"https:\/\/www.eldiario.net\/portal\/#\/schema\/logo\/image\/","url":"https:\/\/www.eldiario.net\/portal\/wp-content\/uploads\/2023\/07\/logo_ED.jpg","contentUrl":"https:\/\/www.eldiario.net\/portal\/wp-content\/uploads\/2023\/07\/logo_ED.jpg","width":272,"height":52,"caption":"El Diario - Decano de la prensa nacional"},"image":{"@id":"https:\/\/www.eldiario.net\/portal\/#\/schema\/logo\/image\/"},"sameAs":["https:\/\/www.facebook.com\/eldiario.bolivia\/","https:\/\/x.com\/eldiario_net"]},{"@type":"Person","@id":"https:\/\/www.eldiario.net\/portal\/#\/schema\/person\/f46445640444750d7d753ccd04ae01b7","name":"Jeanette","image":{"@type":"ImageObject","inLanguage":"es","@id":"https:\/\/secure.gravatar.com\/avatar\/3ea2118a5f7dad2b7138b1187a6b7ee55f160b9968b66013c3a3ef39dd7e5798?s=96&d=mm&r=g","url":"https:\/\/secure.gravatar.com\/avatar\/3ea2118a5f7dad2b7138b1187a6b7ee55f160b9968b66013c3a3ef39dd7e5798?s=96&d=mm&r=g","contentUrl":"https:\/\/secure.gravatar.com\/avatar\/3ea2118a5f7dad2b7138b1187a6b7ee55f160b9968b66013c3a3ef39dd7e5798?s=96&d=mm&r=g","caption":"Jeanette"},"sameAs":["https:\/\/www.eldiario.net\/portal"],"url":"https:\/\/www.eldiario.net\/portal\/author\/jeanette\/"}]}},"_links":{"self":[{"href":"https:\/\/www.eldiario.net\/portal\/wp-json\/wp\/v2\/posts\/142165","targetHints":{"allow":["GET"]}}],"collection":[{"href":"https:\/\/www.eldiario.net\/portal\/wp-json\/wp\/v2\/posts"}],"about":[{"href":"https:\/\/www.eldiario.net\/portal\/wp-json\/wp\/v2\/types\/post"}],"author":[{"embeddable":true,"href":"https:\/\/www.eldiario.net\/portal\/wp-json\/wp\/v2\/users\/1"}],"replies":[{"embeddable":true,"href":"https:\/\/www.eldiario.net\/portal\/wp-json\/wp\/v2\/comments?post=142165"}],"version-history":[{"count":0,"href":"https:\/\/www.eldiario.net\/portal\/wp-json\/wp\/v2\/posts\/142165\/revisions"}],"wp:attachment":[{"href":"https:\/\/www.eldiario.net\/portal\/wp-json\/wp\/v2\/media?parent=142165"}],"wp:term":[{"taxonomy":"category","embeddable":true,"href":"https:\/\/www.eldiario.net\/portal\/wp-json\/wp\/v2\/categories?post=142165"},{"taxonomy":"post_tag","embeddable":true,"href":"https:\/\/www.eldiario.net\/portal\/wp-json\/wp\/v2\/tags?post=142165"}],"curies":[{"name":"wp","href":"https:\/\/api.w.org\/{rel}","templated":true}]}}