{"id":142159,"date":"2023-03-09T06:15:51","date_gmt":"2023-03-09T10:15:51","guid":{"rendered":"https:\/\/www.eldiario.net\/portal\/?p=142159"},"modified":"2023-03-09T06:15:51","modified_gmt":"2023-03-09T10:15:51","slug":"plantean-control-de-aeronaves-por-gps-para-lucha-antidroga","status":"publish","type":"post","link":"https:\/\/www.eldiario.net\/portal\/2023\/03\/09\/plantean-control-de-aeronaves-por-gps-para-lucha-antidroga\/","title":{"rendered":"Plantean control de aeronaves  por GPS para lucha antidroga"},"content":{"rendered":"<p>Observando que el trasiego de toneladas de droga desde el pa\u00eds no es objeto de control dentro la estrategia de lucha antidroga nacional, el diputado por Creemos, Walthy Eg\u00fcez, plante\u00f3 implementar un monitoreo abierto de aeronaves bolivianas mediante el Sistema de Posicionamiento Global (GPS) permanente, como un mecanismo de control real para una efectiva lucha contra el narcotr\u00e1fico.<\/p>\n<p>El legislador hizo este planteamiento luego de que una reciente investigaci\u00f3n policial de la Rep\u00fablica de Paraguay revelara que entre el 2020 y 2021, en 961 vuelos de avionetas procedentes de Bolivia se trafic\u00f3, al menos 400 toneladas de droga.<\/p>\n<p>Por ello, anunci\u00f3 la presentaci\u00f3n de un proyecto de Ley que obligue al Gobierno, mediante la Direcci\u00f3n General de Aeron\u00e1utica Civil y las reparticiones estatales competentes, se instale un sistema satelital abierto a la poblaci\u00f3n, as\u00ed como a los pa\u00edses vecinos que permita el monitoreo en tiempo real de todo motorizado a\u00e9reo que se encuentre en suelo boliviano.<\/p>\n<p>\u201cLa siguiente semana estamos presentando un proyecto de ley para que se instale un sistema GPS conectado a una red que sea de conocimiento p\u00fablico para que todo ciudadano pueda tener acceso. Que la Felcn y la polic\u00eda antidroga de cualquier pa\u00eds, inclusive por redes sociales, se conozca d\u00f3nde est\u00e1n volando nuestras aeronaves\u201d, anunci\u00f3.<\/p>\n<p>Eg\u00fcez, manifest\u00f3 su preocupaci\u00f3n por la falta de resultados del gobierno boliviano respecto de una efectiva lucha antidroga, por lo que demand\u00f3 al Ministerio de Obras P\u00fablicas, Servicios y Vivienda, a cargo de Edgar Monta\u00f1o, aplicar el Decreto Supremo N\u00b0 3947\/19, relativo a la lucha contra la criminalidad, contra el tr\u00e1fico il\u00edcito de sustancias controladas, vigilancia, control y defensa del espacio a\u00e9reo.<\/p>\n","protected":false},"excerpt":{"rendered":"<p>Observando que el trasiego de toneladas de droga desde el pa\u00eds no es objeto de control dentro la estrategia de lucha antidroga nacional, el diputado por Creemos, Walthy Eg\u00fcez, plante\u00f3 implementar un monitoreo abierto de aeronaves bolivianas mediante el Sistema de Posicionamiento Global (GPS) permanente, como un mecanismo de control real para una efectiva lucha [&hellip;]<\/p>\n","protected":false},"author":1,"featured_media":142160,"comment_status":"closed","ping_status":"closed","sticky":false,"template":"","format":"standard","meta":{"_acf_changed":false,"footnotes":""},"categories":[14],"tags":[],"class_list":["post-142159","post","type-post","status-publish","format-standard","has-post-thumbnail","category-politica"],"acf":{"antetitulo":""},"yoast_head":"<!-- This site is optimized with the Yoast SEO plugin v28.4 - https:\/\/yoast.com\/product\/yoast-seo-wordpress\/ -->\n<title>Plantean control de aeronaves por GPS para lucha antidroga - El Diario - Bolivia<\/title>\n<meta name=\"robots\" content=\"index, follow, max-snippet:-1, max-image-preview:large, max-video-preview:-1\" \/>\n<link rel=\"canonical\" href=\"https:\/\/www.eldiario.net\/portal\/2023\/03\/09\/plantean-control-de-aeronaves-por-gps-para-lucha-antidroga\/\" \/>\n<meta property=\"og:locale\" content=\"es_ES\" \/>\n<meta property=\"og:type\" content=\"article\" \/>\n<meta property=\"og:title\" content=\"Plantean control de aeronaves por GPS para lucha antidroga - El Diario - Bolivia\" \/>\n<meta property=\"og:description\" content=\"Observando que el trasiego de toneladas de droga desde el pa\u00eds no es objeto de control dentro la estrategia de lucha antidroga nacional, el diputado por Creemos, Walthy Eg\u00fcez, plante\u00f3 implementar un monitoreo abierto de aeronaves bolivianas mediante el Sistema de Posicionamiento Global (GPS) permanente, como un mecanismo de control real para una efectiva lucha [&hellip;]\" \/>\n<meta property=\"og:url\" content=\"https:\/\/www.eldiario.net\/portal\/2023\/03\/09\/plantean-control-de-aeronaves-por-gps-para-lucha-antidroga\/\" \/>\n<meta property=\"og:site_name\" content=\"El Diario - Bolivia\" \/>\n<meta property=\"article:publisher\" content=\"https:\/\/www.facebook.com\/eldiario.bolivia\/\" \/>\n<meta property=\"article:published_time\" content=\"2023-03-09T10:15:51+00:00\" \/>\n<meta name=\"author\" content=\"Jeanette\" \/>\n<meta name=\"twitter:card\" content=\"summary_large_image\" \/>\n<meta name=\"twitter:creator\" content=\"@eldiario_net\" \/>\n<meta name=\"twitter:site\" content=\"@eldiario_net\" \/>\n<meta name=\"twitter:label1\" content=\"Escrito por\" \/>\n\t<meta name=\"twitter:data1\" content=\"Jeanette\" \/>\n\t<meta name=\"twitter:label2\" content=\"Tiempo de lectura\" \/>\n\t<meta name=\"twitter:data2\" content=\"2 minutos\" \/>\n<script type=\"application\/ld+json\" class=\"yoast-schema-graph\">{\"@context\":\"https:\\\/\\\/schema.org\",\"@graph\":[{\"@type\":\"Article\",\"@id\":\"https:\\\/\\\/www.eldiario.net\\\/portal\\\/2023\\\/03\\\/09\\\/plantean-control-de-aeronaves-por-gps-para-lucha-antidroga\\\/#article\",\"isPartOf\":{\"@id\":\"https:\\\/\\\/www.eldiario.net\\\/portal\\\/2023\\\/03\\\/09\\\/plantean-control-de-aeronaves-por-gps-para-lucha-antidroga\\\/\"},\"author\":{\"name\":\"Jeanette\",\"@id\":\"https:\\\/\\\/www.eldiario.net\\\/portal\\\/#\\\/schema\\\/person\\\/f46445640444750d7d753ccd04ae01b7\"},\"headline\":\"Plantean control de aeronaves por GPS para lucha antidroga\",\"datePublished\":\"2023-03-09T10:15:51+00:00\",\"mainEntityOfPage\":{\"@id\":\"https:\\\/\\\/www.eldiario.net\\\/portal\\\/2023\\\/03\\\/09\\\/plantean-control-de-aeronaves-por-gps-para-lucha-antidroga\\\/\"},\"wordCount\":299,\"publisher\":{\"@id\":\"https:\\\/\\\/www.eldiario.net\\\/portal\\\/#organization\"},\"image\":{\"@id\":\"https:\\\/\\\/www.eldiario.net\\\/portal\\\/2023\\\/03\\\/09\\\/plantean-control-de-aeronaves-por-gps-para-lucha-antidroga\\\/#primaryimage\"},\"thumbnailUrl\":\"\",\"articleSection\":[\"Pol\u00edtica\"],\"inLanguage\":\"es\"},{\"@type\":\"WebPage\",\"@id\":\"https:\\\/\\\/www.eldiario.net\\\/portal\\\/2023\\\/03\\\/09\\\/plantean-control-de-aeronaves-por-gps-para-lucha-antidroga\\\/\",\"url\":\"https:\\\/\\\/www.eldiario.net\\\/portal\\\/2023\\\/03\\\/09\\\/plantean-control-de-aeronaves-por-gps-para-lucha-antidroga\\\/\",\"name\":\"Plantean control de aeronaves por GPS para lucha antidroga - El Diario - Bolivia\",\"isPartOf\":{\"@id\":\"https:\\\/\\\/www.eldiario.net\\\/portal\\\/#website\"},\"primaryImageOfPage\":{\"@id\":\"https:\\\/\\\/www.eldiario.net\\\/portal\\\/2023\\\/03\\\/09\\\/plantean-control-de-aeronaves-por-gps-para-lucha-antidroga\\\/#primaryimage\"},\"image\":{\"@id\":\"https:\\\/\\\/www.eldiario.net\\\/portal\\\/2023\\\/03\\\/09\\\/plantean-control-de-aeronaves-por-gps-para-lucha-antidroga\\\/#primaryimage\"},\"thumbnailUrl\":\"\",\"datePublished\":\"2023-03-09T10:15:51+00:00\",\"breadcrumb\":{\"@id\":\"https:\\\/\\\/www.eldiario.net\\\/portal\\\/2023\\\/03\\\/09\\\/plantean-control-de-aeronaves-por-gps-para-lucha-antidroga\\\/#breadcrumb\"},\"inLanguage\":\"es\",\"potentialAction\":[{\"@type\":\"ReadAction\",\"target\":[\"https:\\\/\\\/www.eldiario.net\\\/portal\\\/2023\\\/03\\\/09\\\/plantean-control-de-aeronaves-por-gps-para-lucha-antidroga\\\/\"]}]},{\"@type\":\"ImageObject\",\"inLanguage\":\"es\",\"@id\":\"https:\\\/\\\/www.eldiario.net\\\/portal\\\/2023\\\/03\\\/09\\\/plantean-control-de-aeronaves-por-gps-para-lucha-antidroga\\\/#primaryimage\",\"url\":\"\",\"contentUrl\":\"\"},{\"@type\":\"BreadcrumbList\",\"@id\":\"https:\\\/\\\/www.eldiario.net\\\/portal\\\/2023\\\/03\\\/09\\\/plantean-control-de-aeronaves-por-gps-para-lucha-antidroga\\\/#breadcrumb\",\"itemListElement\":[{\"@type\":\"ListItem\",\"position\":1,\"name\":\"Portada\",\"item\":\"https:\\\/\\\/www.eldiario.net\\\/portal\\\/\"},{\"@type\":\"ListItem\",\"position\":2,\"name\":\"Plantean control de aeronaves por GPS para lucha antidroga\"}]},{\"@type\":\"WebSite\",\"@id\":\"https:\\\/\\\/www.eldiario.net\\\/portal\\\/#website\",\"url\":\"https:\\\/\\\/www.eldiario.net\\\/portal\\\/\",\"name\":\"El Diario - Decano de la prensa nacional\",\"description\":\"El Diario - Decano de la prensa nacional\",\"publisher\":{\"@id\":\"https:\\\/\\\/www.eldiario.net\\\/portal\\\/#organization\"},\"potentialAction\":[{\"@type\":\"SearchAction\",\"target\":{\"@type\":\"EntryPoint\",\"urlTemplate\":\"https:\\\/\\\/www.eldiario.net\\\/portal\\\/?s={search_term_string}\"},\"query-input\":{\"@type\":\"PropertyValueSpecification\",\"valueRequired\":true,\"valueName\":\"search_term_string\"}}],\"inLanguage\":\"es\"},{\"@type\":\"Organization\",\"@id\":\"https:\\\/\\\/www.eldiario.net\\\/portal\\\/#organization\",\"name\":\"El Diario - Decano de la prensa nacional\",\"url\":\"https:\\\/\\\/www.eldiario.net\\\/portal\\\/\",\"logo\":{\"@type\":\"ImageObject\",\"inLanguage\":\"es\",\"@id\":\"https:\\\/\\\/www.eldiario.net\\\/portal\\\/#\\\/schema\\\/logo\\\/image\\\/\",\"url\":\"https:\\\/\\\/www.eldiario.net\\\/portal\\\/wp-content\\\/uploads\\\/2023\\\/07\\\/logo_ED.jpg\",\"contentUrl\":\"https:\\\/\\\/www.eldiario.net\\\/portal\\\/wp-content\\\/uploads\\\/2023\\\/07\\\/logo_ED.jpg\",\"width\":272,\"height\":52,\"caption\":\"El Diario - Decano de la prensa nacional\"},\"image\":{\"@id\":\"https:\\\/\\\/www.eldiario.net\\\/portal\\\/#\\\/schema\\\/logo\\\/image\\\/\"},\"sameAs\":[\"https:\\\/\\\/www.facebook.com\\\/eldiario.bolivia\\\/\",\"https:\\\/\\\/x.com\\\/eldiario_net\"]},{\"@type\":\"Person\",\"@id\":\"https:\\\/\\\/www.eldiario.net\\\/portal\\\/#\\\/schema\\\/person\\\/f46445640444750d7d753ccd04ae01b7\",\"name\":\"Jeanette\",\"image\":{\"@type\":\"ImageObject\",\"inLanguage\":\"es\",\"@id\":\"https:\\\/\\\/secure.gravatar.com\\\/avatar\\\/3ea2118a5f7dad2b7138b1187a6b7ee55f160b9968b66013c3a3ef39dd7e5798?s=96&d=mm&r=g\",\"url\":\"https:\\\/\\\/secure.gravatar.com\\\/avatar\\\/3ea2118a5f7dad2b7138b1187a6b7ee55f160b9968b66013c3a3ef39dd7e5798?s=96&d=mm&r=g\",\"contentUrl\":\"https:\\\/\\\/secure.gravatar.com\\\/avatar\\\/3ea2118a5f7dad2b7138b1187a6b7ee55f160b9968b66013c3a3ef39dd7e5798?s=96&d=mm&r=g\",\"caption\":\"Jeanette\"},\"sameAs\":[\"https:\\\/\\\/www.eldiario.net\\\/portal\"],\"url\":\"https:\\\/\\\/www.eldiario.net\\\/portal\\\/author\\\/jeanette\\\/\"}]}<\/script>\n<!-- \/ Yoast SEO plugin. -->","yoast_head_json":{"title":"Plantean control de aeronaves por GPS para lucha antidroga - El Diario - Bolivia","robots":{"index":"index","follow":"follow","max-snippet":"max-snippet:-1","max-image-preview":"max-image-preview:large","max-video-preview":"max-video-preview:-1"},"canonical":"https:\/\/www.eldiario.net\/portal\/2023\/03\/09\/plantean-control-de-aeronaves-por-gps-para-lucha-antidroga\/","og_locale":"es_ES","og_type":"article","og_title":"Plantean control de aeronaves por GPS para lucha antidroga - El Diario - Bolivia","og_description":"Observando que el trasiego de toneladas de droga desde el pa\u00eds no es objeto de control dentro la estrategia de lucha antidroga nacional, el diputado por Creemos, Walthy Eg\u00fcez, plante\u00f3 implementar un monitoreo abierto de aeronaves bolivianas mediante el Sistema de Posicionamiento Global (GPS) permanente, como un mecanismo de control real para una efectiva lucha [&hellip;]","og_url":"https:\/\/www.eldiario.net\/portal\/2023\/03\/09\/plantean-control-de-aeronaves-por-gps-para-lucha-antidroga\/","og_site_name":"El Diario - Bolivia","article_publisher":"https:\/\/www.facebook.com\/eldiario.bolivia\/","article_published_time":"2023-03-09T10:15:51+00:00","author":"Jeanette","twitter_card":"summary_large_image","twitter_creator":"@eldiario_net","twitter_site":"@eldiario_net","twitter_misc":{"Escrito por":"Jeanette","Tiempo de lectura":"2 minutos"},"schema":{"@context":"https:\/\/schema.org","@graph":[{"@type":"Article","@id":"https:\/\/www.eldiario.net\/portal\/2023\/03\/09\/plantean-control-de-aeronaves-por-gps-para-lucha-antidroga\/#article","isPartOf":{"@id":"https:\/\/www.eldiario.net\/portal\/2023\/03\/09\/plantean-control-de-aeronaves-por-gps-para-lucha-antidroga\/"},"author":{"name":"Jeanette","@id":"https:\/\/www.eldiario.net\/portal\/#\/schema\/person\/f46445640444750d7d753ccd04ae01b7"},"headline":"Plantean control de aeronaves por GPS para lucha antidroga","datePublished":"2023-03-09T10:15:51+00:00","mainEntityOfPage":{"@id":"https:\/\/www.eldiario.net\/portal\/2023\/03\/09\/plantean-control-de-aeronaves-por-gps-para-lucha-antidroga\/"},"wordCount":299,"publisher":{"@id":"https:\/\/www.eldiario.net\/portal\/#organization"},"image":{"@id":"https:\/\/www.eldiario.net\/portal\/2023\/03\/09\/plantean-control-de-aeronaves-por-gps-para-lucha-antidroga\/#primaryimage"},"thumbnailUrl":"","articleSection":["Pol\u00edtica"],"inLanguage":"es"},{"@type":"WebPage","@id":"https:\/\/www.eldiario.net\/portal\/2023\/03\/09\/plantean-control-de-aeronaves-por-gps-para-lucha-antidroga\/","url":"https:\/\/www.eldiario.net\/portal\/2023\/03\/09\/plantean-control-de-aeronaves-por-gps-para-lucha-antidroga\/","name":"Plantean control de aeronaves por GPS para lucha antidroga - El Diario - Bolivia","isPartOf":{"@id":"https:\/\/www.eldiario.net\/portal\/#website"},"primaryImageOfPage":{"@id":"https:\/\/www.eldiario.net\/portal\/2023\/03\/09\/plantean-control-de-aeronaves-por-gps-para-lucha-antidroga\/#primaryimage"},"image":{"@id":"https:\/\/www.eldiario.net\/portal\/2023\/03\/09\/plantean-control-de-aeronaves-por-gps-para-lucha-antidroga\/#primaryimage"},"thumbnailUrl":"","datePublished":"2023-03-09T10:15:51+00:00","breadcrumb":{"@id":"https:\/\/www.eldiario.net\/portal\/2023\/03\/09\/plantean-control-de-aeronaves-por-gps-para-lucha-antidroga\/#breadcrumb"},"inLanguage":"es","potentialAction":[{"@type":"ReadAction","target":["https:\/\/www.eldiario.net\/portal\/2023\/03\/09\/plantean-control-de-aeronaves-por-gps-para-lucha-antidroga\/"]}]},{"@type":"ImageObject","inLanguage":"es","@id":"https:\/\/www.eldiario.net\/portal\/2023\/03\/09\/plantean-control-de-aeronaves-por-gps-para-lucha-antidroga\/#primaryimage","url":"","contentUrl":""},{"@type":"BreadcrumbList","@id":"https:\/\/www.eldiario.net\/portal\/2023\/03\/09\/plantean-control-de-aeronaves-por-gps-para-lucha-antidroga\/#breadcrumb","itemListElement":[{"@type":"ListItem","position":1,"name":"Portada","item":"https:\/\/www.eldiario.net\/portal\/"},{"@type":"ListItem","position":2,"name":"Plantean control de aeronaves por GPS para lucha antidroga"}]},{"@type":"WebSite","@id":"https:\/\/www.eldiario.net\/portal\/#website","url":"https:\/\/www.eldiario.net\/portal\/","name":"El Diario - Decano de la prensa nacional","description":"El Diario - Decano de la prensa nacional","publisher":{"@id":"https:\/\/www.eldiario.net\/portal\/#organization"},"potentialAction":[{"@type":"SearchAction","target":{"@type":"EntryPoint","urlTemplate":"https:\/\/www.eldiario.net\/portal\/?s={search_term_string}"},"query-input":{"@type":"PropertyValueSpecification","valueRequired":true,"valueName":"search_term_string"}}],"inLanguage":"es"},{"@type":"Organization","@id":"https:\/\/www.eldiario.net\/portal\/#organization","name":"El Diario - Decano de la prensa nacional","url":"https:\/\/www.eldiario.net\/portal\/","logo":{"@type":"ImageObject","inLanguage":"es","@id":"https:\/\/www.eldiario.net\/portal\/#\/schema\/logo\/image\/","url":"https:\/\/www.eldiario.net\/portal\/wp-content\/uploads\/2023\/07\/logo_ED.jpg","contentUrl":"https:\/\/www.eldiario.net\/portal\/wp-content\/uploads\/2023\/07\/logo_ED.jpg","width":272,"height":52,"caption":"El Diario - Decano de la prensa nacional"},"image":{"@id":"https:\/\/www.eldiario.net\/portal\/#\/schema\/logo\/image\/"},"sameAs":["https:\/\/www.facebook.com\/eldiario.bolivia\/","https:\/\/x.com\/eldiario_net"]},{"@type":"Person","@id":"https:\/\/www.eldiario.net\/portal\/#\/schema\/person\/f46445640444750d7d753ccd04ae01b7","name":"Jeanette","image":{"@type":"ImageObject","inLanguage":"es","@id":"https:\/\/secure.gravatar.com\/avatar\/3ea2118a5f7dad2b7138b1187a6b7ee55f160b9968b66013c3a3ef39dd7e5798?s=96&d=mm&r=g","url":"https:\/\/secure.gravatar.com\/avatar\/3ea2118a5f7dad2b7138b1187a6b7ee55f160b9968b66013c3a3ef39dd7e5798?s=96&d=mm&r=g","contentUrl":"https:\/\/secure.gravatar.com\/avatar\/3ea2118a5f7dad2b7138b1187a6b7ee55f160b9968b66013c3a3ef39dd7e5798?s=96&d=mm&r=g","caption":"Jeanette"},"sameAs":["https:\/\/www.eldiario.net\/portal"],"url":"https:\/\/www.eldiario.net\/portal\/author\/jeanette\/"}]}},"_links":{"self":[{"href":"https:\/\/www.eldiario.net\/portal\/wp-json\/wp\/v2\/posts\/142159","targetHints":{"allow":["GET"]}}],"collection":[{"href":"https:\/\/www.eldiario.net\/portal\/wp-json\/wp\/v2\/posts"}],"about":[{"href":"https:\/\/www.eldiario.net\/portal\/wp-json\/wp\/v2\/types\/post"}],"author":[{"embeddable":true,"href":"https:\/\/www.eldiario.net\/portal\/wp-json\/wp\/v2\/users\/1"}],"replies":[{"embeddable":true,"href":"https:\/\/www.eldiario.net\/portal\/wp-json\/wp\/v2\/comments?post=142159"}],"version-history":[{"count":0,"href":"https:\/\/www.eldiario.net\/portal\/wp-json\/wp\/v2\/posts\/142159\/revisions"}],"wp:attachment":[{"href":"https:\/\/www.eldiario.net\/portal\/wp-json\/wp\/v2\/media?parent=142159"}],"wp:term":[{"taxonomy":"category","embeddable":true,"href":"https:\/\/www.eldiario.net\/portal\/wp-json\/wp\/v2\/categories?post=142159"},{"taxonomy":"post_tag","embeddable":true,"href":"https:\/\/www.eldiario.net\/portal\/wp-json\/wp\/v2\/tags?post=142159"}],"curies":[{"name":"wp","href":"https:\/\/api.w.org\/{rel}","templated":true}]}}