{"id":142156,"date":"2023-03-09T06:14:48","date_gmt":"2023-03-09T10:14:48","guid":{"rendered":"https:\/\/www.eldiario.net\/portal\/?p=142156"},"modified":"2023-03-09T06:14:48","modified_gmt":"2023-03-09T10:14:48","slug":"creemos-solicita-accion-urgente-para-dirigente-cocalero-apaza","status":"publish","type":"post","link":"https:\/\/www.eldiario.net\/portal\/2023\/03\/09\/creemos-solicita-accion-urgente-para-dirigente-cocalero-apaza\/","title":{"rendered":"Creemos solicita acci\u00f3n urgente para dirigente cocalero Apaza"},"content":{"rendered":"<p>Mediante una solicitud de \u201cacci\u00f3n urgente\u201d a favor del dirigente de la Asociaci\u00f3n Departamental de Productores de Coca (Adepcoca), Julio C\u00e9sar Apaza, y otros l\u00edderes cocaleros sometidos a tortura en el penal de Chonchocoro, asamble\u00edstas nacionales de la Alianza Pol\u00edtica Creemos, remitieron ante el Relator Especial sobre la Tortura de la Comisi\u00f3n de Derechos Humanos de las Naciones Unidas, Nils Melzer, una nota en la que solicitan un pronunciamiento de esta instancia.<\/p>\n<p>La carta remitida a Melzer, en la que se adjunt\u00f3 toda la documentaci\u00f3n requerida para este tipo de solicitudes, pide evitar que contin\u00faen y se repitan las graves violaciones a los derechos humanos ante la inacci\u00f3n de autoridades nacionales como el defensor del pueblo.<\/p>\n<p>Al respecto la senadora Centa Rek se\u00f1al\u00f3 que el dirigente cocalero de Adepcoca sufri\u00f3 una embolia consecuencias de las \u201ctorturas y ausencia de atenci\u00f3n m\u00e9dica\u201d, sufridas en el penal de Chonchocoro, donde est\u00e1 ilegalmente y arbitrariamente detenido; centro que se ha convertido en un pan\u00f3ptico donde se comenten los mayores abusos contra los internos, en especial contra los dirigentes de Adepcoca porque no permitieron la instalaci\u00f3n de un mercado ilegal de la coca digitado por el gobierno.<\/p>\n<p>\u201cLos asamble\u00edstas nacionales de la agrupaci\u00f3n pol\u00edtica Creemos, procedemos a trasmitir informaci\u00f3n suficiente para la activaci\u00f3n de una acci\u00f3n o llamamiento urgente en contra del Estado Plurinacional de Bolivia por los hechos de tortura y tratos crueles en contra de presos pol\u00edticos y l\u00edderes cocaleros, espec\u00edficamente, de Julio C\u00e9sar Apaza, quien se encuentra parapl\u00e9jico en el Hospital de Cl\u00ednicas de la ciudad de la Paz en Bolivia, a consecuencia de ese trato cruel e inhumano\u201d, se\u00f1ala parte de la solicitud enviada.<\/p>\n<p>Rek agreg\u00f3 que la c\u00e1rcel de Chonchocoro se ha convertido en un pan\u00f3ptico, cuyo objetivo es deshumanizar a los recluidos generando trastornos en su salud y sus conductas.<\/p>\n","protected":false},"excerpt":{"rendered":"<p>Mediante una solicitud de \u201cacci\u00f3n urgente\u201d a favor del dirigente de la Asociaci\u00f3n Departamental de Productores de Coca (Adepcoca), Julio C\u00e9sar Apaza, y otros l\u00edderes cocaleros sometidos a tortura en el penal de Chonchocoro, asamble\u00edstas nacionales de la Alianza Pol\u00edtica Creemos, remitieron ante el Relator Especial sobre la Tortura de la Comisi\u00f3n de Derechos Humanos [&hellip;]<\/p>\n","protected":false},"author":1,"featured_media":142157,"comment_status":"closed","ping_status":"closed","sticky":false,"template":"","format":"standard","meta":{"_acf_changed":false,"footnotes":""},"categories":[14],"tags":[],"class_list":["post-142156","post","type-post","status-publish","format-standard","has-post-thumbnail","category-politica"],"acf":{"antetitulo":""},"yoast_head":"<!-- This site is optimized with the Yoast SEO plugin v28.4 - https:\/\/yoast.com\/product\/yoast-seo-wordpress\/ -->\n<title>Creemos solicita acci\u00f3n urgente para dirigente cocalero Apaza - El Diario - Bolivia<\/title>\n<meta name=\"robots\" content=\"index, follow, max-snippet:-1, max-image-preview:large, max-video-preview:-1\" \/>\n<link rel=\"canonical\" href=\"https:\/\/www.eldiario.net\/portal\/2023\/03\/09\/creemos-solicita-accion-urgente-para-dirigente-cocalero-apaza\/\" \/>\n<meta property=\"og:locale\" content=\"es_ES\" \/>\n<meta property=\"og:type\" content=\"article\" \/>\n<meta property=\"og:title\" content=\"Creemos solicita acci\u00f3n urgente para dirigente cocalero Apaza - El Diario - Bolivia\" \/>\n<meta property=\"og:description\" content=\"Mediante una solicitud de \u201cacci\u00f3n urgente\u201d a favor del dirigente de la Asociaci\u00f3n Departamental de Productores de Coca (Adepcoca), Julio C\u00e9sar Apaza, y otros l\u00edderes cocaleros sometidos a tortura en el penal de Chonchocoro, asamble\u00edstas nacionales de la Alianza Pol\u00edtica Creemos, remitieron ante el Relator Especial sobre la Tortura de la Comisi\u00f3n de Derechos Humanos [&hellip;]\" \/>\n<meta property=\"og:url\" content=\"https:\/\/www.eldiario.net\/portal\/2023\/03\/09\/creemos-solicita-accion-urgente-para-dirigente-cocalero-apaza\/\" \/>\n<meta property=\"og:site_name\" content=\"El Diario - Bolivia\" \/>\n<meta property=\"article:publisher\" content=\"https:\/\/www.facebook.com\/eldiario.bolivia\/\" \/>\n<meta property=\"article:published_time\" content=\"2023-03-09T10:14:48+00:00\" \/>\n<meta name=\"author\" content=\"Jeanette\" \/>\n<meta name=\"twitter:card\" content=\"summary_large_image\" \/>\n<meta name=\"twitter:creator\" content=\"@eldiario_net\" \/>\n<meta name=\"twitter:site\" content=\"@eldiario_net\" \/>\n<meta name=\"twitter:label1\" content=\"Escrito por\" \/>\n\t<meta name=\"twitter:data1\" content=\"Jeanette\" \/>\n\t<meta name=\"twitter:label2\" content=\"Tiempo de lectura\" \/>\n\t<meta name=\"twitter:data2\" content=\"2 minutos\" \/>\n<script type=\"application\/ld+json\" class=\"yoast-schema-graph\">{\"@context\":\"https:\\\/\\\/schema.org\",\"@graph\":[{\"@type\":\"Article\",\"@id\":\"https:\\\/\\\/www.eldiario.net\\\/portal\\\/2023\\\/03\\\/09\\\/creemos-solicita-accion-urgente-para-dirigente-cocalero-apaza\\\/#article\",\"isPartOf\":{\"@id\":\"https:\\\/\\\/www.eldiario.net\\\/portal\\\/2023\\\/03\\\/09\\\/creemos-solicita-accion-urgente-para-dirigente-cocalero-apaza\\\/\"},\"author\":{\"name\":\"Jeanette\",\"@id\":\"https:\\\/\\\/www.eldiario.net\\\/portal\\\/#\\\/schema\\\/person\\\/f46445640444750d7d753ccd04ae01b7\"},\"headline\":\"Creemos solicita acci\u00f3n urgente para dirigente cocalero Apaza\",\"datePublished\":\"2023-03-09T10:14:48+00:00\",\"mainEntityOfPage\":{\"@id\":\"https:\\\/\\\/www.eldiario.net\\\/portal\\\/2023\\\/03\\\/09\\\/creemos-solicita-accion-urgente-para-dirigente-cocalero-apaza\\\/\"},\"wordCount\":341,\"publisher\":{\"@id\":\"https:\\\/\\\/www.eldiario.net\\\/portal\\\/#organization\"},\"image\":{\"@id\":\"https:\\\/\\\/www.eldiario.net\\\/portal\\\/2023\\\/03\\\/09\\\/creemos-solicita-accion-urgente-para-dirigente-cocalero-apaza\\\/#primaryimage\"},\"thumbnailUrl\":\"\",\"articleSection\":[\"Pol\u00edtica\"],\"inLanguage\":\"es\"},{\"@type\":\"WebPage\",\"@id\":\"https:\\\/\\\/www.eldiario.net\\\/portal\\\/2023\\\/03\\\/09\\\/creemos-solicita-accion-urgente-para-dirigente-cocalero-apaza\\\/\",\"url\":\"https:\\\/\\\/www.eldiario.net\\\/portal\\\/2023\\\/03\\\/09\\\/creemos-solicita-accion-urgente-para-dirigente-cocalero-apaza\\\/\",\"name\":\"Creemos solicita acci\u00f3n urgente para dirigente cocalero Apaza - El Diario - Bolivia\",\"isPartOf\":{\"@id\":\"https:\\\/\\\/www.eldiario.net\\\/portal\\\/#website\"},\"primaryImageOfPage\":{\"@id\":\"https:\\\/\\\/www.eldiario.net\\\/portal\\\/2023\\\/03\\\/09\\\/creemos-solicita-accion-urgente-para-dirigente-cocalero-apaza\\\/#primaryimage\"},\"image\":{\"@id\":\"https:\\\/\\\/www.eldiario.net\\\/portal\\\/2023\\\/03\\\/09\\\/creemos-solicita-accion-urgente-para-dirigente-cocalero-apaza\\\/#primaryimage\"},\"thumbnailUrl\":\"\",\"datePublished\":\"2023-03-09T10:14:48+00:00\",\"breadcrumb\":{\"@id\":\"https:\\\/\\\/www.eldiario.net\\\/portal\\\/2023\\\/03\\\/09\\\/creemos-solicita-accion-urgente-para-dirigente-cocalero-apaza\\\/#breadcrumb\"},\"inLanguage\":\"es\",\"potentialAction\":[{\"@type\":\"ReadAction\",\"target\":[\"https:\\\/\\\/www.eldiario.net\\\/portal\\\/2023\\\/03\\\/09\\\/creemos-solicita-accion-urgente-para-dirigente-cocalero-apaza\\\/\"]}]},{\"@type\":\"ImageObject\",\"inLanguage\":\"es\",\"@id\":\"https:\\\/\\\/www.eldiario.net\\\/portal\\\/2023\\\/03\\\/09\\\/creemos-solicita-accion-urgente-para-dirigente-cocalero-apaza\\\/#primaryimage\",\"url\":\"\",\"contentUrl\":\"\"},{\"@type\":\"BreadcrumbList\",\"@id\":\"https:\\\/\\\/www.eldiario.net\\\/portal\\\/2023\\\/03\\\/09\\\/creemos-solicita-accion-urgente-para-dirigente-cocalero-apaza\\\/#breadcrumb\",\"itemListElement\":[{\"@type\":\"ListItem\",\"position\":1,\"name\":\"Portada\",\"item\":\"https:\\\/\\\/www.eldiario.net\\\/portal\\\/\"},{\"@type\":\"ListItem\",\"position\":2,\"name\":\"Creemos solicita acci\u00f3n urgente para dirigente cocalero Apaza\"}]},{\"@type\":\"WebSite\",\"@id\":\"https:\\\/\\\/www.eldiario.net\\\/portal\\\/#website\",\"url\":\"https:\\\/\\\/www.eldiario.net\\\/portal\\\/\",\"name\":\"El Diario - Decano de la prensa nacional\",\"description\":\"El Diario - Decano de la prensa nacional\",\"publisher\":{\"@id\":\"https:\\\/\\\/www.eldiario.net\\\/portal\\\/#organization\"},\"potentialAction\":[{\"@type\":\"SearchAction\",\"target\":{\"@type\":\"EntryPoint\",\"urlTemplate\":\"https:\\\/\\\/www.eldiario.net\\\/portal\\\/?s={search_term_string}\"},\"query-input\":{\"@type\":\"PropertyValueSpecification\",\"valueRequired\":true,\"valueName\":\"search_term_string\"}}],\"inLanguage\":\"es\"},{\"@type\":\"Organization\",\"@id\":\"https:\\\/\\\/www.eldiario.net\\\/portal\\\/#organization\",\"name\":\"El Diario - Decano de la prensa nacional\",\"url\":\"https:\\\/\\\/www.eldiario.net\\\/portal\\\/\",\"logo\":{\"@type\":\"ImageObject\",\"inLanguage\":\"es\",\"@id\":\"https:\\\/\\\/www.eldiario.net\\\/portal\\\/#\\\/schema\\\/logo\\\/image\\\/\",\"url\":\"https:\\\/\\\/www.eldiario.net\\\/portal\\\/wp-content\\\/uploads\\\/2023\\\/07\\\/logo_ED.jpg\",\"contentUrl\":\"https:\\\/\\\/www.eldiario.net\\\/portal\\\/wp-content\\\/uploads\\\/2023\\\/07\\\/logo_ED.jpg\",\"width\":272,\"height\":52,\"caption\":\"El Diario - Decano de la prensa nacional\"},\"image\":{\"@id\":\"https:\\\/\\\/www.eldiario.net\\\/portal\\\/#\\\/schema\\\/logo\\\/image\\\/\"},\"sameAs\":[\"https:\\\/\\\/www.facebook.com\\\/eldiario.bolivia\\\/\",\"https:\\\/\\\/x.com\\\/eldiario_net\"]},{\"@type\":\"Person\",\"@id\":\"https:\\\/\\\/www.eldiario.net\\\/portal\\\/#\\\/schema\\\/person\\\/f46445640444750d7d753ccd04ae01b7\",\"name\":\"Jeanette\",\"image\":{\"@type\":\"ImageObject\",\"inLanguage\":\"es\",\"@id\":\"https:\\\/\\\/secure.gravatar.com\\\/avatar\\\/3ea2118a5f7dad2b7138b1187a6b7ee55f160b9968b66013c3a3ef39dd7e5798?s=96&d=mm&r=g\",\"url\":\"https:\\\/\\\/secure.gravatar.com\\\/avatar\\\/3ea2118a5f7dad2b7138b1187a6b7ee55f160b9968b66013c3a3ef39dd7e5798?s=96&d=mm&r=g\",\"contentUrl\":\"https:\\\/\\\/secure.gravatar.com\\\/avatar\\\/3ea2118a5f7dad2b7138b1187a6b7ee55f160b9968b66013c3a3ef39dd7e5798?s=96&d=mm&r=g\",\"caption\":\"Jeanette\"},\"sameAs\":[\"https:\\\/\\\/www.eldiario.net\\\/portal\"],\"url\":\"https:\\\/\\\/www.eldiario.net\\\/portal\\\/author\\\/jeanette\\\/\"}]}<\/script>\n<!-- \/ Yoast SEO plugin. -->","yoast_head_json":{"title":"Creemos solicita acci\u00f3n urgente para dirigente cocalero Apaza - El Diario - Bolivia","robots":{"index":"index","follow":"follow","max-snippet":"max-snippet:-1","max-image-preview":"max-image-preview:large","max-video-preview":"max-video-preview:-1"},"canonical":"https:\/\/www.eldiario.net\/portal\/2023\/03\/09\/creemos-solicita-accion-urgente-para-dirigente-cocalero-apaza\/","og_locale":"es_ES","og_type":"article","og_title":"Creemos solicita acci\u00f3n urgente para dirigente cocalero Apaza - El Diario - Bolivia","og_description":"Mediante una solicitud de \u201cacci\u00f3n urgente\u201d a favor del dirigente de la Asociaci\u00f3n Departamental de Productores de Coca (Adepcoca), Julio C\u00e9sar Apaza, y otros l\u00edderes cocaleros sometidos a tortura en el penal de Chonchocoro, asamble\u00edstas nacionales de la Alianza Pol\u00edtica Creemos, remitieron ante el Relator Especial sobre la Tortura de la Comisi\u00f3n de Derechos Humanos [&hellip;]","og_url":"https:\/\/www.eldiario.net\/portal\/2023\/03\/09\/creemos-solicita-accion-urgente-para-dirigente-cocalero-apaza\/","og_site_name":"El Diario - Bolivia","article_publisher":"https:\/\/www.facebook.com\/eldiario.bolivia\/","article_published_time":"2023-03-09T10:14:48+00:00","author":"Jeanette","twitter_card":"summary_large_image","twitter_creator":"@eldiario_net","twitter_site":"@eldiario_net","twitter_misc":{"Escrito por":"Jeanette","Tiempo de lectura":"2 minutos"},"schema":{"@context":"https:\/\/schema.org","@graph":[{"@type":"Article","@id":"https:\/\/www.eldiario.net\/portal\/2023\/03\/09\/creemos-solicita-accion-urgente-para-dirigente-cocalero-apaza\/#article","isPartOf":{"@id":"https:\/\/www.eldiario.net\/portal\/2023\/03\/09\/creemos-solicita-accion-urgente-para-dirigente-cocalero-apaza\/"},"author":{"name":"Jeanette","@id":"https:\/\/www.eldiario.net\/portal\/#\/schema\/person\/f46445640444750d7d753ccd04ae01b7"},"headline":"Creemos solicita acci\u00f3n urgente para dirigente cocalero Apaza","datePublished":"2023-03-09T10:14:48+00:00","mainEntityOfPage":{"@id":"https:\/\/www.eldiario.net\/portal\/2023\/03\/09\/creemos-solicita-accion-urgente-para-dirigente-cocalero-apaza\/"},"wordCount":341,"publisher":{"@id":"https:\/\/www.eldiario.net\/portal\/#organization"},"image":{"@id":"https:\/\/www.eldiario.net\/portal\/2023\/03\/09\/creemos-solicita-accion-urgente-para-dirigente-cocalero-apaza\/#primaryimage"},"thumbnailUrl":"","articleSection":["Pol\u00edtica"],"inLanguage":"es"},{"@type":"WebPage","@id":"https:\/\/www.eldiario.net\/portal\/2023\/03\/09\/creemos-solicita-accion-urgente-para-dirigente-cocalero-apaza\/","url":"https:\/\/www.eldiario.net\/portal\/2023\/03\/09\/creemos-solicita-accion-urgente-para-dirigente-cocalero-apaza\/","name":"Creemos solicita acci\u00f3n urgente para dirigente cocalero Apaza - El Diario - Bolivia","isPartOf":{"@id":"https:\/\/www.eldiario.net\/portal\/#website"},"primaryImageOfPage":{"@id":"https:\/\/www.eldiario.net\/portal\/2023\/03\/09\/creemos-solicita-accion-urgente-para-dirigente-cocalero-apaza\/#primaryimage"},"image":{"@id":"https:\/\/www.eldiario.net\/portal\/2023\/03\/09\/creemos-solicita-accion-urgente-para-dirigente-cocalero-apaza\/#primaryimage"},"thumbnailUrl":"","datePublished":"2023-03-09T10:14:48+00:00","breadcrumb":{"@id":"https:\/\/www.eldiario.net\/portal\/2023\/03\/09\/creemos-solicita-accion-urgente-para-dirigente-cocalero-apaza\/#breadcrumb"},"inLanguage":"es","potentialAction":[{"@type":"ReadAction","target":["https:\/\/www.eldiario.net\/portal\/2023\/03\/09\/creemos-solicita-accion-urgente-para-dirigente-cocalero-apaza\/"]}]},{"@type":"ImageObject","inLanguage":"es","@id":"https:\/\/www.eldiario.net\/portal\/2023\/03\/09\/creemos-solicita-accion-urgente-para-dirigente-cocalero-apaza\/#primaryimage","url":"","contentUrl":""},{"@type":"BreadcrumbList","@id":"https:\/\/www.eldiario.net\/portal\/2023\/03\/09\/creemos-solicita-accion-urgente-para-dirigente-cocalero-apaza\/#breadcrumb","itemListElement":[{"@type":"ListItem","position":1,"name":"Portada","item":"https:\/\/www.eldiario.net\/portal\/"},{"@type":"ListItem","position":2,"name":"Creemos solicita acci\u00f3n urgente para dirigente cocalero Apaza"}]},{"@type":"WebSite","@id":"https:\/\/www.eldiario.net\/portal\/#website","url":"https:\/\/www.eldiario.net\/portal\/","name":"El Diario - Decano de la prensa nacional","description":"El Diario - Decano de la prensa nacional","publisher":{"@id":"https:\/\/www.eldiario.net\/portal\/#organization"},"potentialAction":[{"@type":"SearchAction","target":{"@type":"EntryPoint","urlTemplate":"https:\/\/www.eldiario.net\/portal\/?s={search_term_string}"},"query-input":{"@type":"PropertyValueSpecification","valueRequired":true,"valueName":"search_term_string"}}],"inLanguage":"es"},{"@type":"Organization","@id":"https:\/\/www.eldiario.net\/portal\/#organization","name":"El Diario - Decano de la prensa nacional","url":"https:\/\/www.eldiario.net\/portal\/","logo":{"@type":"ImageObject","inLanguage":"es","@id":"https:\/\/www.eldiario.net\/portal\/#\/schema\/logo\/image\/","url":"https:\/\/www.eldiario.net\/portal\/wp-content\/uploads\/2023\/07\/logo_ED.jpg","contentUrl":"https:\/\/www.eldiario.net\/portal\/wp-content\/uploads\/2023\/07\/logo_ED.jpg","width":272,"height":52,"caption":"El Diario - Decano de la prensa nacional"},"image":{"@id":"https:\/\/www.eldiario.net\/portal\/#\/schema\/logo\/image\/"},"sameAs":["https:\/\/www.facebook.com\/eldiario.bolivia\/","https:\/\/x.com\/eldiario_net"]},{"@type":"Person","@id":"https:\/\/www.eldiario.net\/portal\/#\/schema\/person\/f46445640444750d7d753ccd04ae01b7","name":"Jeanette","image":{"@type":"ImageObject","inLanguage":"es","@id":"https:\/\/secure.gravatar.com\/avatar\/3ea2118a5f7dad2b7138b1187a6b7ee55f160b9968b66013c3a3ef39dd7e5798?s=96&d=mm&r=g","url":"https:\/\/secure.gravatar.com\/avatar\/3ea2118a5f7dad2b7138b1187a6b7ee55f160b9968b66013c3a3ef39dd7e5798?s=96&d=mm&r=g","contentUrl":"https:\/\/secure.gravatar.com\/avatar\/3ea2118a5f7dad2b7138b1187a6b7ee55f160b9968b66013c3a3ef39dd7e5798?s=96&d=mm&r=g","caption":"Jeanette"},"sameAs":["https:\/\/www.eldiario.net\/portal"],"url":"https:\/\/www.eldiario.net\/portal\/author\/jeanette\/"}]}},"_links":{"self":[{"href":"https:\/\/www.eldiario.net\/portal\/wp-json\/wp\/v2\/posts\/142156","targetHints":{"allow":["GET"]}}],"collection":[{"href":"https:\/\/www.eldiario.net\/portal\/wp-json\/wp\/v2\/posts"}],"about":[{"href":"https:\/\/www.eldiario.net\/portal\/wp-json\/wp\/v2\/types\/post"}],"author":[{"embeddable":true,"href":"https:\/\/www.eldiario.net\/portal\/wp-json\/wp\/v2\/users\/1"}],"replies":[{"embeddable":true,"href":"https:\/\/www.eldiario.net\/portal\/wp-json\/wp\/v2\/comments?post=142156"}],"version-history":[{"count":0,"href":"https:\/\/www.eldiario.net\/portal\/wp-json\/wp\/v2\/posts\/142156\/revisions"}],"wp:attachment":[{"href":"https:\/\/www.eldiario.net\/portal\/wp-json\/wp\/v2\/media?parent=142156"}],"wp:term":[{"taxonomy":"category","embeddable":true,"href":"https:\/\/www.eldiario.net\/portal\/wp-json\/wp\/v2\/categories?post=142156"},{"taxonomy":"post_tag","embeddable":true,"href":"https:\/\/www.eldiario.net\/portal\/wp-json\/wp\/v2\/tags?post=142156"}],"curies":[{"name":"wp","href":"https:\/\/api.w.org\/{rel}","templated":true}]}}