{"id":142150,"date":"2023-03-09T06:12:54","date_gmt":"2023-03-09T10:12:54","guid":{"rendered":"https:\/\/www.eldiario.net\/portal\/?p=142150"},"modified":"2023-03-09T06:12:54","modified_gmt":"2023-03-09T10:12:54","slug":"instan-a-comerciantes-informales-a-no-asentarse-en-centro-paceno","status":"publish","type":"post","link":"https:\/\/www.eldiario.net\/portal\/2023\/03\/09\/instan-a-comerciantes-informales-a-no-asentarse-en-centro-paceno\/","title":{"rendered":"Instan a comerciantes informales a no asentarse en centro pace\u00f1o"},"content":{"rendered":"<p>El director de Actividades Econ\u00f3micas y Mercados de la Alcald\u00eda pace\u00f1a, Fernando Ruiz, ante la proliferaci\u00f3n del comercio informal en el centro de la ciudad de La Paz, pidi\u00f3 a los vendedores que no tienen patentes a no incurrir en asentamientos ilegales porque ser\u00e1n retirados con operativos que son permanentes.<\/p>\n<p>\u201cPor favor evitemos los asentamientos, queremos ordenar un poco la ciudad, tenemos bastantes reclamos de los vecinos, en cuanto a que est\u00e1 proliferando el comercio informal, pero a veces los vecinos que reclaman no nos dejan completar el trabajo y defienden a esta gente que est\u00e1 asentada ilegalmente\u201d, manifest\u00f3 la autoridad edil al evidenciar las contradicciones que tiene la poblaci\u00f3n que exige orden en el Centro, pero tambi\u00e9n apoya la informalidad.<\/p>\n<p>De acuerdo con Ruiz, en el macrodistrito Centro se tiene 14.900 comerciantes registrados formalmente y conforme a diferentes horarios de trabajo. Mientras que la Alcald\u00eda identific\u00f3 a cerca de 3.000 vendedores ilegales que ocupan espacios de los legales.<\/p>\n<p>Para ordenar el comercio, se tiene una normativa que establece prohibiciones para la entrega de patentes. \u201cTenemos la ley 078, la cual proh\u00edbe la entrega de patentes en todo el centro pace\u00f1o, entonces aquellos que cuentan con patente se respeta y aquellos que no tienen se est\u00e1 haciendo el retiro correspondiente\u201d, advirti\u00f3.<\/p>\n<p>Para cumplir con esas disposiciones, personal de la Guardia Municipal pace\u00f1a realiza diferentes operativos peri\u00f3dicos por diferentes sectores.<\/p>\n<p>\u201cEvidentemente hay bastante comercio informal, estamos realizando las acciones correspondientes en cuanto a operativos con recorridos todos los d\u00edas, absolutamente en todo el macrodistrito (Centro), estamos haciendo mucho hincapi\u00e9 en el Centro, todo lo que viene a ser la Pando, El Prado, la UMSA, tambi\u00e9n en la zona Sur, Miraflores, Plaza Espa\u00f1a, estamos con recorridos constantes para evitar el asentamiento del comercio informal\u201d, asegur\u00f3 el director.<\/p>\n<p>En las intervenciones se decomisan productos conforme a la norma. Los controles se intensifican los d\u00edas jueves y viernes a partir de las 22:00, sobre todo, en El Prado.<\/p>\n","protected":false},"excerpt":{"rendered":"<p>El director de Actividades Econ\u00f3micas y Mercados de la Alcald\u00eda pace\u00f1a, Fernando Ruiz, ante la proliferaci\u00f3n del comercio informal en el centro de la ciudad de La Paz, pidi\u00f3 a los vendedores que no tienen patentes a no incurrir en asentamientos ilegales porque ser\u00e1n retirados con operativos que son permanentes. \u201cPor favor evitemos los asentamientos, [&hellip;]<\/p>\n","protected":false},"author":1,"featured_media":142151,"comment_status":"closed","ping_status":"closed","sticky":false,"template":"","format":"standard","meta":{"_acf_changed":false,"footnotes":""},"categories":[12],"tags":[],"class_list":["post-142150","post","type-post","status-publish","format-standard","has-post-thumbnail","category-nacional"],"acf":{"antetitulo":""},"yoast_head":"<!-- This site is optimized with the Yoast SEO plugin v28.4 - https:\/\/yoast.com\/product\/yoast-seo-wordpress\/ -->\n<title>Instan a comerciantes informales a no asentarse en centro pace\u00f1o - El Diario - Bolivia<\/title>\n<meta name=\"robots\" content=\"index, follow, max-snippet:-1, max-image-preview:large, max-video-preview:-1\" \/>\n<link rel=\"canonical\" href=\"https:\/\/www.eldiario.net\/portal\/2023\/03\/09\/instan-a-comerciantes-informales-a-no-asentarse-en-centro-paceno\/\" \/>\n<meta property=\"og:locale\" content=\"es_ES\" \/>\n<meta property=\"og:type\" content=\"article\" \/>\n<meta property=\"og:title\" content=\"Instan a comerciantes informales a no asentarse en centro pace\u00f1o - El Diario - Bolivia\" \/>\n<meta property=\"og:description\" content=\"El director de Actividades Econ\u00f3micas y Mercados de la Alcald\u00eda pace\u00f1a, Fernando Ruiz, ante la proliferaci\u00f3n del comercio informal en el centro de la ciudad de La Paz, pidi\u00f3 a los vendedores que no tienen patentes a no incurrir en asentamientos ilegales porque ser\u00e1n retirados con operativos que son permanentes. \u201cPor favor evitemos los asentamientos, [&hellip;]\" \/>\n<meta property=\"og:url\" content=\"https:\/\/www.eldiario.net\/portal\/2023\/03\/09\/instan-a-comerciantes-informales-a-no-asentarse-en-centro-paceno\/\" \/>\n<meta property=\"og:site_name\" content=\"El Diario - Bolivia\" \/>\n<meta property=\"article:publisher\" content=\"https:\/\/www.facebook.com\/eldiario.bolivia\/\" \/>\n<meta property=\"article:published_time\" content=\"2023-03-09T10:12:54+00:00\" \/>\n<meta name=\"author\" content=\"Jeanette\" \/>\n<meta name=\"twitter:card\" content=\"summary_large_image\" \/>\n<meta name=\"twitter:creator\" content=\"@eldiario_net\" \/>\n<meta name=\"twitter:site\" content=\"@eldiario_net\" \/>\n<meta name=\"twitter:label1\" content=\"Escrito por\" \/>\n\t<meta name=\"twitter:data1\" content=\"Jeanette\" \/>\n\t<meta name=\"twitter:label2\" content=\"Tiempo de lectura\" \/>\n\t<meta name=\"twitter:data2\" content=\"2 minutos\" \/>\n<script type=\"application\/ld+json\" class=\"yoast-schema-graph\">{\"@context\":\"https:\\\/\\\/schema.org\",\"@graph\":[{\"@type\":\"Article\",\"@id\":\"https:\\\/\\\/www.eldiario.net\\\/portal\\\/2023\\\/03\\\/09\\\/instan-a-comerciantes-informales-a-no-asentarse-en-centro-paceno\\\/#article\",\"isPartOf\":{\"@id\":\"https:\\\/\\\/www.eldiario.net\\\/portal\\\/2023\\\/03\\\/09\\\/instan-a-comerciantes-informales-a-no-asentarse-en-centro-paceno\\\/\"},\"author\":{\"name\":\"Jeanette\",\"@id\":\"https:\\\/\\\/www.eldiario.net\\\/portal\\\/#\\\/schema\\\/person\\\/f46445640444750d7d753ccd04ae01b7\"},\"headline\":\"Instan a comerciantes informales a no asentarse en centro pace\u00f1o\",\"datePublished\":\"2023-03-09T10:12:54+00:00\",\"mainEntityOfPage\":{\"@id\":\"https:\\\/\\\/www.eldiario.net\\\/portal\\\/2023\\\/03\\\/09\\\/instan-a-comerciantes-informales-a-no-asentarse-en-centro-paceno\\\/\"},\"wordCount\":347,\"publisher\":{\"@id\":\"https:\\\/\\\/www.eldiario.net\\\/portal\\\/#organization\"},\"image\":{\"@id\":\"https:\\\/\\\/www.eldiario.net\\\/portal\\\/2023\\\/03\\\/09\\\/instan-a-comerciantes-informales-a-no-asentarse-en-centro-paceno\\\/#primaryimage\"},\"thumbnailUrl\":\"\",\"articleSection\":[\"Nacional\"],\"inLanguage\":\"es\"},{\"@type\":\"WebPage\",\"@id\":\"https:\\\/\\\/www.eldiario.net\\\/portal\\\/2023\\\/03\\\/09\\\/instan-a-comerciantes-informales-a-no-asentarse-en-centro-paceno\\\/\",\"url\":\"https:\\\/\\\/www.eldiario.net\\\/portal\\\/2023\\\/03\\\/09\\\/instan-a-comerciantes-informales-a-no-asentarse-en-centro-paceno\\\/\",\"name\":\"Instan a comerciantes informales a no asentarse en centro pace\u00f1o - El Diario - Bolivia\",\"isPartOf\":{\"@id\":\"https:\\\/\\\/www.eldiario.net\\\/portal\\\/#website\"},\"primaryImageOfPage\":{\"@id\":\"https:\\\/\\\/www.eldiario.net\\\/portal\\\/2023\\\/03\\\/09\\\/instan-a-comerciantes-informales-a-no-asentarse-en-centro-paceno\\\/#primaryimage\"},\"image\":{\"@id\":\"https:\\\/\\\/www.eldiario.net\\\/portal\\\/2023\\\/03\\\/09\\\/instan-a-comerciantes-informales-a-no-asentarse-en-centro-paceno\\\/#primaryimage\"},\"thumbnailUrl\":\"\",\"datePublished\":\"2023-03-09T10:12:54+00:00\",\"breadcrumb\":{\"@id\":\"https:\\\/\\\/www.eldiario.net\\\/portal\\\/2023\\\/03\\\/09\\\/instan-a-comerciantes-informales-a-no-asentarse-en-centro-paceno\\\/#breadcrumb\"},\"inLanguage\":\"es\",\"potentialAction\":[{\"@type\":\"ReadAction\",\"target\":[\"https:\\\/\\\/www.eldiario.net\\\/portal\\\/2023\\\/03\\\/09\\\/instan-a-comerciantes-informales-a-no-asentarse-en-centro-paceno\\\/\"]}]},{\"@type\":\"ImageObject\",\"inLanguage\":\"es\",\"@id\":\"https:\\\/\\\/www.eldiario.net\\\/portal\\\/2023\\\/03\\\/09\\\/instan-a-comerciantes-informales-a-no-asentarse-en-centro-paceno\\\/#primaryimage\",\"url\":\"\",\"contentUrl\":\"\"},{\"@type\":\"BreadcrumbList\",\"@id\":\"https:\\\/\\\/www.eldiario.net\\\/portal\\\/2023\\\/03\\\/09\\\/instan-a-comerciantes-informales-a-no-asentarse-en-centro-paceno\\\/#breadcrumb\",\"itemListElement\":[{\"@type\":\"ListItem\",\"position\":1,\"name\":\"Portada\",\"item\":\"https:\\\/\\\/www.eldiario.net\\\/portal\\\/\"},{\"@type\":\"ListItem\",\"position\":2,\"name\":\"Instan a comerciantes informales a no asentarse en centro pace\u00f1o\"}]},{\"@type\":\"WebSite\",\"@id\":\"https:\\\/\\\/www.eldiario.net\\\/portal\\\/#website\",\"url\":\"https:\\\/\\\/www.eldiario.net\\\/portal\\\/\",\"name\":\"El Diario - Decano de la prensa nacional\",\"description\":\"El Diario - Decano de la prensa nacional\",\"publisher\":{\"@id\":\"https:\\\/\\\/www.eldiario.net\\\/portal\\\/#organization\"},\"potentialAction\":[{\"@type\":\"SearchAction\",\"target\":{\"@type\":\"EntryPoint\",\"urlTemplate\":\"https:\\\/\\\/www.eldiario.net\\\/portal\\\/?s={search_term_string}\"},\"query-input\":{\"@type\":\"PropertyValueSpecification\",\"valueRequired\":true,\"valueName\":\"search_term_string\"}}],\"inLanguage\":\"es\"},{\"@type\":\"Organization\",\"@id\":\"https:\\\/\\\/www.eldiario.net\\\/portal\\\/#organization\",\"name\":\"El Diario - Decano de la prensa nacional\",\"url\":\"https:\\\/\\\/www.eldiario.net\\\/portal\\\/\",\"logo\":{\"@type\":\"ImageObject\",\"inLanguage\":\"es\",\"@id\":\"https:\\\/\\\/www.eldiario.net\\\/portal\\\/#\\\/schema\\\/logo\\\/image\\\/\",\"url\":\"https:\\\/\\\/www.eldiario.net\\\/portal\\\/wp-content\\\/uploads\\\/2023\\\/07\\\/logo_ED.jpg\",\"contentUrl\":\"https:\\\/\\\/www.eldiario.net\\\/portal\\\/wp-content\\\/uploads\\\/2023\\\/07\\\/logo_ED.jpg\",\"width\":272,\"height\":52,\"caption\":\"El Diario - Decano de la prensa nacional\"},\"image\":{\"@id\":\"https:\\\/\\\/www.eldiario.net\\\/portal\\\/#\\\/schema\\\/logo\\\/image\\\/\"},\"sameAs\":[\"https:\\\/\\\/www.facebook.com\\\/eldiario.bolivia\\\/\",\"https:\\\/\\\/x.com\\\/eldiario_net\"]},{\"@type\":\"Person\",\"@id\":\"https:\\\/\\\/www.eldiario.net\\\/portal\\\/#\\\/schema\\\/person\\\/f46445640444750d7d753ccd04ae01b7\",\"name\":\"Jeanette\",\"image\":{\"@type\":\"ImageObject\",\"inLanguage\":\"es\",\"@id\":\"https:\\\/\\\/secure.gravatar.com\\\/avatar\\\/3ea2118a5f7dad2b7138b1187a6b7ee55f160b9968b66013c3a3ef39dd7e5798?s=96&d=mm&r=g\",\"url\":\"https:\\\/\\\/secure.gravatar.com\\\/avatar\\\/3ea2118a5f7dad2b7138b1187a6b7ee55f160b9968b66013c3a3ef39dd7e5798?s=96&d=mm&r=g\",\"contentUrl\":\"https:\\\/\\\/secure.gravatar.com\\\/avatar\\\/3ea2118a5f7dad2b7138b1187a6b7ee55f160b9968b66013c3a3ef39dd7e5798?s=96&d=mm&r=g\",\"caption\":\"Jeanette\"},\"sameAs\":[\"https:\\\/\\\/www.eldiario.net\\\/portal\"],\"url\":\"https:\\\/\\\/www.eldiario.net\\\/portal\\\/author\\\/jeanette\\\/\"}]}<\/script>\n<!-- \/ Yoast SEO plugin. -->","yoast_head_json":{"title":"Instan a comerciantes informales a no asentarse en centro pace\u00f1o - El Diario - Bolivia","robots":{"index":"index","follow":"follow","max-snippet":"max-snippet:-1","max-image-preview":"max-image-preview:large","max-video-preview":"max-video-preview:-1"},"canonical":"https:\/\/www.eldiario.net\/portal\/2023\/03\/09\/instan-a-comerciantes-informales-a-no-asentarse-en-centro-paceno\/","og_locale":"es_ES","og_type":"article","og_title":"Instan a comerciantes informales a no asentarse en centro pace\u00f1o - El Diario - Bolivia","og_description":"El director de Actividades Econ\u00f3micas y Mercados de la Alcald\u00eda pace\u00f1a, Fernando Ruiz, ante la proliferaci\u00f3n del comercio informal en el centro de la ciudad de La Paz, pidi\u00f3 a los vendedores que no tienen patentes a no incurrir en asentamientos ilegales porque ser\u00e1n retirados con operativos que son permanentes. \u201cPor favor evitemos los asentamientos, [&hellip;]","og_url":"https:\/\/www.eldiario.net\/portal\/2023\/03\/09\/instan-a-comerciantes-informales-a-no-asentarse-en-centro-paceno\/","og_site_name":"El Diario - Bolivia","article_publisher":"https:\/\/www.facebook.com\/eldiario.bolivia\/","article_published_time":"2023-03-09T10:12:54+00:00","author":"Jeanette","twitter_card":"summary_large_image","twitter_creator":"@eldiario_net","twitter_site":"@eldiario_net","twitter_misc":{"Escrito por":"Jeanette","Tiempo de lectura":"2 minutos"},"schema":{"@context":"https:\/\/schema.org","@graph":[{"@type":"Article","@id":"https:\/\/www.eldiario.net\/portal\/2023\/03\/09\/instan-a-comerciantes-informales-a-no-asentarse-en-centro-paceno\/#article","isPartOf":{"@id":"https:\/\/www.eldiario.net\/portal\/2023\/03\/09\/instan-a-comerciantes-informales-a-no-asentarse-en-centro-paceno\/"},"author":{"name":"Jeanette","@id":"https:\/\/www.eldiario.net\/portal\/#\/schema\/person\/f46445640444750d7d753ccd04ae01b7"},"headline":"Instan a comerciantes informales a no asentarse en centro pace\u00f1o","datePublished":"2023-03-09T10:12:54+00:00","mainEntityOfPage":{"@id":"https:\/\/www.eldiario.net\/portal\/2023\/03\/09\/instan-a-comerciantes-informales-a-no-asentarse-en-centro-paceno\/"},"wordCount":347,"publisher":{"@id":"https:\/\/www.eldiario.net\/portal\/#organization"},"image":{"@id":"https:\/\/www.eldiario.net\/portal\/2023\/03\/09\/instan-a-comerciantes-informales-a-no-asentarse-en-centro-paceno\/#primaryimage"},"thumbnailUrl":"","articleSection":["Nacional"],"inLanguage":"es"},{"@type":"WebPage","@id":"https:\/\/www.eldiario.net\/portal\/2023\/03\/09\/instan-a-comerciantes-informales-a-no-asentarse-en-centro-paceno\/","url":"https:\/\/www.eldiario.net\/portal\/2023\/03\/09\/instan-a-comerciantes-informales-a-no-asentarse-en-centro-paceno\/","name":"Instan a comerciantes informales a no asentarse en centro pace\u00f1o - El Diario - Bolivia","isPartOf":{"@id":"https:\/\/www.eldiario.net\/portal\/#website"},"primaryImageOfPage":{"@id":"https:\/\/www.eldiario.net\/portal\/2023\/03\/09\/instan-a-comerciantes-informales-a-no-asentarse-en-centro-paceno\/#primaryimage"},"image":{"@id":"https:\/\/www.eldiario.net\/portal\/2023\/03\/09\/instan-a-comerciantes-informales-a-no-asentarse-en-centro-paceno\/#primaryimage"},"thumbnailUrl":"","datePublished":"2023-03-09T10:12:54+00:00","breadcrumb":{"@id":"https:\/\/www.eldiario.net\/portal\/2023\/03\/09\/instan-a-comerciantes-informales-a-no-asentarse-en-centro-paceno\/#breadcrumb"},"inLanguage":"es","potentialAction":[{"@type":"ReadAction","target":["https:\/\/www.eldiario.net\/portal\/2023\/03\/09\/instan-a-comerciantes-informales-a-no-asentarse-en-centro-paceno\/"]}]},{"@type":"ImageObject","inLanguage":"es","@id":"https:\/\/www.eldiario.net\/portal\/2023\/03\/09\/instan-a-comerciantes-informales-a-no-asentarse-en-centro-paceno\/#primaryimage","url":"","contentUrl":""},{"@type":"BreadcrumbList","@id":"https:\/\/www.eldiario.net\/portal\/2023\/03\/09\/instan-a-comerciantes-informales-a-no-asentarse-en-centro-paceno\/#breadcrumb","itemListElement":[{"@type":"ListItem","position":1,"name":"Portada","item":"https:\/\/www.eldiario.net\/portal\/"},{"@type":"ListItem","position":2,"name":"Instan a comerciantes informales a no asentarse en centro pace\u00f1o"}]},{"@type":"WebSite","@id":"https:\/\/www.eldiario.net\/portal\/#website","url":"https:\/\/www.eldiario.net\/portal\/","name":"El Diario - Decano de la prensa nacional","description":"El Diario - Decano de la prensa nacional","publisher":{"@id":"https:\/\/www.eldiario.net\/portal\/#organization"},"potentialAction":[{"@type":"SearchAction","target":{"@type":"EntryPoint","urlTemplate":"https:\/\/www.eldiario.net\/portal\/?s={search_term_string}"},"query-input":{"@type":"PropertyValueSpecification","valueRequired":true,"valueName":"search_term_string"}}],"inLanguage":"es"},{"@type":"Organization","@id":"https:\/\/www.eldiario.net\/portal\/#organization","name":"El Diario - Decano de la prensa nacional","url":"https:\/\/www.eldiario.net\/portal\/","logo":{"@type":"ImageObject","inLanguage":"es","@id":"https:\/\/www.eldiario.net\/portal\/#\/schema\/logo\/image\/","url":"https:\/\/www.eldiario.net\/portal\/wp-content\/uploads\/2023\/07\/logo_ED.jpg","contentUrl":"https:\/\/www.eldiario.net\/portal\/wp-content\/uploads\/2023\/07\/logo_ED.jpg","width":272,"height":52,"caption":"El Diario - Decano de la prensa nacional"},"image":{"@id":"https:\/\/www.eldiario.net\/portal\/#\/schema\/logo\/image\/"},"sameAs":["https:\/\/www.facebook.com\/eldiario.bolivia\/","https:\/\/x.com\/eldiario_net"]},{"@type":"Person","@id":"https:\/\/www.eldiario.net\/portal\/#\/schema\/person\/f46445640444750d7d753ccd04ae01b7","name":"Jeanette","image":{"@type":"ImageObject","inLanguage":"es","@id":"https:\/\/secure.gravatar.com\/avatar\/3ea2118a5f7dad2b7138b1187a6b7ee55f160b9968b66013c3a3ef39dd7e5798?s=96&d=mm&r=g","url":"https:\/\/secure.gravatar.com\/avatar\/3ea2118a5f7dad2b7138b1187a6b7ee55f160b9968b66013c3a3ef39dd7e5798?s=96&d=mm&r=g","contentUrl":"https:\/\/secure.gravatar.com\/avatar\/3ea2118a5f7dad2b7138b1187a6b7ee55f160b9968b66013c3a3ef39dd7e5798?s=96&d=mm&r=g","caption":"Jeanette"},"sameAs":["https:\/\/www.eldiario.net\/portal"],"url":"https:\/\/www.eldiario.net\/portal\/author\/jeanette\/"}]}},"_links":{"self":[{"href":"https:\/\/www.eldiario.net\/portal\/wp-json\/wp\/v2\/posts\/142150","targetHints":{"allow":["GET"]}}],"collection":[{"href":"https:\/\/www.eldiario.net\/portal\/wp-json\/wp\/v2\/posts"}],"about":[{"href":"https:\/\/www.eldiario.net\/portal\/wp-json\/wp\/v2\/types\/post"}],"author":[{"embeddable":true,"href":"https:\/\/www.eldiario.net\/portal\/wp-json\/wp\/v2\/users\/1"}],"replies":[{"embeddable":true,"href":"https:\/\/www.eldiario.net\/portal\/wp-json\/wp\/v2\/comments?post=142150"}],"version-history":[{"count":0,"href":"https:\/\/www.eldiario.net\/portal\/wp-json\/wp\/v2\/posts\/142150\/revisions"}],"wp:attachment":[{"href":"https:\/\/www.eldiario.net\/portal\/wp-json\/wp\/v2\/media?parent=142150"}],"wp:term":[{"taxonomy":"category","embeddable":true,"href":"https:\/\/www.eldiario.net\/portal\/wp-json\/wp\/v2\/categories?post=142150"},{"taxonomy":"post_tag","embeddable":true,"href":"https:\/\/www.eldiario.net\/portal\/wp-json\/wp\/v2\/tags?post=142150"}],"curies":[{"name":"wp","href":"https:\/\/api.w.org\/{rel}","templated":true}]}}