{"id":142147,"date":"2023-03-09T06:12:12","date_gmt":"2023-03-09T10:12:12","guid":{"rendered":"https:\/\/www.eldiario.net\/portal\/?p=142147"},"modified":"2023-03-09T06:12:12","modified_gmt":"2023-03-09T10:12:12","slug":"misa-procesion-y-minientrada-daran-inicio-a-actividades-del-gran-poder-2023","status":"publish","type":"post","link":"https:\/\/www.eldiario.net\/portal\/2023\/03\/09\/misa-procesion-y-minientrada-daran-inicio-a-actividades-del-gran-poder-2023\/","title":{"rendered":"Misa, procesi\u00f3n y minientrada dar\u00e1n  inicio a actividades del Gran Poder 2023"},"content":{"rendered":"<p>El secretario municipal de Culturas y Turismo, Rodney Miranda, inform\u00f3 que este viernes se realizar\u00e1 la presentaci\u00f3n de la Festividad del Se\u00f1or Jes\u00fas del Gran Poder 2023 con una misa, procesi\u00f3n y una minientrada conformada por 30 fraternidades. El recorrido ser\u00e1 desde el santuario del mismo nombre hasta la plaza Eguino.<\/p>\n<p>\u201cEstamos contentos porque este viernes 10 de marzo ser\u00e1 el lanzamiento oficial del Gran Poder 2023. Lo que queremos es mostrar al mundo una peque\u00f1a muestra de la Fiesta Mayor de los Andes para recibir m\u00e1s visitantes el 3 de junio, d\u00eda de esta actividad. En la minientrada vamos a tener muchas luces y pantallas, un despliegue muy grande\u201d, indic\u00f3 la autoridad edil.<\/p>\n<p>Se tiene previsto que la actividad comience a las 16:00 horas con una misa en la iglesia de la zona, luego saldr\u00e1 en procesi\u00f3n la imagen del Se\u00f1or Jes\u00fas del Gran Poder y recorrer\u00e1 las principales calles del sector hasta llegar a la plaza Eguino, donde se iniciar\u00e1 la demostraci\u00f3n folkl\u00f3rica de las 30 fraternidades.<\/p>\n<p>\u201cEsperamos tener una fiesta llena de color y alegr\u00eda este viernes en la zona Gran Poder y El Rosario. Se contar\u00e1 con 100 bailarines\u201d, apunt\u00f3 Miranda.<\/p>\n<p>El evento es organizado en coordinaci\u00f3n con la Asociaci\u00f3n de Conjuntos Folkl\u00f3ricos del Gran Poder (ACFG), autoridades eclesi\u00e1sticas de la iglesia Gran Poder y las juntas vecinales. Seg\u00fan el secretario municipal, el movimiento no solo es religioso, cultural y folkl\u00f3rico, sino tambi\u00e9n involucra una econom\u00eda colateral.<\/p>\n<p>\u201cEl Gran Poder tiene relevancia por varios motivos, el primero es el factor religioso, es una fiesta en donde la mayor\u00eda son devotos del Se\u00f1or Jes\u00fas del Gran Poder. Lo segundo es el factor econ\u00f3mico que se genera, son m\u00e1s de 160 millones de d\u00f3lares que se mueven solo en el municipio de La Paz cada a\u00f1o, y el tercero es que se trabaja en una campa\u00f1a de reactivaci\u00f3n tur\u00edstica\u201d, indic\u00f3.<\/p>\n<p>Datos de la Rendici\u00f3n P\u00fablica de Cuentas Final 2022 dan cuenta que solo el lanzamiento del Gran Poder gener\u00f3 un movimiento econ\u00f3mico de 2.1 millones de bolivianos. En tanto que la celebraci\u00f3n de la actividad como tal, movi\u00f3 Bs 835 millones.<\/p>\n","protected":false},"excerpt":{"rendered":"<p>El secretario municipal de Culturas y Turismo, Rodney Miranda, inform\u00f3 que este viernes se realizar\u00e1 la presentaci\u00f3n de la Festividad del Se\u00f1or Jes\u00fas del Gran Poder 2023 con una misa, procesi\u00f3n y una minientrada conformada por 30 fraternidades. El recorrido ser\u00e1 desde el santuario del mismo nombre hasta la plaza Eguino. \u201cEstamos contentos porque este [&hellip;]<\/p>\n","protected":false},"author":1,"featured_media":142148,"comment_status":"closed","ping_status":"closed","sticky":false,"template":"","format":"standard","meta":{"_acf_changed":false,"footnotes":""},"categories":[12],"tags":[],"class_list":["post-142147","post","type-post","status-publish","format-standard","has-post-thumbnail","category-nacional"],"acf":{"antetitulo":""},"yoast_head":"<!-- This site is optimized with the Yoast SEO plugin v28.4 - https:\/\/yoast.com\/product\/yoast-seo-wordpress\/ -->\n<title>Misa, procesi\u00f3n y minientrada dar\u00e1n inicio a actividades del Gran Poder 2023 - El Diario - Bolivia<\/title>\n<meta name=\"robots\" content=\"index, follow, max-snippet:-1, max-image-preview:large, max-video-preview:-1\" \/>\n<link rel=\"canonical\" href=\"https:\/\/www.eldiario.net\/portal\/2023\/03\/09\/misa-procesion-y-minientrada-daran-inicio-a-actividades-del-gran-poder-2023\/\" \/>\n<meta property=\"og:locale\" content=\"es_ES\" \/>\n<meta property=\"og:type\" content=\"article\" \/>\n<meta property=\"og:title\" content=\"Misa, procesi\u00f3n y minientrada dar\u00e1n inicio a actividades del Gran Poder 2023 - El Diario - Bolivia\" \/>\n<meta property=\"og:description\" content=\"El secretario municipal de Culturas y Turismo, Rodney Miranda, inform\u00f3 que este viernes se realizar\u00e1 la presentaci\u00f3n de la Festividad del Se\u00f1or Jes\u00fas del Gran Poder 2023 con una misa, procesi\u00f3n y una minientrada conformada por 30 fraternidades. El recorrido ser\u00e1 desde el santuario del mismo nombre hasta la plaza Eguino. \u201cEstamos contentos porque este [&hellip;]\" \/>\n<meta property=\"og:url\" content=\"https:\/\/www.eldiario.net\/portal\/2023\/03\/09\/misa-procesion-y-minientrada-daran-inicio-a-actividades-del-gran-poder-2023\/\" \/>\n<meta property=\"og:site_name\" content=\"El Diario - Bolivia\" \/>\n<meta property=\"article:publisher\" content=\"https:\/\/www.facebook.com\/eldiario.bolivia\/\" \/>\n<meta property=\"article:published_time\" content=\"2023-03-09T10:12:12+00:00\" \/>\n<meta name=\"author\" content=\"Jeanette\" \/>\n<meta name=\"twitter:card\" content=\"summary_large_image\" \/>\n<meta name=\"twitter:creator\" content=\"@eldiario_net\" \/>\n<meta name=\"twitter:site\" content=\"@eldiario_net\" \/>\n<meta name=\"twitter:label1\" content=\"Escrito por\" \/>\n\t<meta name=\"twitter:data1\" content=\"Jeanette\" \/>\n\t<meta name=\"twitter:label2\" content=\"Tiempo de lectura\" \/>\n\t<meta name=\"twitter:data2\" content=\"2 minutos\" \/>\n<script type=\"application\/ld+json\" class=\"yoast-schema-graph\">{\"@context\":\"https:\\\/\\\/schema.org\",\"@graph\":[{\"@type\":\"Article\",\"@id\":\"https:\\\/\\\/www.eldiario.net\\\/portal\\\/2023\\\/03\\\/09\\\/misa-procesion-y-minientrada-daran-inicio-a-actividades-del-gran-poder-2023\\\/#article\",\"isPartOf\":{\"@id\":\"https:\\\/\\\/www.eldiario.net\\\/portal\\\/2023\\\/03\\\/09\\\/misa-procesion-y-minientrada-daran-inicio-a-actividades-del-gran-poder-2023\\\/\"},\"author\":{\"name\":\"Jeanette\",\"@id\":\"https:\\\/\\\/www.eldiario.net\\\/portal\\\/#\\\/schema\\\/person\\\/f46445640444750d7d753ccd04ae01b7\"},\"headline\":\"Misa, procesi\u00f3n y minientrada dar\u00e1n inicio a actividades del Gran Poder 2023\",\"datePublished\":\"2023-03-09T10:12:12+00:00\",\"mainEntityOfPage\":{\"@id\":\"https:\\\/\\\/www.eldiario.net\\\/portal\\\/2023\\\/03\\\/09\\\/misa-procesion-y-minientrada-daran-inicio-a-actividades-del-gran-poder-2023\\\/\"},\"wordCount\":389,\"publisher\":{\"@id\":\"https:\\\/\\\/www.eldiario.net\\\/portal\\\/#organization\"},\"image\":{\"@id\":\"https:\\\/\\\/www.eldiario.net\\\/portal\\\/2023\\\/03\\\/09\\\/misa-procesion-y-minientrada-daran-inicio-a-actividades-del-gran-poder-2023\\\/#primaryimage\"},\"thumbnailUrl\":\"\",\"articleSection\":[\"Nacional\"],\"inLanguage\":\"es\"},{\"@type\":\"WebPage\",\"@id\":\"https:\\\/\\\/www.eldiario.net\\\/portal\\\/2023\\\/03\\\/09\\\/misa-procesion-y-minientrada-daran-inicio-a-actividades-del-gran-poder-2023\\\/\",\"url\":\"https:\\\/\\\/www.eldiario.net\\\/portal\\\/2023\\\/03\\\/09\\\/misa-procesion-y-minientrada-daran-inicio-a-actividades-del-gran-poder-2023\\\/\",\"name\":\"Misa, procesi\u00f3n y minientrada dar\u00e1n inicio a actividades del Gran Poder 2023 - El Diario - Bolivia\",\"isPartOf\":{\"@id\":\"https:\\\/\\\/www.eldiario.net\\\/portal\\\/#website\"},\"primaryImageOfPage\":{\"@id\":\"https:\\\/\\\/www.eldiario.net\\\/portal\\\/2023\\\/03\\\/09\\\/misa-procesion-y-minientrada-daran-inicio-a-actividades-del-gran-poder-2023\\\/#primaryimage\"},\"image\":{\"@id\":\"https:\\\/\\\/www.eldiario.net\\\/portal\\\/2023\\\/03\\\/09\\\/misa-procesion-y-minientrada-daran-inicio-a-actividades-del-gran-poder-2023\\\/#primaryimage\"},\"thumbnailUrl\":\"\",\"datePublished\":\"2023-03-09T10:12:12+00:00\",\"breadcrumb\":{\"@id\":\"https:\\\/\\\/www.eldiario.net\\\/portal\\\/2023\\\/03\\\/09\\\/misa-procesion-y-minientrada-daran-inicio-a-actividades-del-gran-poder-2023\\\/#breadcrumb\"},\"inLanguage\":\"es\",\"potentialAction\":[{\"@type\":\"ReadAction\",\"target\":[\"https:\\\/\\\/www.eldiario.net\\\/portal\\\/2023\\\/03\\\/09\\\/misa-procesion-y-minientrada-daran-inicio-a-actividades-del-gran-poder-2023\\\/\"]}]},{\"@type\":\"ImageObject\",\"inLanguage\":\"es\",\"@id\":\"https:\\\/\\\/www.eldiario.net\\\/portal\\\/2023\\\/03\\\/09\\\/misa-procesion-y-minientrada-daran-inicio-a-actividades-del-gran-poder-2023\\\/#primaryimage\",\"url\":\"\",\"contentUrl\":\"\"},{\"@type\":\"BreadcrumbList\",\"@id\":\"https:\\\/\\\/www.eldiario.net\\\/portal\\\/2023\\\/03\\\/09\\\/misa-procesion-y-minientrada-daran-inicio-a-actividades-del-gran-poder-2023\\\/#breadcrumb\",\"itemListElement\":[{\"@type\":\"ListItem\",\"position\":1,\"name\":\"Portada\",\"item\":\"https:\\\/\\\/www.eldiario.net\\\/portal\\\/\"},{\"@type\":\"ListItem\",\"position\":2,\"name\":\"Misa, procesi\u00f3n y minientrada dar\u00e1n inicio a actividades del Gran Poder 2023\"}]},{\"@type\":\"WebSite\",\"@id\":\"https:\\\/\\\/www.eldiario.net\\\/portal\\\/#website\",\"url\":\"https:\\\/\\\/www.eldiario.net\\\/portal\\\/\",\"name\":\"El Diario - Decano de la prensa nacional\",\"description\":\"El Diario - Decano de la prensa nacional\",\"publisher\":{\"@id\":\"https:\\\/\\\/www.eldiario.net\\\/portal\\\/#organization\"},\"potentialAction\":[{\"@type\":\"SearchAction\",\"target\":{\"@type\":\"EntryPoint\",\"urlTemplate\":\"https:\\\/\\\/www.eldiario.net\\\/portal\\\/?s={search_term_string}\"},\"query-input\":{\"@type\":\"PropertyValueSpecification\",\"valueRequired\":true,\"valueName\":\"search_term_string\"}}],\"inLanguage\":\"es\"},{\"@type\":\"Organization\",\"@id\":\"https:\\\/\\\/www.eldiario.net\\\/portal\\\/#organization\",\"name\":\"El Diario - Decano de la prensa nacional\",\"url\":\"https:\\\/\\\/www.eldiario.net\\\/portal\\\/\",\"logo\":{\"@type\":\"ImageObject\",\"inLanguage\":\"es\",\"@id\":\"https:\\\/\\\/www.eldiario.net\\\/portal\\\/#\\\/schema\\\/logo\\\/image\\\/\",\"url\":\"https:\\\/\\\/www.eldiario.net\\\/portal\\\/wp-content\\\/uploads\\\/2023\\\/07\\\/logo_ED.jpg\",\"contentUrl\":\"https:\\\/\\\/www.eldiario.net\\\/portal\\\/wp-content\\\/uploads\\\/2023\\\/07\\\/logo_ED.jpg\",\"width\":272,\"height\":52,\"caption\":\"El Diario - Decano de la prensa nacional\"},\"image\":{\"@id\":\"https:\\\/\\\/www.eldiario.net\\\/portal\\\/#\\\/schema\\\/logo\\\/image\\\/\"},\"sameAs\":[\"https:\\\/\\\/www.facebook.com\\\/eldiario.bolivia\\\/\",\"https:\\\/\\\/x.com\\\/eldiario_net\"]},{\"@type\":\"Person\",\"@id\":\"https:\\\/\\\/www.eldiario.net\\\/portal\\\/#\\\/schema\\\/person\\\/f46445640444750d7d753ccd04ae01b7\",\"name\":\"Jeanette\",\"image\":{\"@type\":\"ImageObject\",\"inLanguage\":\"es\",\"@id\":\"https:\\\/\\\/secure.gravatar.com\\\/avatar\\\/3ea2118a5f7dad2b7138b1187a6b7ee55f160b9968b66013c3a3ef39dd7e5798?s=96&d=mm&r=g\",\"url\":\"https:\\\/\\\/secure.gravatar.com\\\/avatar\\\/3ea2118a5f7dad2b7138b1187a6b7ee55f160b9968b66013c3a3ef39dd7e5798?s=96&d=mm&r=g\",\"contentUrl\":\"https:\\\/\\\/secure.gravatar.com\\\/avatar\\\/3ea2118a5f7dad2b7138b1187a6b7ee55f160b9968b66013c3a3ef39dd7e5798?s=96&d=mm&r=g\",\"caption\":\"Jeanette\"},\"sameAs\":[\"https:\\\/\\\/www.eldiario.net\\\/portal\"],\"url\":\"https:\\\/\\\/www.eldiario.net\\\/portal\\\/author\\\/jeanette\\\/\"}]}<\/script>\n<!-- \/ Yoast SEO plugin. -->","yoast_head_json":{"title":"Misa, procesi\u00f3n y minientrada dar\u00e1n inicio a actividades del Gran Poder 2023 - El Diario - Bolivia","robots":{"index":"index","follow":"follow","max-snippet":"max-snippet:-1","max-image-preview":"max-image-preview:large","max-video-preview":"max-video-preview:-1"},"canonical":"https:\/\/www.eldiario.net\/portal\/2023\/03\/09\/misa-procesion-y-minientrada-daran-inicio-a-actividades-del-gran-poder-2023\/","og_locale":"es_ES","og_type":"article","og_title":"Misa, procesi\u00f3n y minientrada dar\u00e1n inicio a actividades del Gran Poder 2023 - El Diario - Bolivia","og_description":"El secretario municipal de Culturas y Turismo, Rodney Miranda, inform\u00f3 que este viernes se realizar\u00e1 la presentaci\u00f3n de la Festividad del Se\u00f1or Jes\u00fas del Gran Poder 2023 con una misa, procesi\u00f3n y una minientrada conformada por 30 fraternidades. El recorrido ser\u00e1 desde el santuario del mismo nombre hasta la plaza Eguino. \u201cEstamos contentos porque este [&hellip;]","og_url":"https:\/\/www.eldiario.net\/portal\/2023\/03\/09\/misa-procesion-y-minientrada-daran-inicio-a-actividades-del-gran-poder-2023\/","og_site_name":"El Diario - Bolivia","article_publisher":"https:\/\/www.facebook.com\/eldiario.bolivia\/","article_published_time":"2023-03-09T10:12:12+00:00","author":"Jeanette","twitter_card":"summary_large_image","twitter_creator":"@eldiario_net","twitter_site":"@eldiario_net","twitter_misc":{"Escrito por":"Jeanette","Tiempo de lectura":"2 minutos"},"schema":{"@context":"https:\/\/schema.org","@graph":[{"@type":"Article","@id":"https:\/\/www.eldiario.net\/portal\/2023\/03\/09\/misa-procesion-y-minientrada-daran-inicio-a-actividades-del-gran-poder-2023\/#article","isPartOf":{"@id":"https:\/\/www.eldiario.net\/portal\/2023\/03\/09\/misa-procesion-y-minientrada-daran-inicio-a-actividades-del-gran-poder-2023\/"},"author":{"name":"Jeanette","@id":"https:\/\/www.eldiario.net\/portal\/#\/schema\/person\/f46445640444750d7d753ccd04ae01b7"},"headline":"Misa, procesi\u00f3n y minientrada dar\u00e1n inicio a actividades del Gran Poder 2023","datePublished":"2023-03-09T10:12:12+00:00","mainEntityOfPage":{"@id":"https:\/\/www.eldiario.net\/portal\/2023\/03\/09\/misa-procesion-y-minientrada-daran-inicio-a-actividades-del-gran-poder-2023\/"},"wordCount":389,"publisher":{"@id":"https:\/\/www.eldiario.net\/portal\/#organization"},"image":{"@id":"https:\/\/www.eldiario.net\/portal\/2023\/03\/09\/misa-procesion-y-minientrada-daran-inicio-a-actividades-del-gran-poder-2023\/#primaryimage"},"thumbnailUrl":"","articleSection":["Nacional"],"inLanguage":"es"},{"@type":"WebPage","@id":"https:\/\/www.eldiario.net\/portal\/2023\/03\/09\/misa-procesion-y-minientrada-daran-inicio-a-actividades-del-gran-poder-2023\/","url":"https:\/\/www.eldiario.net\/portal\/2023\/03\/09\/misa-procesion-y-minientrada-daran-inicio-a-actividades-del-gran-poder-2023\/","name":"Misa, procesi\u00f3n y minientrada dar\u00e1n inicio a actividades del Gran Poder 2023 - El Diario - Bolivia","isPartOf":{"@id":"https:\/\/www.eldiario.net\/portal\/#website"},"primaryImageOfPage":{"@id":"https:\/\/www.eldiario.net\/portal\/2023\/03\/09\/misa-procesion-y-minientrada-daran-inicio-a-actividades-del-gran-poder-2023\/#primaryimage"},"image":{"@id":"https:\/\/www.eldiario.net\/portal\/2023\/03\/09\/misa-procesion-y-minientrada-daran-inicio-a-actividades-del-gran-poder-2023\/#primaryimage"},"thumbnailUrl":"","datePublished":"2023-03-09T10:12:12+00:00","breadcrumb":{"@id":"https:\/\/www.eldiario.net\/portal\/2023\/03\/09\/misa-procesion-y-minientrada-daran-inicio-a-actividades-del-gran-poder-2023\/#breadcrumb"},"inLanguage":"es","potentialAction":[{"@type":"ReadAction","target":["https:\/\/www.eldiario.net\/portal\/2023\/03\/09\/misa-procesion-y-minientrada-daran-inicio-a-actividades-del-gran-poder-2023\/"]}]},{"@type":"ImageObject","inLanguage":"es","@id":"https:\/\/www.eldiario.net\/portal\/2023\/03\/09\/misa-procesion-y-minientrada-daran-inicio-a-actividades-del-gran-poder-2023\/#primaryimage","url":"","contentUrl":""},{"@type":"BreadcrumbList","@id":"https:\/\/www.eldiario.net\/portal\/2023\/03\/09\/misa-procesion-y-minientrada-daran-inicio-a-actividades-del-gran-poder-2023\/#breadcrumb","itemListElement":[{"@type":"ListItem","position":1,"name":"Portada","item":"https:\/\/www.eldiario.net\/portal\/"},{"@type":"ListItem","position":2,"name":"Misa, procesi\u00f3n y minientrada dar\u00e1n inicio a actividades del Gran Poder 2023"}]},{"@type":"WebSite","@id":"https:\/\/www.eldiario.net\/portal\/#website","url":"https:\/\/www.eldiario.net\/portal\/","name":"El Diario - Decano de la prensa nacional","description":"El Diario - Decano de la prensa nacional","publisher":{"@id":"https:\/\/www.eldiario.net\/portal\/#organization"},"potentialAction":[{"@type":"SearchAction","target":{"@type":"EntryPoint","urlTemplate":"https:\/\/www.eldiario.net\/portal\/?s={search_term_string}"},"query-input":{"@type":"PropertyValueSpecification","valueRequired":true,"valueName":"search_term_string"}}],"inLanguage":"es"},{"@type":"Organization","@id":"https:\/\/www.eldiario.net\/portal\/#organization","name":"El Diario - Decano de la prensa nacional","url":"https:\/\/www.eldiario.net\/portal\/","logo":{"@type":"ImageObject","inLanguage":"es","@id":"https:\/\/www.eldiario.net\/portal\/#\/schema\/logo\/image\/","url":"https:\/\/www.eldiario.net\/portal\/wp-content\/uploads\/2023\/07\/logo_ED.jpg","contentUrl":"https:\/\/www.eldiario.net\/portal\/wp-content\/uploads\/2023\/07\/logo_ED.jpg","width":272,"height":52,"caption":"El Diario - Decano de la prensa nacional"},"image":{"@id":"https:\/\/www.eldiario.net\/portal\/#\/schema\/logo\/image\/"},"sameAs":["https:\/\/www.facebook.com\/eldiario.bolivia\/","https:\/\/x.com\/eldiario_net"]},{"@type":"Person","@id":"https:\/\/www.eldiario.net\/portal\/#\/schema\/person\/f46445640444750d7d753ccd04ae01b7","name":"Jeanette","image":{"@type":"ImageObject","inLanguage":"es","@id":"https:\/\/secure.gravatar.com\/avatar\/3ea2118a5f7dad2b7138b1187a6b7ee55f160b9968b66013c3a3ef39dd7e5798?s=96&d=mm&r=g","url":"https:\/\/secure.gravatar.com\/avatar\/3ea2118a5f7dad2b7138b1187a6b7ee55f160b9968b66013c3a3ef39dd7e5798?s=96&d=mm&r=g","contentUrl":"https:\/\/secure.gravatar.com\/avatar\/3ea2118a5f7dad2b7138b1187a6b7ee55f160b9968b66013c3a3ef39dd7e5798?s=96&d=mm&r=g","caption":"Jeanette"},"sameAs":["https:\/\/www.eldiario.net\/portal"],"url":"https:\/\/www.eldiario.net\/portal\/author\/jeanette\/"}]}},"_links":{"self":[{"href":"https:\/\/www.eldiario.net\/portal\/wp-json\/wp\/v2\/posts\/142147","targetHints":{"allow":["GET"]}}],"collection":[{"href":"https:\/\/www.eldiario.net\/portal\/wp-json\/wp\/v2\/posts"}],"about":[{"href":"https:\/\/www.eldiario.net\/portal\/wp-json\/wp\/v2\/types\/post"}],"author":[{"embeddable":true,"href":"https:\/\/www.eldiario.net\/portal\/wp-json\/wp\/v2\/users\/1"}],"replies":[{"embeddable":true,"href":"https:\/\/www.eldiario.net\/portal\/wp-json\/wp\/v2\/comments?post=142147"}],"version-history":[{"count":0,"href":"https:\/\/www.eldiario.net\/portal\/wp-json\/wp\/v2\/posts\/142147\/revisions"}],"wp:attachment":[{"href":"https:\/\/www.eldiario.net\/portal\/wp-json\/wp\/v2\/media?parent=142147"}],"wp:term":[{"taxonomy":"category","embeddable":true,"href":"https:\/\/www.eldiario.net\/portal\/wp-json\/wp\/v2\/categories?post=142147"},{"taxonomy":"post_tag","embeddable":true,"href":"https:\/\/www.eldiario.net\/portal\/wp-json\/wp\/v2\/tags?post=142147"}],"curies":[{"name":"wp","href":"https:\/\/api.w.org\/{rel}","templated":true}]}}