{"id":142141,"date":"2023-03-09T06:10:18","date_gmt":"2023-03-09T10:10:18","guid":{"rendered":"https:\/\/www.eldiario.net\/portal\/?p=142141"},"modified":"2023-03-09T06:10:18","modified_gmt":"2023-03-09T10:10:18","slug":"epidemia-de-dengue-se-extendera-hasta-abril","status":"publish","type":"post","link":"https:\/\/www.eldiario.net\/portal\/2023\/03\/09\/epidemia-de-dengue-se-extendera-hasta-abril\/","title":{"rendered":"Epidemia de dengue se  extender\u00e1 hasta abril"},"content":{"rendered":"<p>La epidemia de dengue se extender\u00e1 en Santa Cruz hasta abril, proyectan autoridades de salud tanto de la Gobernaci\u00f3n como de la Alcald\u00eda cruce\u00f1a. Esta enfermedad s\u00f3lo este a\u00f1o caus\u00f3 43 fallecidos en el pa\u00eds, de los cuales m\u00e1s de 30 est\u00e1n en Santa Cruz.<\/p>\n<p>La secretaria municipal de Salud, Adriana Amelunge, en un informe ante el Concejo Municipal de Santa Cruz de la Sierra, se\u00f1al\u00f3 que se proyect\u00f3 que esta epidemia se extender\u00e1 a\u00fan hasta abril de este a\u00f1o, es decir, al menos un mes m\u00e1s.<\/p>\n<p>\u201cTen\u00edamos una proyecci\u00f3n de disminuci\u00f3n de casos reci\u00e9n para el mes de abril. Ahora tenemos que aguardar todav\u00eda seis o siete d\u00edas m\u00e1s para ver, observar y analizar si esta disminuci\u00f3n de casos se mantiene\u201d, sostuvo al referirse a la disminuci\u00f3n en el ritmo de contagios que se registr\u00f3 en la \u00faltima semana epidemiol\u00f3gica que cerr\u00f3 el pasado s\u00e1bado.<\/p>\n<p>El lunes, el ministro de Salud y Deporte, Jeyson Auza se\u00f1al\u00f3 que en la \u00faltima semana se registraron 1.715 casos de dengue, con lo que el acumulado subi\u00f3 a 12.495 desde el inicio de la epidemia. Sin embargo, se\u00f1al\u00f3 que se trataba de una reducci\u00f3n en el ritmo de contagios.<\/p>\n<p>Por su parte, el gerente de Epidemiolog\u00eda de la Gobernaci\u00f3n cruce\u00f1a, Carlos Hurtado, se\u00f1al\u00f3 que Santa Cruz est\u00e1 lejos de tener el control de la epidemia que azota al departamento desde hace semanas, pues actualmente el \u00edndice de positividad es del 22% y para tener un \u00f3ptimo control, el \u00edndice debe ser menor al 5%.<\/p>\n<p>A\u00f1adi\u00f3 que se requiere al menos cuatro o seis semanas m\u00e1s para estar en una situaci\u00f3n de control. (Santa Cruz, agencias)<\/p>\n","protected":false},"excerpt":{"rendered":"<p>La epidemia de dengue se extender\u00e1 en Santa Cruz hasta abril, proyectan autoridades de salud tanto de la Gobernaci\u00f3n como de la Alcald\u00eda cruce\u00f1a. Esta enfermedad s\u00f3lo este a\u00f1o caus\u00f3 43 fallecidos en el pa\u00eds, de los cuales m\u00e1s de 30 est\u00e1n en Santa Cruz. La secretaria municipal de Salud, Adriana Amelunge, en un informe [&hellip;]<\/p>\n","protected":false},"author":1,"featured_media":142142,"comment_status":"closed","ping_status":"closed","sticky":false,"template":"","format":"standard","meta":{"_acf_changed":false,"footnotes":""},"categories":[12],"tags":[],"class_list":["post-142141","post","type-post","status-publish","format-standard","has-post-thumbnail","category-nacional"],"acf":{"antetitulo":""},"yoast_head":"<!-- This site is optimized with the Yoast SEO plugin v28.4 - https:\/\/yoast.com\/product\/yoast-seo-wordpress\/ -->\n<title>Epidemia de dengue se extender\u00e1 hasta abril - El Diario - Bolivia<\/title>\n<meta name=\"robots\" content=\"index, follow, max-snippet:-1, max-image-preview:large, max-video-preview:-1\" \/>\n<link rel=\"canonical\" href=\"https:\/\/www.eldiario.net\/portal\/2023\/03\/09\/epidemia-de-dengue-se-extendera-hasta-abril\/\" \/>\n<meta property=\"og:locale\" content=\"es_ES\" \/>\n<meta property=\"og:type\" content=\"article\" \/>\n<meta property=\"og:title\" content=\"Epidemia de dengue se extender\u00e1 hasta abril - El Diario - Bolivia\" \/>\n<meta property=\"og:description\" content=\"La epidemia de dengue se extender\u00e1 en Santa Cruz hasta abril, proyectan autoridades de salud tanto de la Gobernaci\u00f3n como de la Alcald\u00eda cruce\u00f1a. Esta enfermedad s\u00f3lo este a\u00f1o caus\u00f3 43 fallecidos en el pa\u00eds, de los cuales m\u00e1s de 30 est\u00e1n en Santa Cruz. La secretaria municipal de Salud, Adriana Amelunge, en un informe [&hellip;]\" \/>\n<meta property=\"og:url\" content=\"https:\/\/www.eldiario.net\/portal\/2023\/03\/09\/epidemia-de-dengue-se-extendera-hasta-abril\/\" \/>\n<meta property=\"og:site_name\" content=\"El Diario - Bolivia\" \/>\n<meta property=\"article:publisher\" content=\"https:\/\/www.facebook.com\/eldiario.bolivia\/\" \/>\n<meta property=\"article:published_time\" content=\"2023-03-09T10:10:18+00:00\" \/>\n<meta name=\"author\" content=\"Jeanette\" \/>\n<meta name=\"twitter:card\" content=\"summary_large_image\" \/>\n<meta name=\"twitter:creator\" content=\"@eldiario_net\" \/>\n<meta name=\"twitter:site\" content=\"@eldiario_net\" \/>\n<meta name=\"twitter:label1\" content=\"Escrito por\" \/>\n\t<meta name=\"twitter:data1\" content=\"Jeanette\" \/>\n\t<meta name=\"twitter:label2\" content=\"Tiempo de lectura\" \/>\n\t<meta name=\"twitter:data2\" content=\"2 minutos\" \/>\n<script type=\"application\/ld+json\" class=\"yoast-schema-graph\">{\"@context\":\"https:\\\/\\\/schema.org\",\"@graph\":[{\"@type\":\"Article\",\"@id\":\"https:\\\/\\\/www.eldiario.net\\\/portal\\\/2023\\\/03\\\/09\\\/epidemia-de-dengue-se-extendera-hasta-abril\\\/#article\",\"isPartOf\":{\"@id\":\"https:\\\/\\\/www.eldiario.net\\\/portal\\\/2023\\\/03\\\/09\\\/epidemia-de-dengue-se-extendera-hasta-abril\\\/\"},\"author\":{\"name\":\"Jeanette\",\"@id\":\"https:\\\/\\\/www.eldiario.net\\\/portal\\\/#\\\/schema\\\/person\\\/f46445640444750d7d753ccd04ae01b7\"},\"headline\":\"Epidemia de dengue se extender\u00e1 hasta abril\",\"datePublished\":\"2023-03-09T10:10:18+00:00\",\"mainEntityOfPage\":{\"@id\":\"https:\\\/\\\/www.eldiario.net\\\/portal\\\/2023\\\/03\\\/09\\\/epidemia-de-dengue-se-extendera-hasta-abril\\\/\"},\"wordCount\":306,\"publisher\":{\"@id\":\"https:\\\/\\\/www.eldiario.net\\\/portal\\\/#organization\"},\"image\":{\"@id\":\"https:\\\/\\\/www.eldiario.net\\\/portal\\\/2023\\\/03\\\/09\\\/epidemia-de-dengue-se-extendera-hasta-abril\\\/#primaryimage\"},\"thumbnailUrl\":\"\",\"articleSection\":[\"Nacional\"],\"inLanguage\":\"es\"},{\"@type\":\"WebPage\",\"@id\":\"https:\\\/\\\/www.eldiario.net\\\/portal\\\/2023\\\/03\\\/09\\\/epidemia-de-dengue-se-extendera-hasta-abril\\\/\",\"url\":\"https:\\\/\\\/www.eldiario.net\\\/portal\\\/2023\\\/03\\\/09\\\/epidemia-de-dengue-se-extendera-hasta-abril\\\/\",\"name\":\"Epidemia de dengue se extender\u00e1 hasta abril - El Diario - Bolivia\",\"isPartOf\":{\"@id\":\"https:\\\/\\\/www.eldiario.net\\\/portal\\\/#website\"},\"primaryImageOfPage\":{\"@id\":\"https:\\\/\\\/www.eldiario.net\\\/portal\\\/2023\\\/03\\\/09\\\/epidemia-de-dengue-se-extendera-hasta-abril\\\/#primaryimage\"},\"image\":{\"@id\":\"https:\\\/\\\/www.eldiario.net\\\/portal\\\/2023\\\/03\\\/09\\\/epidemia-de-dengue-se-extendera-hasta-abril\\\/#primaryimage\"},\"thumbnailUrl\":\"\",\"datePublished\":\"2023-03-09T10:10:18+00:00\",\"breadcrumb\":{\"@id\":\"https:\\\/\\\/www.eldiario.net\\\/portal\\\/2023\\\/03\\\/09\\\/epidemia-de-dengue-se-extendera-hasta-abril\\\/#breadcrumb\"},\"inLanguage\":\"es\",\"potentialAction\":[{\"@type\":\"ReadAction\",\"target\":[\"https:\\\/\\\/www.eldiario.net\\\/portal\\\/2023\\\/03\\\/09\\\/epidemia-de-dengue-se-extendera-hasta-abril\\\/\"]}]},{\"@type\":\"ImageObject\",\"inLanguage\":\"es\",\"@id\":\"https:\\\/\\\/www.eldiario.net\\\/portal\\\/2023\\\/03\\\/09\\\/epidemia-de-dengue-se-extendera-hasta-abril\\\/#primaryimage\",\"url\":\"\",\"contentUrl\":\"\"},{\"@type\":\"BreadcrumbList\",\"@id\":\"https:\\\/\\\/www.eldiario.net\\\/portal\\\/2023\\\/03\\\/09\\\/epidemia-de-dengue-se-extendera-hasta-abril\\\/#breadcrumb\",\"itemListElement\":[{\"@type\":\"ListItem\",\"position\":1,\"name\":\"Portada\",\"item\":\"https:\\\/\\\/www.eldiario.net\\\/portal\\\/\"},{\"@type\":\"ListItem\",\"position\":2,\"name\":\"Epidemia de dengue se extender\u00e1 hasta abril\"}]},{\"@type\":\"WebSite\",\"@id\":\"https:\\\/\\\/www.eldiario.net\\\/portal\\\/#website\",\"url\":\"https:\\\/\\\/www.eldiario.net\\\/portal\\\/\",\"name\":\"El Diario - Decano de la prensa nacional\",\"description\":\"El Diario - Decano de la prensa nacional\",\"publisher\":{\"@id\":\"https:\\\/\\\/www.eldiario.net\\\/portal\\\/#organization\"},\"potentialAction\":[{\"@type\":\"SearchAction\",\"target\":{\"@type\":\"EntryPoint\",\"urlTemplate\":\"https:\\\/\\\/www.eldiario.net\\\/portal\\\/?s={search_term_string}\"},\"query-input\":{\"@type\":\"PropertyValueSpecification\",\"valueRequired\":true,\"valueName\":\"search_term_string\"}}],\"inLanguage\":\"es\"},{\"@type\":\"Organization\",\"@id\":\"https:\\\/\\\/www.eldiario.net\\\/portal\\\/#organization\",\"name\":\"El Diario - Decano de la prensa nacional\",\"url\":\"https:\\\/\\\/www.eldiario.net\\\/portal\\\/\",\"logo\":{\"@type\":\"ImageObject\",\"inLanguage\":\"es\",\"@id\":\"https:\\\/\\\/www.eldiario.net\\\/portal\\\/#\\\/schema\\\/logo\\\/image\\\/\",\"url\":\"https:\\\/\\\/www.eldiario.net\\\/portal\\\/wp-content\\\/uploads\\\/2023\\\/07\\\/logo_ED.jpg\",\"contentUrl\":\"https:\\\/\\\/www.eldiario.net\\\/portal\\\/wp-content\\\/uploads\\\/2023\\\/07\\\/logo_ED.jpg\",\"width\":272,\"height\":52,\"caption\":\"El Diario - Decano de la prensa nacional\"},\"image\":{\"@id\":\"https:\\\/\\\/www.eldiario.net\\\/portal\\\/#\\\/schema\\\/logo\\\/image\\\/\"},\"sameAs\":[\"https:\\\/\\\/www.facebook.com\\\/eldiario.bolivia\\\/\",\"https:\\\/\\\/x.com\\\/eldiario_net\"]},{\"@type\":\"Person\",\"@id\":\"https:\\\/\\\/www.eldiario.net\\\/portal\\\/#\\\/schema\\\/person\\\/f46445640444750d7d753ccd04ae01b7\",\"name\":\"Jeanette\",\"image\":{\"@type\":\"ImageObject\",\"inLanguage\":\"es\",\"@id\":\"https:\\\/\\\/secure.gravatar.com\\\/avatar\\\/3ea2118a5f7dad2b7138b1187a6b7ee55f160b9968b66013c3a3ef39dd7e5798?s=96&d=mm&r=g\",\"url\":\"https:\\\/\\\/secure.gravatar.com\\\/avatar\\\/3ea2118a5f7dad2b7138b1187a6b7ee55f160b9968b66013c3a3ef39dd7e5798?s=96&d=mm&r=g\",\"contentUrl\":\"https:\\\/\\\/secure.gravatar.com\\\/avatar\\\/3ea2118a5f7dad2b7138b1187a6b7ee55f160b9968b66013c3a3ef39dd7e5798?s=96&d=mm&r=g\",\"caption\":\"Jeanette\"},\"sameAs\":[\"https:\\\/\\\/www.eldiario.net\\\/portal\"],\"url\":\"https:\\\/\\\/www.eldiario.net\\\/portal\\\/author\\\/jeanette\\\/\"}]}<\/script>\n<!-- \/ Yoast SEO plugin. -->","yoast_head_json":{"title":"Epidemia de dengue se extender\u00e1 hasta abril - El Diario - Bolivia","robots":{"index":"index","follow":"follow","max-snippet":"max-snippet:-1","max-image-preview":"max-image-preview:large","max-video-preview":"max-video-preview:-1"},"canonical":"https:\/\/www.eldiario.net\/portal\/2023\/03\/09\/epidemia-de-dengue-se-extendera-hasta-abril\/","og_locale":"es_ES","og_type":"article","og_title":"Epidemia de dengue se extender\u00e1 hasta abril - El Diario - Bolivia","og_description":"La epidemia de dengue se extender\u00e1 en Santa Cruz hasta abril, proyectan autoridades de salud tanto de la Gobernaci\u00f3n como de la Alcald\u00eda cruce\u00f1a. Esta enfermedad s\u00f3lo este a\u00f1o caus\u00f3 43 fallecidos en el pa\u00eds, de los cuales m\u00e1s de 30 est\u00e1n en Santa Cruz. La secretaria municipal de Salud, Adriana Amelunge, en un informe [&hellip;]","og_url":"https:\/\/www.eldiario.net\/portal\/2023\/03\/09\/epidemia-de-dengue-se-extendera-hasta-abril\/","og_site_name":"El Diario - Bolivia","article_publisher":"https:\/\/www.facebook.com\/eldiario.bolivia\/","article_published_time":"2023-03-09T10:10:18+00:00","author":"Jeanette","twitter_card":"summary_large_image","twitter_creator":"@eldiario_net","twitter_site":"@eldiario_net","twitter_misc":{"Escrito por":"Jeanette","Tiempo de lectura":"2 minutos"},"schema":{"@context":"https:\/\/schema.org","@graph":[{"@type":"Article","@id":"https:\/\/www.eldiario.net\/portal\/2023\/03\/09\/epidemia-de-dengue-se-extendera-hasta-abril\/#article","isPartOf":{"@id":"https:\/\/www.eldiario.net\/portal\/2023\/03\/09\/epidemia-de-dengue-se-extendera-hasta-abril\/"},"author":{"name":"Jeanette","@id":"https:\/\/www.eldiario.net\/portal\/#\/schema\/person\/f46445640444750d7d753ccd04ae01b7"},"headline":"Epidemia de dengue se extender\u00e1 hasta abril","datePublished":"2023-03-09T10:10:18+00:00","mainEntityOfPage":{"@id":"https:\/\/www.eldiario.net\/portal\/2023\/03\/09\/epidemia-de-dengue-se-extendera-hasta-abril\/"},"wordCount":306,"publisher":{"@id":"https:\/\/www.eldiario.net\/portal\/#organization"},"image":{"@id":"https:\/\/www.eldiario.net\/portal\/2023\/03\/09\/epidemia-de-dengue-se-extendera-hasta-abril\/#primaryimage"},"thumbnailUrl":"","articleSection":["Nacional"],"inLanguage":"es"},{"@type":"WebPage","@id":"https:\/\/www.eldiario.net\/portal\/2023\/03\/09\/epidemia-de-dengue-se-extendera-hasta-abril\/","url":"https:\/\/www.eldiario.net\/portal\/2023\/03\/09\/epidemia-de-dengue-se-extendera-hasta-abril\/","name":"Epidemia de dengue se extender\u00e1 hasta abril - El Diario - Bolivia","isPartOf":{"@id":"https:\/\/www.eldiario.net\/portal\/#website"},"primaryImageOfPage":{"@id":"https:\/\/www.eldiario.net\/portal\/2023\/03\/09\/epidemia-de-dengue-se-extendera-hasta-abril\/#primaryimage"},"image":{"@id":"https:\/\/www.eldiario.net\/portal\/2023\/03\/09\/epidemia-de-dengue-se-extendera-hasta-abril\/#primaryimage"},"thumbnailUrl":"","datePublished":"2023-03-09T10:10:18+00:00","breadcrumb":{"@id":"https:\/\/www.eldiario.net\/portal\/2023\/03\/09\/epidemia-de-dengue-se-extendera-hasta-abril\/#breadcrumb"},"inLanguage":"es","potentialAction":[{"@type":"ReadAction","target":["https:\/\/www.eldiario.net\/portal\/2023\/03\/09\/epidemia-de-dengue-se-extendera-hasta-abril\/"]}]},{"@type":"ImageObject","inLanguage":"es","@id":"https:\/\/www.eldiario.net\/portal\/2023\/03\/09\/epidemia-de-dengue-se-extendera-hasta-abril\/#primaryimage","url":"","contentUrl":""},{"@type":"BreadcrumbList","@id":"https:\/\/www.eldiario.net\/portal\/2023\/03\/09\/epidemia-de-dengue-se-extendera-hasta-abril\/#breadcrumb","itemListElement":[{"@type":"ListItem","position":1,"name":"Portada","item":"https:\/\/www.eldiario.net\/portal\/"},{"@type":"ListItem","position":2,"name":"Epidemia de dengue se extender\u00e1 hasta abril"}]},{"@type":"WebSite","@id":"https:\/\/www.eldiario.net\/portal\/#website","url":"https:\/\/www.eldiario.net\/portal\/","name":"El Diario - Decano de la prensa nacional","description":"El Diario - Decano de la prensa nacional","publisher":{"@id":"https:\/\/www.eldiario.net\/portal\/#organization"},"potentialAction":[{"@type":"SearchAction","target":{"@type":"EntryPoint","urlTemplate":"https:\/\/www.eldiario.net\/portal\/?s={search_term_string}"},"query-input":{"@type":"PropertyValueSpecification","valueRequired":true,"valueName":"search_term_string"}}],"inLanguage":"es"},{"@type":"Organization","@id":"https:\/\/www.eldiario.net\/portal\/#organization","name":"El Diario - Decano de la prensa nacional","url":"https:\/\/www.eldiario.net\/portal\/","logo":{"@type":"ImageObject","inLanguage":"es","@id":"https:\/\/www.eldiario.net\/portal\/#\/schema\/logo\/image\/","url":"https:\/\/www.eldiario.net\/portal\/wp-content\/uploads\/2023\/07\/logo_ED.jpg","contentUrl":"https:\/\/www.eldiario.net\/portal\/wp-content\/uploads\/2023\/07\/logo_ED.jpg","width":272,"height":52,"caption":"El Diario - Decano de la prensa nacional"},"image":{"@id":"https:\/\/www.eldiario.net\/portal\/#\/schema\/logo\/image\/"},"sameAs":["https:\/\/www.facebook.com\/eldiario.bolivia\/","https:\/\/x.com\/eldiario_net"]},{"@type":"Person","@id":"https:\/\/www.eldiario.net\/portal\/#\/schema\/person\/f46445640444750d7d753ccd04ae01b7","name":"Jeanette","image":{"@type":"ImageObject","inLanguage":"es","@id":"https:\/\/secure.gravatar.com\/avatar\/3ea2118a5f7dad2b7138b1187a6b7ee55f160b9968b66013c3a3ef39dd7e5798?s=96&d=mm&r=g","url":"https:\/\/secure.gravatar.com\/avatar\/3ea2118a5f7dad2b7138b1187a6b7ee55f160b9968b66013c3a3ef39dd7e5798?s=96&d=mm&r=g","contentUrl":"https:\/\/secure.gravatar.com\/avatar\/3ea2118a5f7dad2b7138b1187a6b7ee55f160b9968b66013c3a3ef39dd7e5798?s=96&d=mm&r=g","caption":"Jeanette"},"sameAs":["https:\/\/www.eldiario.net\/portal"],"url":"https:\/\/www.eldiario.net\/portal\/author\/jeanette\/"}]}},"_links":{"self":[{"href":"https:\/\/www.eldiario.net\/portal\/wp-json\/wp\/v2\/posts\/142141","targetHints":{"allow":["GET"]}}],"collection":[{"href":"https:\/\/www.eldiario.net\/portal\/wp-json\/wp\/v2\/posts"}],"about":[{"href":"https:\/\/www.eldiario.net\/portal\/wp-json\/wp\/v2\/types\/post"}],"author":[{"embeddable":true,"href":"https:\/\/www.eldiario.net\/portal\/wp-json\/wp\/v2\/users\/1"}],"replies":[{"embeddable":true,"href":"https:\/\/www.eldiario.net\/portal\/wp-json\/wp\/v2\/comments?post=142141"}],"version-history":[{"count":0,"href":"https:\/\/www.eldiario.net\/portal\/wp-json\/wp\/v2\/posts\/142141\/revisions"}],"wp:attachment":[{"href":"https:\/\/www.eldiario.net\/portal\/wp-json\/wp\/v2\/media?parent=142141"}],"wp:term":[{"taxonomy":"category","embeddable":true,"href":"https:\/\/www.eldiario.net\/portal\/wp-json\/wp\/v2\/categories?post=142141"},{"taxonomy":"post_tag","embeddable":true,"href":"https:\/\/www.eldiario.net\/portal\/wp-json\/wp\/v2\/tags?post=142141"}],"curies":[{"name":"wp","href":"https:\/\/api.w.org\/{rel}","templated":true}]}}