{"id":142135,"date":"2023-03-09T06:08:03","date_gmt":"2023-03-09T10:08:03","guid":{"rendered":"https:\/\/www.eldiario.net\/portal\/?p=142135"},"modified":"2023-03-09T06:08:03","modified_gmt":"2023-03-09T10:08:03","slug":"dotan-40-mil-litros-de-agua-para-los-cultivos-de-papa","status":"publish","type":"post","link":"https:\/\/www.eldiario.net\/portal\/2023\/03\/09\/dotan-40-mil-litros-de-agua-para-los-cultivos-de-papa\/","title":{"rendered":"Dotan 40 mil litros de agua  para los cultivos de papa"},"content":{"rendered":"<p>Ante la ausencia de lluvias y con el objetivo de garantizar la producci\u00f3n de algunos tub\u00e9rculos, la comuna alte\u00f1a dot\u00f3 40 mil litros de agua para humedecer cultivos de papa en los distritos 10 y 11 de El Alto. Alcald\u00eda se\u00f1ala que cada noche recargan las cisternas con agua y est\u00e1n prestos para trasladarse a los distritos que requieran el l\u00edquido elemento.<\/p>\n<p>\u201cSeguimos con la escasez h\u00eddrica en los cuatro distritos rurales, esta ma\u00f1ana (por ayer) hemos mandado 20 mil litros de agua para el Distrito 11, para sus cultivos de papa, tambi\u00e9n hemos mandado (similar cantidad) al Distrito 10, Amachuma, donde no ten\u00edan agua para consumo, pero se solucion\u00f3 aquello\u201d, inform\u00f3 el secretario Municipal de Agua, Saneamiento Gesti\u00f3n Ambiental y Riesgos, Gabriel Pari.<\/p>\n<p>La autoridad edil explic\u00f3 que las comunidades de Ocomisto y Tacachira, del Distrito 11, son las que mayor necesidad de lluvias tienen pese a que se registran algunos chubascos, pero no los suficientes, en consecuencia, se registra p\u00e9rdida de producci\u00f3n.<\/p>\n<p>En ese distrito rural existe mayor producci\u00f3n de papa y forraje: avena y cebada. De acuerdo con Pari se priorizar\u00e1 el riego de tub\u00e9rculos, para que no exista escasez en los mercados.<\/p>\n<p>\u201cNo est\u00e1 lloviendo, no est\u00e1 ni en la floraci\u00f3n la papa, es la preocupaci\u00f3n, a pesar de tener una ley de emergencia\u201d, sostuvo el secretario a tiempo de adelantar que comprar\u00e1n aspersores para mejorar el \u201cm\u00e9todo de inundaci\u00f3n\u201d.<\/p>\n<p>Por otra parte, apunt\u00f3 que cada noche recargan las cisternas con agua y est\u00e1n prestos para trasladarse a los distritos que as\u00ed lo requieran y record\u00f3 que la Alcald\u00eda remiti\u00f3 el informe sobre el relevamiento de da\u00f1os causados por la sequ\u00eda en \u00e1reas rurales al Gobierno nacional, y espera acceder a la ayuda del Plan Nacional de Sequ\u00eda, \u201cellos dispondr\u00e1n de c\u00f3mo nos ayudar\u00e1n para los distritos rurales afectados\u201d, manifest\u00f3.<\/p>\n","protected":false},"excerpt":{"rendered":"<p>Ante la ausencia de lluvias y con el objetivo de garantizar la producci\u00f3n de algunos tub\u00e9rculos, la comuna alte\u00f1a dot\u00f3 40 mil litros de agua para humedecer cultivos de papa en los distritos 10 y 11 de El Alto. Alcald\u00eda se\u00f1ala que cada noche recargan las cisternas con agua y est\u00e1n prestos para trasladarse a [&hellip;]<\/p>\n","protected":false},"author":1,"featured_media":142136,"comment_status":"closed","ping_status":"closed","sticky":false,"template":"","format":"standard","meta":{"_acf_changed":false,"footnotes":""},"categories":[12],"tags":[],"class_list":["post-142135","post","type-post","status-publish","format-standard","has-post-thumbnail","category-nacional"],"acf":{"antetitulo":""},"yoast_head":"<!-- This site is optimized with the Yoast SEO plugin v28.4 - https:\/\/yoast.com\/product\/yoast-seo-wordpress\/ -->\n<title>Dotan 40 mil litros de agua para los cultivos de papa - El Diario - Bolivia<\/title>\n<meta name=\"robots\" content=\"index, follow, max-snippet:-1, max-image-preview:large, max-video-preview:-1\" \/>\n<link rel=\"canonical\" href=\"https:\/\/www.eldiario.net\/portal\/2023\/03\/09\/dotan-40-mil-litros-de-agua-para-los-cultivos-de-papa\/\" \/>\n<meta property=\"og:locale\" content=\"es_ES\" \/>\n<meta property=\"og:type\" content=\"article\" \/>\n<meta property=\"og:title\" content=\"Dotan 40 mil litros de agua para los cultivos de papa - El Diario - Bolivia\" \/>\n<meta property=\"og:description\" content=\"Ante la ausencia de lluvias y con el objetivo de garantizar la producci\u00f3n de algunos tub\u00e9rculos, la comuna alte\u00f1a dot\u00f3 40 mil litros de agua para humedecer cultivos de papa en los distritos 10 y 11 de El Alto. Alcald\u00eda se\u00f1ala que cada noche recargan las cisternas con agua y est\u00e1n prestos para trasladarse a [&hellip;]\" \/>\n<meta property=\"og:url\" content=\"https:\/\/www.eldiario.net\/portal\/2023\/03\/09\/dotan-40-mil-litros-de-agua-para-los-cultivos-de-papa\/\" \/>\n<meta property=\"og:site_name\" content=\"El Diario - Bolivia\" \/>\n<meta property=\"article:publisher\" content=\"https:\/\/www.facebook.com\/eldiario.bolivia\/\" \/>\n<meta property=\"article:published_time\" content=\"2023-03-09T10:08:03+00:00\" \/>\n<meta name=\"author\" content=\"Jeanette\" \/>\n<meta name=\"twitter:card\" content=\"summary_large_image\" \/>\n<meta name=\"twitter:creator\" content=\"@eldiario_net\" \/>\n<meta name=\"twitter:site\" content=\"@eldiario_net\" \/>\n<meta name=\"twitter:label1\" content=\"Escrito por\" \/>\n\t<meta name=\"twitter:data1\" content=\"Jeanette\" \/>\n\t<meta name=\"twitter:label2\" content=\"Tiempo de lectura\" \/>\n\t<meta name=\"twitter:data2\" content=\"2 minutos\" \/>\n<script type=\"application\/ld+json\" class=\"yoast-schema-graph\">{\"@context\":\"https:\\\/\\\/schema.org\",\"@graph\":[{\"@type\":\"Article\",\"@id\":\"https:\\\/\\\/www.eldiario.net\\\/portal\\\/2023\\\/03\\\/09\\\/dotan-40-mil-litros-de-agua-para-los-cultivos-de-papa\\\/#article\",\"isPartOf\":{\"@id\":\"https:\\\/\\\/www.eldiario.net\\\/portal\\\/2023\\\/03\\\/09\\\/dotan-40-mil-litros-de-agua-para-los-cultivos-de-papa\\\/\"},\"author\":{\"name\":\"Jeanette\",\"@id\":\"https:\\\/\\\/www.eldiario.net\\\/portal\\\/#\\\/schema\\\/person\\\/f46445640444750d7d753ccd04ae01b7\"},\"headline\":\"Dotan 40 mil litros de agua para los cultivos de papa\",\"datePublished\":\"2023-03-09T10:08:03+00:00\",\"mainEntityOfPage\":{\"@id\":\"https:\\\/\\\/www.eldiario.net\\\/portal\\\/2023\\\/03\\\/09\\\/dotan-40-mil-litros-de-agua-para-los-cultivos-de-papa\\\/\"},\"wordCount\":336,\"publisher\":{\"@id\":\"https:\\\/\\\/www.eldiario.net\\\/portal\\\/#organization\"},\"image\":{\"@id\":\"https:\\\/\\\/www.eldiario.net\\\/portal\\\/2023\\\/03\\\/09\\\/dotan-40-mil-litros-de-agua-para-los-cultivos-de-papa\\\/#primaryimage\"},\"thumbnailUrl\":\"\",\"articleSection\":[\"Nacional\"],\"inLanguage\":\"es\"},{\"@type\":\"WebPage\",\"@id\":\"https:\\\/\\\/www.eldiario.net\\\/portal\\\/2023\\\/03\\\/09\\\/dotan-40-mil-litros-de-agua-para-los-cultivos-de-papa\\\/\",\"url\":\"https:\\\/\\\/www.eldiario.net\\\/portal\\\/2023\\\/03\\\/09\\\/dotan-40-mil-litros-de-agua-para-los-cultivos-de-papa\\\/\",\"name\":\"Dotan 40 mil litros de agua para los cultivos de papa - El Diario - Bolivia\",\"isPartOf\":{\"@id\":\"https:\\\/\\\/www.eldiario.net\\\/portal\\\/#website\"},\"primaryImageOfPage\":{\"@id\":\"https:\\\/\\\/www.eldiario.net\\\/portal\\\/2023\\\/03\\\/09\\\/dotan-40-mil-litros-de-agua-para-los-cultivos-de-papa\\\/#primaryimage\"},\"image\":{\"@id\":\"https:\\\/\\\/www.eldiario.net\\\/portal\\\/2023\\\/03\\\/09\\\/dotan-40-mil-litros-de-agua-para-los-cultivos-de-papa\\\/#primaryimage\"},\"thumbnailUrl\":\"\",\"datePublished\":\"2023-03-09T10:08:03+00:00\",\"breadcrumb\":{\"@id\":\"https:\\\/\\\/www.eldiario.net\\\/portal\\\/2023\\\/03\\\/09\\\/dotan-40-mil-litros-de-agua-para-los-cultivos-de-papa\\\/#breadcrumb\"},\"inLanguage\":\"es\",\"potentialAction\":[{\"@type\":\"ReadAction\",\"target\":[\"https:\\\/\\\/www.eldiario.net\\\/portal\\\/2023\\\/03\\\/09\\\/dotan-40-mil-litros-de-agua-para-los-cultivos-de-papa\\\/\"]}]},{\"@type\":\"ImageObject\",\"inLanguage\":\"es\",\"@id\":\"https:\\\/\\\/www.eldiario.net\\\/portal\\\/2023\\\/03\\\/09\\\/dotan-40-mil-litros-de-agua-para-los-cultivos-de-papa\\\/#primaryimage\",\"url\":\"\",\"contentUrl\":\"\"},{\"@type\":\"BreadcrumbList\",\"@id\":\"https:\\\/\\\/www.eldiario.net\\\/portal\\\/2023\\\/03\\\/09\\\/dotan-40-mil-litros-de-agua-para-los-cultivos-de-papa\\\/#breadcrumb\",\"itemListElement\":[{\"@type\":\"ListItem\",\"position\":1,\"name\":\"Portada\",\"item\":\"https:\\\/\\\/www.eldiario.net\\\/portal\\\/\"},{\"@type\":\"ListItem\",\"position\":2,\"name\":\"Dotan 40 mil litros de agua para los cultivos de papa\"}]},{\"@type\":\"WebSite\",\"@id\":\"https:\\\/\\\/www.eldiario.net\\\/portal\\\/#website\",\"url\":\"https:\\\/\\\/www.eldiario.net\\\/portal\\\/\",\"name\":\"El Diario - Decano de la prensa nacional\",\"description\":\"El Diario - Decano de la prensa nacional\",\"publisher\":{\"@id\":\"https:\\\/\\\/www.eldiario.net\\\/portal\\\/#organization\"},\"potentialAction\":[{\"@type\":\"SearchAction\",\"target\":{\"@type\":\"EntryPoint\",\"urlTemplate\":\"https:\\\/\\\/www.eldiario.net\\\/portal\\\/?s={search_term_string}\"},\"query-input\":{\"@type\":\"PropertyValueSpecification\",\"valueRequired\":true,\"valueName\":\"search_term_string\"}}],\"inLanguage\":\"es\"},{\"@type\":\"Organization\",\"@id\":\"https:\\\/\\\/www.eldiario.net\\\/portal\\\/#organization\",\"name\":\"El Diario - Decano de la prensa nacional\",\"url\":\"https:\\\/\\\/www.eldiario.net\\\/portal\\\/\",\"logo\":{\"@type\":\"ImageObject\",\"inLanguage\":\"es\",\"@id\":\"https:\\\/\\\/www.eldiario.net\\\/portal\\\/#\\\/schema\\\/logo\\\/image\\\/\",\"url\":\"https:\\\/\\\/www.eldiario.net\\\/portal\\\/wp-content\\\/uploads\\\/2023\\\/07\\\/logo_ED.jpg\",\"contentUrl\":\"https:\\\/\\\/www.eldiario.net\\\/portal\\\/wp-content\\\/uploads\\\/2023\\\/07\\\/logo_ED.jpg\",\"width\":272,\"height\":52,\"caption\":\"El Diario - Decano de la prensa nacional\"},\"image\":{\"@id\":\"https:\\\/\\\/www.eldiario.net\\\/portal\\\/#\\\/schema\\\/logo\\\/image\\\/\"},\"sameAs\":[\"https:\\\/\\\/www.facebook.com\\\/eldiario.bolivia\\\/\",\"https:\\\/\\\/x.com\\\/eldiario_net\"]},{\"@type\":\"Person\",\"@id\":\"https:\\\/\\\/www.eldiario.net\\\/portal\\\/#\\\/schema\\\/person\\\/f46445640444750d7d753ccd04ae01b7\",\"name\":\"Jeanette\",\"image\":{\"@type\":\"ImageObject\",\"inLanguage\":\"es\",\"@id\":\"https:\\\/\\\/secure.gravatar.com\\\/avatar\\\/3ea2118a5f7dad2b7138b1187a6b7ee55f160b9968b66013c3a3ef39dd7e5798?s=96&d=mm&r=g\",\"url\":\"https:\\\/\\\/secure.gravatar.com\\\/avatar\\\/3ea2118a5f7dad2b7138b1187a6b7ee55f160b9968b66013c3a3ef39dd7e5798?s=96&d=mm&r=g\",\"contentUrl\":\"https:\\\/\\\/secure.gravatar.com\\\/avatar\\\/3ea2118a5f7dad2b7138b1187a6b7ee55f160b9968b66013c3a3ef39dd7e5798?s=96&d=mm&r=g\",\"caption\":\"Jeanette\"},\"sameAs\":[\"https:\\\/\\\/www.eldiario.net\\\/portal\"],\"url\":\"https:\\\/\\\/www.eldiario.net\\\/portal\\\/author\\\/jeanette\\\/\"}]}<\/script>\n<!-- \/ Yoast SEO plugin. -->","yoast_head_json":{"title":"Dotan 40 mil litros de agua para los cultivos de papa - El Diario - Bolivia","robots":{"index":"index","follow":"follow","max-snippet":"max-snippet:-1","max-image-preview":"max-image-preview:large","max-video-preview":"max-video-preview:-1"},"canonical":"https:\/\/www.eldiario.net\/portal\/2023\/03\/09\/dotan-40-mil-litros-de-agua-para-los-cultivos-de-papa\/","og_locale":"es_ES","og_type":"article","og_title":"Dotan 40 mil litros de agua para los cultivos de papa - El Diario - Bolivia","og_description":"Ante la ausencia de lluvias y con el objetivo de garantizar la producci\u00f3n de algunos tub\u00e9rculos, la comuna alte\u00f1a dot\u00f3 40 mil litros de agua para humedecer cultivos de papa en los distritos 10 y 11 de El Alto. Alcald\u00eda se\u00f1ala que cada noche recargan las cisternas con agua y est\u00e1n prestos para trasladarse a [&hellip;]","og_url":"https:\/\/www.eldiario.net\/portal\/2023\/03\/09\/dotan-40-mil-litros-de-agua-para-los-cultivos-de-papa\/","og_site_name":"El Diario - Bolivia","article_publisher":"https:\/\/www.facebook.com\/eldiario.bolivia\/","article_published_time":"2023-03-09T10:08:03+00:00","author":"Jeanette","twitter_card":"summary_large_image","twitter_creator":"@eldiario_net","twitter_site":"@eldiario_net","twitter_misc":{"Escrito por":"Jeanette","Tiempo de lectura":"2 minutos"},"schema":{"@context":"https:\/\/schema.org","@graph":[{"@type":"Article","@id":"https:\/\/www.eldiario.net\/portal\/2023\/03\/09\/dotan-40-mil-litros-de-agua-para-los-cultivos-de-papa\/#article","isPartOf":{"@id":"https:\/\/www.eldiario.net\/portal\/2023\/03\/09\/dotan-40-mil-litros-de-agua-para-los-cultivos-de-papa\/"},"author":{"name":"Jeanette","@id":"https:\/\/www.eldiario.net\/portal\/#\/schema\/person\/f46445640444750d7d753ccd04ae01b7"},"headline":"Dotan 40 mil litros de agua para los cultivos de papa","datePublished":"2023-03-09T10:08:03+00:00","mainEntityOfPage":{"@id":"https:\/\/www.eldiario.net\/portal\/2023\/03\/09\/dotan-40-mil-litros-de-agua-para-los-cultivos-de-papa\/"},"wordCount":336,"publisher":{"@id":"https:\/\/www.eldiario.net\/portal\/#organization"},"image":{"@id":"https:\/\/www.eldiario.net\/portal\/2023\/03\/09\/dotan-40-mil-litros-de-agua-para-los-cultivos-de-papa\/#primaryimage"},"thumbnailUrl":"","articleSection":["Nacional"],"inLanguage":"es"},{"@type":"WebPage","@id":"https:\/\/www.eldiario.net\/portal\/2023\/03\/09\/dotan-40-mil-litros-de-agua-para-los-cultivos-de-papa\/","url":"https:\/\/www.eldiario.net\/portal\/2023\/03\/09\/dotan-40-mil-litros-de-agua-para-los-cultivos-de-papa\/","name":"Dotan 40 mil litros de agua para los cultivos de papa - El Diario - Bolivia","isPartOf":{"@id":"https:\/\/www.eldiario.net\/portal\/#website"},"primaryImageOfPage":{"@id":"https:\/\/www.eldiario.net\/portal\/2023\/03\/09\/dotan-40-mil-litros-de-agua-para-los-cultivos-de-papa\/#primaryimage"},"image":{"@id":"https:\/\/www.eldiario.net\/portal\/2023\/03\/09\/dotan-40-mil-litros-de-agua-para-los-cultivos-de-papa\/#primaryimage"},"thumbnailUrl":"","datePublished":"2023-03-09T10:08:03+00:00","breadcrumb":{"@id":"https:\/\/www.eldiario.net\/portal\/2023\/03\/09\/dotan-40-mil-litros-de-agua-para-los-cultivos-de-papa\/#breadcrumb"},"inLanguage":"es","potentialAction":[{"@type":"ReadAction","target":["https:\/\/www.eldiario.net\/portal\/2023\/03\/09\/dotan-40-mil-litros-de-agua-para-los-cultivos-de-papa\/"]}]},{"@type":"ImageObject","inLanguage":"es","@id":"https:\/\/www.eldiario.net\/portal\/2023\/03\/09\/dotan-40-mil-litros-de-agua-para-los-cultivos-de-papa\/#primaryimage","url":"","contentUrl":""},{"@type":"BreadcrumbList","@id":"https:\/\/www.eldiario.net\/portal\/2023\/03\/09\/dotan-40-mil-litros-de-agua-para-los-cultivos-de-papa\/#breadcrumb","itemListElement":[{"@type":"ListItem","position":1,"name":"Portada","item":"https:\/\/www.eldiario.net\/portal\/"},{"@type":"ListItem","position":2,"name":"Dotan 40 mil litros de agua para los cultivos de papa"}]},{"@type":"WebSite","@id":"https:\/\/www.eldiario.net\/portal\/#website","url":"https:\/\/www.eldiario.net\/portal\/","name":"El Diario - Decano de la prensa nacional","description":"El Diario - Decano de la prensa nacional","publisher":{"@id":"https:\/\/www.eldiario.net\/portal\/#organization"},"potentialAction":[{"@type":"SearchAction","target":{"@type":"EntryPoint","urlTemplate":"https:\/\/www.eldiario.net\/portal\/?s={search_term_string}"},"query-input":{"@type":"PropertyValueSpecification","valueRequired":true,"valueName":"search_term_string"}}],"inLanguage":"es"},{"@type":"Organization","@id":"https:\/\/www.eldiario.net\/portal\/#organization","name":"El Diario - Decano de la prensa nacional","url":"https:\/\/www.eldiario.net\/portal\/","logo":{"@type":"ImageObject","inLanguage":"es","@id":"https:\/\/www.eldiario.net\/portal\/#\/schema\/logo\/image\/","url":"https:\/\/www.eldiario.net\/portal\/wp-content\/uploads\/2023\/07\/logo_ED.jpg","contentUrl":"https:\/\/www.eldiario.net\/portal\/wp-content\/uploads\/2023\/07\/logo_ED.jpg","width":272,"height":52,"caption":"El Diario - Decano de la prensa nacional"},"image":{"@id":"https:\/\/www.eldiario.net\/portal\/#\/schema\/logo\/image\/"},"sameAs":["https:\/\/www.facebook.com\/eldiario.bolivia\/","https:\/\/x.com\/eldiario_net"]},{"@type":"Person","@id":"https:\/\/www.eldiario.net\/portal\/#\/schema\/person\/f46445640444750d7d753ccd04ae01b7","name":"Jeanette","image":{"@type":"ImageObject","inLanguage":"es","@id":"https:\/\/secure.gravatar.com\/avatar\/3ea2118a5f7dad2b7138b1187a6b7ee55f160b9968b66013c3a3ef39dd7e5798?s=96&d=mm&r=g","url":"https:\/\/secure.gravatar.com\/avatar\/3ea2118a5f7dad2b7138b1187a6b7ee55f160b9968b66013c3a3ef39dd7e5798?s=96&d=mm&r=g","contentUrl":"https:\/\/secure.gravatar.com\/avatar\/3ea2118a5f7dad2b7138b1187a6b7ee55f160b9968b66013c3a3ef39dd7e5798?s=96&d=mm&r=g","caption":"Jeanette"},"sameAs":["https:\/\/www.eldiario.net\/portal"],"url":"https:\/\/www.eldiario.net\/portal\/author\/jeanette\/"}]}},"_links":{"self":[{"href":"https:\/\/www.eldiario.net\/portal\/wp-json\/wp\/v2\/posts\/142135","targetHints":{"allow":["GET"]}}],"collection":[{"href":"https:\/\/www.eldiario.net\/portal\/wp-json\/wp\/v2\/posts"}],"about":[{"href":"https:\/\/www.eldiario.net\/portal\/wp-json\/wp\/v2\/types\/post"}],"author":[{"embeddable":true,"href":"https:\/\/www.eldiario.net\/portal\/wp-json\/wp\/v2\/users\/1"}],"replies":[{"embeddable":true,"href":"https:\/\/www.eldiario.net\/portal\/wp-json\/wp\/v2\/comments?post=142135"}],"version-history":[{"count":0,"href":"https:\/\/www.eldiario.net\/portal\/wp-json\/wp\/v2\/posts\/142135\/revisions"}],"wp:attachment":[{"href":"https:\/\/www.eldiario.net\/portal\/wp-json\/wp\/v2\/media?parent=142135"}],"wp:term":[{"taxonomy":"category","embeddable":true,"href":"https:\/\/www.eldiario.net\/portal\/wp-json\/wp\/v2\/categories?post=142135"},{"taxonomy":"post_tag","embeddable":true,"href":"https:\/\/www.eldiario.net\/portal\/wp-json\/wp\/v2\/tags?post=142135"}],"curies":[{"name":"wp","href":"https:\/\/api.w.org\/{rel}","templated":true}]}}