{"id":142132,"date":"2023-03-09T06:06:53","date_gmt":"2023-03-09T10:06:53","guid":{"rendered":"https:\/\/www.eldiario.net\/portal\/?p=142132"},"modified":"2023-03-09T06:06:53","modified_gmt":"2023-03-09T10:06:53","slug":"buscan-20-mujeres-para-ser-profesoras-de-autodefensa","status":"publish","type":"post","link":"https:\/\/www.eldiario.net\/portal\/2023\/03\/09\/buscan-20-mujeres-para-ser-profesoras-de-autodefensa\/","title":{"rendered":"Buscan 20 mujeres para ser profesoras de autodefensa"},"content":{"rendered":"<p>La Escuela de Profesoras de Autodefensa Feminista, con el objetivo de formar en t\u00e9cnicas de autodefensa orientadas a precautelar la seguridad y la vida de una mujer y hacer frente a situaciones de acoso, intentos de secuestro y violaciones, entre otros, convoca a 20 damas a participar de los cursos cuya inscripci\u00f3n fenece este 20 de marzo.<\/p>\n<p>\u201cEstamos buscando 20 mujeres. Queremos que estas profesoras vayan a ense\u00f1ar hasta el \u00faltimo rinc\u00f3n de las ciudades de La Paz, El Ato, Viacha y poblaciones aleda\u00f1as\u201d, se\u00f1alo Romina Pala, representante del colectivo Mujeres Creando que promueve la iniciativa.<\/p>\n<p>De acuerdo con la representante, las personas interesadas en participar recibir\u00e1n instrucci\u00f3n en temas y disciplinas relacionadas a la autodefensa, mismas que m\u00e1s adelante deber\u00e1n ser replicadas a otras f\u00e9minas.<\/p>\n<p>\u201cNos interesa encontrar mujeres que realmente quieran ayudar a salvar y precautelar la vida de las mujeres\u201d, sostuvo Pala.<\/p>\n<p>Los requisitos para las participantes es ser mayor de edad, tener afinidad de estar en contra de la violencia machista y que promover la lucha por la vida de las mujeres. Las seleccionadas obtendr\u00e1n una beca completa.<\/p>\n<p>Las inscripciones son hasta el 20 de marzo y se las reciben previo llenado de un formulario que debe ser recabado de instalaciones del centro Virgen de los Deseos ubicado en la avenida 20 de Octubre, entre las calles JJ P\u00e9res y Aspiazu. Las clases inician el 27 de marzo.<\/p>\n","protected":false},"excerpt":{"rendered":"<p>La Escuela de Profesoras de Autodefensa Feminista, con el objetivo de formar en t\u00e9cnicas de autodefensa orientadas a precautelar la seguridad y la vida de una mujer y hacer frente a situaciones de acoso, intentos de secuestro y violaciones, entre otros, convoca a 20 damas a participar de los cursos cuya inscripci\u00f3n fenece este 20 [&hellip;]<\/p>\n","protected":false},"author":1,"featured_media":142133,"comment_status":"closed","ping_status":"closed","sticky":false,"template":"","format":"standard","meta":{"_acf_changed":false,"footnotes":""},"categories":[12],"tags":[],"class_list":["post-142132","post","type-post","status-publish","format-standard","has-post-thumbnail","category-nacional"],"acf":{"antetitulo":""},"yoast_head":"<!-- This site is optimized with the Yoast SEO plugin v28.4 - https:\/\/yoast.com\/product\/yoast-seo-wordpress\/ -->\n<title>Buscan 20 mujeres para ser profesoras de autodefensa - El Diario - Bolivia<\/title>\n<meta name=\"robots\" content=\"index, follow, max-snippet:-1, max-image-preview:large, max-video-preview:-1\" \/>\n<link rel=\"canonical\" href=\"https:\/\/www.eldiario.net\/portal\/2023\/03\/09\/buscan-20-mujeres-para-ser-profesoras-de-autodefensa\/\" \/>\n<meta property=\"og:locale\" content=\"es_ES\" \/>\n<meta property=\"og:type\" content=\"article\" \/>\n<meta property=\"og:title\" content=\"Buscan 20 mujeres para ser profesoras de autodefensa - El Diario - Bolivia\" \/>\n<meta property=\"og:description\" content=\"La Escuela de Profesoras de Autodefensa Feminista, con el objetivo de formar en t\u00e9cnicas de autodefensa orientadas a precautelar la seguridad y la vida de una mujer y hacer frente a situaciones de acoso, intentos de secuestro y violaciones, entre otros, convoca a 20 damas a participar de los cursos cuya inscripci\u00f3n fenece este 20 [&hellip;]\" \/>\n<meta property=\"og:url\" content=\"https:\/\/www.eldiario.net\/portal\/2023\/03\/09\/buscan-20-mujeres-para-ser-profesoras-de-autodefensa\/\" \/>\n<meta property=\"og:site_name\" content=\"El Diario - Bolivia\" \/>\n<meta property=\"article:publisher\" content=\"https:\/\/www.facebook.com\/eldiario.bolivia\/\" \/>\n<meta property=\"article:published_time\" content=\"2023-03-09T10:06:53+00:00\" \/>\n<meta name=\"author\" content=\"Jeanette\" \/>\n<meta name=\"twitter:card\" content=\"summary_large_image\" \/>\n<meta name=\"twitter:creator\" content=\"@eldiario_net\" \/>\n<meta name=\"twitter:site\" content=\"@eldiario_net\" \/>\n<meta name=\"twitter:label1\" content=\"Escrito por\" \/>\n\t<meta name=\"twitter:data1\" content=\"Jeanette\" \/>\n\t<meta name=\"twitter:label2\" content=\"Tiempo de lectura\" \/>\n\t<meta name=\"twitter:data2\" content=\"2 minutos\" \/>\n<script type=\"application\/ld+json\" class=\"yoast-schema-graph\">{\"@context\":\"https:\\\/\\\/schema.org\",\"@graph\":[{\"@type\":\"Article\",\"@id\":\"https:\\\/\\\/www.eldiario.net\\\/portal\\\/2023\\\/03\\\/09\\\/buscan-20-mujeres-para-ser-profesoras-de-autodefensa\\\/#article\",\"isPartOf\":{\"@id\":\"https:\\\/\\\/www.eldiario.net\\\/portal\\\/2023\\\/03\\\/09\\\/buscan-20-mujeres-para-ser-profesoras-de-autodefensa\\\/\"},\"author\":{\"name\":\"Jeanette\",\"@id\":\"https:\\\/\\\/www.eldiario.net\\\/portal\\\/#\\\/schema\\\/person\\\/f46445640444750d7d753ccd04ae01b7\"},\"headline\":\"Buscan 20 mujeres para ser profesoras de autodefensa\",\"datePublished\":\"2023-03-09T10:06:53+00:00\",\"mainEntityOfPage\":{\"@id\":\"https:\\\/\\\/www.eldiario.net\\\/portal\\\/2023\\\/03\\\/09\\\/buscan-20-mujeres-para-ser-profesoras-de-autodefensa\\\/\"},\"wordCount\":246,\"publisher\":{\"@id\":\"https:\\\/\\\/www.eldiario.net\\\/portal\\\/#organization\"},\"image\":{\"@id\":\"https:\\\/\\\/www.eldiario.net\\\/portal\\\/2023\\\/03\\\/09\\\/buscan-20-mujeres-para-ser-profesoras-de-autodefensa\\\/#primaryimage\"},\"thumbnailUrl\":\"\",\"articleSection\":[\"Nacional\"],\"inLanguage\":\"es\"},{\"@type\":\"WebPage\",\"@id\":\"https:\\\/\\\/www.eldiario.net\\\/portal\\\/2023\\\/03\\\/09\\\/buscan-20-mujeres-para-ser-profesoras-de-autodefensa\\\/\",\"url\":\"https:\\\/\\\/www.eldiario.net\\\/portal\\\/2023\\\/03\\\/09\\\/buscan-20-mujeres-para-ser-profesoras-de-autodefensa\\\/\",\"name\":\"Buscan 20 mujeres para ser profesoras de autodefensa - El Diario - Bolivia\",\"isPartOf\":{\"@id\":\"https:\\\/\\\/www.eldiario.net\\\/portal\\\/#website\"},\"primaryImageOfPage\":{\"@id\":\"https:\\\/\\\/www.eldiario.net\\\/portal\\\/2023\\\/03\\\/09\\\/buscan-20-mujeres-para-ser-profesoras-de-autodefensa\\\/#primaryimage\"},\"image\":{\"@id\":\"https:\\\/\\\/www.eldiario.net\\\/portal\\\/2023\\\/03\\\/09\\\/buscan-20-mujeres-para-ser-profesoras-de-autodefensa\\\/#primaryimage\"},\"thumbnailUrl\":\"\",\"datePublished\":\"2023-03-09T10:06:53+00:00\",\"breadcrumb\":{\"@id\":\"https:\\\/\\\/www.eldiario.net\\\/portal\\\/2023\\\/03\\\/09\\\/buscan-20-mujeres-para-ser-profesoras-de-autodefensa\\\/#breadcrumb\"},\"inLanguage\":\"es\",\"potentialAction\":[{\"@type\":\"ReadAction\",\"target\":[\"https:\\\/\\\/www.eldiario.net\\\/portal\\\/2023\\\/03\\\/09\\\/buscan-20-mujeres-para-ser-profesoras-de-autodefensa\\\/\"]}]},{\"@type\":\"ImageObject\",\"inLanguage\":\"es\",\"@id\":\"https:\\\/\\\/www.eldiario.net\\\/portal\\\/2023\\\/03\\\/09\\\/buscan-20-mujeres-para-ser-profesoras-de-autodefensa\\\/#primaryimage\",\"url\":\"\",\"contentUrl\":\"\"},{\"@type\":\"BreadcrumbList\",\"@id\":\"https:\\\/\\\/www.eldiario.net\\\/portal\\\/2023\\\/03\\\/09\\\/buscan-20-mujeres-para-ser-profesoras-de-autodefensa\\\/#breadcrumb\",\"itemListElement\":[{\"@type\":\"ListItem\",\"position\":1,\"name\":\"Portada\",\"item\":\"https:\\\/\\\/www.eldiario.net\\\/portal\\\/\"},{\"@type\":\"ListItem\",\"position\":2,\"name\":\"Buscan 20 mujeres para ser profesoras de autodefensa\"}]},{\"@type\":\"WebSite\",\"@id\":\"https:\\\/\\\/www.eldiario.net\\\/portal\\\/#website\",\"url\":\"https:\\\/\\\/www.eldiario.net\\\/portal\\\/\",\"name\":\"El Diario - Decano de la prensa nacional\",\"description\":\"El Diario - Decano de la prensa nacional\",\"publisher\":{\"@id\":\"https:\\\/\\\/www.eldiario.net\\\/portal\\\/#organization\"},\"potentialAction\":[{\"@type\":\"SearchAction\",\"target\":{\"@type\":\"EntryPoint\",\"urlTemplate\":\"https:\\\/\\\/www.eldiario.net\\\/portal\\\/?s={search_term_string}\"},\"query-input\":{\"@type\":\"PropertyValueSpecification\",\"valueRequired\":true,\"valueName\":\"search_term_string\"}}],\"inLanguage\":\"es\"},{\"@type\":\"Organization\",\"@id\":\"https:\\\/\\\/www.eldiario.net\\\/portal\\\/#organization\",\"name\":\"El Diario - Decano de la prensa nacional\",\"url\":\"https:\\\/\\\/www.eldiario.net\\\/portal\\\/\",\"logo\":{\"@type\":\"ImageObject\",\"inLanguage\":\"es\",\"@id\":\"https:\\\/\\\/www.eldiario.net\\\/portal\\\/#\\\/schema\\\/logo\\\/image\\\/\",\"url\":\"https:\\\/\\\/www.eldiario.net\\\/portal\\\/wp-content\\\/uploads\\\/2023\\\/07\\\/logo_ED.jpg\",\"contentUrl\":\"https:\\\/\\\/www.eldiario.net\\\/portal\\\/wp-content\\\/uploads\\\/2023\\\/07\\\/logo_ED.jpg\",\"width\":272,\"height\":52,\"caption\":\"El Diario - Decano de la prensa nacional\"},\"image\":{\"@id\":\"https:\\\/\\\/www.eldiario.net\\\/portal\\\/#\\\/schema\\\/logo\\\/image\\\/\"},\"sameAs\":[\"https:\\\/\\\/www.facebook.com\\\/eldiario.bolivia\\\/\",\"https:\\\/\\\/x.com\\\/eldiario_net\"]},{\"@type\":\"Person\",\"@id\":\"https:\\\/\\\/www.eldiario.net\\\/portal\\\/#\\\/schema\\\/person\\\/f46445640444750d7d753ccd04ae01b7\",\"name\":\"Jeanette\",\"image\":{\"@type\":\"ImageObject\",\"inLanguage\":\"es\",\"@id\":\"https:\\\/\\\/secure.gravatar.com\\\/avatar\\\/3ea2118a5f7dad2b7138b1187a6b7ee55f160b9968b66013c3a3ef39dd7e5798?s=96&d=mm&r=g\",\"url\":\"https:\\\/\\\/secure.gravatar.com\\\/avatar\\\/3ea2118a5f7dad2b7138b1187a6b7ee55f160b9968b66013c3a3ef39dd7e5798?s=96&d=mm&r=g\",\"contentUrl\":\"https:\\\/\\\/secure.gravatar.com\\\/avatar\\\/3ea2118a5f7dad2b7138b1187a6b7ee55f160b9968b66013c3a3ef39dd7e5798?s=96&d=mm&r=g\",\"caption\":\"Jeanette\"},\"sameAs\":[\"https:\\\/\\\/www.eldiario.net\\\/portal\"],\"url\":\"https:\\\/\\\/www.eldiario.net\\\/portal\\\/author\\\/jeanette\\\/\"}]}<\/script>\n<!-- \/ Yoast SEO plugin. -->","yoast_head_json":{"title":"Buscan 20 mujeres para ser profesoras de autodefensa - El Diario - Bolivia","robots":{"index":"index","follow":"follow","max-snippet":"max-snippet:-1","max-image-preview":"max-image-preview:large","max-video-preview":"max-video-preview:-1"},"canonical":"https:\/\/www.eldiario.net\/portal\/2023\/03\/09\/buscan-20-mujeres-para-ser-profesoras-de-autodefensa\/","og_locale":"es_ES","og_type":"article","og_title":"Buscan 20 mujeres para ser profesoras de autodefensa - El Diario - Bolivia","og_description":"La Escuela de Profesoras de Autodefensa Feminista, con el objetivo de formar en t\u00e9cnicas de autodefensa orientadas a precautelar la seguridad y la vida de una mujer y hacer frente a situaciones de acoso, intentos de secuestro y violaciones, entre otros, convoca a 20 damas a participar de los cursos cuya inscripci\u00f3n fenece este 20 [&hellip;]","og_url":"https:\/\/www.eldiario.net\/portal\/2023\/03\/09\/buscan-20-mujeres-para-ser-profesoras-de-autodefensa\/","og_site_name":"El Diario - Bolivia","article_publisher":"https:\/\/www.facebook.com\/eldiario.bolivia\/","article_published_time":"2023-03-09T10:06:53+00:00","author":"Jeanette","twitter_card":"summary_large_image","twitter_creator":"@eldiario_net","twitter_site":"@eldiario_net","twitter_misc":{"Escrito por":"Jeanette","Tiempo de lectura":"2 minutos"},"schema":{"@context":"https:\/\/schema.org","@graph":[{"@type":"Article","@id":"https:\/\/www.eldiario.net\/portal\/2023\/03\/09\/buscan-20-mujeres-para-ser-profesoras-de-autodefensa\/#article","isPartOf":{"@id":"https:\/\/www.eldiario.net\/portal\/2023\/03\/09\/buscan-20-mujeres-para-ser-profesoras-de-autodefensa\/"},"author":{"name":"Jeanette","@id":"https:\/\/www.eldiario.net\/portal\/#\/schema\/person\/f46445640444750d7d753ccd04ae01b7"},"headline":"Buscan 20 mujeres para ser profesoras de autodefensa","datePublished":"2023-03-09T10:06:53+00:00","mainEntityOfPage":{"@id":"https:\/\/www.eldiario.net\/portal\/2023\/03\/09\/buscan-20-mujeres-para-ser-profesoras-de-autodefensa\/"},"wordCount":246,"publisher":{"@id":"https:\/\/www.eldiario.net\/portal\/#organization"},"image":{"@id":"https:\/\/www.eldiario.net\/portal\/2023\/03\/09\/buscan-20-mujeres-para-ser-profesoras-de-autodefensa\/#primaryimage"},"thumbnailUrl":"","articleSection":["Nacional"],"inLanguage":"es"},{"@type":"WebPage","@id":"https:\/\/www.eldiario.net\/portal\/2023\/03\/09\/buscan-20-mujeres-para-ser-profesoras-de-autodefensa\/","url":"https:\/\/www.eldiario.net\/portal\/2023\/03\/09\/buscan-20-mujeres-para-ser-profesoras-de-autodefensa\/","name":"Buscan 20 mujeres para ser profesoras de autodefensa - El Diario - Bolivia","isPartOf":{"@id":"https:\/\/www.eldiario.net\/portal\/#website"},"primaryImageOfPage":{"@id":"https:\/\/www.eldiario.net\/portal\/2023\/03\/09\/buscan-20-mujeres-para-ser-profesoras-de-autodefensa\/#primaryimage"},"image":{"@id":"https:\/\/www.eldiario.net\/portal\/2023\/03\/09\/buscan-20-mujeres-para-ser-profesoras-de-autodefensa\/#primaryimage"},"thumbnailUrl":"","datePublished":"2023-03-09T10:06:53+00:00","breadcrumb":{"@id":"https:\/\/www.eldiario.net\/portal\/2023\/03\/09\/buscan-20-mujeres-para-ser-profesoras-de-autodefensa\/#breadcrumb"},"inLanguage":"es","potentialAction":[{"@type":"ReadAction","target":["https:\/\/www.eldiario.net\/portal\/2023\/03\/09\/buscan-20-mujeres-para-ser-profesoras-de-autodefensa\/"]}]},{"@type":"ImageObject","inLanguage":"es","@id":"https:\/\/www.eldiario.net\/portal\/2023\/03\/09\/buscan-20-mujeres-para-ser-profesoras-de-autodefensa\/#primaryimage","url":"","contentUrl":""},{"@type":"BreadcrumbList","@id":"https:\/\/www.eldiario.net\/portal\/2023\/03\/09\/buscan-20-mujeres-para-ser-profesoras-de-autodefensa\/#breadcrumb","itemListElement":[{"@type":"ListItem","position":1,"name":"Portada","item":"https:\/\/www.eldiario.net\/portal\/"},{"@type":"ListItem","position":2,"name":"Buscan 20 mujeres para ser profesoras de autodefensa"}]},{"@type":"WebSite","@id":"https:\/\/www.eldiario.net\/portal\/#website","url":"https:\/\/www.eldiario.net\/portal\/","name":"El Diario - Decano de la prensa nacional","description":"El Diario - Decano de la prensa nacional","publisher":{"@id":"https:\/\/www.eldiario.net\/portal\/#organization"},"potentialAction":[{"@type":"SearchAction","target":{"@type":"EntryPoint","urlTemplate":"https:\/\/www.eldiario.net\/portal\/?s={search_term_string}"},"query-input":{"@type":"PropertyValueSpecification","valueRequired":true,"valueName":"search_term_string"}}],"inLanguage":"es"},{"@type":"Organization","@id":"https:\/\/www.eldiario.net\/portal\/#organization","name":"El Diario - Decano de la prensa nacional","url":"https:\/\/www.eldiario.net\/portal\/","logo":{"@type":"ImageObject","inLanguage":"es","@id":"https:\/\/www.eldiario.net\/portal\/#\/schema\/logo\/image\/","url":"https:\/\/www.eldiario.net\/portal\/wp-content\/uploads\/2023\/07\/logo_ED.jpg","contentUrl":"https:\/\/www.eldiario.net\/portal\/wp-content\/uploads\/2023\/07\/logo_ED.jpg","width":272,"height":52,"caption":"El Diario - Decano de la prensa nacional"},"image":{"@id":"https:\/\/www.eldiario.net\/portal\/#\/schema\/logo\/image\/"},"sameAs":["https:\/\/www.facebook.com\/eldiario.bolivia\/","https:\/\/x.com\/eldiario_net"]},{"@type":"Person","@id":"https:\/\/www.eldiario.net\/portal\/#\/schema\/person\/f46445640444750d7d753ccd04ae01b7","name":"Jeanette","image":{"@type":"ImageObject","inLanguage":"es","@id":"https:\/\/secure.gravatar.com\/avatar\/3ea2118a5f7dad2b7138b1187a6b7ee55f160b9968b66013c3a3ef39dd7e5798?s=96&d=mm&r=g","url":"https:\/\/secure.gravatar.com\/avatar\/3ea2118a5f7dad2b7138b1187a6b7ee55f160b9968b66013c3a3ef39dd7e5798?s=96&d=mm&r=g","contentUrl":"https:\/\/secure.gravatar.com\/avatar\/3ea2118a5f7dad2b7138b1187a6b7ee55f160b9968b66013c3a3ef39dd7e5798?s=96&d=mm&r=g","caption":"Jeanette"},"sameAs":["https:\/\/www.eldiario.net\/portal"],"url":"https:\/\/www.eldiario.net\/portal\/author\/jeanette\/"}]}},"_links":{"self":[{"href":"https:\/\/www.eldiario.net\/portal\/wp-json\/wp\/v2\/posts\/142132","targetHints":{"allow":["GET"]}}],"collection":[{"href":"https:\/\/www.eldiario.net\/portal\/wp-json\/wp\/v2\/posts"}],"about":[{"href":"https:\/\/www.eldiario.net\/portal\/wp-json\/wp\/v2\/types\/post"}],"author":[{"embeddable":true,"href":"https:\/\/www.eldiario.net\/portal\/wp-json\/wp\/v2\/users\/1"}],"replies":[{"embeddable":true,"href":"https:\/\/www.eldiario.net\/portal\/wp-json\/wp\/v2\/comments?post=142132"}],"version-history":[{"count":0,"href":"https:\/\/www.eldiario.net\/portal\/wp-json\/wp\/v2\/posts\/142132\/revisions"}],"wp:attachment":[{"href":"https:\/\/www.eldiario.net\/portal\/wp-json\/wp\/v2\/media?parent=142132"}],"wp:term":[{"taxonomy":"category","embeddable":true,"href":"https:\/\/www.eldiario.net\/portal\/wp-json\/wp\/v2\/categories?post=142132"},{"taxonomy":"post_tag","embeddable":true,"href":"https:\/\/www.eldiario.net\/portal\/wp-json\/wp\/v2\/tags?post=142132"}],"curies":[{"name":"wp","href":"https:\/\/api.w.org\/{rel}","templated":true}]}}