{"id":142129,"date":"2023-03-09T06:06:07","date_gmt":"2023-03-09T10:06:07","guid":{"rendered":"https:\/\/www.eldiario.net\/portal\/?p=142129"},"modified":"2023-03-09T06:06:07","modified_gmt":"2023-03-09T10:06:07","slug":"vecinos-de-15-zonas-y-planes-del-distrito-1-de-el-alto-seran-iluminadas","status":"publish","type":"post","link":"https:\/\/www.eldiario.net\/portal\/2023\/03\/09\/vecinos-de-15-zonas-y-planes-del-distrito-1-de-el-alto-seran-iluminadas\/","title":{"rendered":"Vecinos de 15 zonas y planes del  Distrito 1 de El Alto ser\u00e1n iluminadas"},"content":{"rendered":"<p>Con inversi\u00f3n de Bs 1.4 millones, vecinos de 15 zonas y planes del Distrito 1 de El Alto recibieron un lote de luminarias LED para el alumbrado p\u00fablico. Con esta implementaci\u00f3n se espera fortalecer la seguridad ciudadana de ese sector de la urbe alte\u00f1a. Autoridades anunciaron que se tiene previsto la dotaci\u00f3n de m\u00e1s equipamiento para una segunda fase.<\/p>\n<p>\u201cVamos a dar ese salto a la modernidad, porque vamos a tener luminarias LED y vamos a ahorrar energ\u00eda\u201d, indic\u00f3 la alcaldesa de El Alto, Eva Copa, durante la entrega del apoyo.<\/p>\n<p>Con el nuevo alumbrado p\u00fablico se apunta a reforzar la seguridad ciudadana. El lote entregado corresponde a una primera fase y para la siguiente hay Bs 900.000 de inversi\u00f3n para beneficiar a otras seis zonas.<\/p>\n<p>Copa asegur\u00f3 que la comuna alte\u00f1a fiscalizar\u00e1 el correcto uso de las luminarias y adelant\u00f3 que para el tercer ajustado del Plan Operativo Anual (POA) habr\u00e1 a disposici\u00f3n otros Bs 1,5 millones para m\u00e1s equipos LED.<\/p>\n<p>Explic\u00f3 que se destinar\u00e1 entre Bs 4 y 5 millones para maquinaria pesada y la plaza del Tinku es el objetivo para las mejoras del ornato p\u00fablico. \u201cTiene que estar moderna, bonita; esperemos poder hacerlo\u201d, sostuvo la mun\u00edcipe alte\u00f1a.<\/p>\n<p>En la ocasi\u00f3n, la burgomaestre exhort\u00f3 a dirigentes y vecinos a \u201climar asperezas\u201d y \u201cdejar de lado los intereses personales\u201d.<\/p>\n<p>\u201cEstos problemas obstaculizan la gesti\u00f3n, si nosotros no nos sentamos y limamos asperezas, no vamos a llegar a nada, porque todos tenemos el objetivo de ver crecer a la ciudad de El Alto. Basta de gritar, aludir e insultar, porque se hacen da\u00f1o\u201d, manifest\u00f3.<\/p>\n<p>&nbsp;<\/p>\n","protected":false},"excerpt":{"rendered":"<p>Con inversi\u00f3n de Bs 1.4 millones, vecinos de 15 zonas y planes del Distrito 1 de El Alto recibieron un lote de luminarias LED para el alumbrado p\u00fablico. Con esta implementaci\u00f3n se espera fortalecer la seguridad ciudadana de ese sector de la urbe alte\u00f1a. Autoridades anunciaron que se tiene previsto la dotaci\u00f3n de m\u00e1s equipamiento [&hellip;]<\/p>\n","protected":false},"author":1,"featured_media":142130,"comment_status":"closed","ping_status":"closed","sticky":false,"template":"","format":"standard","meta":{"_acf_changed":false,"footnotes":""},"categories":[12],"tags":[],"class_list":["post-142129","post","type-post","status-publish","format-standard","has-post-thumbnail","category-nacional"],"acf":{"antetitulo":""},"yoast_head":"<!-- This site is optimized with the Yoast SEO plugin v28.4 - https:\/\/yoast.com\/product\/yoast-seo-wordpress\/ -->\n<title>Vecinos de 15 zonas y planes del Distrito 1 de El Alto ser\u00e1n iluminadas - El Diario - Bolivia<\/title>\n<meta name=\"robots\" content=\"index, follow, max-snippet:-1, max-image-preview:large, max-video-preview:-1\" \/>\n<link rel=\"canonical\" href=\"https:\/\/www.eldiario.net\/portal\/2023\/03\/09\/vecinos-de-15-zonas-y-planes-del-distrito-1-de-el-alto-seran-iluminadas\/\" \/>\n<meta property=\"og:locale\" content=\"es_ES\" \/>\n<meta property=\"og:type\" content=\"article\" \/>\n<meta property=\"og:title\" content=\"Vecinos de 15 zonas y planes del Distrito 1 de El Alto ser\u00e1n iluminadas - El Diario - Bolivia\" \/>\n<meta property=\"og:description\" content=\"Con inversi\u00f3n de Bs 1.4 millones, vecinos de 15 zonas y planes del Distrito 1 de El Alto recibieron un lote de luminarias LED para el alumbrado p\u00fablico. Con esta implementaci\u00f3n se espera fortalecer la seguridad ciudadana de ese sector de la urbe alte\u00f1a. Autoridades anunciaron que se tiene previsto la dotaci\u00f3n de m\u00e1s equipamiento [&hellip;]\" \/>\n<meta property=\"og:url\" content=\"https:\/\/www.eldiario.net\/portal\/2023\/03\/09\/vecinos-de-15-zonas-y-planes-del-distrito-1-de-el-alto-seran-iluminadas\/\" \/>\n<meta property=\"og:site_name\" content=\"El Diario - Bolivia\" \/>\n<meta property=\"article:publisher\" content=\"https:\/\/www.facebook.com\/eldiario.bolivia\/\" \/>\n<meta property=\"article:published_time\" content=\"2023-03-09T10:06:07+00:00\" \/>\n<meta name=\"author\" content=\"Jeanette\" \/>\n<meta name=\"twitter:card\" content=\"summary_large_image\" \/>\n<meta name=\"twitter:creator\" content=\"@eldiario_net\" \/>\n<meta name=\"twitter:site\" content=\"@eldiario_net\" \/>\n<meta name=\"twitter:label1\" content=\"Escrito por\" \/>\n\t<meta name=\"twitter:data1\" content=\"Jeanette\" \/>\n\t<meta name=\"twitter:label2\" content=\"Tiempo de lectura\" \/>\n\t<meta name=\"twitter:data2\" content=\"2 minutos\" \/>\n<script type=\"application\/ld+json\" class=\"yoast-schema-graph\">{\"@context\":\"https:\\\/\\\/schema.org\",\"@graph\":[{\"@type\":\"Article\",\"@id\":\"https:\\\/\\\/www.eldiario.net\\\/portal\\\/2023\\\/03\\\/09\\\/vecinos-de-15-zonas-y-planes-del-distrito-1-de-el-alto-seran-iluminadas\\\/#article\",\"isPartOf\":{\"@id\":\"https:\\\/\\\/www.eldiario.net\\\/portal\\\/2023\\\/03\\\/09\\\/vecinos-de-15-zonas-y-planes-del-distrito-1-de-el-alto-seran-iluminadas\\\/\"},\"author\":{\"name\":\"Jeanette\",\"@id\":\"https:\\\/\\\/www.eldiario.net\\\/portal\\\/#\\\/schema\\\/person\\\/f46445640444750d7d753ccd04ae01b7\"},\"headline\":\"Vecinos de 15 zonas y planes del Distrito 1 de El Alto ser\u00e1n iluminadas\",\"datePublished\":\"2023-03-09T10:06:07+00:00\",\"mainEntityOfPage\":{\"@id\":\"https:\\\/\\\/www.eldiario.net\\\/portal\\\/2023\\\/03\\\/09\\\/vecinos-de-15-zonas-y-planes-del-distrito-1-de-el-alto-seran-iluminadas\\\/\"},\"wordCount\":290,\"publisher\":{\"@id\":\"https:\\\/\\\/www.eldiario.net\\\/portal\\\/#organization\"},\"image\":{\"@id\":\"https:\\\/\\\/www.eldiario.net\\\/portal\\\/2023\\\/03\\\/09\\\/vecinos-de-15-zonas-y-planes-del-distrito-1-de-el-alto-seran-iluminadas\\\/#primaryimage\"},\"thumbnailUrl\":\"\",\"articleSection\":[\"Nacional\"],\"inLanguage\":\"es\"},{\"@type\":\"WebPage\",\"@id\":\"https:\\\/\\\/www.eldiario.net\\\/portal\\\/2023\\\/03\\\/09\\\/vecinos-de-15-zonas-y-planes-del-distrito-1-de-el-alto-seran-iluminadas\\\/\",\"url\":\"https:\\\/\\\/www.eldiario.net\\\/portal\\\/2023\\\/03\\\/09\\\/vecinos-de-15-zonas-y-planes-del-distrito-1-de-el-alto-seran-iluminadas\\\/\",\"name\":\"Vecinos de 15 zonas y planes del Distrito 1 de El Alto ser\u00e1n iluminadas - El Diario - Bolivia\",\"isPartOf\":{\"@id\":\"https:\\\/\\\/www.eldiario.net\\\/portal\\\/#website\"},\"primaryImageOfPage\":{\"@id\":\"https:\\\/\\\/www.eldiario.net\\\/portal\\\/2023\\\/03\\\/09\\\/vecinos-de-15-zonas-y-planes-del-distrito-1-de-el-alto-seran-iluminadas\\\/#primaryimage\"},\"image\":{\"@id\":\"https:\\\/\\\/www.eldiario.net\\\/portal\\\/2023\\\/03\\\/09\\\/vecinos-de-15-zonas-y-planes-del-distrito-1-de-el-alto-seran-iluminadas\\\/#primaryimage\"},\"thumbnailUrl\":\"\",\"datePublished\":\"2023-03-09T10:06:07+00:00\",\"breadcrumb\":{\"@id\":\"https:\\\/\\\/www.eldiario.net\\\/portal\\\/2023\\\/03\\\/09\\\/vecinos-de-15-zonas-y-planes-del-distrito-1-de-el-alto-seran-iluminadas\\\/#breadcrumb\"},\"inLanguage\":\"es\",\"potentialAction\":[{\"@type\":\"ReadAction\",\"target\":[\"https:\\\/\\\/www.eldiario.net\\\/portal\\\/2023\\\/03\\\/09\\\/vecinos-de-15-zonas-y-planes-del-distrito-1-de-el-alto-seran-iluminadas\\\/\"]}]},{\"@type\":\"ImageObject\",\"inLanguage\":\"es\",\"@id\":\"https:\\\/\\\/www.eldiario.net\\\/portal\\\/2023\\\/03\\\/09\\\/vecinos-de-15-zonas-y-planes-del-distrito-1-de-el-alto-seran-iluminadas\\\/#primaryimage\",\"url\":\"\",\"contentUrl\":\"\"},{\"@type\":\"BreadcrumbList\",\"@id\":\"https:\\\/\\\/www.eldiario.net\\\/portal\\\/2023\\\/03\\\/09\\\/vecinos-de-15-zonas-y-planes-del-distrito-1-de-el-alto-seran-iluminadas\\\/#breadcrumb\",\"itemListElement\":[{\"@type\":\"ListItem\",\"position\":1,\"name\":\"Portada\",\"item\":\"https:\\\/\\\/www.eldiario.net\\\/portal\\\/\"},{\"@type\":\"ListItem\",\"position\":2,\"name\":\"Vecinos de 15 zonas y planes del Distrito 1 de El Alto ser\u00e1n iluminadas\"}]},{\"@type\":\"WebSite\",\"@id\":\"https:\\\/\\\/www.eldiario.net\\\/portal\\\/#website\",\"url\":\"https:\\\/\\\/www.eldiario.net\\\/portal\\\/\",\"name\":\"El Diario - Decano de la prensa nacional\",\"description\":\"El Diario - Decano de la prensa nacional\",\"publisher\":{\"@id\":\"https:\\\/\\\/www.eldiario.net\\\/portal\\\/#organization\"},\"potentialAction\":[{\"@type\":\"SearchAction\",\"target\":{\"@type\":\"EntryPoint\",\"urlTemplate\":\"https:\\\/\\\/www.eldiario.net\\\/portal\\\/?s={search_term_string}\"},\"query-input\":{\"@type\":\"PropertyValueSpecification\",\"valueRequired\":true,\"valueName\":\"search_term_string\"}}],\"inLanguage\":\"es\"},{\"@type\":\"Organization\",\"@id\":\"https:\\\/\\\/www.eldiario.net\\\/portal\\\/#organization\",\"name\":\"El Diario - Decano de la prensa nacional\",\"url\":\"https:\\\/\\\/www.eldiario.net\\\/portal\\\/\",\"logo\":{\"@type\":\"ImageObject\",\"inLanguage\":\"es\",\"@id\":\"https:\\\/\\\/www.eldiario.net\\\/portal\\\/#\\\/schema\\\/logo\\\/image\\\/\",\"url\":\"https:\\\/\\\/www.eldiario.net\\\/portal\\\/wp-content\\\/uploads\\\/2023\\\/07\\\/logo_ED.jpg\",\"contentUrl\":\"https:\\\/\\\/www.eldiario.net\\\/portal\\\/wp-content\\\/uploads\\\/2023\\\/07\\\/logo_ED.jpg\",\"width\":272,\"height\":52,\"caption\":\"El Diario - Decano de la prensa nacional\"},\"image\":{\"@id\":\"https:\\\/\\\/www.eldiario.net\\\/portal\\\/#\\\/schema\\\/logo\\\/image\\\/\"},\"sameAs\":[\"https:\\\/\\\/www.facebook.com\\\/eldiario.bolivia\\\/\",\"https:\\\/\\\/x.com\\\/eldiario_net\"]},{\"@type\":\"Person\",\"@id\":\"https:\\\/\\\/www.eldiario.net\\\/portal\\\/#\\\/schema\\\/person\\\/f46445640444750d7d753ccd04ae01b7\",\"name\":\"Jeanette\",\"image\":{\"@type\":\"ImageObject\",\"inLanguage\":\"es\",\"@id\":\"https:\\\/\\\/secure.gravatar.com\\\/avatar\\\/3ea2118a5f7dad2b7138b1187a6b7ee55f160b9968b66013c3a3ef39dd7e5798?s=96&d=mm&r=g\",\"url\":\"https:\\\/\\\/secure.gravatar.com\\\/avatar\\\/3ea2118a5f7dad2b7138b1187a6b7ee55f160b9968b66013c3a3ef39dd7e5798?s=96&d=mm&r=g\",\"contentUrl\":\"https:\\\/\\\/secure.gravatar.com\\\/avatar\\\/3ea2118a5f7dad2b7138b1187a6b7ee55f160b9968b66013c3a3ef39dd7e5798?s=96&d=mm&r=g\",\"caption\":\"Jeanette\"},\"sameAs\":[\"https:\\\/\\\/www.eldiario.net\\\/portal\"],\"url\":\"https:\\\/\\\/www.eldiario.net\\\/portal\\\/author\\\/jeanette\\\/\"}]}<\/script>\n<!-- \/ Yoast SEO plugin. -->","yoast_head_json":{"title":"Vecinos de 15 zonas y planes del Distrito 1 de El Alto ser\u00e1n iluminadas - El Diario - Bolivia","robots":{"index":"index","follow":"follow","max-snippet":"max-snippet:-1","max-image-preview":"max-image-preview:large","max-video-preview":"max-video-preview:-1"},"canonical":"https:\/\/www.eldiario.net\/portal\/2023\/03\/09\/vecinos-de-15-zonas-y-planes-del-distrito-1-de-el-alto-seran-iluminadas\/","og_locale":"es_ES","og_type":"article","og_title":"Vecinos de 15 zonas y planes del Distrito 1 de El Alto ser\u00e1n iluminadas - El Diario - Bolivia","og_description":"Con inversi\u00f3n de Bs 1.4 millones, vecinos de 15 zonas y planes del Distrito 1 de El Alto recibieron un lote de luminarias LED para el alumbrado p\u00fablico. Con esta implementaci\u00f3n se espera fortalecer la seguridad ciudadana de ese sector de la urbe alte\u00f1a. Autoridades anunciaron que se tiene previsto la dotaci\u00f3n de m\u00e1s equipamiento [&hellip;]","og_url":"https:\/\/www.eldiario.net\/portal\/2023\/03\/09\/vecinos-de-15-zonas-y-planes-del-distrito-1-de-el-alto-seran-iluminadas\/","og_site_name":"El Diario - Bolivia","article_publisher":"https:\/\/www.facebook.com\/eldiario.bolivia\/","article_published_time":"2023-03-09T10:06:07+00:00","author":"Jeanette","twitter_card":"summary_large_image","twitter_creator":"@eldiario_net","twitter_site":"@eldiario_net","twitter_misc":{"Escrito por":"Jeanette","Tiempo de lectura":"2 minutos"},"schema":{"@context":"https:\/\/schema.org","@graph":[{"@type":"Article","@id":"https:\/\/www.eldiario.net\/portal\/2023\/03\/09\/vecinos-de-15-zonas-y-planes-del-distrito-1-de-el-alto-seran-iluminadas\/#article","isPartOf":{"@id":"https:\/\/www.eldiario.net\/portal\/2023\/03\/09\/vecinos-de-15-zonas-y-planes-del-distrito-1-de-el-alto-seran-iluminadas\/"},"author":{"name":"Jeanette","@id":"https:\/\/www.eldiario.net\/portal\/#\/schema\/person\/f46445640444750d7d753ccd04ae01b7"},"headline":"Vecinos de 15 zonas y planes del Distrito 1 de El Alto ser\u00e1n iluminadas","datePublished":"2023-03-09T10:06:07+00:00","mainEntityOfPage":{"@id":"https:\/\/www.eldiario.net\/portal\/2023\/03\/09\/vecinos-de-15-zonas-y-planes-del-distrito-1-de-el-alto-seran-iluminadas\/"},"wordCount":290,"publisher":{"@id":"https:\/\/www.eldiario.net\/portal\/#organization"},"image":{"@id":"https:\/\/www.eldiario.net\/portal\/2023\/03\/09\/vecinos-de-15-zonas-y-planes-del-distrito-1-de-el-alto-seran-iluminadas\/#primaryimage"},"thumbnailUrl":"","articleSection":["Nacional"],"inLanguage":"es"},{"@type":"WebPage","@id":"https:\/\/www.eldiario.net\/portal\/2023\/03\/09\/vecinos-de-15-zonas-y-planes-del-distrito-1-de-el-alto-seran-iluminadas\/","url":"https:\/\/www.eldiario.net\/portal\/2023\/03\/09\/vecinos-de-15-zonas-y-planes-del-distrito-1-de-el-alto-seran-iluminadas\/","name":"Vecinos de 15 zonas y planes del Distrito 1 de El Alto ser\u00e1n iluminadas - El Diario - Bolivia","isPartOf":{"@id":"https:\/\/www.eldiario.net\/portal\/#website"},"primaryImageOfPage":{"@id":"https:\/\/www.eldiario.net\/portal\/2023\/03\/09\/vecinos-de-15-zonas-y-planes-del-distrito-1-de-el-alto-seran-iluminadas\/#primaryimage"},"image":{"@id":"https:\/\/www.eldiario.net\/portal\/2023\/03\/09\/vecinos-de-15-zonas-y-planes-del-distrito-1-de-el-alto-seran-iluminadas\/#primaryimage"},"thumbnailUrl":"","datePublished":"2023-03-09T10:06:07+00:00","breadcrumb":{"@id":"https:\/\/www.eldiario.net\/portal\/2023\/03\/09\/vecinos-de-15-zonas-y-planes-del-distrito-1-de-el-alto-seran-iluminadas\/#breadcrumb"},"inLanguage":"es","potentialAction":[{"@type":"ReadAction","target":["https:\/\/www.eldiario.net\/portal\/2023\/03\/09\/vecinos-de-15-zonas-y-planes-del-distrito-1-de-el-alto-seran-iluminadas\/"]}]},{"@type":"ImageObject","inLanguage":"es","@id":"https:\/\/www.eldiario.net\/portal\/2023\/03\/09\/vecinos-de-15-zonas-y-planes-del-distrito-1-de-el-alto-seran-iluminadas\/#primaryimage","url":"","contentUrl":""},{"@type":"BreadcrumbList","@id":"https:\/\/www.eldiario.net\/portal\/2023\/03\/09\/vecinos-de-15-zonas-y-planes-del-distrito-1-de-el-alto-seran-iluminadas\/#breadcrumb","itemListElement":[{"@type":"ListItem","position":1,"name":"Portada","item":"https:\/\/www.eldiario.net\/portal\/"},{"@type":"ListItem","position":2,"name":"Vecinos de 15 zonas y planes del Distrito 1 de El Alto ser\u00e1n iluminadas"}]},{"@type":"WebSite","@id":"https:\/\/www.eldiario.net\/portal\/#website","url":"https:\/\/www.eldiario.net\/portal\/","name":"El Diario - Decano de la prensa nacional","description":"El Diario - Decano de la prensa nacional","publisher":{"@id":"https:\/\/www.eldiario.net\/portal\/#organization"},"potentialAction":[{"@type":"SearchAction","target":{"@type":"EntryPoint","urlTemplate":"https:\/\/www.eldiario.net\/portal\/?s={search_term_string}"},"query-input":{"@type":"PropertyValueSpecification","valueRequired":true,"valueName":"search_term_string"}}],"inLanguage":"es"},{"@type":"Organization","@id":"https:\/\/www.eldiario.net\/portal\/#organization","name":"El Diario - Decano de la prensa nacional","url":"https:\/\/www.eldiario.net\/portal\/","logo":{"@type":"ImageObject","inLanguage":"es","@id":"https:\/\/www.eldiario.net\/portal\/#\/schema\/logo\/image\/","url":"https:\/\/www.eldiario.net\/portal\/wp-content\/uploads\/2023\/07\/logo_ED.jpg","contentUrl":"https:\/\/www.eldiario.net\/portal\/wp-content\/uploads\/2023\/07\/logo_ED.jpg","width":272,"height":52,"caption":"El Diario - Decano de la prensa nacional"},"image":{"@id":"https:\/\/www.eldiario.net\/portal\/#\/schema\/logo\/image\/"},"sameAs":["https:\/\/www.facebook.com\/eldiario.bolivia\/","https:\/\/x.com\/eldiario_net"]},{"@type":"Person","@id":"https:\/\/www.eldiario.net\/portal\/#\/schema\/person\/f46445640444750d7d753ccd04ae01b7","name":"Jeanette","image":{"@type":"ImageObject","inLanguage":"es","@id":"https:\/\/secure.gravatar.com\/avatar\/3ea2118a5f7dad2b7138b1187a6b7ee55f160b9968b66013c3a3ef39dd7e5798?s=96&d=mm&r=g","url":"https:\/\/secure.gravatar.com\/avatar\/3ea2118a5f7dad2b7138b1187a6b7ee55f160b9968b66013c3a3ef39dd7e5798?s=96&d=mm&r=g","contentUrl":"https:\/\/secure.gravatar.com\/avatar\/3ea2118a5f7dad2b7138b1187a6b7ee55f160b9968b66013c3a3ef39dd7e5798?s=96&d=mm&r=g","caption":"Jeanette"},"sameAs":["https:\/\/www.eldiario.net\/portal"],"url":"https:\/\/www.eldiario.net\/portal\/author\/jeanette\/"}]}},"_links":{"self":[{"href":"https:\/\/www.eldiario.net\/portal\/wp-json\/wp\/v2\/posts\/142129","targetHints":{"allow":["GET"]}}],"collection":[{"href":"https:\/\/www.eldiario.net\/portal\/wp-json\/wp\/v2\/posts"}],"about":[{"href":"https:\/\/www.eldiario.net\/portal\/wp-json\/wp\/v2\/types\/post"}],"author":[{"embeddable":true,"href":"https:\/\/www.eldiario.net\/portal\/wp-json\/wp\/v2\/users\/1"}],"replies":[{"embeddable":true,"href":"https:\/\/www.eldiario.net\/portal\/wp-json\/wp\/v2\/comments?post=142129"}],"version-history":[{"count":0,"href":"https:\/\/www.eldiario.net\/portal\/wp-json\/wp\/v2\/posts\/142129\/revisions"}],"wp:attachment":[{"href":"https:\/\/www.eldiario.net\/portal\/wp-json\/wp\/v2\/media?parent=142129"}],"wp:term":[{"taxonomy":"category","embeddable":true,"href":"https:\/\/www.eldiario.net\/portal\/wp-json\/wp\/v2\/categories?post=142129"},{"taxonomy":"post_tag","embeddable":true,"href":"https:\/\/www.eldiario.net\/portal\/wp-json\/wp\/v2\/tags?post=142129"}],"curies":[{"name":"wp","href":"https:\/\/api.w.org\/{rel}","templated":true}]}}