{"id":142126,"date":"2023-03-09T06:05:07","date_gmt":"2023-03-09T10:05:07","guid":{"rendered":"https:\/\/www.eldiario.net\/portal\/?p=142126"},"modified":"2023-03-09T06:05:07","modified_gmt":"2023-03-09T10:05:07","slug":"tiroteo-y-muerte-en-intento-de-robo-en-aeropuerto-de-santiago-de-chile","status":"publish","type":"post","link":"https:\/\/www.eldiario.net\/portal\/2023\/03\/09\/tiroteo-y-muerte-en-intento-de-robo-en-aeropuerto-de-santiago-de-chile\/","title":{"rendered":"Tiroteo y muerte en intento de robo  en aeropuerto de Santiago de Chile"},"content":{"rendered":"<p>Un grupo de delincuentes en el Aeropuerto Internacional Arturo Merino Ben\u00edtez, el principal de Chile, protagoniz\u00f3 una balacera ayer, cuando intentaron robar un cami\u00f3n blindado de la empresa Brinks, que conten\u00eda 26 mil millones de pesos chilenos, unos 32 millones de d\u00f3lares.<\/p>\n<p>La v\u00edctima se trata de uno de los vigilantes de la Direcci\u00f3n General de Aeron\u00e1utica Civil (DGAC). Mientras que uno de los asaltantes result\u00f3 abatido.<\/p>\n<p>El intento de robo fue protagonizado al menos 12 delincuentes quienes encontraron resistencia por parte del personal de la Direcci\u00f3n General de Aeron\u00e1utica Civil quienes est\u00e1n a cargo de la seguridad del aeropuerto.<\/p>\n<p>Cuando los delincuentes intentaron huir del lugar dejaron cuatro veh\u00edculos quemados sobre la v\u00eda de escape.<\/p>\n<p>Las autoridades policiales confirmaron que no se pudieron llevar el dinero.<\/p>\n<p>Los asaltantes entraron a la terminal a\u00e9rea amenazando y golpeando a uno de los funcionarios de seguridad, al que le robaron su arma de fuego.<\/p>\n<p>Acto seguido los delincuentes tomaron tres camionetas para llevar a cabo el robo, pero no contaban con la r\u00e1pida reacci\u00f3n del personal de Aeron\u00e1utica Civil por lo que inici\u00f3 el intercambio de disparos.<\/p>\n<p>Ninguno de los trabajadores de la empresa Brink\u2019s result\u00f3 lastimado y posteriormente la empresa lament\u00f3 lo ocurrido y se\u00f1al\u00f3 en un comunicado que sus trabajadores \u201csiguieron todos los protocolos de seguridad ante el asalto y, afortunadamente, todos ellos salieron ilesos\u201d.<\/p>\n<p>\u201cCreemos que es urgente crear una mesa de trabajo p\u00fablico-privada que incluya directamente a las empresas de transporte de valores, que pueden contribuir con su experiencia en el levantamiento de riesgos y el dise\u00f1o de medidas que aumenten los niveles de seguridad, sobre todo, en beneficio de las personas\u201d, se\u00f1ala el comunicado.<\/p>\n<p>De acuerdo con informaci\u00f3n de medios locales, algunos aviones recibieron impactos de bala.<\/p>\n<p>PRESIDENTE DE CHILE<\/p>\n<p>Por su parte el presidente chileno, Gabriel Boric, se refiri\u00f3 a lo ocurrido en el aeropuerto de la capital del pa\u00eds, solidariz\u00e1ndose con los familiares de la v\u00edctima.<\/p>\n<p>\u201cQuiero por cierto solidarizar y mandarle un abrazo grande a la familia del funcionario de la DGAC\u201d, dijo el mandatario.<\/p>\n<p>\u201cPor qu\u00e9 hago menci\u00f3n de esto, porque sabemos que la seguridad es prioritaria para las chilenas y chilenos, y cuando existe inseguridad, todo el resto tambalea\u201d, apunt\u00f3 el presidente Boric.<\/p>\n<p>\u201cHoy estos dos asaltos se pudieron frustrar, pero con un costo muy alto, de vidas humanas\u201d, lament\u00f3.<\/p>\n<p>\u201cQuiero que sepan que nuestro Gobierno vamos a perseguir de manera incansable, con justicia y con toda la fuerza del derecho a la delincuencia y a quienes ponen en riesgo la vida de nuestros compatriotas\u201d, agreg\u00f3.<\/p>\n<p>\u201cEn esto quiero ser muy claro, a quienes hicieron del delito, la intimidaci\u00f3n, o del crimen organizado, un espacio desde donde creen que se puede surgir, est\u00e1n muy equivocados\u201d, dijo Boric.<\/p>\n<p>\u201cY nuestras carabineras, y tambi\u00e9n carabineros, por cierto, cuentan con todo nuestro respaldo para enfrentar este terrible mal que aqueja, no solo a nuestro pa\u00eds\u201d, sentenci\u00f3.<\/p>\n<p>Las encuestas ciudadanas llevan meses revelando una preocupante alza en la percepci\u00f3n de la inseguridad en la sociedad chilena.<\/p>\n<p>La fundaci\u00f3n Paz Ciudadana public\u00f3 en octubre pasado que el miedo de ser v\u00edctima de un delito creci\u00f3 un 7,6 %, alcanzando un 28 % a nivel nacional, la cifra m\u00e1s alta en 22 a\u00f1os. (Infobae)<\/p>\n","protected":false},"excerpt":{"rendered":"<p>Un grupo de delincuentes en el Aeropuerto Internacional Arturo Merino Ben\u00edtez, el principal de Chile, protagoniz\u00f3 una balacera ayer, cuando intentaron robar un cami\u00f3n blindado de la empresa Brinks, que conten\u00eda 26 mil millones de pesos chilenos, unos 32 millones de d\u00f3lares. La v\u00edctima se trata de uno de los vigilantes de la Direcci\u00f3n General [&hellip;]<\/p>\n","protected":false},"author":1,"featured_media":142127,"comment_status":"closed","ping_status":"closed","sticky":false,"template":"","format":"standard","meta":{"_acf_changed":false,"footnotes":""},"categories":[3],"tags":[],"class_list":["post-142126","post","type-post","status-publish","format-standard","has-post-thumbnail","category-internacional"],"acf":{"antetitulo":""},"yoast_head":"<!-- This site is optimized with the Yoast SEO plugin v28.4 - https:\/\/yoast.com\/product\/yoast-seo-wordpress\/ -->\n<title>Tiroteo y muerte en intento de robo en aeropuerto de Santiago de Chile - El Diario - Bolivia<\/title>\n<meta name=\"robots\" content=\"index, follow, max-snippet:-1, max-image-preview:large, max-video-preview:-1\" \/>\n<link rel=\"canonical\" href=\"https:\/\/www.eldiario.net\/portal\/2023\/03\/09\/tiroteo-y-muerte-en-intento-de-robo-en-aeropuerto-de-santiago-de-chile\/\" \/>\n<meta property=\"og:locale\" content=\"es_ES\" \/>\n<meta property=\"og:type\" content=\"article\" \/>\n<meta property=\"og:title\" content=\"Tiroteo y muerte en intento de robo en aeropuerto de Santiago de Chile - El Diario - Bolivia\" \/>\n<meta property=\"og:description\" content=\"Un grupo de delincuentes en el Aeropuerto Internacional Arturo Merino Ben\u00edtez, el principal de Chile, protagoniz\u00f3 una balacera ayer, cuando intentaron robar un cami\u00f3n blindado de la empresa Brinks, que conten\u00eda 26 mil millones de pesos chilenos, unos 32 millones de d\u00f3lares. La v\u00edctima se trata de uno de los vigilantes de la Direcci\u00f3n General [&hellip;]\" \/>\n<meta property=\"og:url\" content=\"https:\/\/www.eldiario.net\/portal\/2023\/03\/09\/tiroteo-y-muerte-en-intento-de-robo-en-aeropuerto-de-santiago-de-chile\/\" \/>\n<meta property=\"og:site_name\" content=\"El Diario - Bolivia\" \/>\n<meta property=\"article:publisher\" content=\"https:\/\/www.facebook.com\/eldiario.bolivia\/\" \/>\n<meta property=\"article:published_time\" content=\"2023-03-09T10:05:07+00:00\" \/>\n<meta property=\"og:image\" content=\"https:\/\/www.eldiario.net\/portal\/wp-content\/uploads\/2023\/03\/CHILE-FOTO.jpeg\" \/>\n\t<meta property=\"og:image:width\" content=\"1253\" \/>\n\t<meta property=\"og:image:height\" content=\"716\" \/>\n\t<meta property=\"og:image:type\" content=\"image\/jpeg\" \/>\n<meta name=\"author\" content=\"Jeanette\" \/>\n<meta name=\"twitter:card\" content=\"summary_large_image\" \/>\n<meta name=\"twitter:creator\" content=\"@eldiario_net\" \/>\n<meta name=\"twitter:site\" content=\"@eldiario_net\" \/>\n<meta name=\"twitter:label1\" content=\"Escrito por\" \/>\n\t<meta name=\"twitter:data1\" content=\"Jeanette\" \/>\n\t<meta name=\"twitter:label2\" content=\"Tiempo de lectura\" \/>\n\t<meta name=\"twitter:data2\" content=\"3 minutos\" \/>\n<script type=\"application\/ld+json\" class=\"yoast-schema-graph\">{\"@context\":\"https:\\\/\\\/schema.org\",\"@graph\":[{\"@type\":\"Article\",\"@id\":\"https:\\\/\\\/www.eldiario.net\\\/portal\\\/2023\\\/03\\\/09\\\/tiroteo-y-muerte-en-intento-de-robo-en-aeropuerto-de-santiago-de-chile\\\/#article\",\"isPartOf\":{\"@id\":\"https:\\\/\\\/www.eldiario.net\\\/portal\\\/2023\\\/03\\\/09\\\/tiroteo-y-muerte-en-intento-de-robo-en-aeropuerto-de-santiago-de-chile\\\/\"},\"author\":{\"name\":\"Jeanette\",\"@id\":\"https:\\\/\\\/www.eldiario.net\\\/portal\\\/#\\\/schema\\\/person\\\/f46445640444750d7d753ccd04ae01b7\"},\"headline\":\"Tiroteo y muerte en intento de robo en aeropuerto de Santiago de Chile\",\"datePublished\":\"2023-03-09T10:05:07+00:00\",\"mainEntityOfPage\":{\"@id\":\"https:\\\/\\\/www.eldiario.net\\\/portal\\\/2023\\\/03\\\/09\\\/tiroteo-y-muerte-en-intento-de-robo-en-aeropuerto-de-santiago-de-chile\\\/\"},\"wordCount\":576,\"publisher\":{\"@id\":\"https:\\\/\\\/www.eldiario.net\\\/portal\\\/#organization\"},\"image\":{\"@id\":\"https:\\\/\\\/www.eldiario.net\\\/portal\\\/2023\\\/03\\\/09\\\/tiroteo-y-muerte-en-intento-de-robo-en-aeropuerto-de-santiago-de-chile\\\/#primaryimage\"},\"thumbnailUrl\":\"https:\\\/\\\/www.eldiario.net\\\/portal\\\/wp-content\\\/uploads\\\/2023\\\/03\\\/CHILE-FOTO.jpeg\",\"articleSection\":[\"Internacional\"],\"inLanguage\":\"es\"},{\"@type\":\"WebPage\",\"@id\":\"https:\\\/\\\/www.eldiario.net\\\/portal\\\/2023\\\/03\\\/09\\\/tiroteo-y-muerte-en-intento-de-robo-en-aeropuerto-de-santiago-de-chile\\\/\",\"url\":\"https:\\\/\\\/www.eldiario.net\\\/portal\\\/2023\\\/03\\\/09\\\/tiroteo-y-muerte-en-intento-de-robo-en-aeropuerto-de-santiago-de-chile\\\/\",\"name\":\"Tiroteo y muerte en intento de robo en aeropuerto de Santiago de Chile - El Diario - Bolivia\",\"isPartOf\":{\"@id\":\"https:\\\/\\\/www.eldiario.net\\\/portal\\\/#website\"},\"primaryImageOfPage\":{\"@id\":\"https:\\\/\\\/www.eldiario.net\\\/portal\\\/2023\\\/03\\\/09\\\/tiroteo-y-muerte-en-intento-de-robo-en-aeropuerto-de-santiago-de-chile\\\/#primaryimage\"},\"image\":{\"@id\":\"https:\\\/\\\/www.eldiario.net\\\/portal\\\/2023\\\/03\\\/09\\\/tiroteo-y-muerte-en-intento-de-robo-en-aeropuerto-de-santiago-de-chile\\\/#primaryimage\"},\"thumbnailUrl\":\"https:\\\/\\\/www.eldiario.net\\\/portal\\\/wp-content\\\/uploads\\\/2023\\\/03\\\/CHILE-FOTO.jpeg\",\"datePublished\":\"2023-03-09T10:05:07+00:00\",\"breadcrumb\":{\"@id\":\"https:\\\/\\\/www.eldiario.net\\\/portal\\\/2023\\\/03\\\/09\\\/tiroteo-y-muerte-en-intento-de-robo-en-aeropuerto-de-santiago-de-chile\\\/#breadcrumb\"},\"inLanguage\":\"es\",\"potentialAction\":[{\"@type\":\"ReadAction\",\"target\":[\"https:\\\/\\\/www.eldiario.net\\\/portal\\\/2023\\\/03\\\/09\\\/tiroteo-y-muerte-en-intento-de-robo-en-aeropuerto-de-santiago-de-chile\\\/\"]}]},{\"@type\":\"ImageObject\",\"inLanguage\":\"es\",\"@id\":\"https:\\\/\\\/www.eldiario.net\\\/portal\\\/2023\\\/03\\\/09\\\/tiroteo-y-muerte-en-intento-de-robo-en-aeropuerto-de-santiago-de-chile\\\/#primaryimage\",\"url\":\"https:\\\/\\\/www.eldiario.net\\\/portal\\\/wp-content\\\/uploads\\\/2023\\\/03\\\/CHILE-FOTO.jpeg\",\"contentUrl\":\"https:\\\/\\\/www.eldiario.net\\\/portal\\\/wp-content\\\/uploads\\\/2023\\\/03\\\/CHILE-FOTO.jpeg\",\"width\":1253,\"height\":716,\"caption\":\"GUARDIA DEL AEROPUERTO ABATI\u00d3 A UNO DE LOS ASALTANTES FOTO: Infobae\"},{\"@type\":\"BreadcrumbList\",\"@id\":\"https:\\\/\\\/www.eldiario.net\\\/portal\\\/2023\\\/03\\\/09\\\/tiroteo-y-muerte-en-intento-de-robo-en-aeropuerto-de-santiago-de-chile\\\/#breadcrumb\",\"itemListElement\":[{\"@type\":\"ListItem\",\"position\":1,\"name\":\"Portada\",\"item\":\"https:\\\/\\\/www.eldiario.net\\\/portal\\\/\"},{\"@type\":\"ListItem\",\"position\":2,\"name\":\"Tiroteo y muerte en intento de robo en aeropuerto de Santiago de Chile\"}]},{\"@type\":\"WebSite\",\"@id\":\"https:\\\/\\\/www.eldiario.net\\\/portal\\\/#website\",\"url\":\"https:\\\/\\\/www.eldiario.net\\\/portal\\\/\",\"name\":\"El Diario - Decano de la prensa nacional\",\"description\":\"El Diario - Decano de la prensa nacional\",\"publisher\":{\"@id\":\"https:\\\/\\\/www.eldiario.net\\\/portal\\\/#organization\"},\"potentialAction\":[{\"@type\":\"SearchAction\",\"target\":{\"@type\":\"EntryPoint\",\"urlTemplate\":\"https:\\\/\\\/www.eldiario.net\\\/portal\\\/?s={search_term_string}\"},\"query-input\":{\"@type\":\"PropertyValueSpecification\",\"valueRequired\":true,\"valueName\":\"search_term_string\"}}],\"inLanguage\":\"es\"},{\"@type\":\"Organization\",\"@id\":\"https:\\\/\\\/www.eldiario.net\\\/portal\\\/#organization\",\"name\":\"El Diario - Decano de la prensa nacional\",\"url\":\"https:\\\/\\\/www.eldiario.net\\\/portal\\\/\",\"logo\":{\"@type\":\"ImageObject\",\"inLanguage\":\"es\",\"@id\":\"https:\\\/\\\/www.eldiario.net\\\/portal\\\/#\\\/schema\\\/logo\\\/image\\\/\",\"url\":\"https:\\\/\\\/www.eldiario.net\\\/portal\\\/wp-content\\\/uploads\\\/2023\\\/07\\\/logo_ED.jpg\",\"contentUrl\":\"https:\\\/\\\/www.eldiario.net\\\/portal\\\/wp-content\\\/uploads\\\/2023\\\/07\\\/logo_ED.jpg\",\"width\":272,\"height\":52,\"caption\":\"El Diario - Decano de la prensa nacional\"},\"image\":{\"@id\":\"https:\\\/\\\/www.eldiario.net\\\/portal\\\/#\\\/schema\\\/logo\\\/image\\\/\"},\"sameAs\":[\"https:\\\/\\\/www.facebook.com\\\/eldiario.bolivia\\\/\",\"https:\\\/\\\/x.com\\\/eldiario_net\"]},{\"@type\":\"Person\",\"@id\":\"https:\\\/\\\/www.eldiario.net\\\/portal\\\/#\\\/schema\\\/person\\\/f46445640444750d7d753ccd04ae01b7\",\"name\":\"Jeanette\",\"image\":{\"@type\":\"ImageObject\",\"inLanguage\":\"es\",\"@id\":\"https:\\\/\\\/secure.gravatar.com\\\/avatar\\\/3ea2118a5f7dad2b7138b1187a6b7ee55f160b9968b66013c3a3ef39dd7e5798?s=96&d=mm&r=g\",\"url\":\"https:\\\/\\\/secure.gravatar.com\\\/avatar\\\/3ea2118a5f7dad2b7138b1187a6b7ee55f160b9968b66013c3a3ef39dd7e5798?s=96&d=mm&r=g\",\"contentUrl\":\"https:\\\/\\\/secure.gravatar.com\\\/avatar\\\/3ea2118a5f7dad2b7138b1187a6b7ee55f160b9968b66013c3a3ef39dd7e5798?s=96&d=mm&r=g\",\"caption\":\"Jeanette\"},\"sameAs\":[\"https:\\\/\\\/www.eldiario.net\\\/portal\"],\"url\":\"https:\\\/\\\/www.eldiario.net\\\/portal\\\/author\\\/jeanette\\\/\"}]}<\/script>\n<!-- \/ Yoast SEO plugin. -->","yoast_head_json":{"title":"Tiroteo y muerte en intento de robo en aeropuerto de Santiago de Chile - El Diario - Bolivia","robots":{"index":"index","follow":"follow","max-snippet":"max-snippet:-1","max-image-preview":"max-image-preview:large","max-video-preview":"max-video-preview:-1"},"canonical":"https:\/\/www.eldiario.net\/portal\/2023\/03\/09\/tiroteo-y-muerte-en-intento-de-robo-en-aeropuerto-de-santiago-de-chile\/","og_locale":"es_ES","og_type":"article","og_title":"Tiroteo y muerte en intento de robo en aeropuerto de Santiago de Chile - El Diario - Bolivia","og_description":"Un grupo de delincuentes en el Aeropuerto Internacional Arturo Merino Ben\u00edtez, el principal de Chile, protagoniz\u00f3 una balacera ayer, cuando intentaron robar un cami\u00f3n blindado de la empresa Brinks, que conten\u00eda 26 mil millones de pesos chilenos, unos 32 millones de d\u00f3lares. La v\u00edctima se trata de uno de los vigilantes de la Direcci\u00f3n General [&hellip;]","og_url":"https:\/\/www.eldiario.net\/portal\/2023\/03\/09\/tiroteo-y-muerte-en-intento-de-robo-en-aeropuerto-de-santiago-de-chile\/","og_site_name":"El Diario - Bolivia","article_publisher":"https:\/\/www.facebook.com\/eldiario.bolivia\/","article_published_time":"2023-03-09T10:05:07+00:00","og_image":[{"width":1253,"height":716,"url":"https:\/\/www.eldiario.net\/portal\/wp-content\/uploads\/2023\/03\/CHILE-FOTO.jpeg","type":"image\/jpeg"}],"author":"Jeanette","twitter_card":"summary_large_image","twitter_creator":"@eldiario_net","twitter_site":"@eldiario_net","twitter_misc":{"Escrito por":"Jeanette","Tiempo de lectura":"3 minutos"},"schema":{"@context":"https:\/\/schema.org","@graph":[{"@type":"Article","@id":"https:\/\/www.eldiario.net\/portal\/2023\/03\/09\/tiroteo-y-muerte-en-intento-de-robo-en-aeropuerto-de-santiago-de-chile\/#article","isPartOf":{"@id":"https:\/\/www.eldiario.net\/portal\/2023\/03\/09\/tiroteo-y-muerte-en-intento-de-robo-en-aeropuerto-de-santiago-de-chile\/"},"author":{"name":"Jeanette","@id":"https:\/\/www.eldiario.net\/portal\/#\/schema\/person\/f46445640444750d7d753ccd04ae01b7"},"headline":"Tiroteo y muerte en intento de robo en aeropuerto de Santiago de Chile","datePublished":"2023-03-09T10:05:07+00:00","mainEntityOfPage":{"@id":"https:\/\/www.eldiario.net\/portal\/2023\/03\/09\/tiroteo-y-muerte-en-intento-de-robo-en-aeropuerto-de-santiago-de-chile\/"},"wordCount":576,"publisher":{"@id":"https:\/\/www.eldiario.net\/portal\/#organization"},"image":{"@id":"https:\/\/www.eldiario.net\/portal\/2023\/03\/09\/tiroteo-y-muerte-en-intento-de-robo-en-aeropuerto-de-santiago-de-chile\/#primaryimage"},"thumbnailUrl":"https:\/\/www.eldiario.net\/portal\/wp-content\/uploads\/2023\/03\/CHILE-FOTO.jpeg","articleSection":["Internacional"],"inLanguage":"es"},{"@type":"WebPage","@id":"https:\/\/www.eldiario.net\/portal\/2023\/03\/09\/tiroteo-y-muerte-en-intento-de-robo-en-aeropuerto-de-santiago-de-chile\/","url":"https:\/\/www.eldiario.net\/portal\/2023\/03\/09\/tiroteo-y-muerte-en-intento-de-robo-en-aeropuerto-de-santiago-de-chile\/","name":"Tiroteo y muerte en intento de robo en aeropuerto de Santiago de Chile - El Diario - Bolivia","isPartOf":{"@id":"https:\/\/www.eldiario.net\/portal\/#website"},"primaryImageOfPage":{"@id":"https:\/\/www.eldiario.net\/portal\/2023\/03\/09\/tiroteo-y-muerte-en-intento-de-robo-en-aeropuerto-de-santiago-de-chile\/#primaryimage"},"image":{"@id":"https:\/\/www.eldiario.net\/portal\/2023\/03\/09\/tiroteo-y-muerte-en-intento-de-robo-en-aeropuerto-de-santiago-de-chile\/#primaryimage"},"thumbnailUrl":"https:\/\/www.eldiario.net\/portal\/wp-content\/uploads\/2023\/03\/CHILE-FOTO.jpeg","datePublished":"2023-03-09T10:05:07+00:00","breadcrumb":{"@id":"https:\/\/www.eldiario.net\/portal\/2023\/03\/09\/tiroteo-y-muerte-en-intento-de-robo-en-aeropuerto-de-santiago-de-chile\/#breadcrumb"},"inLanguage":"es","potentialAction":[{"@type":"ReadAction","target":["https:\/\/www.eldiario.net\/portal\/2023\/03\/09\/tiroteo-y-muerte-en-intento-de-robo-en-aeropuerto-de-santiago-de-chile\/"]}]},{"@type":"ImageObject","inLanguage":"es","@id":"https:\/\/www.eldiario.net\/portal\/2023\/03\/09\/tiroteo-y-muerte-en-intento-de-robo-en-aeropuerto-de-santiago-de-chile\/#primaryimage","url":"https:\/\/www.eldiario.net\/portal\/wp-content\/uploads\/2023\/03\/CHILE-FOTO.jpeg","contentUrl":"https:\/\/www.eldiario.net\/portal\/wp-content\/uploads\/2023\/03\/CHILE-FOTO.jpeg","width":1253,"height":716,"caption":"GUARDIA DEL AEROPUERTO ABATI\u00d3 A UNO DE LOS ASALTANTES FOTO: Infobae"},{"@type":"BreadcrumbList","@id":"https:\/\/www.eldiario.net\/portal\/2023\/03\/09\/tiroteo-y-muerte-en-intento-de-robo-en-aeropuerto-de-santiago-de-chile\/#breadcrumb","itemListElement":[{"@type":"ListItem","position":1,"name":"Portada","item":"https:\/\/www.eldiario.net\/portal\/"},{"@type":"ListItem","position":2,"name":"Tiroteo y muerte en intento de robo en aeropuerto de Santiago de Chile"}]},{"@type":"WebSite","@id":"https:\/\/www.eldiario.net\/portal\/#website","url":"https:\/\/www.eldiario.net\/portal\/","name":"El Diario - Decano de la prensa nacional","description":"El Diario - Decano de la prensa nacional","publisher":{"@id":"https:\/\/www.eldiario.net\/portal\/#organization"},"potentialAction":[{"@type":"SearchAction","target":{"@type":"EntryPoint","urlTemplate":"https:\/\/www.eldiario.net\/portal\/?s={search_term_string}"},"query-input":{"@type":"PropertyValueSpecification","valueRequired":true,"valueName":"search_term_string"}}],"inLanguage":"es"},{"@type":"Organization","@id":"https:\/\/www.eldiario.net\/portal\/#organization","name":"El Diario - Decano de la prensa nacional","url":"https:\/\/www.eldiario.net\/portal\/","logo":{"@type":"ImageObject","inLanguage":"es","@id":"https:\/\/www.eldiario.net\/portal\/#\/schema\/logo\/image\/","url":"https:\/\/www.eldiario.net\/portal\/wp-content\/uploads\/2023\/07\/logo_ED.jpg","contentUrl":"https:\/\/www.eldiario.net\/portal\/wp-content\/uploads\/2023\/07\/logo_ED.jpg","width":272,"height":52,"caption":"El Diario - Decano de la prensa nacional"},"image":{"@id":"https:\/\/www.eldiario.net\/portal\/#\/schema\/logo\/image\/"},"sameAs":["https:\/\/www.facebook.com\/eldiario.bolivia\/","https:\/\/x.com\/eldiario_net"]},{"@type":"Person","@id":"https:\/\/www.eldiario.net\/portal\/#\/schema\/person\/f46445640444750d7d753ccd04ae01b7","name":"Jeanette","image":{"@type":"ImageObject","inLanguage":"es","@id":"https:\/\/secure.gravatar.com\/avatar\/3ea2118a5f7dad2b7138b1187a6b7ee55f160b9968b66013c3a3ef39dd7e5798?s=96&d=mm&r=g","url":"https:\/\/secure.gravatar.com\/avatar\/3ea2118a5f7dad2b7138b1187a6b7ee55f160b9968b66013c3a3ef39dd7e5798?s=96&d=mm&r=g","contentUrl":"https:\/\/secure.gravatar.com\/avatar\/3ea2118a5f7dad2b7138b1187a6b7ee55f160b9968b66013c3a3ef39dd7e5798?s=96&d=mm&r=g","caption":"Jeanette"},"sameAs":["https:\/\/www.eldiario.net\/portal"],"url":"https:\/\/www.eldiario.net\/portal\/author\/jeanette\/"}]}},"_links":{"self":[{"href":"https:\/\/www.eldiario.net\/portal\/wp-json\/wp\/v2\/posts\/142126","targetHints":{"allow":["GET"]}}],"collection":[{"href":"https:\/\/www.eldiario.net\/portal\/wp-json\/wp\/v2\/posts"}],"about":[{"href":"https:\/\/www.eldiario.net\/portal\/wp-json\/wp\/v2\/types\/post"}],"author":[{"embeddable":true,"href":"https:\/\/www.eldiario.net\/portal\/wp-json\/wp\/v2\/users\/1"}],"replies":[{"embeddable":true,"href":"https:\/\/www.eldiario.net\/portal\/wp-json\/wp\/v2\/comments?post=142126"}],"version-history":[{"count":0,"href":"https:\/\/www.eldiario.net\/portal\/wp-json\/wp\/v2\/posts\/142126\/revisions"}],"wp:featuredmedia":[{"embeddable":true,"href":"https:\/\/www.eldiario.net\/portal\/wp-json\/wp\/v2\/media\/142127"}],"wp:attachment":[{"href":"https:\/\/www.eldiario.net\/portal\/wp-json\/wp\/v2\/media?parent=142126"}],"wp:term":[{"taxonomy":"category","embeddable":true,"href":"https:\/\/www.eldiario.net\/portal\/wp-json\/wp\/v2\/categories?post=142126"},{"taxonomy":"post_tag","embeddable":true,"href":"https:\/\/www.eldiario.net\/portal\/wp-json\/wp\/v2\/tags?post=142126"}],"curies":[{"name":"wp","href":"https:\/\/api.w.org\/{rel}","templated":true}]}}