{"id":142123,"date":"2023-03-09T06:04:19","date_gmt":"2023-03-09T10:04:19","guid":{"rendered":"https:\/\/www.eldiario.net\/portal\/?p=142123"},"modified":"2023-03-09T06:04:19","modified_gmt":"2023-03-09T10:04:19","slug":"mujeres-se-movilizaron-por-sus-derechos-amenazados","status":"publish","type":"post","link":"https:\/\/www.eldiario.net\/portal\/2023\/03\/09\/mujeres-se-movilizaron-por-sus-derechos-amenazados\/","title":{"rendered":"Mujeres se movilizaron por  sus derechos amenazados"},"content":{"rendered":"<p>Miles de mujeres salieron a las calles para denunciar una ofensiva mundial contra sus derechos y reclamar el fin de las discriminaciones y de los feminicidios, en auge en pa\u00edses como M\u00e9xico y Colombia.<\/p>\n<p>Con ocasi\u00f3n del D\u00eda Internacional de la Mujer, hubieron actos y marchas en numerosas ciudades, entre ellas Madrid, que suele reunir a una gigantesca marea violeta.<\/p>\n<p>Los motivos de movilizaci\u00f3n son numerosos: las discriminaciones impuestas en Afganist\u00e1n desde el regreso al poder de los talibanes, la represi\u00f3n de las protestas en Ir\u00e1n por la muerte de Mahsa Amini, el cuestionamiento del derecho al aborto en Estados Unidos o las consecuencias de la guerra de Ucrania en las mujeres.<\/p>\n<p>\u201cLos avances logrados en d\u00e9cadas se est\u00e1n evaporando ante nuestros ojos\u201d, alert\u00f3 el secretario general de la ONU, Antonio Guterres.<\/p>\n<p>ONU Mujer prev\u00e9 que se necesitar\u00e1n 300 a\u00f1os para alcanzar la igualdad entre hombres y mujeres, agreg\u00f3, tras recordar la situaci\u00f3n en Afganist\u00e1n, donde las mujeres y las ni\u00f1as fueron borradas de la vida p\u00fablica desde el retorno al poder de los talibanes en agosto de 2021.<\/p>\n<p>Las universidades afganas reabrieron el lunes tras las vacaciones de invierno, pero a sus aulas solo pudieron acudir los hombres.<\/p>\n<p>La Uni\u00f3n Europea (UE) adopt\u00f3, sanciones contra el ministro talib\u00e1n de Educaci\u00f3n Superior, Neda Mohammed Nadeem, responsable de la violaci\u00f3n generalizada del derecho de las mujeres a la educaci\u00f3n.<\/p>\n<p>Otros individuos o entidades responsables de violaciones de los derechos de las mujeres en Ir\u00e1n, Rusia, Sud\u00e1n del Sur, Birmania o Siria tambi\u00e9n fueron objeto de sanciones.<\/p>\n<p>MARHAS PROHIBIDAS<\/p>\n<p>En varios lugares se prohibieron las marchas de mujeres, como en Pakist\u00e1n, donde las autoridades alegaron los controvertidos carteles que suelen portar<\/p>\n<p>las manifestantes con reivindicaciones sobre el divorcio o contra el acoso sexual.<\/p>\n<p>Tampoco obtuvieron permiso para manifestarse las organizaciones feministas independientes de Cuba, que convocaron en respuesta a una marcha virtual en redes sociales para sensibilizar sobre la violencia de g\u00e9nero y los feminicidios.<\/p>\n<p>Otro tema central de las marchas ser\u00e1 la defensa del derecho al aborto, fragilizado en Estados Unidos por la decisi\u00f3n de la Corte Suprema de revocar en junio la sentencia de 1973 que lo garantizaba a nivel federal.<\/p>\n<p>En Europa, ese derecho tambi\u00e9n se vio debilitado en Hungr\u00eda y Polonia.<\/p>\n<p>En Francia se convocaron marchas por la igualdad en el trabajo y en la vida. El pa\u00eds est\u00e1 convulsionado por huelgas y protestas contra la reforma de las pensiones impulsada por el gobierno liberal de Emmanuel Macron, que seg\u00fan sus cr\u00edticos tendr\u00e1 efectos perjudiciales para las mujeres.<\/p>\n<p>M\u00e9xico y Colombia contra el feminicidio<\/p>\n<p>Bajo las consignas \u201c\u00a1Ni una asesinada m\u00e1s!\u201d y \u201c\u00a1Contra las violencias machistas y el trabajo precario!\u201d, colectivos feministas convocaron a marchas en las principales ciudades de M\u00e9xico, donde en 2022 se registraron 969 feminicidios, seg\u00fan cifras oficiales.<\/p>\n<p>Tambi\u00e9n en Colombia las organizaciones de mujeres convocaron a manifestaciones en Bogot\u00e1, Medell\u00edn, Cali y otras ciudades para exigir acciones frente al aumento de los feminicidios, que pasaron de 182 en 2020 a 614 el a\u00f1o pasado.<\/p>\n<p>En Brasil se denunci\u00f3 con una gran batucada feminista en Sao Paulo y Rio de Janeiro, los cortes en las pol\u00edticas de protecci\u00f3n a la mujer y el crecimiento vertiginoso del machismo y la misoginia, durante el mandato del ultraderechista Jair Bolsonaro (2019-2022), afirm\u00f3 Jun\u00e9ia Batista, de la Central \u00danica de Trabajadores (CUT).<\/p>\n<p>El actual presidente de izquierda, Luiz In\u00e1cio Lula da Silva, particip\u00f3 en Brasilia en el lanzamiento de programas destinados a la mujer y en la creaci\u00f3n del D\u00eda Nacional Marielle Franco contra la violencia pol\u00edtica, en homenaje a la concejal asesinada en 2018.<\/p>\n<p>En Venezuela, sindicatos y federaciones convocaron a una marcha en Caracas para exigir garant\u00edas sobre sus derechos, vulnerados por los bajos salarios, los abusos y la creciente feminizaci\u00f3n de la pobreza. (Infobae)<\/p>\n","protected":false},"excerpt":{"rendered":"<p>Miles de mujeres salieron a las calles para denunciar una ofensiva mundial contra sus derechos y reclamar el fin de las discriminaciones y de los feminicidios, en auge en pa\u00edses como M\u00e9xico y Colombia. Con ocasi\u00f3n del D\u00eda Internacional de la Mujer, hubieron actos y marchas en numerosas ciudades, entre ellas Madrid, que suele reunir [&hellip;]<\/p>\n","protected":false},"author":1,"featured_media":142124,"comment_status":"closed","ping_status":"closed","sticky":false,"template":"","format":"standard","meta":{"_acf_changed":false,"footnotes":""},"categories":[3],"tags":[],"class_list":["post-142123","post","type-post","status-publish","format-standard","has-post-thumbnail","category-internacional"],"acf":{"antetitulo":""},"yoast_head":"<!-- This site is optimized with the Yoast SEO plugin v28.4 - https:\/\/yoast.com\/product\/yoast-seo-wordpress\/ -->\n<title>Mujeres se movilizaron por sus derechos amenazados - El Diario - Bolivia<\/title>\n<meta name=\"robots\" content=\"index, follow, max-snippet:-1, max-image-preview:large, max-video-preview:-1\" \/>\n<link rel=\"canonical\" href=\"https:\/\/www.eldiario.net\/portal\/2023\/03\/09\/mujeres-se-movilizaron-por-sus-derechos-amenazados\/\" \/>\n<meta property=\"og:locale\" content=\"es_ES\" \/>\n<meta property=\"og:type\" content=\"article\" \/>\n<meta property=\"og:title\" content=\"Mujeres se movilizaron por sus derechos amenazados - El Diario - Bolivia\" \/>\n<meta property=\"og:description\" content=\"Miles de mujeres salieron a las calles para denunciar una ofensiva mundial contra sus derechos y reclamar el fin de las discriminaciones y de los feminicidios, en auge en pa\u00edses como M\u00e9xico y Colombia. Con ocasi\u00f3n del D\u00eda Internacional de la Mujer, hubieron actos y marchas en numerosas ciudades, entre ellas Madrid, que suele reunir [&hellip;]\" \/>\n<meta property=\"og:url\" content=\"https:\/\/www.eldiario.net\/portal\/2023\/03\/09\/mujeres-se-movilizaron-por-sus-derechos-amenazados\/\" \/>\n<meta property=\"og:site_name\" content=\"El Diario - Bolivia\" \/>\n<meta property=\"article:publisher\" content=\"https:\/\/www.facebook.com\/eldiario.bolivia\/\" \/>\n<meta property=\"article:published_time\" content=\"2023-03-09T10:04:19+00:00\" \/>\n<meta name=\"author\" content=\"Jeanette\" \/>\n<meta name=\"twitter:card\" content=\"summary_large_image\" \/>\n<meta name=\"twitter:creator\" content=\"@eldiario_net\" \/>\n<meta name=\"twitter:site\" content=\"@eldiario_net\" \/>\n<meta name=\"twitter:label1\" content=\"Escrito por\" \/>\n\t<meta name=\"twitter:data1\" content=\"Jeanette\" \/>\n\t<meta name=\"twitter:label2\" content=\"Tiempo de lectura\" \/>\n\t<meta name=\"twitter:data2\" content=\"3 minutos\" \/>\n<script type=\"application\/ld+json\" class=\"yoast-schema-graph\">{\"@context\":\"https:\\\/\\\/schema.org\",\"@graph\":[{\"@type\":\"Article\",\"@id\":\"https:\\\/\\\/www.eldiario.net\\\/portal\\\/2023\\\/03\\\/09\\\/mujeres-se-movilizaron-por-sus-derechos-amenazados\\\/#article\",\"isPartOf\":{\"@id\":\"https:\\\/\\\/www.eldiario.net\\\/portal\\\/2023\\\/03\\\/09\\\/mujeres-se-movilizaron-por-sus-derechos-amenazados\\\/\"},\"author\":{\"name\":\"Jeanette\",\"@id\":\"https:\\\/\\\/www.eldiario.net\\\/portal\\\/#\\\/schema\\\/person\\\/f46445640444750d7d753ccd04ae01b7\"},\"headline\":\"Mujeres se movilizaron por sus derechos amenazados\",\"datePublished\":\"2023-03-09T10:04:19+00:00\",\"mainEntityOfPage\":{\"@id\":\"https:\\\/\\\/www.eldiario.net\\\/portal\\\/2023\\\/03\\\/09\\\/mujeres-se-movilizaron-por-sus-derechos-amenazados\\\/\"},\"wordCount\":674,\"publisher\":{\"@id\":\"https:\\\/\\\/www.eldiario.net\\\/portal\\\/#organization\"},\"image\":{\"@id\":\"https:\\\/\\\/www.eldiario.net\\\/portal\\\/2023\\\/03\\\/09\\\/mujeres-se-movilizaron-por-sus-derechos-amenazados\\\/#primaryimage\"},\"thumbnailUrl\":\"\",\"articleSection\":[\"Internacional\"],\"inLanguage\":\"es\"},{\"@type\":\"WebPage\",\"@id\":\"https:\\\/\\\/www.eldiario.net\\\/portal\\\/2023\\\/03\\\/09\\\/mujeres-se-movilizaron-por-sus-derechos-amenazados\\\/\",\"url\":\"https:\\\/\\\/www.eldiario.net\\\/portal\\\/2023\\\/03\\\/09\\\/mujeres-se-movilizaron-por-sus-derechos-amenazados\\\/\",\"name\":\"Mujeres se movilizaron por sus derechos amenazados - El Diario - Bolivia\",\"isPartOf\":{\"@id\":\"https:\\\/\\\/www.eldiario.net\\\/portal\\\/#website\"},\"primaryImageOfPage\":{\"@id\":\"https:\\\/\\\/www.eldiario.net\\\/portal\\\/2023\\\/03\\\/09\\\/mujeres-se-movilizaron-por-sus-derechos-amenazados\\\/#primaryimage\"},\"image\":{\"@id\":\"https:\\\/\\\/www.eldiario.net\\\/portal\\\/2023\\\/03\\\/09\\\/mujeres-se-movilizaron-por-sus-derechos-amenazados\\\/#primaryimage\"},\"thumbnailUrl\":\"\",\"datePublished\":\"2023-03-09T10:04:19+00:00\",\"breadcrumb\":{\"@id\":\"https:\\\/\\\/www.eldiario.net\\\/portal\\\/2023\\\/03\\\/09\\\/mujeres-se-movilizaron-por-sus-derechos-amenazados\\\/#breadcrumb\"},\"inLanguage\":\"es\",\"potentialAction\":[{\"@type\":\"ReadAction\",\"target\":[\"https:\\\/\\\/www.eldiario.net\\\/portal\\\/2023\\\/03\\\/09\\\/mujeres-se-movilizaron-por-sus-derechos-amenazados\\\/\"]}]},{\"@type\":\"ImageObject\",\"inLanguage\":\"es\",\"@id\":\"https:\\\/\\\/www.eldiario.net\\\/portal\\\/2023\\\/03\\\/09\\\/mujeres-se-movilizaron-por-sus-derechos-amenazados\\\/#primaryimage\",\"url\":\"\",\"contentUrl\":\"\"},{\"@type\":\"BreadcrumbList\",\"@id\":\"https:\\\/\\\/www.eldiario.net\\\/portal\\\/2023\\\/03\\\/09\\\/mujeres-se-movilizaron-por-sus-derechos-amenazados\\\/#breadcrumb\",\"itemListElement\":[{\"@type\":\"ListItem\",\"position\":1,\"name\":\"Portada\",\"item\":\"https:\\\/\\\/www.eldiario.net\\\/portal\\\/\"},{\"@type\":\"ListItem\",\"position\":2,\"name\":\"Mujeres se movilizaron por sus derechos amenazados\"}]},{\"@type\":\"WebSite\",\"@id\":\"https:\\\/\\\/www.eldiario.net\\\/portal\\\/#website\",\"url\":\"https:\\\/\\\/www.eldiario.net\\\/portal\\\/\",\"name\":\"El Diario - Decano de la prensa nacional\",\"description\":\"El Diario - Decano de la prensa nacional\",\"publisher\":{\"@id\":\"https:\\\/\\\/www.eldiario.net\\\/portal\\\/#organization\"},\"potentialAction\":[{\"@type\":\"SearchAction\",\"target\":{\"@type\":\"EntryPoint\",\"urlTemplate\":\"https:\\\/\\\/www.eldiario.net\\\/portal\\\/?s={search_term_string}\"},\"query-input\":{\"@type\":\"PropertyValueSpecification\",\"valueRequired\":true,\"valueName\":\"search_term_string\"}}],\"inLanguage\":\"es\"},{\"@type\":\"Organization\",\"@id\":\"https:\\\/\\\/www.eldiario.net\\\/portal\\\/#organization\",\"name\":\"El Diario - Decano de la prensa nacional\",\"url\":\"https:\\\/\\\/www.eldiario.net\\\/portal\\\/\",\"logo\":{\"@type\":\"ImageObject\",\"inLanguage\":\"es\",\"@id\":\"https:\\\/\\\/www.eldiario.net\\\/portal\\\/#\\\/schema\\\/logo\\\/image\\\/\",\"url\":\"https:\\\/\\\/www.eldiario.net\\\/portal\\\/wp-content\\\/uploads\\\/2023\\\/07\\\/logo_ED.jpg\",\"contentUrl\":\"https:\\\/\\\/www.eldiario.net\\\/portal\\\/wp-content\\\/uploads\\\/2023\\\/07\\\/logo_ED.jpg\",\"width\":272,\"height\":52,\"caption\":\"El Diario - Decano de la prensa nacional\"},\"image\":{\"@id\":\"https:\\\/\\\/www.eldiario.net\\\/portal\\\/#\\\/schema\\\/logo\\\/image\\\/\"},\"sameAs\":[\"https:\\\/\\\/www.facebook.com\\\/eldiario.bolivia\\\/\",\"https:\\\/\\\/x.com\\\/eldiario_net\"]},{\"@type\":\"Person\",\"@id\":\"https:\\\/\\\/www.eldiario.net\\\/portal\\\/#\\\/schema\\\/person\\\/f46445640444750d7d753ccd04ae01b7\",\"name\":\"Jeanette\",\"image\":{\"@type\":\"ImageObject\",\"inLanguage\":\"es\",\"@id\":\"https:\\\/\\\/secure.gravatar.com\\\/avatar\\\/3ea2118a5f7dad2b7138b1187a6b7ee55f160b9968b66013c3a3ef39dd7e5798?s=96&d=mm&r=g\",\"url\":\"https:\\\/\\\/secure.gravatar.com\\\/avatar\\\/3ea2118a5f7dad2b7138b1187a6b7ee55f160b9968b66013c3a3ef39dd7e5798?s=96&d=mm&r=g\",\"contentUrl\":\"https:\\\/\\\/secure.gravatar.com\\\/avatar\\\/3ea2118a5f7dad2b7138b1187a6b7ee55f160b9968b66013c3a3ef39dd7e5798?s=96&d=mm&r=g\",\"caption\":\"Jeanette\"},\"sameAs\":[\"https:\\\/\\\/www.eldiario.net\\\/portal\"],\"url\":\"https:\\\/\\\/www.eldiario.net\\\/portal\\\/author\\\/jeanette\\\/\"}]}<\/script>\n<!-- \/ Yoast SEO plugin. -->","yoast_head_json":{"title":"Mujeres se movilizaron por sus derechos amenazados - El Diario - Bolivia","robots":{"index":"index","follow":"follow","max-snippet":"max-snippet:-1","max-image-preview":"max-image-preview:large","max-video-preview":"max-video-preview:-1"},"canonical":"https:\/\/www.eldiario.net\/portal\/2023\/03\/09\/mujeres-se-movilizaron-por-sus-derechos-amenazados\/","og_locale":"es_ES","og_type":"article","og_title":"Mujeres se movilizaron por sus derechos amenazados - El Diario - Bolivia","og_description":"Miles de mujeres salieron a las calles para denunciar una ofensiva mundial contra sus derechos y reclamar el fin de las discriminaciones y de los feminicidios, en auge en pa\u00edses como M\u00e9xico y Colombia. Con ocasi\u00f3n del D\u00eda Internacional de la Mujer, hubieron actos y marchas en numerosas ciudades, entre ellas Madrid, que suele reunir [&hellip;]","og_url":"https:\/\/www.eldiario.net\/portal\/2023\/03\/09\/mujeres-se-movilizaron-por-sus-derechos-amenazados\/","og_site_name":"El Diario - Bolivia","article_publisher":"https:\/\/www.facebook.com\/eldiario.bolivia\/","article_published_time":"2023-03-09T10:04:19+00:00","author":"Jeanette","twitter_card":"summary_large_image","twitter_creator":"@eldiario_net","twitter_site":"@eldiario_net","twitter_misc":{"Escrito por":"Jeanette","Tiempo de lectura":"3 minutos"},"schema":{"@context":"https:\/\/schema.org","@graph":[{"@type":"Article","@id":"https:\/\/www.eldiario.net\/portal\/2023\/03\/09\/mujeres-se-movilizaron-por-sus-derechos-amenazados\/#article","isPartOf":{"@id":"https:\/\/www.eldiario.net\/portal\/2023\/03\/09\/mujeres-se-movilizaron-por-sus-derechos-amenazados\/"},"author":{"name":"Jeanette","@id":"https:\/\/www.eldiario.net\/portal\/#\/schema\/person\/f46445640444750d7d753ccd04ae01b7"},"headline":"Mujeres se movilizaron por sus derechos amenazados","datePublished":"2023-03-09T10:04:19+00:00","mainEntityOfPage":{"@id":"https:\/\/www.eldiario.net\/portal\/2023\/03\/09\/mujeres-se-movilizaron-por-sus-derechos-amenazados\/"},"wordCount":674,"publisher":{"@id":"https:\/\/www.eldiario.net\/portal\/#organization"},"image":{"@id":"https:\/\/www.eldiario.net\/portal\/2023\/03\/09\/mujeres-se-movilizaron-por-sus-derechos-amenazados\/#primaryimage"},"thumbnailUrl":"","articleSection":["Internacional"],"inLanguage":"es"},{"@type":"WebPage","@id":"https:\/\/www.eldiario.net\/portal\/2023\/03\/09\/mujeres-se-movilizaron-por-sus-derechos-amenazados\/","url":"https:\/\/www.eldiario.net\/portal\/2023\/03\/09\/mujeres-se-movilizaron-por-sus-derechos-amenazados\/","name":"Mujeres se movilizaron por sus derechos amenazados - El Diario - Bolivia","isPartOf":{"@id":"https:\/\/www.eldiario.net\/portal\/#website"},"primaryImageOfPage":{"@id":"https:\/\/www.eldiario.net\/portal\/2023\/03\/09\/mujeres-se-movilizaron-por-sus-derechos-amenazados\/#primaryimage"},"image":{"@id":"https:\/\/www.eldiario.net\/portal\/2023\/03\/09\/mujeres-se-movilizaron-por-sus-derechos-amenazados\/#primaryimage"},"thumbnailUrl":"","datePublished":"2023-03-09T10:04:19+00:00","breadcrumb":{"@id":"https:\/\/www.eldiario.net\/portal\/2023\/03\/09\/mujeres-se-movilizaron-por-sus-derechos-amenazados\/#breadcrumb"},"inLanguage":"es","potentialAction":[{"@type":"ReadAction","target":["https:\/\/www.eldiario.net\/portal\/2023\/03\/09\/mujeres-se-movilizaron-por-sus-derechos-amenazados\/"]}]},{"@type":"ImageObject","inLanguage":"es","@id":"https:\/\/www.eldiario.net\/portal\/2023\/03\/09\/mujeres-se-movilizaron-por-sus-derechos-amenazados\/#primaryimage","url":"","contentUrl":""},{"@type":"BreadcrumbList","@id":"https:\/\/www.eldiario.net\/portal\/2023\/03\/09\/mujeres-se-movilizaron-por-sus-derechos-amenazados\/#breadcrumb","itemListElement":[{"@type":"ListItem","position":1,"name":"Portada","item":"https:\/\/www.eldiario.net\/portal\/"},{"@type":"ListItem","position":2,"name":"Mujeres se movilizaron por sus derechos amenazados"}]},{"@type":"WebSite","@id":"https:\/\/www.eldiario.net\/portal\/#website","url":"https:\/\/www.eldiario.net\/portal\/","name":"El Diario - Decano de la prensa nacional","description":"El Diario - Decano de la prensa nacional","publisher":{"@id":"https:\/\/www.eldiario.net\/portal\/#organization"},"potentialAction":[{"@type":"SearchAction","target":{"@type":"EntryPoint","urlTemplate":"https:\/\/www.eldiario.net\/portal\/?s={search_term_string}"},"query-input":{"@type":"PropertyValueSpecification","valueRequired":true,"valueName":"search_term_string"}}],"inLanguage":"es"},{"@type":"Organization","@id":"https:\/\/www.eldiario.net\/portal\/#organization","name":"El Diario - Decano de la prensa nacional","url":"https:\/\/www.eldiario.net\/portal\/","logo":{"@type":"ImageObject","inLanguage":"es","@id":"https:\/\/www.eldiario.net\/portal\/#\/schema\/logo\/image\/","url":"https:\/\/www.eldiario.net\/portal\/wp-content\/uploads\/2023\/07\/logo_ED.jpg","contentUrl":"https:\/\/www.eldiario.net\/portal\/wp-content\/uploads\/2023\/07\/logo_ED.jpg","width":272,"height":52,"caption":"El Diario - Decano de la prensa nacional"},"image":{"@id":"https:\/\/www.eldiario.net\/portal\/#\/schema\/logo\/image\/"},"sameAs":["https:\/\/www.facebook.com\/eldiario.bolivia\/","https:\/\/x.com\/eldiario_net"]},{"@type":"Person","@id":"https:\/\/www.eldiario.net\/portal\/#\/schema\/person\/f46445640444750d7d753ccd04ae01b7","name":"Jeanette","image":{"@type":"ImageObject","inLanguage":"es","@id":"https:\/\/secure.gravatar.com\/avatar\/3ea2118a5f7dad2b7138b1187a6b7ee55f160b9968b66013c3a3ef39dd7e5798?s=96&d=mm&r=g","url":"https:\/\/secure.gravatar.com\/avatar\/3ea2118a5f7dad2b7138b1187a6b7ee55f160b9968b66013c3a3ef39dd7e5798?s=96&d=mm&r=g","contentUrl":"https:\/\/secure.gravatar.com\/avatar\/3ea2118a5f7dad2b7138b1187a6b7ee55f160b9968b66013c3a3ef39dd7e5798?s=96&d=mm&r=g","caption":"Jeanette"},"sameAs":["https:\/\/www.eldiario.net\/portal"],"url":"https:\/\/www.eldiario.net\/portal\/author\/jeanette\/"}]}},"_links":{"self":[{"href":"https:\/\/www.eldiario.net\/portal\/wp-json\/wp\/v2\/posts\/142123","targetHints":{"allow":["GET"]}}],"collection":[{"href":"https:\/\/www.eldiario.net\/portal\/wp-json\/wp\/v2\/posts"}],"about":[{"href":"https:\/\/www.eldiario.net\/portal\/wp-json\/wp\/v2\/types\/post"}],"author":[{"embeddable":true,"href":"https:\/\/www.eldiario.net\/portal\/wp-json\/wp\/v2\/users\/1"}],"replies":[{"embeddable":true,"href":"https:\/\/www.eldiario.net\/portal\/wp-json\/wp\/v2\/comments?post=142123"}],"version-history":[{"count":0,"href":"https:\/\/www.eldiario.net\/portal\/wp-json\/wp\/v2\/posts\/142123\/revisions"}],"wp:attachment":[{"href":"https:\/\/www.eldiario.net\/portal\/wp-json\/wp\/v2\/media?parent=142123"}],"wp:term":[{"taxonomy":"category","embeddable":true,"href":"https:\/\/www.eldiario.net\/portal\/wp-json\/wp\/v2\/categories?post=142123"},{"taxonomy":"post_tag","embeddable":true,"href":"https:\/\/www.eldiario.net\/portal\/wp-json\/wp\/v2\/tags?post=142123"}],"curies":[{"name":"wp","href":"https:\/\/api.w.org\/{rel}","templated":true}]}}