{"id":142120,"date":"2023-03-09T06:03:15","date_gmt":"2023-03-09T10:03:15","guid":{"rendered":"https:\/\/www.eldiario.net\/portal\/?p=142120"},"modified":"2023-03-09T06:03:15","modified_gmt":"2023-03-09T10:03:15","slug":"boluarte-quiere-trabajar-por-una-cultura-que-destierre-el-machismo","status":"publish","type":"post","link":"https:\/\/www.eldiario.net\/portal\/2023\/03\/09\/boluarte-quiere-trabajar-por-una-cultura-que-destierre-el-machismo\/","title":{"rendered":"Boluarte quiere trabajar por una  cultura que destierre el machismo"},"content":{"rendered":"<p>Por el D\u00eda Internacional de la Mujer, la presidenta de Per\u00fa, Dina Boluarte, emiti\u00f3 un mensaje a las empresarias, profesionales y campesinas y adem\u00e1s denunci\u00f3 los casos de violencia de g\u00e9nero de las que son v\u00edctimas.<\/p>\n<p>\u201cQuiero destacar y reconocer el esfuerzo de las mujeres luchadoras de la costa, de la sierra y de la selva, que sobreponi\u00e9ndose a las barreras y la adversidad est\u00e1n logrando insertarse en diferentes espacios de la sociedad\u201d, dijo en un mensaje grabado en Palacio de Gobierno.<\/p>\n<p>\u201cAhora la mujer peruana, la mujer andina, la mujer rural, la mujer urbana busca desarrollarse empresarial y profesionalmente para de esa manera contribuir al desarrollo de nuestra patria\u201d, a\u00f1adi\u00f3.<\/p>\n<p>Adem\u00e1s, manifest\u00f3 su repudio contra los feminicidas y las 31 mujeres que fueron asesinadas en solo dos meses del a\u00f1o. \u201cExijo a las autoridades su m\u00e1xima sanci\u00f3n para los responsables de estos horrendos cr\u00edmenes que no deben quedar impunes\u201d, pidi\u00f3.<\/p>\n<p>La jefa de Estado se comprometi\u00f3 a \u201ctrabajar por una cultura que destierre esa visi\u00f3n machista y patriarcal\u201d que causa la violencia de g\u00e9nero.<\/p>\n<p>\u201cHoy tengo el alto honor de ser la primera presidenta de la Rep\u00fablica\u201d, dijo en otro momento.<\/p>\n<p>Boluarte record\u00f3 que las mujeres representan poco m\u00e1s de la mitad de la poblaci\u00f3n del Per\u00fa. \u201cPor ello, este gobierno de una mujer andina trabaja y trabajar\u00e1 incansablemente para que ejerzan plenamente sus derechos humanos, civiles y pol\u00edticos\u201d, prometi\u00f3.<\/p>\n<p>Sostuvo adem\u00e1s que, en honor a todas las mujeres, pondr\u00e1 toda su voluntad en la lucha contra la corrupci\u00f3n.<\/p>\n<p>Finalmente, hizo un pronunciamiento en quechua en el que volvi\u00f3 a pedir trabajar en conjunto para un pa\u00eds mejor.<\/p>\n<p>MUJERES EN EL PER\u00da<\/p>\n<p>Por otro lado, el Instituto Nacional de Estad\u00edstica e Inform\u00e1tica (INEI) dio a conocer ayer que al 2023 la poblaci\u00f3n femenina de Per\u00fa asciende a 16 millones 999.000 y representa el 50,4 % de la poblaci\u00f3n total del pa\u00eds.<\/p>\n<p>Del total de mujeres el 23.5 % son menores de 15 a\u00f1os (3 millones 999.000); el 52 % tiene de 15 a 49 a\u00f1os, es decir, se encuentra en edad f\u00e9rtil (8 millones 832 mil); el 10.3 % tiene entre 50 y 59 a\u00f1os de edad (1 mill\u00f3n 756.000) y el 14,2 % son mayores de 60 a\u00f1os de edad (2 millones 412.000).<\/p>\n<p>En tanto, seg\u00fan los resultados de la Encuesta Nacional de Hogares (Enaho), el 35.9 % de los hogares del pa\u00eds son encabezados por mujeres. Por tipo de hogar, el 54.1 % de los hogares encabezados por mujeres son nucleares, es decir, compuestos por la mam\u00e1, el pap\u00e1 y los hijos; mientras que, el 19.9 % de los hogares que encabezan las mujeres son unipersonales y el 18.6 % son extendidos, entre otros.<\/p>\n<p>Al 2021, las mujeres que disponen de seguro de salud. representaron el 83.9 % en el \u00e1mbito nacional. De acuerdo con el tipo de seguro de salud, el 59.3 % se encuentra \u00fanicamente afiliado al Seguro Integral de Salud (SIS); el 21.5 %, al Seguro Social de Salud (EsSalud); y el 3.1 % tiene otro tipo de seguro de salud. (Infobae)<\/p>\n","protected":false},"excerpt":{"rendered":"<p>Por el D\u00eda Internacional de la Mujer, la presidenta de Per\u00fa, Dina Boluarte, emiti\u00f3 un mensaje a las empresarias, profesionales y campesinas y adem\u00e1s denunci\u00f3 los casos de violencia de g\u00e9nero de las que son v\u00edctimas. \u201cQuiero destacar y reconocer el esfuerzo de las mujeres luchadoras de la costa, de la sierra y de la [&hellip;]<\/p>\n","protected":false},"author":1,"featured_media":142121,"comment_status":"closed","ping_status":"closed","sticky":false,"template":"","format":"standard","meta":{"_acf_changed":false,"footnotes":""},"categories":[3],"tags":[],"class_list":["post-142120","post","type-post","status-publish","format-standard","has-post-thumbnail","category-internacional"],"acf":{"antetitulo":""},"yoast_head":"<!-- This site is optimized with the Yoast SEO plugin v28.4 - https:\/\/yoast.com\/product\/yoast-seo-wordpress\/ -->\n<title>Boluarte quiere trabajar por una cultura que destierre el machismo - El Diario - Bolivia<\/title>\n<meta name=\"robots\" content=\"index, follow, max-snippet:-1, max-image-preview:large, max-video-preview:-1\" \/>\n<link rel=\"canonical\" href=\"https:\/\/www.eldiario.net\/portal\/2023\/03\/09\/boluarte-quiere-trabajar-por-una-cultura-que-destierre-el-machismo\/\" \/>\n<meta property=\"og:locale\" content=\"es_ES\" \/>\n<meta property=\"og:type\" content=\"article\" \/>\n<meta property=\"og:title\" content=\"Boluarte quiere trabajar por una cultura que destierre el machismo - El Diario - Bolivia\" \/>\n<meta property=\"og:description\" content=\"Por el D\u00eda Internacional de la Mujer, la presidenta de Per\u00fa, Dina Boluarte, emiti\u00f3 un mensaje a las empresarias, profesionales y campesinas y adem\u00e1s denunci\u00f3 los casos de violencia de g\u00e9nero de las que son v\u00edctimas. \u201cQuiero destacar y reconocer el esfuerzo de las mujeres luchadoras de la costa, de la sierra y de la [&hellip;]\" \/>\n<meta property=\"og:url\" content=\"https:\/\/www.eldiario.net\/portal\/2023\/03\/09\/boluarte-quiere-trabajar-por-una-cultura-que-destierre-el-machismo\/\" \/>\n<meta property=\"og:site_name\" content=\"El Diario - Bolivia\" \/>\n<meta property=\"article:publisher\" content=\"https:\/\/www.facebook.com\/eldiario.bolivia\/\" \/>\n<meta property=\"article:published_time\" content=\"2023-03-09T10:03:15+00:00\" \/>\n<meta name=\"author\" content=\"Jeanette\" \/>\n<meta name=\"twitter:card\" content=\"summary_large_image\" \/>\n<meta name=\"twitter:creator\" content=\"@eldiario_net\" \/>\n<meta name=\"twitter:site\" content=\"@eldiario_net\" \/>\n<meta name=\"twitter:label1\" content=\"Escrito por\" \/>\n\t<meta name=\"twitter:data1\" content=\"Jeanette\" \/>\n\t<meta name=\"twitter:label2\" content=\"Tiempo de lectura\" \/>\n\t<meta name=\"twitter:data2\" content=\"3 minutos\" \/>\n<script type=\"application\/ld+json\" class=\"yoast-schema-graph\">{\"@context\":\"https:\\\/\\\/schema.org\",\"@graph\":[{\"@type\":\"Article\",\"@id\":\"https:\\\/\\\/www.eldiario.net\\\/portal\\\/2023\\\/03\\\/09\\\/boluarte-quiere-trabajar-por-una-cultura-que-destierre-el-machismo\\\/#article\",\"isPartOf\":{\"@id\":\"https:\\\/\\\/www.eldiario.net\\\/portal\\\/2023\\\/03\\\/09\\\/boluarte-quiere-trabajar-por-una-cultura-que-destierre-el-machismo\\\/\"},\"author\":{\"name\":\"Jeanette\",\"@id\":\"https:\\\/\\\/www.eldiario.net\\\/portal\\\/#\\\/schema\\\/person\\\/f46445640444750d7d753ccd04ae01b7\"},\"headline\":\"Boluarte quiere trabajar por una cultura que destierre el machismo\",\"datePublished\":\"2023-03-09T10:03:15+00:00\",\"mainEntityOfPage\":{\"@id\":\"https:\\\/\\\/www.eldiario.net\\\/portal\\\/2023\\\/03\\\/09\\\/boluarte-quiere-trabajar-por-una-cultura-que-destierre-el-machismo\\\/\"},\"wordCount\":507,\"publisher\":{\"@id\":\"https:\\\/\\\/www.eldiario.net\\\/portal\\\/#organization\"},\"image\":{\"@id\":\"https:\\\/\\\/www.eldiario.net\\\/portal\\\/2023\\\/03\\\/09\\\/boluarte-quiere-trabajar-por-una-cultura-que-destierre-el-machismo\\\/#primaryimage\"},\"thumbnailUrl\":\"\",\"articleSection\":[\"Internacional\"],\"inLanguage\":\"es\"},{\"@type\":\"WebPage\",\"@id\":\"https:\\\/\\\/www.eldiario.net\\\/portal\\\/2023\\\/03\\\/09\\\/boluarte-quiere-trabajar-por-una-cultura-que-destierre-el-machismo\\\/\",\"url\":\"https:\\\/\\\/www.eldiario.net\\\/portal\\\/2023\\\/03\\\/09\\\/boluarte-quiere-trabajar-por-una-cultura-que-destierre-el-machismo\\\/\",\"name\":\"Boluarte quiere trabajar por una cultura que destierre el machismo - El Diario - Bolivia\",\"isPartOf\":{\"@id\":\"https:\\\/\\\/www.eldiario.net\\\/portal\\\/#website\"},\"primaryImageOfPage\":{\"@id\":\"https:\\\/\\\/www.eldiario.net\\\/portal\\\/2023\\\/03\\\/09\\\/boluarte-quiere-trabajar-por-una-cultura-que-destierre-el-machismo\\\/#primaryimage\"},\"image\":{\"@id\":\"https:\\\/\\\/www.eldiario.net\\\/portal\\\/2023\\\/03\\\/09\\\/boluarte-quiere-trabajar-por-una-cultura-que-destierre-el-machismo\\\/#primaryimage\"},\"thumbnailUrl\":\"\",\"datePublished\":\"2023-03-09T10:03:15+00:00\",\"breadcrumb\":{\"@id\":\"https:\\\/\\\/www.eldiario.net\\\/portal\\\/2023\\\/03\\\/09\\\/boluarte-quiere-trabajar-por-una-cultura-que-destierre-el-machismo\\\/#breadcrumb\"},\"inLanguage\":\"es\",\"potentialAction\":[{\"@type\":\"ReadAction\",\"target\":[\"https:\\\/\\\/www.eldiario.net\\\/portal\\\/2023\\\/03\\\/09\\\/boluarte-quiere-trabajar-por-una-cultura-que-destierre-el-machismo\\\/\"]}]},{\"@type\":\"ImageObject\",\"inLanguage\":\"es\",\"@id\":\"https:\\\/\\\/www.eldiario.net\\\/portal\\\/2023\\\/03\\\/09\\\/boluarte-quiere-trabajar-por-una-cultura-que-destierre-el-machismo\\\/#primaryimage\",\"url\":\"\",\"contentUrl\":\"\"},{\"@type\":\"BreadcrumbList\",\"@id\":\"https:\\\/\\\/www.eldiario.net\\\/portal\\\/2023\\\/03\\\/09\\\/boluarte-quiere-trabajar-por-una-cultura-que-destierre-el-machismo\\\/#breadcrumb\",\"itemListElement\":[{\"@type\":\"ListItem\",\"position\":1,\"name\":\"Portada\",\"item\":\"https:\\\/\\\/www.eldiario.net\\\/portal\\\/\"},{\"@type\":\"ListItem\",\"position\":2,\"name\":\"Boluarte quiere trabajar por una cultura que destierre el machismo\"}]},{\"@type\":\"WebSite\",\"@id\":\"https:\\\/\\\/www.eldiario.net\\\/portal\\\/#website\",\"url\":\"https:\\\/\\\/www.eldiario.net\\\/portal\\\/\",\"name\":\"El Diario - Decano de la prensa nacional\",\"description\":\"El Diario - Decano de la prensa nacional\",\"publisher\":{\"@id\":\"https:\\\/\\\/www.eldiario.net\\\/portal\\\/#organization\"},\"potentialAction\":[{\"@type\":\"SearchAction\",\"target\":{\"@type\":\"EntryPoint\",\"urlTemplate\":\"https:\\\/\\\/www.eldiario.net\\\/portal\\\/?s={search_term_string}\"},\"query-input\":{\"@type\":\"PropertyValueSpecification\",\"valueRequired\":true,\"valueName\":\"search_term_string\"}}],\"inLanguage\":\"es\"},{\"@type\":\"Organization\",\"@id\":\"https:\\\/\\\/www.eldiario.net\\\/portal\\\/#organization\",\"name\":\"El Diario - Decano de la prensa nacional\",\"url\":\"https:\\\/\\\/www.eldiario.net\\\/portal\\\/\",\"logo\":{\"@type\":\"ImageObject\",\"inLanguage\":\"es\",\"@id\":\"https:\\\/\\\/www.eldiario.net\\\/portal\\\/#\\\/schema\\\/logo\\\/image\\\/\",\"url\":\"https:\\\/\\\/www.eldiario.net\\\/portal\\\/wp-content\\\/uploads\\\/2023\\\/07\\\/logo_ED.jpg\",\"contentUrl\":\"https:\\\/\\\/www.eldiario.net\\\/portal\\\/wp-content\\\/uploads\\\/2023\\\/07\\\/logo_ED.jpg\",\"width\":272,\"height\":52,\"caption\":\"El Diario - Decano de la prensa nacional\"},\"image\":{\"@id\":\"https:\\\/\\\/www.eldiario.net\\\/portal\\\/#\\\/schema\\\/logo\\\/image\\\/\"},\"sameAs\":[\"https:\\\/\\\/www.facebook.com\\\/eldiario.bolivia\\\/\",\"https:\\\/\\\/x.com\\\/eldiario_net\"]},{\"@type\":\"Person\",\"@id\":\"https:\\\/\\\/www.eldiario.net\\\/portal\\\/#\\\/schema\\\/person\\\/f46445640444750d7d753ccd04ae01b7\",\"name\":\"Jeanette\",\"image\":{\"@type\":\"ImageObject\",\"inLanguage\":\"es\",\"@id\":\"https:\\\/\\\/secure.gravatar.com\\\/avatar\\\/3ea2118a5f7dad2b7138b1187a6b7ee55f160b9968b66013c3a3ef39dd7e5798?s=96&d=mm&r=g\",\"url\":\"https:\\\/\\\/secure.gravatar.com\\\/avatar\\\/3ea2118a5f7dad2b7138b1187a6b7ee55f160b9968b66013c3a3ef39dd7e5798?s=96&d=mm&r=g\",\"contentUrl\":\"https:\\\/\\\/secure.gravatar.com\\\/avatar\\\/3ea2118a5f7dad2b7138b1187a6b7ee55f160b9968b66013c3a3ef39dd7e5798?s=96&d=mm&r=g\",\"caption\":\"Jeanette\"},\"sameAs\":[\"https:\\\/\\\/www.eldiario.net\\\/portal\"],\"url\":\"https:\\\/\\\/www.eldiario.net\\\/portal\\\/author\\\/jeanette\\\/\"}]}<\/script>\n<!-- \/ Yoast SEO plugin. -->","yoast_head_json":{"title":"Boluarte quiere trabajar por una cultura que destierre el machismo - El Diario - Bolivia","robots":{"index":"index","follow":"follow","max-snippet":"max-snippet:-1","max-image-preview":"max-image-preview:large","max-video-preview":"max-video-preview:-1"},"canonical":"https:\/\/www.eldiario.net\/portal\/2023\/03\/09\/boluarte-quiere-trabajar-por-una-cultura-que-destierre-el-machismo\/","og_locale":"es_ES","og_type":"article","og_title":"Boluarte quiere trabajar por una cultura que destierre el machismo - El Diario - Bolivia","og_description":"Por el D\u00eda Internacional de la Mujer, la presidenta de Per\u00fa, Dina Boluarte, emiti\u00f3 un mensaje a las empresarias, profesionales y campesinas y adem\u00e1s denunci\u00f3 los casos de violencia de g\u00e9nero de las que son v\u00edctimas. \u201cQuiero destacar y reconocer el esfuerzo de las mujeres luchadoras de la costa, de la sierra y de la [&hellip;]","og_url":"https:\/\/www.eldiario.net\/portal\/2023\/03\/09\/boluarte-quiere-trabajar-por-una-cultura-que-destierre-el-machismo\/","og_site_name":"El Diario - Bolivia","article_publisher":"https:\/\/www.facebook.com\/eldiario.bolivia\/","article_published_time":"2023-03-09T10:03:15+00:00","author":"Jeanette","twitter_card":"summary_large_image","twitter_creator":"@eldiario_net","twitter_site":"@eldiario_net","twitter_misc":{"Escrito por":"Jeanette","Tiempo de lectura":"3 minutos"},"schema":{"@context":"https:\/\/schema.org","@graph":[{"@type":"Article","@id":"https:\/\/www.eldiario.net\/portal\/2023\/03\/09\/boluarte-quiere-trabajar-por-una-cultura-que-destierre-el-machismo\/#article","isPartOf":{"@id":"https:\/\/www.eldiario.net\/portal\/2023\/03\/09\/boluarte-quiere-trabajar-por-una-cultura-que-destierre-el-machismo\/"},"author":{"name":"Jeanette","@id":"https:\/\/www.eldiario.net\/portal\/#\/schema\/person\/f46445640444750d7d753ccd04ae01b7"},"headline":"Boluarte quiere trabajar por una cultura que destierre el machismo","datePublished":"2023-03-09T10:03:15+00:00","mainEntityOfPage":{"@id":"https:\/\/www.eldiario.net\/portal\/2023\/03\/09\/boluarte-quiere-trabajar-por-una-cultura-que-destierre-el-machismo\/"},"wordCount":507,"publisher":{"@id":"https:\/\/www.eldiario.net\/portal\/#organization"},"image":{"@id":"https:\/\/www.eldiario.net\/portal\/2023\/03\/09\/boluarte-quiere-trabajar-por-una-cultura-que-destierre-el-machismo\/#primaryimage"},"thumbnailUrl":"","articleSection":["Internacional"],"inLanguage":"es"},{"@type":"WebPage","@id":"https:\/\/www.eldiario.net\/portal\/2023\/03\/09\/boluarte-quiere-trabajar-por-una-cultura-que-destierre-el-machismo\/","url":"https:\/\/www.eldiario.net\/portal\/2023\/03\/09\/boluarte-quiere-trabajar-por-una-cultura-que-destierre-el-machismo\/","name":"Boluarte quiere trabajar por una cultura que destierre el machismo - El Diario - Bolivia","isPartOf":{"@id":"https:\/\/www.eldiario.net\/portal\/#website"},"primaryImageOfPage":{"@id":"https:\/\/www.eldiario.net\/portal\/2023\/03\/09\/boluarte-quiere-trabajar-por-una-cultura-que-destierre-el-machismo\/#primaryimage"},"image":{"@id":"https:\/\/www.eldiario.net\/portal\/2023\/03\/09\/boluarte-quiere-trabajar-por-una-cultura-que-destierre-el-machismo\/#primaryimage"},"thumbnailUrl":"","datePublished":"2023-03-09T10:03:15+00:00","breadcrumb":{"@id":"https:\/\/www.eldiario.net\/portal\/2023\/03\/09\/boluarte-quiere-trabajar-por-una-cultura-que-destierre-el-machismo\/#breadcrumb"},"inLanguage":"es","potentialAction":[{"@type":"ReadAction","target":["https:\/\/www.eldiario.net\/portal\/2023\/03\/09\/boluarte-quiere-trabajar-por-una-cultura-que-destierre-el-machismo\/"]}]},{"@type":"ImageObject","inLanguage":"es","@id":"https:\/\/www.eldiario.net\/portal\/2023\/03\/09\/boluarte-quiere-trabajar-por-una-cultura-que-destierre-el-machismo\/#primaryimage","url":"","contentUrl":""},{"@type":"BreadcrumbList","@id":"https:\/\/www.eldiario.net\/portal\/2023\/03\/09\/boluarte-quiere-trabajar-por-una-cultura-que-destierre-el-machismo\/#breadcrumb","itemListElement":[{"@type":"ListItem","position":1,"name":"Portada","item":"https:\/\/www.eldiario.net\/portal\/"},{"@type":"ListItem","position":2,"name":"Boluarte quiere trabajar por una cultura que destierre el machismo"}]},{"@type":"WebSite","@id":"https:\/\/www.eldiario.net\/portal\/#website","url":"https:\/\/www.eldiario.net\/portal\/","name":"El Diario - Decano de la prensa nacional","description":"El Diario - Decano de la prensa nacional","publisher":{"@id":"https:\/\/www.eldiario.net\/portal\/#organization"},"potentialAction":[{"@type":"SearchAction","target":{"@type":"EntryPoint","urlTemplate":"https:\/\/www.eldiario.net\/portal\/?s={search_term_string}"},"query-input":{"@type":"PropertyValueSpecification","valueRequired":true,"valueName":"search_term_string"}}],"inLanguage":"es"},{"@type":"Organization","@id":"https:\/\/www.eldiario.net\/portal\/#organization","name":"El Diario - Decano de la prensa nacional","url":"https:\/\/www.eldiario.net\/portal\/","logo":{"@type":"ImageObject","inLanguage":"es","@id":"https:\/\/www.eldiario.net\/portal\/#\/schema\/logo\/image\/","url":"https:\/\/www.eldiario.net\/portal\/wp-content\/uploads\/2023\/07\/logo_ED.jpg","contentUrl":"https:\/\/www.eldiario.net\/portal\/wp-content\/uploads\/2023\/07\/logo_ED.jpg","width":272,"height":52,"caption":"El Diario - Decano de la prensa nacional"},"image":{"@id":"https:\/\/www.eldiario.net\/portal\/#\/schema\/logo\/image\/"},"sameAs":["https:\/\/www.facebook.com\/eldiario.bolivia\/","https:\/\/x.com\/eldiario_net"]},{"@type":"Person","@id":"https:\/\/www.eldiario.net\/portal\/#\/schema\/person\/f46445640444750d7d753ccd04ae01b7","name":"Jeanette","image":{"@type":"ImageObject","inLanguage":"es","@id":"https:\/\/secure.gravatar.com\/avatar\/3ea2118a5f7dad2b7138b1187a6b7ee55f160b9968b66013c3a3ef39dd7e5798?s=96&d=mm&r=g","url":"https:\/\/secure.gravatar.com\/avatar\/3ea2118a5f7dad2b7138b1187a6b7ee55f160b9968b66013c3a3ef39dd7e5798?s=96&d=mm&r=g","contentUrl":"https:\/\/secure.gravatar.com\/avatar\/3ea2118a5f7dad2b7138b1187a6b7ee55f160b9968b66013c3a3ef39dd7e5798?s=96&d=mm&r=g","caption":"Jeanette"},"sameAs":["https:\/\/www.eldiario.net\/portal"],"url":"https:\/\/www.eldiario.net\/portal\/author\/jeanette\/"}]}},"_links":{"self":[{"href":"https:\/\/www.eldiario.net\/portal\/wp-json\/wp\/v2\/posts\/142120","targetHints":{"allow":["GET"]}}],"collection":[{"href":"https:\/\/www.eldiario.net\/portal\/wp-json\/wp\/v2\/posts"}],"about":[{"href":"https:\/\/www.eldiario.net\/portal\/wp-json\/wp\/v2\/types\/post"}],"author":[{"embeddable":true,"href":"https:\/\/www.eldiario.net\/portal\/wp-json\/wp\/v2\/users\/1"}],"replies":[{"embeddable":true,"href":"https:\/\/www.eldiario.net\/portal\/wp-json\/wp\/v2\/comments?post=142120"}],"version-history":[{"count":0,"href":"https:\/\/www.eldiario.net\/portal\/wp-json\/wp\/v2\/posts\/142120\/revisions"}],"wp:attachment":[{"href":"https:\/\/www.eldiario.net\/portal\/wp-json\/wp\/v2\/media?parent=142120"}],"wp:term":[{"taxonomy":"category","embeddable":true,"href":"https:\/\/www.eldiario.net\/portal\/wp-json\/wp\/v2\/categories?post=142120"},{"taxonomy":"post_tag","embeddable":true,"href":"https:\/\/www.eldiario.net\/portal\/wp-json\/wp\/v2\/tags?post=142120"}],"curies":[{"name":"wp","href":"https:\/\/api.w.org\/{rel}","templated":true}]}}