{"id":142117,"date":"2023-03-09T06:02:12","date_gmt":"2023-03-09T10:02:12","guid":{"rendered":"https:\/\/www.eldiario.net\/portal\/?p=142117"},"modified":"2023-03-09T06:02:12","modified_gmt":"2023-03-09T10:02:12","slug":"alerta-por-amenaza-de-bomba-en-el-metro","status":"publish","type":"post","link":"https:\/\/www.eldiario.net\/portal\/2023\/03\/09\/alerta-por-amenaza-de-bomba-en-el-metro\/","title":{"rendered":"Alerta por amenaza  de bomba en el metro"},"content":{"rendered":"<p>La Comisi\u00f3n Europea inform\u00f3 a la polic\u00eda que recibi\u00f3 un correo electr\u00f3nico redactado en ruso sobre un posible ataque en el metro de Bruselas, ayer lo que desat\u00f3 una investigaci\u00f3n pese a que sostienen que la amenaza es poco cre\u00edble.<\/p>\n<p>El peri\u00f3dico franc\u00e9s Le Soir report\u00f3 que la pesquisa est\u00e1 en manos de la fiscal\u00eda de Bruselas, mientras que el Centro de Crisis est\u00e1 monitoreando la situaci\u00f3n y la polic\u00eda federal (polic\u00eda ferroviaria) realiz\u00f3 verificaciones en el metro durante la noche. Las patrullas fueron reforzadas para garantizar la seguridad de los ciudadanos.<\/p>\n<p>El Centro de Crisis comunic\u00f3 que \u201cel Organismo de Coordinaci\u00f3n para el An\u00e1lisis de la Amenaza (OCAM) evalu\u00f3 esta amenaza como poco probable\u201d y que \u201cno se necesitan medidas adicionales\u201d mientras contin\u00faan monitoreando de cerca la situaci\u00f3n.<\/p>\n<p>Seg\u00fan el informe de los servicios de seguridad de la Comisi\u00f3n Europea, consultado por Le Soir, una persona contact\u00f3 a la instituci\u00f3n europea por correo electr\u00f3nico dos veces recientemente. Su primer env\u00edo del 16 de febrero no conten\u00eda nada alarmante, mientras que el segundo enviado el 3 de marzo era claramente un mensaje amenazador: \u201cComo la UE contin\u00faa su pol\u00edtica agresiva, quiero alertar sobre el inicio de ataques terroristas masivos en el territorio de la UE\u201d, anuncia en ruso.<\/p>\n<p>Luego advierte sobre la eliminaci\u00f3n de la comunidad LGBT y otras minor\u00edas y ataques contra jefes de Estado y de gobierno. Finalmente, el correo electr\u00f3nico termina con una amenaza precisa: \u201cEl 8 de marzo, el metro en Bruselas ser\u00e1 explotado entre Yser y Rogier\u201d (dos estaciones del segmento norte del metro).<\/p>\n<p>La Polic\u00eda asegur\u00f3 que se tom\u00f3 en serio la amenaza. \u201cHicimos un barrido con perros polic\u00edas capaces de detectar explosivos que result\u00f3 negativo, pero nos mantenemos muy atentos, todos los servicios policiales est\u00e1n en alerta\u201d, inform\u00f3 a Le Soir.<\/p>\n<p>Los ministros de Defensa de la Uni\u00f3n Europea (UE) eval\u00faan en una reuni\u00f3n informal las maneras de proporcionar urgentemente a Ucrania la munici\u00f3n que precisa para acometer la contraofensiva contra la invasi\u00f3n rusa, pero el encuentro se realiza en Estocolmo. (Infobae)<\/p>\n","protected":false},"excerpt":{"rendered":"<p>La Comisi\u00f3n Europea inform\u00f3 a la polic\u00eda que recibi\u00f3 un correo electr\u00f3nico redactado en ruso sobre un posible ataque en el metro de Bruselas, ayer lo que desat\u00f3 una investigaci\u00f3n pese a que sostienen que la amenaza es poco cre\u00edble. El peri\u00f3dico franc\u00e9s Le Soir report\u00f3 que la pesquisa est\u00e1 en manos de la fiscal\u00eda [&hellip;]<\/p>\n","protected":false},"author":1,"featured_media":142118,"comment_status":"closed","ping_status":"closed","sticky":false,"template":"","format":"standard","meta":{"_acf_changed":false,"footnotes":""},"categories":[3],"tags":[],"class_list":["post-142117","post","type-post","status-publish","format-standard","has-post-thumbnail","category-internacional"],"acf":{"antetitulo":""},"yoast_head":"<!-- This site is optimized with the Yoast SEO plugin v28.4 - https:\/\/yoast.com\/product\/yoast-seo-wordpress\/ -->\n<title>Alerta por amenaza de bomba en el metro - El Diario - Bolivia<\/title>\n<meta name=\"robots\" content=\"index, follow, max-snippet:-1, max-image-preview:large, max-video-preview:-1\" \/>\n<link rel=\"canonical\" href=\"https:\/\/www.eldiario.net\/portal\/2023\/03\/09\/alerta-por-amenaza-de-bomba-en-el-metro\/\" \/>\n<meta property=\"og:locale\" content=\"es_ES\" \/>\n<meta property=\"og:type\" content=\"article\" \/>\n<meta property=\"og:title\" content=\"Alerta por amenaza de bomba en el metro - El Diario - Bolivia\" \/>\n<meta property=\"og:description\" content=\"La Comisi\u00f3n Europea inform\u00f3 a la polic\u00eda que recibi\u00f3 un correo electr\u00f3nico redactado en ruso sobre un posible ataque en el metro de Bruselas, ayer lo que desat\u00f3 una investigaci\u00f3n pese a que sostienen que la amenaza es poco cre\u00edble. El peri\u00f3dico franc\u00e9s Le Soir report\u00f3 que la pesquisa est\u00e1 en manos de la fiscal\u00eda [&hellip;]\" \/>\n<meta property=\"og:url\" content=\"https:\/\/www.eldiario.net\/portal\/2023\/03\/09\/alerta-por-amenaza-de-bomba-en-el-metro\/\" \/>\n<meta property=\"og:site_name\" content=\"El Diario - Bolivia\" \/>\n<meta property=\"article:publisher\" content=\"https:\/\/www.facebook.com\/eldiario.bolivia\/\" \/>\n<meta property=\"article:published_time\" content=\"2023-03-09T10:02:12+00:00\" \/>\n<meta name=\"author\" content=\"Jeanette\" \/>\n<meta name=\"twitter:card\" content=\"summary_large_image\" \/>\n<meta name=\"twitter:creator\" content=\"@eldiario_net\" \/>\n<meta name=\"twitter:site\" content=\"@eldiario_net\" \/>\n<meta name=\"twitter:label1\" content=\"Escrito por\" \/>\n\t<meta name=\"twitter:data1\" content=\"Jeanette\" \/>\n\t<meta name=\"twitter:label2\" content=\"Tiempo de lectura\" \/>\n\t<meta name=\"twitter:data2\" content=\"2 minutos\" \/>\n<script type=\"application\/ld+json\" class=\"yoast-schema-graph\">{\"@context\":\"https:\\\/\\\/schema.org\",\"@graph\":[{\"@type\":\"Article\",\"@id\":\"https:\\\/\\\/www.eldiario.net\\\/portal\\\/2023\\\/03\\\/09\\\/alerta-por-amenaza-de-bomba-en-el-metro\\\/#article\",\"isPartOf\":{\"@id\":\"https:\\\/\\\/www.eldiario.net\\\/portal\\\/2023\\\/03\\\/09\\\/alerta-por-amenaza-de-bomba-en-el-metro\\\/\"},\"author\":{\"name\":\"Jeanette\",\"@id\":\"https:\\\/\\\/www.eldiario.net\\\/portal\\\/#\\\/schema\\\/person\\\/f46445640444750d7d753ccd04ae01b7\"},\"headline\":\"Alerta por amenaza de bomba en el metro\",\"datePublished\":\"2023-03-09T10:02:12+00:00\",\"mainEntityOfPage\":{\"@id\":\"https:\\\/\\\/www.eldiario.net\\\/portal\\\/2023\\\/03\\\/09\\\/alerta-por-amenaza-de-bomba-en-el-metro\\\/\"},\"wordCount\":378,\"publisher\":{\"@id\":\"https:\\\/\\\/www.eldiario.net\\\/portal\\\/#organization\"},\"image\":{\"@id\":\"https:\\\/\\\/www.eldiario.net\\\/portal\\\/2023\\\/03\\\/09\\\/alerta-por-amenaza-de-bomba-en-el-metro\\\/#primaryimage\"},\"thumbnailUrl\":\"\",\"articleSection\":[\"Internacional\"],\"inLanguage\":\"es\"},{\"@type\":\"WebPage\",\"@id\":\"https:\\\/\\\/www.eldiario.net\\\/portal\\\/2023\\\/03\\\/09\\\/alerta-por-amenaza-de-bomba-en-el-metro\\\/\",\"url\":\"https:\\\/\\\/www.eldiario.net\\\/portal\\\/2023\\\/03\\\/09\\\/alerta-por-amenaza-de-bomba-en-el-metro\\\/\",\"name\":\"Alerta por amenaza de bomba en el metro - El Diario - Bolivia\",\"isPartOf\":{\"@id\":\"https:\\\/\\\/www.eldiario.net\\\/portal\\\/#website\"},\"primaryImageOfPage\":{\"@id\":\"https:\\\/\\\/www.eldiario.net\\\/portal\\\/2023\\\/03\\\/09\\\/alerta-por-amenaza-de-bomba-en-el-metro\\\/#primaryimage\"},\"image\":{\"@id\":\"https:\\\/\\\/www.eldiario.net\\\/portal\\\/2023\\\/03\\\/09\\\/alerta-por-amenaza-de-bomba-en-el-metro\\\/#primaryimage\"},\"thumbnailUrl\":\"\",\"datePublished\":\"2023-03-09T10:02:12+00:00\",\"breadcrumb\":{\"@id\":\"https:\\\/\\\/www.eldiario.net\\\/portal\\\/2023\\\/03\\\/09\\\/alerta-por-amenaza-de-bomba-en-el-metro\\\/#breadcrumb\"},\"inLanguage\":\"es\",\"potentialAction\":[{\"@type\":\"ReadAction\",\"target\":[\"https:\\\/\\\/www.eldiario.net\\\/portal\\\/2023\\\/03\\\/09\\\/alerta-por-amenaza-de-bomba-en-el-metro\\\/\"]}]},{\"@type\":\"ImageObject\",\"inLanguage\":\"es\",\"@id\":\"https:\\\/\\\/www.eldiario.net\\\/portal\\\/2023\\\/03\\\/09\\\/alerta-por-amenaza-de-bomba-en-el-metro\\\/#primaryimage\",\"url\":\"\",\"contentUrl\":\"\"},{\"@type\":\"BreadcrumbList\",\"@id\":\"https:\\\/\\\/www.eldiario.net\\\/portal\\\/2023\\\/03\\\/09\\\/alerta-por-amenaza-de-bomba-en-el-metro\\\/#breadcrumb\",\"itemListElement\":[{\"@type\":\"ListItem\",\"position\":1,\"name\":\"Portada\",\"item\":\"https:\\\/\\\/www.eldiario.net\\\/portal\\\/\"},{\"@type\":\"ListItem\",\"position\":2,\"name\":\"Alerta por amenaza de bomba en el metro\"}]},{\"@type\":\"WebSite\",\"@id\":\"https:\\\/\\\/www.eldiario.net\\\/portal\\\/#website\",\"url\":\"https:\\\/\\\/www.eldiario.net\\\/portal\\\/\",\"name\":\"El Diario - Decano de la prensa nacional\",\"description\":\"El Diario - Decano de la prensa nacional\",\"publisher\":{\"@id\":\"https:\\\/\\\/www.eldiario.net\\\/portal\\\/#organization\"},\"potentialAction\":[{\"@type\":\"SearchAction\",\"target\":{\"@type\":\"EntryPoint\",\"urlTemplate\":\"https:\\\/\\\/www.eldiario.net\\\/portal\\\/?s={search_term_string}\"},\"query-input\":{\"@type\":\"PropertyValueSpecification\",\"valueRequired\":true,\"valueName\":\"search_term_string\"}}],\"inLanguage\":\"es\"},{\"@type\":\"Organization\",\"@id\":\"https:\\\/\\\/www.eldiario.net\\\/portal\\\/#organization\",\"name\":\"El Diario - Decano de la prensa nacional\",\"url\":\"https:\\\/\\\/www.eldiario.net\\\/portal\\\/\",\"logo\":{\"@type\":\"ImageObject\",\"inLanguage\":\"es\",\"@id\":\"https:\\\/\\\/www.eldiario.net\\\/portal\\\/#\\\/schema\\\/logo\\\/image\\\/\",\"url\":\"https:\\\/\\\/www.eldiario.net\\\/portal\\\/wp-content\\\/uploads\\\/2023\\\/07\\\/logo_ED.jpg\",\"contentUrl\":\"https:\\\/\\\/www.eldiario.net\\\/portal\\\/wp-content\\\/uploads\\\/2023\\\/07\\\/logo_ED.jpg\",\"width\":272,\"height\":52,\"caption\":\"El Diario - Decano de la prensa nacional\"},\"image\":{\"@id\":\"https:\\\/\\\/www.eldiario.net\\\/portal\\\/#\\\/schema\\\/logo\\\/image\\\/\"},\"sameAs\":[\"https:\\\/\\\/www.facebook.com\\\/eldiario.bolivia\\\/\",\"https:\\\/\\\/x.com\\\/eldiario_net\"]},{\"@type\":\"Person\",\"@id\":\"https:\\\/\\\/www.eldiario.net\\\/portal\\\/#\\\/schema\\\/person\\\/f46445640444750d7d753ccd04ae01b7\",\"name\":\"Jeanette\",\"image\":{\"@type\":\"ImageObject\",\"inLanguage\":\"es\",\"@id\":\"https:\\\/\\\/secure.gravatar.com\\\/avatar\\\/3ea2118a5f7dad2b7138b1187a6b7ee55f160b9968b66013c3a3ef39dd7e5798?s=96&d=mm&r=g\",\"url\":\"https:\\\/\\\/secure.gravatar.com\\\/avatar\\\/3ea2118a5f7dad2b7138b1187a6b7ee55f160b9968b66013c3a3ef39dd7e5798?s=96&d=mm&r=g\",\"contentUrl\":\"https:\\\/\\\/secure.gravatar.com\\\/avatar\\\/3ea2118a5f7dad2b7138b1187a6b7ee55f160b9968b66013c3a3ef39dd7e5798?s=96&d=mm&r=g\",\"caption\":\"Jeanette\"},\"sameAs\":[\"https:\\\/\\\/www.eldiario.net\\\/portal\"],\"url\":\"https:\\\/\\\/www.eldiario.net\\\/portal\\\/author\\\/jeanette\\\/\"}]}<\/script>\n<!-- \/ Yoast SEO plugin. -->","yoast_head_json":{"title":"Alerta por amenaza de bomba en el metro - El Diario - Bolivia","robots":{"index":"index","follow":"follow","max-snippet":"max-snippet:-1","max-image-preview":"max-image-preview:large","max-video-preview":"max-video-preview:-1"},"canonical":"https:\/\/www.eldiario.net\/portal\/2023\/03\/09\/alerta-por-amenaza-de-bomba-en-el-metro\/","og_locale":"es_ES","og_type":"article","og_title":"Alerta por amenaza de bomba en el metro - El Diario - Bolivia","og_description":"La Comisi\u00f3n Europea inform\u00f3 a la polic\u00eda que recibi\u00f3 un correo electr\u00f3nico redactado en ruso sobre un posible ataque en el metro de Bruselas, ayer lo que desat\u00f3 una investigaci\u00f3n pese a que sostienen que la amenaza es poco cre\u00edble. El peri\u00f3dico franc\u00e9s Le Soir report\u00f3 que la pesquisa est\u00e1 en manos de la fiscal\u00eda [&hellip;]","og_url":"https:\/\/www.eldiario.net\/portal\/2023\/03\/09\/alerta-por-amenaza-de-bomba-en-el-metro\/","og_site_name":"El Diario - Bolivia","article_publisher":"https:\/\/www.facebook.com\/eldiario.bolivia\/","article_published_time":"2023-03-09T10:02:12+00:00","author":"Jeanette","twitter_card":"summary_large_image","twitter_creator":"@eldiario_net","twitter_site":"@eldiario_net","twitter_misc":{"Escrito por":"Jeanette","Tiempo de lectura":"2 minutos"},"schema":{"@context":"https:\/\/schema.org","@graph":[{"@type":"Article","@id":"https:\/\/www.eldiario.net\/portal\/2023\/03\/09\/alerta-por-amenaza-de-bomba-en-el-metro\/#article","isPartOf":{"@id":"https:\/\/www.eldiario.net\/portal\/2023\/03\/09\/alerta-por-amenaza-de-bomba-en-el-metro\/"},"author":{"name":"Jeanette","@id":"https:\/\/www.eldiario.net\/portal\/#\/schema\/person\/f46445640444750d7d753ccd04ae01b7"},"headline":"Alerta por amenaza de bomba en el metro","datePublished":"2023-03-09T10:02:12+00:00","mainEntityOfPage":{"@id":"https:\/\/www.eldiario.net\/portal\/2023\/03\/09\/alerta-por-amenaza-de-bomba-en-el-metro\/"},"wordCount":378,"publisher":{"@id":"https:\/\/www.eldiario.net\/portal\/#organization"},"image":{"@id":"https:\/\/www.eldiario.net\/portal\/2023\/03\/09\/alerta-por-amenaza-de-bomba-en-el-metro\/#primaryimage"},"thumbnailUrl":"","articleSection":["Internacional"],"inLanguage":"es"},{"@type":"WebPage","@id":"https:\/\/www.eldiario.net\/portal\/2023\/03\/09\/alerta-por-amenaza-de-bomba-en-el-metro\/","url":"https:\/\/www.eldiario.net\/portal\/2023\/03\/09\/alerta-por-amenaza-de-bomba-en-el-metro\/","name":"Alerta por amenaza de bomba en el metro - El Diario - Bolivia","isPartOf":{"@id":"https:\/\/www.eldiario.net\/portal\/#website"},"primaryImageOfPage":{"@id":"https:\/\/www.eldiario.net\/portal\/2023\/03\/09\/alerta-por-amenaza-de-bomba-en-el-metro\/#primaryimage"},"image":{"@id":"https:\/\/www.eldiario.net\/portal\/2023\/03\/09\/alerta-por-amenaza-de-bomba-en-el-metro\/#primaryimage"},"thumbnailUrl":"","datePublished":"2023-03-09T10:02:12+00:00","breadcrumb":{"@id":"https:\/\/www.eldiario.net\/portal\/2023\/03\/09\/alerta-por-amenaza-de-bomba-en-el-metro\/#breadcrumb"},"inLanguage":"es","potentialAction":[{"@type":"ReadAction","target":["https:\/\/www.eldiario.net\/portal\/2023\/03\/09\/alerta-por-amenaza-de-bomba-en-el-metro\/"]}]},{"@type":"ImageObject","inLanguage":"es","@id":"https:\/\/www.eldiario.net\/portal\/2023\/03\/09\/alerta-por-amenaza-de-bomba-en-el-metro\/#primaryimage","url":"","contentUrl":""},{"@type":"BreadcrumbList","@id":"https:\/\/www.eldiario.net\/portal\/2023\/03\/09\/alerta-por-amenaza-de-bomba-en-el-metro\/#breadcrumb","itemListElement":[{"@type":"ListItem","position":1,"name":"Portada","item":"https:\/\/www.eldiario.net\/portal\/"},{"@type":"ListItem","position":2,"name":"Alerta por amenaza de bomba en el metro"}]},{"@type":"WebSite","@id":"https:\/\/www.eldiario.net\/portal\/#website","url":"https:\/\/www.eldiario.net\/portal\/","name":"El Diario - Decano de la prensa nacional","description":"El Diario - Decano de la prensa nacional","publisher":{"@id":"https:\/\/www.eldiario.net\/portal\/#organization"},"potentialAction":[{"@type":"SearchAction","target":{"@type":"EntryPoint","urlTemplate":"https:\/\/www.eldiario.net\/portal\/?s={search_term_string}"},"query-input":{"@type":"PropertyValueSpecification","valueRequired":true,"valueName":"search_term_string"}}],"inLanguage":"es"},{"@type":"Organization","@id":"https:\/\/www.eldiario.net\/portal\/#organization","name":"El Diario - Decano de la prensa nacional","url":"https:\/\/www.eldiario.net\/portal\/","logo":{"@type":"ImageObject","inLanguage":"es","@id":"https:\/\/www.eldiario.net\/portal\/#\/schema\/logo\/image\/","url":"https:\/\/www.eldiario.net\/portal\/wp-content\/uploads\/2023\/07\/logo_ED.jpg","contentUrl":"https:\/\/www.eldiario.net\/portal\/wp-content\/uploads\/2023\/07\/logo_ED.jpg","width":272,"height":52,"caption":"El Diario - Decano de la prensa nacional"},"image":{"@id":"https:\/\/www.eldiario.net\/portal\/#\/schema\/logo\/image\/"},"sameAs":["https:\/\/www.facebook.com\/eldiario.bolivia\/","https:\/\/x.com\/eldiario_net"]},{"@type":"Person","@id":"https:\/\/www.eldiario.net\/portal\/#\/schema\/person\/f46445640444750d7d753ccd04ae01b7","name":"Jeanette","image":{"@type":"ImageObject","inLanguage":"es","@id":"https:\/\/secure.gravatar.com\/avatar\/3ea2118a5f7dad2b7138b1187a6b7ee55f160b9968b66013c3a3ef39dd7e5798?s=96&d=mm&r=g","url":"https:\/\/secure.gravatar.com\/avatar\/3ea2118a5f7dad2b7138b1187a6b7ee55f160b9968b66013c3a3ef39dd7e5798?s=96&d=mm&r=g","contentUrl":"https:\/\/secure.gravatar.com\/avatar\/3ea2118a5f7dad2b7138b1187a6b7ee55f160b9968b66013c3a3ef39dd7e5798?s=96&d=mm&r=g","caption":"Jeanette"},"sameAs":["https:\/\/www.eldiario.net\/portal"],"url":"https:\/\/www.eldiario.net\/portal\/author\/jeanette\/"}]}},"_links":{"self":[{"href":"https:\/\/www.eldiario.net\/portal\/wp-json\/wp\/v2\/posts\/142117","targetHints":{"allow":["GET"]}}],"collection":[{"href":"https:\/\/www.eldiario.net\/portal\/wp-json\/wp\/v2\/posts"}],"about":[{"href":"https:\/\/www.eldiario.net\/portal\/wp-json\/wp\/v2\/types\/post"}],"author":[{"embeddable":true,"href":"https:\/\/www.eldiario.net\/portal\/wp-json\/wp\/v2\/users\/1"}],"replies":[{"embeddable":true,"href":"https:\/\/www.eldiario.net\/portal\/wp-json\/wp\/v2\/comments?post=142117"}],"version-history":[{"count":0,"href":"https:\/\/www.eldiario.net\/portal\/wp-json\/wp\/v2\/posts\/142117\/revisions"}],"wp:attachment":[{"href":"https:\/\/www.eldiario.net\/portal\/wp-json\/wp\/v2\/media?parent=142117"}],"wp:term":[{"taxonomy":"category","embeddable":true,"href":"https:\/\/www.eldiario.net\/portal\/wp-json\/wp\/v2\/categories?post=142117"},{"taxonomy":"post_tag","embeddable":true,"href":"https:\/\/www.eldiario.net\/portal\/wp-json\/wp\/v2\/tags?post=142117"}],"curies":[{"name":"wp","href":"https:\/\/api.w.org\/{rel}","templated":true}]}}