{"id":142114,"date":"2023-03-09T06:01:13","date_gmt":"2023-03-09T10:01:13","guid":{"rendered":"https:\/\/www.eldiario.net\/portal\/?p=142114"},"modified":"2023-03-09T06:01:13","modified_gmt":"2023-03-09T10:01:13","slug":"otan-advierte-que-bajmut-puede-caer-en-manos-de-rusia","status":"publish","type":"post","link":"https:\/\/www.eldiario.net\/portal\/2023\/03\/09\/otan-advierte-que-bajmut-puede-caer-en-manos-de-rusia\/","title":{"rendered":"OTAN advierte que Bajmut  puede caer en manos de Rusia"},"content":{"rendered":"<p>El secretario general de la OTAN, Jens Stoltenberg, advirti\u00f3 ayer que la ciudad de Bajmut, escenario de fuertes combates entre Ucrania y Rusia, puede caer los pr\u00f3ximos d\u00edas en manos del Ej\u00e9rcito ruso.<\/p>\n<p>En declaraciones desde Estocolmo, donde participa en la reuni\u00f3n de ministros de Defensa europeos, Stoltenberg, asegur\u00f3 que Mosc\u00fa est\u00e1 lanzando una ofensiva con muchos efectivos contra esta localidad en la regi\u00f3n del Donb\u00e1s, por lo que \u00abno se puede descartar que caiga en los pr\u00f3ximos d\u00edas\u00bb.<\/p>\n<p>\u00abEsto no tiene por qu\u00e9 reflejar necesariamente un punto de inflexi\u00f3n en la guerra, pero subraya que no podemos infravalorar a Rusia y tenemos que seguir mandando apoyo a Ucrania\u00bb, asegur\u00f3 el jefe pol\u00edtico de la OTAN.<\/p>\n<p>Estas palabras llegan luego de que el l\u00edder del Grupo Wagner, Yevgeni Prigozhin, haya anunciado que las tropas rusas ya controlan toda la parte este de la ciudad. En un audio publicado a trav\u00e9s de su canal de Telegram y recogido por la agencia estatal rusa Tass, el oligarca ruso asegur\u00f3 que el grupo \u00abocup\u00f3 toda la parte este de Bajmut, todo el territorio al este del r\u00edo Bajmutka est\u00e1 completamente bajo el control del Grupo Wagner\u00bb.<\/p>\n<p>La localidad fue presentada por las fuerzas rusas como punto estrat\u00e9gico clave para seguir avanzando hacia otras zonas actualmente bajo control de las tropas ucranianas. Kiev no oculta que la situaci\u00f3n en la zona es complicada, con la localidad pr\u00e1cticamente rodeada por las fuerzas leales al Kremlin, entre las que figuran los mercenarios del Grupo Wagner.<\/p>\n<p>La toma de Bajmut supondr\u00eda una carretera abierta para que los rusos lleguen a otras ciudades en el este de Ucrania, avis\u00f3 el propio presidente ucraniano, Volodimir Zelenski, durante las \u00faltimas jornadas.<\/p>\n<p>Tambi\u00e9n subray\u00f3 del valor simb\u00f3lico de esta ofensiva para Rusia y asegur\u00f3 que poner una peque\u00f1a bandera en la ciudad supondr\u00eda la movilizaci\u00f3n de su sociedad para crear la idea de que son un Ej\u00e9rcito poderoso. Mientras,aliados de Kiev como Estados Unidos ya han sugerido que perder Bajmut no tiene por qu\u00e9 ser determinante en el contexto militar. (Europa Press)<\/p>\n","protected":false},"excerpt":{"rendered":"<p>El secretario general de la OTAN, Jens Stoltenberg, advirti\u00f3 ayer que la ciudad de Bajmut, escenario de fuertes combates entre Ucrania y Rusia, puede caer los pr\u00f3ximos d\u00edas en manos del Ej\u00e9rcito ruso. En declaraciones desde Estocolmo, donde participa en la reuni\u00f3n de ministros de Defensa europeos, Stoltenberg, asegur\u00f3 que Mosc\u00fa est\u00e1 lanzando una ofensiva [&hellip;]<\/p>\n","protected":false},"author":1,"featured_media":142115,"comment_status":"closed","ping_status":"closed","sticky":false,"template":"","format":"standard","meta":{"_acf_changed":false,"footnotes":""},"categories":[3],"tags":[],"class_list":["post-142114","post","type-post","status-publish","format-standard","has-post-thumbnail","category-internacional"],"acf":{"antetitulo":""},"yoast_head":"<!-- This site is optimized with the Yoast SEO plugin v28.4 - https:\/\/yoast.com\/product\/yoast-seo-wordpress\/ -->\n<title>OTAN advierte que Bajmut puede caer en manos de Rusia - El Diario - Bolivia<\/title>\n<meta name=\"robots\" content=\"index, follow, max-snippet:-1, max-image-preview:large, max-video-preview:-1\" \/>\n<link rel=\"canonical\" href=\"https:\/\/www.eldiario.net\/portal\/2023\/03\/09\/otan-advierte-que-bajmut-puede-caer-en-manos-de-rusia\/\" \/>\n<meta property=\"og:locale\" content=\"es_ES\" \/>\n<meta property=\"og:type\" content=\"article\" \/>\n<meta property=\"og:title\" content=\"OTAN advierte que Bajmut puede caer en manos de Rusia - El Diario - Bolivia\" \/>\n<meta property=\"og:description\" content=\"El secretario general de la OTAN, Jens Stoltenberg, advirti\u00f3 ayer que la ciudad de Bajmut, escenario de fuertes combates entre Ucrania y Rusia, puede caer los pr\u00f3ximos d\u00edas en manos del Ej\u00e9rcito ruso. En declaraciones desde Estocolmo, donde participa en la reuni\u00f3n de ministros de Defensa europeos, Stoltenberg, asegur\u00f3 que Mosc\u00fa est\u00e1 lanzando una ofensiva [&hellip;]\" \/>\n<meta property=\"og:url\" content=\"https:\/\/www.eldiario.net\/portal\/2023\/03\/09\/otan-advierte-que-bajmut-puede-caer-en-manos-de-rusia\/\" \/>\n<meta property=\"og:site_name\" content=\"El Diario - Bolivia\" \/>\n<meta property=\"article:publisher\" content=\"https:\/\/www.facebook.com\/eldiario.bolivia\/\" \/>\n<meta property=\"article:published_time\" content=\"2023-03-09T10:01:13+00:00\" \/>\n<meta name=\"author\" content=\"Jeanette\" \/>\n<meta name=\"twitter:card\" content=\"summary_large_image\" \/>\n<meta name=\"twitter:creator\" content=\"@eldiario_net\" \/>\n<meta name=\"twitter:site\" content=\"@eldiario_net\" \/>\n<meta name=\"twitter:label1\" content=\"Escrito por\" \/>\n\t<meta name=\"twitter:data1\" content=\"Jeanette\" \/>\n\t<meta name=\"twitter:label2\" content=\"Tiempo de lectura\" \/>\n\t<meta name=\"twitter:data2\" content=\"2 minutos\" \/>\n<script type=\"application\/ld+json\" class=\"yoast-schema-graph\">{\"@context\":\"https:\\\/\\\/schema.org\",\"@graph\":[{\"@type\":\"Article\",\"@id\":\"https:\\\/\\\/www.eldiario.net\\\/portal\\\/2023\\\/03\\\/09\\\/otan-advierte-que-bajmut-puede-caer-en-manos-de-rusia\\\/#article\",\"isPartOf\":{\"@id\":\"https:\\\/\\\/www.eldiario.net\\\/portal\\\/2023\\\/03\\\/09\\\/otan-advierte-que-bajmut-puede-caer-en-manos-de-rusia\\\/\"},\"author\":{\"name\":\"Jeanette\",\"@id\":\"https:\\\/\\\/www.eldiario.net\\\/portal\\\/#\\\/schema\\\/person\\\/f46445640444750d7d753ccd04ae01b7\"},\"headline\":\"OTAN advierte que Bajmut puede caer en manos de Rusia\",\"datePublished\":\"2023-03-09T10:01:13+00:00\",\"mainEntityOfPage\":{\"@id\":\"https:\\\/\\\/www.eldiario.net\\\/portal\\\/2023\\\/03\\\/09\\\/otan-advierte-que-bajmut-puede-caer-en-manos-de-rusia\\\/\"},\"wordCount\":375,\"publisher\":{\"@id\":\"https:\\\/\\\/www.eldiario.net\\\/portal\\\/#organization\"},\"image\":{\"@id\":\"https:\\\/\\\/www.eldiario.net\\\/portal\\\/2023\\\/03\\\/09\\\/otan-advierte-que-bajmut-puede-caer-en-manos-de-rusia\\\/#primaryimage\"},\"thumbnailUrl\":\"\",\"articleSection\":[\"Internacional\"],\"inLanguage\":\"es\"},{\"@type\":\"WebPage\",\"@id\":\"https:\\\/\\\/www.eldiario.net\\\/portal\\\/2023\\\/03\\\/09\\\/otan-advierte-que-bajmut-puede-caer-en-manos-de-rusia\\\/\",\"url\":\"https:\\\/\\\/www.eldiario.net\\\/portal\\\/2023\\\/03\\\/09\\\/otan-advierte-que-bajmut-puede-caer-en-manos-de-rusia\\\/\",\"name\":\"OTAN advierte que Bajmut puede caer en manos de Rusia - El Diario - Bolivia\",\"isPartOf\":{\"@id\":\"https:\\\/\\\/www.eldiario.net\\\/portal\\\/#website\"},\"primaryImageOfPage\":{\"@id\":\"https:\\\/\\\/www.eldiario.net\\\/portal\\\/2023\\\/03\\\/09\\\/otan-advierte-que-bajmut-puede-caer-en-manos-de-rusia\\\/#primaryimage\"},\"image\":{\"@id\":\"https:\\\/\\\/www.eldiario.net\\\/portal\\\/2023\\\/03\\\/09\\\/otan-advierte-que-bajmut-puede-caer-en-manos-de-rusia\\\/#primaryimage\"},\"thumbnailUrl\":\"\",\"datePublished\":\"2023-03-09T10:01:13+00:00\",\"breadcrumb\":{\"@id\":\"https:\\\/\\\/www.eldiario.net\\\/portal\\\/2023\\\/03\\\/09\\\/otan-advierte-que-bajmut-puede-caer-en-manos-de-rusia\\\/#breadcrumb\"},\"inLanguage\":\"es\",\"potentialAction\":[{\"@type\":\"ReadAction\",\"target\":[\"https:\\\/\\\/www.eldiario.net\\\/portal\\\/2023\\\/03\\\/09\\\/otan-advierte-que-bajmut-puede-caer-en-manos-de-rusia\\\/\"]}]},{\"@type\":\"ImageObject\",\"inLanguage\":\"es\",\"@id\":\"https:\\\/\\\/www.eldiario.net\\\/portal\\\/2023\\\/03\\\/09\\\/otan-advierte-que-bajmut-puede-caer-en-manos-de-rusia\\\/#primaryimage\",\"url\":\"\",\"contentUrl\":\"\"},{\"@type\":\"BreadcrumbList\",\"@id\":\"https:\\\/\\\/www.eldiario.net\\\/portal\\\/2023\\\/03\\\/09\\\/otan-advierte-que-bajmut-puede-caer-en-manos-de-rusia\\\/#breadcrumb\",\"itemListElement\":[{\"@type\":\"ListItem\",\"position\":1,\"name\":\"Portada\",\"item\":\"https:\\\/\\\/www.eldiario.net\\\/portal\\\/\"},{\"@type\":\"ListItem\",\"position\":2,\"name\":\"OTAN advierte que Bajmut puede caer en manos de Rusia\"}]},{\"@type\":\"WebSite\",\"@id\":\"https:\\\/\\\/www.eldiario.net\\\/portal\\\/#website\",\"url\":\"https:\\\/\\\/www.eldiario.net\\\/portal\\\/\",\"name\":\"El Diario - Decano de la prensa nacional\",\"description\":\"El Diario - Decano de la prensa nacional\",\"publisher\":{\"@id\":\"https:\\\/\\\/www.eldiario.net\\\/portal\\\/#organization\"},\"potentialAction\":[{\"@type\":\"SearchAction\",\"target\":{\"@type\":\"EntryPoint\",\"urlTemplate\":\"https:\\\/\\\/www.eldiario.net\\\/portal\\\/?s={search_term_string}\"},\"query-input\":{\"@type\":\"PropertyValueSpecification\",\"valueRequired\":true,\"valueName\":\"search_term_string\"}}],\"inLanguage\":\"es\"},{\"@type\":\"Organization\",\"@id\":\"https:\\\/\\\/www.eldiario.net\\\/portal\\\/#organization\",\"name\":\"El Diario - Decano de la prensa nacional\",\"url\":\"https:\\\/\\\/www.eldiario.net\\\/portal\\\/\",\"logo\":{\"@type\":\"ImageObject\",\"inLanguage\":\"es\",\"@id\":\"https:\\\/\\\/www.eldiario.net\\\/portal\\\/#\\\/schema\\\/logo\\\/image\\\/\",\"url\":\"https:\\\/\\\/www.eldiario.net\\\/portal\\\/wp-content\\\/uploads\\\/2023\\\/07\\\/logo_ED.jpg\",\"contentUrl\":\"https:\\\/\\\/www.eldiario.net\\\/portal\\\/wp-content\\\/uploads\\\/2023\\\/07\\\/logo_ED.jpg\",\"width\":272,\"height\":52,\"caption\":\"El Diario - Decano de la prensa nacional\"},\"image\":{\"@id\":\"https:\\\/\\\/www.eldiario.net\\\/portal\\\/#\\\/schema\\\/logo\\\/image\\\/\"},\"sameAs\":[\"https:\\\/\\\/www.facebook.com\\\/eldiario.bolivia\\\/\",\"https:\\\/\\\/x.com\\\/eldiario_net\"]},{\"@type\":\"Person\",\"@id\":\"https:\\\/\\\/www.eldiario.net\\\/portal\\\/#\\\/schema\\\/person\\\/f46445640444750d7d753ccd04ae01b7\",\"name\":\"Jeanette\",\"image\":{\"@type\":\"ImageObject\",\"inLanguage\":\"es\",\"@id\":\"https:\\\/\\\/secure.gravatar.com\\\/avatar\\\/3ea2118a5f7dad2b7138b1187a6b7ee55f160b9968b66013c3a3ef39dd7e5798?s=96&d=mm&r=g\",\"url\":\"https:\\\/\\\/secure.gravatar.com\\\/avatar\\\/3ea2118a5f7dad2b7138b1187a6b7ee55f160b9968b66013c3a3ef39dd7e5798?s=96&d=mm&r=g\",\"contentUrl\":\"https:\\\/\\\/secure.gravatar.com\\\/avatar\\\/3ea2118a5f7dad2b7138b1187a6b7ee55f160b9968b66013c3a3ef39dd7e5798?s=96&d=mm&r=g\",\"caption\":\"Jeanette\"},\"sameAs\":[\"https:\\\/\\\/www.eldiario.net\\\/portal\"],\"url\":\"https:\\\/\\\/www.eldiario.net\\\/portal\\\/author\\\/jeanette\\\/\"}]}<\/script>\n<!-- \/ Yoast SEO plugin. -->","yoast_head_json":{"title":"OTAN advierte que Bajmut puede caer en manos de Rusia - El Diario - Bolivia","robots":{"index":"index","follow":"follow","max-snippet":"max-snippet:-1","max-image-preview":"max-image-preview:large","max-video-preview":"max-video-preview:-1"},"canonical":"https:\/\/www.eldiario.net\/portal\/2023\/03\/09\/otan-advierte-que-bajmut-puede-caer-en-manos-de-rusia\/","og_locale":"es_ES","og_type":"article","og_title":"OTAN advierte que Bajmut puede caer en manos de Rusia - El Diario - Bolivia","og_description":"El secretario general de la OTAN, Jens Stoltenberg, advirti\u00f3 ayer que la ciudad de Bajmut, escenario de fuertes combates entre Ucrania y Rusia, puede caer los pr\u00f3ximos d\u00edas en manos del Ej\u00e9rcito ruso. En declaraciones desde Estocolmo, donde participa en la reuni\u00f3n de ministros de Defensa europeos, Stoltenberg, asegur\u00f3 que Mosc\u00fa est\u00e1 lanzando una ofensiva [&hellip;]","og_url":"https:\/\/www.eldiario.net\/portal\/2023\/03\/09\/otan-advierte-que-bajmut-puede-caer-en-manos-de-rusia\/","og_site_name":"El Diario - Bolivia","article_publisher":"https:\/\/www.facebook.com\/eldiario.bolivia\/","article_published_time":"2023-03-09T10:01:13+00:00","author":"Jeanette","twitter_card":"summary_large_image","twitter_creator":"@eldiario_net","twitter_site":"@eldiario_net","twitter_misc":{"Escrito por":"Jeanette","Tiempo de lectura":"2 minutos"},"schema":{"@context":"https:\/\/schema.org","@graph":[{"@type":"Article","@id":"https:\/\/www.eldiario.net\/portal\/2023\/03\/09\/otan-advierte-que-bajmut-puede-caer-en-manos-de-rusia\/#article","isPartOf":{"@id":"https:\/\/www.eldiario.net\/portal\/2023\/03\/09\/otan-advierte-que-bajmut-puede-caer-en-manos-de-rusia\/"},"author":{"name":"Jeanette","@id":"https:\/\/www.eldiario.net\/portal\/#\/schema\/person\/f46445640444750d7d753ccd04ae01b7"},"headline":"OTAN advierte que Bajmut puede caer en manos de Rusia","datePublished":"2023-03-09T10:01:13+00:00","mainEntityOfPage":{"@id":"https:\/\/www.eldiario.net\/portal\/2023\/03\/09\/otan-advierte-que-bajmut-puede-caer-en-manos-de-rusia\/"},"wordCount":375,"publisher":{"@id":"https:\/\/www.eldiario.net\/portal\/#organization"},"image":{"@id":"https:\/\/www.eldiario.net\/portal\/2023\/03\/09\/otan-advierte-que-bajmut-puede-caer-en-manos-de-rusia\/#primaryimage"},"thumbnailUrl":"","articleSection":["Internacional"],"inLanguage":"es"},{"@type":"WebPage","@id":"https:\/\/www.eldiario.net\/portal\/2023\/03\/09\/otan-advierte-que-bajmut-puede-caer-en-manos-de-rusia\/","url":"https:\/\/www.eldiario.net\/portal\/2023\/03\/09\/otan-advierte-que-bajmut-puede-caer-en-manos-de-rusia\/","name":"OTAN advierte que Bajmut puede caer en manos de Rusia - El Diario - Bolivia","isPartOf":{"@id":"https:\/\/www.eldiario.net\/portal\/#website"},"primaryImageOfPage":{"@id":"https:\/\/www.eldiario.net\/portal\/2023\/03\/09\/otan-advierte-que-bajmut-puede-caer-en-manos-de-rusia\/#primaryimage"},"image":{"@id":"https:\/\/www.eldiario.net\/portal\/2023\/03\/09\/otan-advierte-que-bajmut-puede-caer-en-manos-de-rusia\/#primaryimage"},"thumbnailUrl":"","datePublished":"2023-03-09T10:01:13+00:00","breadcrumb":{"@id":"https:\/\/www.eldiario.net\/portal\/2023\/03\/09\/otan-advierte-que-bajmut-puede-caer-en-manos-de-rusia\/#breadcrumb"},"inLanguage":"es","potentialAction":[{"@type":"ReadAction","target":["https:\/\/www.eldiario.net\/portal\/2023\/03\/09\/otan-advierte-que-bajmut-puede-caer-en-manos-de-rusia\/"]}]},{"@type":"ImageObject","inLanguage":"es","@id":"https:\/\/www.eldiario.net\/portal\/2023\/03\/09\/otan-advierte-que-bajmut-puede-caer-en-manos-de-rusia\/#primaryimage","url":"","contentUrl":""},{"@type":"BreadcrumbList","@id":"https:\/\/www.eldiario.net\/portal\/2023\/03\/09\/otan-advierte-que-bajmut-puede-caer-en-manos-de-rusia\/#breadcrumb","itemListElement":[{"@type":"ListItem","position":1,"name":"Portada","item":"https:\/\/www.eldiario.net\/portal\/"},{"@type":"ListItem","position":2,"name":"OTAN advierte que Bajmut puede caer en manos de Rusia"}]},{"@type":"WebSite","@id":"https:\/\/www.eldiario.net\/portal\/#website","url":"https:\/\/www.eldiario.net\/portal\/","name":"El Diario - Decano de la prensa nacional","description":"El Diario - Decano de la prensa nacional","publisher":{"@id":"https:\/\/www.eldiario.net\/portal\/#organization"},"potentialAction":[{"@type":"SearchAction","target":{"@type":"EntryPoint","urlTemplate":"https:\/\/www.eldiario.net\/portal\/?s={search_term_string}"},"query-input":{"@type":"PropertyValueSpecification","valueRequired":true,"valueName":"search_term_string"}}],"inLanguage":"es"},{"@type":"Organization","@id":"https:\/\/www.eldiario.net\/portal\/#organization","name":"El Diario - Decano de la prensa nacional","url":"https:\/\/www.eldiario.net\/portal\/","logo":{"@type":"ImageObject","inLanguage":"es","@id":"https:\/\/www.eldiario.net\/portal\/#\/schema\/logo\/image\/","url":"https:\/\/www.eldiario.net\/portal\/wp-content\/uploads\/2023\/07\/logo_ED.jpg","contentUrl":"https:\/\/www.eldiario.net\/portal\/wp-content\/uploads\/2023\/07\/logo_ED.jpg","width":272,"height":52,"caption":"El Diario - Decano de la prensa nacional"},"image":{"@id":"https:\/\/www.eldiario.net\/portal\/#\/schema\/logo\/image\/"},"sameAs":["https:\/\/www.facebook.com\/eldiario.bolivia\/","https:\/\/x.com\/eldiario_net"]},{"@type":"Person","@id":"https:\/\/www.eldiario.net\/portal\/#\/schema\/person\/f46445640444750d7d753ccd04ae01b7","name":"Jeanette","image":{"@type":"ImageObject","inLanguage":"es","@id":"https:\/\/secure.gravatar.com\/avatar\/3ea2118a5f7dad2b7138b1187a6b7ee55f160b9968b66013c3a3ef39dd7e5798?s=96&d=mm&r=g","url":"https:\/\/secure.gravatar.com\/avatar\/3ea2118a5f7dad2b7138b1187a6b7ee55f160b9968b66013c3a3ef39dd7e5798?s=96&d=mm&r=g","contentUrl":"https:\/\/secure.gravatar.com\/avatar\/3ea2118a5f7dad2b7138b1187a6b7ee55f160b9968b66013c3a3ef39dd7e5798?s=96&d=mm&r=g","caption":"Jeanette"},"sameAs":["https:\/\/www.eldiario.net\/portal"],"url":"https:\/\/www.eldiario.net\/portal\/author\/jeanette\/"}]}},"_links":{"self":[{"href":"https:\/\/www.eldiario.net\/portal\/wp-json\/wp\/v2\/posts\/142114","targetHints":{"allow":["GET"]}}],"collection":[{"href":"https:\/\/www.eldiario.net\/portal\/wp-json\/wp\/v2\/posts"}],"about":[{"href":"https:\/\/www.eldiario.net\/portal\/wp-json\/wp\/v2\/types\/post"}],"author":[{"embeddable":true,"href":"https:\/\/www.eldiario.net\/portal\/wp-json\/wp\/v2\/users\/1"}],"replies":[{"embeddable":true,"href":"https:\/\/www.eldiario.net\/portal\/wp-json\/wp\/v2\/comments?post=142114"}],"version-history":[{"count":0,"href":"https:\/\/www.eldiario.net\/portal\/wp-json\/wp\/v2\/posts\/142114\/revisions"}],"wp:attachment":[{"href":"https:\/\/www.eldiario.net\/portal\/wp-json\/wp\/v2\/media?parent=142114"}],"wp:term":[{"taxonomy":"category","embeddable":true,"href":"https:\/\/www.eldiario.net\/portal\/wp-json\/wp\/v2\/categories?post=142114"},{"taxonomy":"post_tag","embeddable":true,"href":"https:\/\/www.eldiario.net\/portal\/wp-json\/wp\/v2\/tags?post=142114"}],"curies":[{"name":"wp","href":"https:\/\/api.w.org\/{rel}","templated":true}]}}