{"id":142111,"date":"2023-03-09T06:00:29","date_gmt":"2023-03-09T10:00:29","guid":{"rendered":"https:\/\/www.eldiario.net\/portal\/?p=142111"},"modified":"2023-03-09T06:00:29","modified_gmt":"2023-03-09T10:00:29","slug":"los-que-cantaran-en-la-ceremonia-de-premios-oscar","status":"publish","type":"post","link":"https:\/\/www.eldiario.net\/portal\/2023\/03\/09\/los-que-cantaran-en-la-ceremonia-de-premios-oscar\/","title":{"rendered":"Los que cantar\u00e1n en la ceremonia de premios Oscar"},"content":{"rendered":"<p>A pocos d\u00edas de la ceremonia de los premios Oscar, la Academia de Artes y Ciencias Cinematogr\u00e1ficas ultima detalles para las presentaciones musicales de los nominados en la categor\u00eda de Mejor Canci\u00f3n Original.<\/p>\n<p>La 95a entrega de los galardones tendr\u00e1 las presentaciones ya confirmadas de Rihanna con \u201cLift Me Up\u201d de \u201cBlack Panther: Wakanda Forever\u2033; Sofia Carson y Diane Warren con \u201cApplause\u201d de \u201cTell It Like a Woman\u201d; Stephanie Hsu, David Byrne y Son Lux con \u201cThis is a Life\u201d de \u201cEverything Everywhere All at Once\u201d ; y Rahul Sipligunj y Kaala Bhairava con \u201cNaatu Naatu\u201d de la pel\u00edcula \u201cRRR\u201d<\/p>\n<p>Diane Warren, recibi\u00f3 su 14\u00aa nominaci\u00f3n a los Premios de la Academia este a\u00f1o. La prol\u00edfica compositora recibi\u00f3 un Oscar honorario en los Premios de los Gobernadores del a\u00f1o pasado.<\/p>\n<p>La categor\u00eda adem\u00e1s incluye a Lady Gaga con su canci\u00f3n original para \u201cTop Gun: Maverick\u201d, \u201cHold My Hand\u201d. Por el momento la artista no confirm\u00f3 ni neg\u00f3 su participaci\u00f3n en la ceremonia. Muchos medios internacionales especulan que Gaga esperar\u00e1 hasta \u00faltimo momento para decidir, ya que se encuentra en medio de la filmaci\u00f3n de la pel\u00edcula \u201cJoker 2\u2033.<\/p>\n<p>Si la artista decide no asistir, existe la posibilidad de que alguien m\u00e1s suba al escenario para interpretar la canci\u00f3n, o que simplemente no se presente. Esta no ser\u00eda la primera vez que esto ocurre con una canci\u00f3n original. En los \u00faltimos a\u00f1os, Van Morrison, SZA, Kendrick Lamar y Eminem no cantaron sus canciones nominadas al Oscar, explic\u00f3 la revista Variety.<\/p>\n<p>El lunes, los productores del programa anunciaron que Lenny Kravitz ser\u00e1 el encargado de la interpretaci\u00f3n de \u201cIn Memoriam\u201d.<\/p>\n<p>Cuarta nominaci\u00f3n para Gaga<\/p>\n<p>Cuando fue nominada, Gaga recurri\u00f3 a las redes sociales para compartir su alegr\u00eda. \u201c\u00a1Muchas gracias a la Academia por nominar mi canci\u00f3n \u2018Hold My<\/p>\n<p>Hand\u2019 para un Oscar este a\u00f1o! Escribir esta canci\u00f3n para la pel\u00edcula \u2018Top Gun: Maverick\u2019 fue una experiencia profunda y poderosa que nunca olvidar\u00e9. Muy agradecida por la magia de la m\u00fasica y el cine\u201d. Adem\u00e1s agradeci\u00f3 a su coguionista Bloodpop diciendo, \u201c\u00a1Estoy en el set filmando ahora un gran amor por los peque\u00f1os monstruos!\u201d<\/p>\n<p>Cabe recordar que la actriz estuvo nominada a los premios de la academia en 2016 en la categor\u00eda de Mejor Canci\u00f3n Original por \u201cTill It Happens To You\u201d del documental \u201cThe Hunting Ground\u201d, pero perdi\u00f3 contra \u201cWriting\u00b4s on the Wall\u201d de Sam Smith.<\/p>\n<p>Tres a\u00f1os m\u00e1s tarde en 2019 recibi\u00f3 dos nominaciones. Una a Mejor Canci\u00f3n Original por \u201cShallow\u201d y otra a Mejor Actriz, ambas por \u201cA Star Is Born\u201d. Esa vez se alz\u00f3 con el galard\u00f3n por su m\u00fasica, la cual interpret\u00f3 en la ceremonia junto a su co protagonista, Bradley Cooper. (Infobae)<\/p>\n","protected":false},"excerpt":{"rendered":"<p>A pocos d\u00edas de la ceremonia de los premios Oscar, la Academia de Artes y Ciencias Cinematogr\u00e1ficas ultima detalles para las presentaciones musicales de los nominados en la categor\u00eda de Mejor Canci\u00f3n Original. La 95a entrega de los galardones tendr\u00e1 las presentaciones ya confirmadas de Rihanna con \u201cLift Me Up\u201d de \u201cBlack Panther: Wakanda Forever\u2033; [&hellip;]<\/p>\n","protected":false},"author":1,"featured_media":142112,"comment_status":"closed","ping_status":"closed","sticky":false,"template":"","format":"standard","meta":{"_acf_changed":false,"footnotes":""},"categories":[3],"tags":[],"class_list":["post-142111","post","type-post","status-publish","format-standard","has-post-thumbnail","category-internacional"],"acf":{"antetitulo":""},"yoast_head":"<!-- This site is optimized with the Yoast SEO plugin v28.4 - https:\/\/yoast.com\/product\/yoast-seo-wordpress\/ -->\n<title>Los que cantar\u00e1n en la ceremonia de premios Oscar - El Diario - Bolivia<\/title>\n<meta name=\"robots\" content=\"index, follow, max-snippet:-1, max-image-preview:large, max-video-preview:-1\" \/>\n<link rel=\"canonical\" href=\"https:\/\/www.eldiario.net\/portal\/2023\/03\/09\/los-que-cantaran-en-la-ceremonia-de-premios-oscar\/\" \/>\n<meta property=\"og:locale\" content=\"es_ES\" \/>\n<meta property=\"og:type\" content=\"article\" \/>\n<meta property=\"og:title\" content=\"Los que cantar\u00e1n en la ceremonia de premios Oscar - El Diario - Bolivia\" \/>\n<meta property=\"og:description\" content=\"A pocos d\u00edas de la ceremonia de los premios Oscar, la Academia de Artes y Ciencias Cinematogr\u00e1ficas ultima detalles para las presentaciones musicales de los nominados en la categor\u00eda de Mejor Canci\u00f3n Original. La 95a entrega de los galardones tendr\u00e1 las presentaciones ya confirmadas de Rihanna con \u201cLift Me Up\u201d de \u201cBlack Panther: Wakanda Forever\u2033; [&hellip;]\" \/>\n<meta property=\"og:url\" content=\"https:\/\/www.eldiario.net\/portal\/2023\/03\/09\/los-que-cantaran-en-la-ceremonia-de-premios-oscar\/\" \/>\n<meta property=\"og:site_name\" content=\"El Diario - Bolivia\" \/>\n<meta property=\"article:publisher\" content=\"https:\/\/www.facebook.com\/eldiario.bolivia\/\" \/>\n<meta property=\"article:published_time\" content=\"2023-03-09T10:00:29+00:00\" \/>\n<meta name=\"author\" content=\"Jeanette\" \/>\n<meta name=\"twitter:card\" content=\"summary_large_image\" \/>\n<meta name=\"twitter:creator\" content=\"@eldiario_net\" \/>\n<meta name=\"twitter:site\" content=\"@eldiario_net\" \/>\n<meta name=\"twitter:label1\" content=\"Escrito por\" \/>\n\t<meta name=\"twitter:data1\" content=\"Jeanette\" \/>\n\t<meta name=\"twitter:label2\" content=\"Tiempo de lectura\" \/>\n\t<meta name=\"twitter:data2\" content=\"3 minutos\" \/>\n<script type=\"application\/ld+json\" class=\"yoast-schema-graph\">{\"@context\":\"https:\\\/\\\/schema.org\",\"@graph\":[{\"@type\":\"Article\",\"@id\":\"https:\\\/\\\/www.eldiario.net\\\/portal\\\/2023\\\/03\\\/09\\\/los-que-cantaran-en-la-ceremonia-de-premios-oscar\\\/#article\",\"isPartOf\":{\"@id\":\"https:\\\/\\\/www.eldiario.net\\\/portal\\\/2023\\\/03\\\/09\\\/los-que-cantaran-en-la-ceremonia-de-premios-oscar\\\/\"},\"author\":{\"name\":\"Jeanette\",\"@id\":\"https:\\\/\\\/www.eldiario.net\\\/portal\\\/#\\\/schema\\\/person\\\/f46445640444750d7d753ccd04ae01b7\"},\"headline\":\"Los que cantar\u00e1n en la ceremonia de premios Oscar\",\"datePublished\":\"2023-03-09T10:00:29+00:00\",\"mainEntityOfPage\":{\"@id\":\"https:\\\/\\\/www.eldiario.net\\\/portal\\\/2023\\\/03\\\/09\\\/los-que-cantaran-en-la-ceremonia-de-premios-oscar\\\/\"},\"wordCount\":488,\"publisher\":{\"@id\":\"https:\\\/\\\/www.eldiario.net\\\/portal\\\/#organization\"},\"image\":{\"@id\":\"https:\\\/\\\/www.eldiario.net\\\/portal\\\/2023\\\/03\\\/09\\\/los-que-cantaran-en-la-ceremonia-de-premios-oscar\\\/#primaryimage\"},\"thumbnailUrl\":\"\",\"articleSection\":[\"Internacional\"],\"inLanguage\":\"es\"},{\"@type\":\"WebPage\",\"@id\":\"https:\\\/\\\/www.eldiario.net\\\/portal\\\/2023\\\/03\\\/09\\\/los-que-cantaran-en-la-ceremonia-de-premios-oscar\\\/\",\"url\":\"https:\\\/\\\/www.eldiario.net\\\/portal\\\/2023\\\/03\\\/09\\\/los-que-cantaran-en-la-ceremonia-de-premios-oscar\\\/\",\"name\":\"Los que cantar\u00e1n en la ceremonia de premios Oscar - El Diario - Bolivia\",\"isPartOf\":{\"@id\":\"https:\\\/\\\/www.eldiario.net\\\/portal\\\/#website\"},\"primaryImageOfPage\":{\"@id\":\"https:\\\/\\\/www.eldiario.net\\\/portal\\\/2023\\\/03\\\/09\\\/los-que-cantaran-en-la-ceremonia-de-premios-oscar\\\/#primaryimage\"},\"image\":{\"@id\":\"https:\\\/\\\/www.eldiario.net\\\/portal\\\/2023\\\/03\\\/09\\\/los-que-cantaran-en-la-ceremonia-de-premios-oscar\\\/#primaryimage\"},\"thumbnailUrl\":\"\",\"datePublished\":\"2023-03-09T10:00:29+00:00\",\"breadcrumb\":{\"@id\":\"https:\\\/\\\/www.eldiario.net\\\/portal\\\/2023\\\/03\\\/09\\\/los-que-cantaran-en-la-ceremonia-de-premios-oscar\\\/#breadcrumb\"},\"inLanguage\":\"es\",\"potentialAction\":[{\"@type\":\"ReadAction\",\"target\":[\"https:\\\/\\\/www.eldiario.net\\\/portal\\\/2023\\\/03\\\/09\\\/los-que-cantaran-en-la-ceremonia-de-premios-oscar\\\/\"]}]},{\"@type\":\"ImageObject\",\"inLanguage\":\"es\",\"@id\":\"https:\\\/\\\/www.eldiario.net\\\/portal\\\/2023\\\/03\\\/09\\\/los-que-cantaran-en-la-ceremonia-de-premios-oscar\\\/#primaryimage\",\"url\":\"\",\"contentUrl\":\"\"},{\"@type\":\"BreadcrumbList\",\"@id\":\"https:\\\/\\\/www.eldiario.net\\\/portal\\\/2023\\\/03\\\/09\\\/los-que-cantaran-en-la-ceremonia-de-premios-oscar\\\/#breadcrumb\",\"itemListElement\":[{\"@type\":\"ListItem\",\"position\":1,\"name\":\"Portada\",\"item\":\"https:\\\/\\\/www.eldiario.net\\\/portal\\\/\"},{\"@type\":\"ListItem\",\"position\":2,\"name\":\"Los que cantar\u00e1n en la ceremonia de premios Oscar\"}]},{\"@type\":\"WebSite\",\"@id\":\"https:\\\/\\\/www.eldiario.net\\\/portal\\\/#website\",\"url\":\"https:\\\/\\\/www.eldiario.net\\\/portal\\\/\",\"name\":\"El Diario - Decano de la prensa nacional\",\"description\":\"El Diario - Decano de la prensa nacional\",\"publisher\":{\"@id\":\"https:\\\/\\\/www.eldiario.net\\\/portal\\\/#organization\"},\"potentialAction\":[{\"@type\":\"SearchAction\",\"target\":{\"@type\":\"EntryPoint\",\"urlTemplate\":\"https:\\\/\\\/www.eldiario.net\\\/portal\\\/?s={search_term_string}\"},\"query-input\":{\"@type\":\"PropertyValueSpecification\",\"valueRequired\":true,\"valueName\":\"search_term_string\"}}],\"inLanguage\":\"es\"},{\"@type\":\"Organization\",\"@id\":\"https:\\\/\\\/www.eldiario.net\\\/portal\\\/#organization\",\"name\":\"El Diario - Decano de la prensa nacional\",\"url\":\"https:\\\/\\\/www.eldiario.net\\\/portal\\\/\",\"logo\":{\"@type\":\"ImageObject\",\"inLanguage\":\"es\",\"@id\":\"https:\\\/\\\/www.eldiario.net\\\/portal\\\/#\\\/schema\\\/logo\\\/image\\\/\",\"url\":\"https:\\\/\\\/www.eldiario.net\\\/portal\\\/wp-content\\\/uploads\\\/2023\\\/07\\\/logo_ED.jpg\",\"contentUrl\":\"https:\\\/\\\/www.eldiario.net\\\/portal\\\/wp-content\\\/uploads\\\/2023\\\/07\\\/logo_ED.jpg\",\"width\":272,\"height\":52,\"caption\":\"El Diario - Decano de la prensa nacional\"},\"image\":{\"@id\":\"https:\\\/\\\/www.eldiario.net\\\/portal\\\/#\\\/schema\\\/logo\\\/image\\\/\"},\"sameAs\":[\"https:\\\/\\\/www.facebook.com\\\/eldiario.bolivia\\\/\",\"https:\\\/\\\/x.com\\\/eldiario_net\"]},{\"@type\":\"Person\",\"@id\":\"https:\\\/\\\/www.eldiario.net\\\/portal\\\/#\\\/schema\\\/person\\\/f46445640444750d7d753ccd04ae01b7\",\"name\":\"Jeanette\",\"image\":{\"@type\":\"ImageObject\",\"inLanguage\":\"es\",\"@id\":\"https:\\\/\\\/secure.gravatar.com\\\/avatar\\\/3ea2118a5f7dad2b7138b1187a6b7ee55f160b9968b66013c3a3ef39dd7e5798?s=96&d=mm&r=g\",\"url\":\"https:\\\/\\\/secure.gravatar.com\\\/avatar\\\/3ea2118a5f7dad2b7138b1187a6b7ee55f160b9968b66013c3a3ef39dd7e5798?s=96&d=mm&r=g\",\"contentUrl\":\"https:\\\/\\\/secure.gravatar.com\\\/avatar\\\/3ea2118a5f7dad2b7138b1187a6b7ee55f160b9968b66013c3a3ef39dd7e5798?s=96&d=mm&r=g\",\"caption\":\"Jeanette\"},\"sameAs\":[\"https:\\\/\\\/www.eldiario.net\\\/portal\"],\"url\":\"https:\\\/\\\/www.eldiario.net\\\/portal\\\/author\\\/jeanette\\\/\"}]}<\/script>\n<!-- \/ Yoast SEO plugin. -->","yoast_head_json":{"title":"Los que cantar\u00e1n en la ceremonia de premios Oscar - El Diario - Bolivia","robots":{"index":"index","follow":"follow","max-snippet":"max-snippet:-1","max-image-preview":"max-image-preview:large","max-video-preview":"max-video-preview:-1"},"canonical":"https:\/\/www.eldiario.net\/portal\/2023\/03\/09\/los-que-cantaran-en-la-ceremonia-de-premios-oscar\/","og_locale":"es_ES","og_type":"article","og_title":"Los que cantar\u00e1n en la ceremonia de premios Oscar - El Diario - Bolivia","og_description":"A pocos d\u00edas de la ceremonia de los premios Oscar, la Academia de Artes y Ciencias Cinematogr\u00e1ficas ultima detalles para las presentaciones musicales de los nominados en la categor\u00eda de Mejor Canci\u00f3n Original. La 95a entrega de los galardones tendr\u00e1 las presentaciones ya confirmadas de Rihanna con \u201cLift Me Up\u201d de \u201cBlack Panther: Wakanda Forever\u2033; [&hellip;]","og_url":"https:\/\/www.eldiario.net\/portal\/2023\/03\/09\/los-que-cantaran-en-la-ceremonia-de-premios-oscar\/","og_site_name":"El Diario - Bolivia","article_publisher":"https:\/\/www.facebook.com\/eldiario.bolivia\/","article_published_time":"2023-03-09T10:00:29+00:00","author":"Jeanette","twitter_card":"summary_large_image","twitter_creator":"@eldiario_net","twitter_site":"@eldiario_net","twitter_misc":{"Escrito por":"Jeanette","Tiempo de lectura":"3 minutos"},"schema":{"@context":"https:\/\/schema.org","@graph":[{"@type":"Article","@id":"https:\/\/www.eldiario.net\/portal\/2023\/03\/09\/los-que-cantaran-en-la-ceremonia-de-premios-oscar\/#article","isPartOf":{"@id":"https:\/\/www.eldiario.net\/portal\/2023\/03\/09\/los-que-cantaran-en-la-ceremonia-de-premios-oscar\/"},"author":{"name":"Jeanette","@id":"https:\/\/www.eldiario.net\/portal\/#\/schema\/person\/f46445640444750d7d753ccd04ae01b7"},"headline":"Los que cantar\u00e1n en la ceremonia de premios Oscar","datePublished":"2023-03-09T10:00:29+00:00","mainEntityOfPage":{"@id":"https:\/\/www.eldiario.net\/portal\/2023\/03\/09\/los-que-cantaran-en-la-ceremonia-de-premios-oscar\/"},"wordCount":488,"publisher":{"@id":"https:\/\/www.eldiario.net\/portal\/#organization"},"image":{"@id":"https:\/\/www.eldiario.net\/portal\/2023\/03\/09\/los-que-cantaran-en-la-ceremonia-de-premios-oscar\/#primaryimage"},"thumbnailUrl":"","articleSection":["Internacional"],"inLanguage":"es"},{"@type":"WebPage","@id":"https:\/\/www.eldiario.net\/portal\/2023\/03\/09\/los-que-cantaran-en-la-ceremonia-de-premios-oscar\/","url":"https:\/\/www.eldiario.net\/portal\/2023\/03\/09\/los-que-cantaran-en-la-ceremonia-de-premios-oscar\/","name":"Los que cantar\u00e1n en la ceremonia de premios Oscar - El Diario - Bolivia","isPartOf":{"@id":"https:\/\/www.eldiario.net\/portal\/#website"},"primaryImageOfPage":{"@id":"https:\/\/www.eldiario.net\/portal\/2023\/03\/09\/los-que-cantaran-en-la-ceremonia-de-premios-oscar\/#primaryimage"},"image":{"@id":"https:\/\/www.eldiario.net\/portal\/2023\/03\/09\/los-que-cantaran-en-la-ceremonia-de-premios-oscar\/#primaryimage"},"thumbnailUrl":"","datePublished":"2023-03-09T10:00:29+00:00","breadcrumb":{"@id":"https:\/\/www.eldiario.net\/portal\/2023\/03\/09\/los-que-cantaran-en-la-ceremonia-de-premios-oscar\/#breadcrumb"},"inLanguage":"es","potentialAction":[{"@type":"ReadAction","target":["https:\/\/www.eldiario.net\/portal\/2023\/03\/09\/los-que-cantaran-en-la-ceremonia-de-premios-oscar\/"]}]},{"@type":"ImageObject","inLanguage":"es","@id":"https:\/\/www.eldiario.net\/portal\/2023\/03\/09\/los-que-cantaran-en-la-ceremonia-de-premios-oscar\/#primaryimage","url":"","contentUrl":""},{"@type":"BreadcrumbList","@id":"https:\/\/www.eldiario.net\/portal\/2023\/03\/09\/los-que-cantaran-en-la-ceremonia-de-premios-oscar\/#breadcrumb","itemListElement":[{"@type":"ListItem","position":1,"name":"Portada","item":"https:\/\/www.eldiario.net\/portal\/"},{"@type":"ListItem","position":2,"name":"Los que cantar\u00e1n en la ceremonia de premios Oscar"}]},{"@type":"WebSite","@id":"https:\/\/www.eldiario.net\/portal\/#website","url":"https:\/\/www.eldiario.net\/portal\/","name":"El Diario - Decano de la prensa nacional","description":"El Diario - Decano de la prensa nacional","publisher":{"@id":"https:\/\/www.eldiario.net\/portal\/#organization"},"potentialAction":[{"@type":"SearchAction","target":{"@type":"EntryPoint","urlTemplate":"https:\/\/www.eldiario.net\/portal\/?s={search_term_string}"},"query-input":{"@type":"PropertyValueSpecification","valueRequired":true,"valueName":"search_term_string"}}],"inLanguage":"es"},{"@type":"Organization","@id":"https:\/\/www.eldiario.net\/portal\/#organization","name":"El Diario - Decano de la prensa nacional","url":"https:\/\/www.eldiario.net\/portal\/","logo":{"@type":"ImageObject","inLanguage":"es","@id":"https:\/\/www.eldiario.net\/portal\/#\/schema\/logo\/image\/","url":"https:\/\/www.eldiario.net\/portal\/wp-content\/uploads\/2023\/07\/logo_ED.jpg","contentUrl":"https:\/\/www.eldiario.net\/portal\/wp-content\/uploads\/2023\/07\/logo_ED.jpg","width":272,"height":52,"caption":"El Diario - Decano de la prensa nacional"},"image":{"@id":"https:\/\/www.eldiario.net\/portal\/#\/schema\/logo\/image\/"},"sameAs":["https:\/\/www.facebook.com\/eldiario.bolivia\/","https:\/\/x.com\/eldiario_net"]},{"@type":"Person","@id":"https:\/\/www.eldiario.net\/portal\/#\/schema\/person\/f46445640444750d7d753ccd04ae01b7","name":"Jeanette","image":{"@type":"ImageObject","inLanguage":"es","@id":"https:\/\/secure.gravatar.com\/avatar\/3ea2118a5f7dad2b7138b1187a6b7ee55f160b9968b66013c3a3ef39dd7e5798?s=96&d=mm&r=g","url":"https:\/\/secure.gravatar.com\/avatar\/3ea2118a5f7dad2b7138b1187a6b7ee55f160b9968b66013c3a3ef39dd7e5798?s=96&d=mm&r=g","contentUrl":"https:\/\/secure.gravatar.com\/avatar\/3ea2118a5f7dad2b7138b1187a6b7ee55f160b9968b66013c3a3ef39dd7e5798?s=96&d=mm&r=g","caption":"Jeanette"},"sameAs":["https:\/\/www.eldiario.net\/portal"],"url":"https:\/\/www.eldiario.net\/portal\/author\/jeanette\/"}]}},"_links":{"self":[{"href":"https:\/\/www.eldiario.net\/portal\/wp-json\/wp\/v2\/posts\/142111","targetHints":{"allow":["GET"]}}],"collection":[{"href":"https:\/\/www.eldiario.net\/portal\/wp-json\/wp\/v2\/posts"}],"about":[{"href":"https:\/\/www.eldiario.net\/portal\/wp-json\/wp\/v2\/types\/post"}],"author":[{"embeddable":true,"href":"https:\/\/www.eldiario.net\/portal\/wp-json\/wp\/v2\/users\/1"}],"replies":[{"embeddable":true,"href":"https:\/\/www.eldiario.net\/portal\/wp-json\/wp\/v2\/comments?post=142111"}],"version-history":[{"count":0,"href":"https:\/\/www.eldiario.net\/portal\/wp-json\/wp\/v2\/posts\/142111\/revisions"}],"wp:attachment":[{"href":"https:\/\/www.eldiario.net\/portal\/wp-json\/wp\/v2\/media?parent=142111"}],"wp:term":[{"taxonomy":"category","embeddable":true,"href":"https:\/\/www.eldiario.net\/portal\/wp-json\/wp\/v2\/categories?post=142111"},{"taxonomy":"post_tag","embeddable":true,"href":"https:\/\/www.eldiario.net\/portal\/wp-json\/wp\/v2\/tags?post=142111"}],"curies":[{"name":"wp","href":"https:\/\/api.w.org\/{rel}","templated":true}]}}