{"id":142108,"date":"2023-03-09T05:59:25","date_gmt":"2023-03-09T09:59:25","guid":{"rendered":"https:\/\/www.eldiario.net\/portal\/?p=142108"},"modified":"2023-03-09T05:59:25","modified_gmt":"2023-03-09T09:59:25","slug":"vacunan-contra-el-colera-en-zonas-afectadas-por-terremoto","status":"publish","type":"post","link":"https:\/\/www.eldiario.net\/portal\/2023\/03\/09\/vacunan-contra-el-colera-en-zonas-afectadas-por-terremoto\/","title":{"rendered":"Vacunan contra el c\u00f3lera en  zonas afectadas por terremoto"},"content":{"rendered":"<p>La Organizaci\u00f3n Mundial de la Salud (OMS) y UNICEF, en coordinaci\u00f3n con las autoridades sanitarias, el Grupo de Inmunizaci\u00f3n de Siria y la Alianza Mundial para Vacunas Gavi, pusieron en marcha una campa\u00f1a de vacunaci\u00f3n contra el c\u00f3lera en las zonas del noroeste de Siria afectadas por el terremoto.<\/p>\n<p>Durante la campa\u00f1a, se utilizar\u00e1n 1,7 millones de dosis de vacunas contra el c\u00f3lera para proteger a los sirios mayores de un a\u00f1o, especialmente a los que viven en las zonas m\u00e1s gravemente afectadas por el terremoto y con mayor riesgo de c\u00f3lera, incluidos los distritos de Sarmada, Maaret Tamsrin, Dana y Atmeh en Idleb, y en el distrito de A&#8217;zaz en el norte de la capital del pa\u00eds, Alepo.<\/p>\n<p>Un total de 1.400 equipos de trabajadores sanitarios y voluntarios comunitarios llevar\u00e1n a cabo la campa\u00f1a de diez d\u00edas utilizando una estrategia casa por casa, adem\u00e1s de llegar a los desplazados que viven en campamentos, mercados y centros escolares.<\/p>\n<p>A trav\u00e9s de un comunicado, la OMS advirti\u00f3 del aumento de las enfermedades transmitidas por el agua para m\u00e1s de 2,1 millones de sirios que viven en el noroeste del pa\u00eds, con un riesgo que aumenta significativamente tras el devastador terremoto, especialmente en los campamentos y centros colectivos superpoblados,<\/p>\n<p>La directora regional adjunta de Programas de UNICEF para Oriente Medio y el Norte de \u00c1frica, Maddalena Bertolotti, a\u00f1adi\u00f3 que tras a\u00f1os de conflicto y dos terremotos catastr\u00f3ficos, los peligros que las condiciones insalubres y el agua no apta para el consumo suponen para los ni\u00f1os pueden parecer intrascendentes, pero si las enfermedades transmitidas por el agua se instalan, los efectos pueden ser desastrosos.<\/p>\n<p>Desde que se declar\u00f3 por primera vez el brote de c\u00f3lera en Siria el 10 de septiembre de 2022, se notific\u00f3 m\u00e1s de 50.000 casos sospechosos tanto en la gobernaci\u00f3n de Idlib como en la de Alepo, de los cuales el 18 por ciento de los casos sospechosos proced\u00edan de campos de desplazados internos.<\/p>\n<p>En la semana del terremoto, los casos notificados disminuyeron en un 63 por ciento. Desde entonces, la vigilancia se reanud\u00f3 y dos semanas despu\u00e9s se notificaron 1.784 nuevos casos.<\/p>\n<p>En cualquier caso, OMS y UNICEF apuntan que sigue existiendo una necesidad urgente de intensificar la vigilancia y la respuesta a las enfermedades propensas a epidemias tras el terremoto, con especial atenci\u00f3n a la estaci\u00f3n primaveral, en la que se producir\u00e1 un cambio en los pat\u00f3genos circulantes.<\/p>\n<p>Los devastadores terremotos que sacudieron el sur de Turqu\u00eda y el norte de Siria el 6 de febrero causaron m\u00e1s de 4.540 muertos y casi 9.000 heridos en el noroeste de Siria. Alrededor de 90.000 sirios se vieron desplazados en el noroeste y muchos encontraron refugio en campamentos y centros colectivos de acogida superpoblados. La cat\u00e1strofe interrumpi\u00f3 el acceso al agua potable, el saneamiento y la higiene, exponiendo a la poblaci\u00f3n a un mayor riesgo de enfermedades transmitidas por el agua, entre ellas el c\u00f3lera. (Europa Press)<\/p>\n","protected":false},"excerpt":{"rendered":"<p>La Organizaci\u00f3n Mundial de la Salud (OMS) y UNICEF, en coordinaci\u00f3n con las autoridades sanitarias, el Grupo de Inmunizaci\u00f3n de Siria y la Alianza Mundial para Vacunas Gavi, pusieron en marcha una campa\u00f1a de vacunaci\u00f3n contra el c\u00f3lera en las zonas del noroeste de Siria afectadas por el terremoto. Durante la campa\u00f1a, se utilizar\u00e1n 1,7 [&hellip;]<\/p>\n","protected":false},"author":1,"featured_media":142109,"comment_status":"closed","ping_status":"closed","sticky":false,"template":"","format":"standard","meta":{"_acf_changed":false,"footnotes":""},"categories":[3],"tags":[],"class_list":["post-142108","post","type-post","status-publish","format-standard","has-post-thumbnail","category-internacional"],"acf":{"antetitulo":""},"yoast_head":"<!-- This site is optimized with the Yoast SEO plugin v28.4 - https:\/\/yoast.com\/product\/yoast-seo-wordpress\/ -->\n<title>Vacunan contra el c\u00f3lera en zonas afectadas por terremoto - El Diario - Bolivia<\/title>\n<meta name=\"robots\" content=\"index, follow, max-snippet:-1, max-image-preview:large, max-video-preview:-1\" \/>\n<link rel=\"canonical\" href=\"https:\/\/www.eldiario.net\/portal\/2023\/03\/09\/vacunan-contra-el-colera-en-zonas-afectadas-por-terremoto\/\" \/>\n<meta property=\"og:locale\" content=\"es_ES\" \/>\n<meta property=\"og:type\" content=\"article\" \/>\n<meta property=\"og:title\" content=\"Vacunan contra el c\u00f3lera en zonas afectadas por terremoto - El Diario - Bolivia\" \/>\n<meta property=\"og:description\" content=\"La Organizaci\u00f3n Mundial de la Salud (OMS) y UNICEF, en coordinaci\u00f3n con las autoridades sanitarias, el Grupo de Inmunizaci\u00f3n de Siria y la Alianza Mundial para Vacunas Gavi, pusieron en marcha una campa\u00f1a de vacunaci\u00f3n contra el c\u00f3lera en las zonas del noroeste de Siria afectadas por el terremoto. Durante la campa\u00f1a, se utilizar\u00e1n 1,7 [&hellip;]\" \/>\n<meta property=\"og:url\" content=\"https:\/\/www.eldiario.net\/portal\/2023\/03\/09\/vacunan-contra-el-colera-en-zonas-afectadas-por-terremoto\/\" \/>\n<meta property=\"og:site_name\" content=\"El Diario - Bolivia\" \/>\n<meta property=\"article:publisher\" content=\"https:\/\/www.facebook.com\/eldiario.bolivia\/\" \/>\n<meta property=\"article:published_time\" content=\"2023-03-09T09:59:25+00:00\" \/>\n<meta name=\"author\" content=\"Jeanette\" \/>\n<meta name=\"twitter:card\" content=\"summary_large_image\" \/>\n<meta name=\"twitter:creator\" content=\"@eldiario_net\" \/>\n<meta name=\"twitter:site\" content=\"@eldiario_net\" \/>\n<meta name=\"twitter:label1\" content=\"Escrito por\" \/>\n\t<meta name=\"twitter:data1\" content=\"Jeanette\" \/>\n\t<meta name=\"twitter:label2\" content=\"Tiempo de lectura\" \/>\n\t<meta name=\"twitter:data2\" content=\"3 minutos\" \/>\n<script type=\"application\/ld+json\" class=\"yoast-schema-graph\">{\"@context\":\"https:\\\/\\\/schema.org\",\"@graph\":[{\"@type\":\"Article\",\"@id\":\"https:\\\/\\\/www.eldiario.net\\\/portal\\\/2023\\\/03\\\/09\\\/vacunan-contra-el-colera-en-zonas-afectadas-por-terremoto\\\/#article\",\"isPartOf\":{\"@id\":\"https:\\\/\\\/www.eldiario.net\\\/portal\\\/2023\\\/03\\\/09\\\/vacunan-contra-el-colera-en-zonas-afectadas-por-terremoto\\\/\"},\"author\":{\"name\":\"Jeanette\",\"@id\":\"https:\\\/\\\/www.eldiario.net\\\/portal\\\/#\\\/schema\\\/person\\\/f46445640444750d7d753ccd04ae01b7\"},\"headline\":\"Vacunan contra el c\u00f3lera en zonas afectadas por terremoto\",\"datePublished\":\"2023-03-09T09:59:25+00:00\",\"mainEntityOfPage\":{\"@id\":\"https:\\\/\\\/www.eldiario.net\\\/portal\\\/2023\\\/03\\\/09\\\/vacunan-contra-el-colera-en-zonas-afectadas-por-terremoto\\\/\"},\"wordCount\":523,\"publisher\":{\"@id\":\"https:\\\/\\\/www.eldiario.net\\\/portal\\\/#organization\"},\"image\":{\"@id\":\"https:\\\/\\\/www.eldiario.net\\\/portal\\\/2023\\\/03\\\/09\\\/vacunan-contra-el-colera-en-zonas-afectadas-por-terremoto\\\/#primaryimage\"},\"thumbnailUrl\":\"\",\"articleSection\":[\"Internacional\"],\"inLanguage\":\"es\"},{\"@type\":\"WebPage\",\"@id\":\"https:\\\/\\\/www.eldiario.net\\\/portal\\\/2023\\\/03\\\/09\\\/vacunan-contra-el-colera-en-zonas-afectadas-por-terremoto\\\/\",\"url\":\"https:\\\/\\\/www.eldiario.net\\\/portal\\\/2023\\\/03\\\/09\\\/vacunan-contra-el-colera-en-zonas-afectadas-por-terremoto\\\/\",\"name\":\"Vacunan contra el c\u00f3lera en zonas afectadas por terremoto - El Diario - Bolivia\",\"isPartOf\":{\"@id\":\"https:\\\/\\\/www.eldiario.net\\\/portal\\\/#website\"},\"primaryImageOfPage\":{\"@id\":\"https:\\\/\\\/www.eldiario.net\\\/portal\\\/2023\\\/03\\\/09\\\/vacunan-contra-el-colera-en-zonas-afectadas-por-terremoto\\\/#primaryimage\"},\"image\":{\"@id\":\"https:\\\/\\\/www.eldiario.net\\\/portal\\\/2023\\\/03\\\/09\\\/vacunan-contra-el-colera-en-zonas-afectadas-por-terremoto\\\/#primaryimage\"},\"thumbnailUrl\":\"\",\"datePublished\":\"2023-03-09T09:59:25+00:00\",\"breadcrumb\":{\"@id\":\"https:\\\/\\\/www.eldiario.net\\\/portal\\\/2023\\\/03\\\/09\\\/vacunan-contra-el-colera-en-zonas-afectadas-por-terremoto\\\/#breadcrumb\"},\"inLanguage\":\"es\",\"potentialAction\":[{\"@type\":\"ReadAction\",\"target\":[\"https:\\\/\\\/www.eldiario.net\\\/portal\\\/2023\\\/03\\\/09\\\/vacunan-contra-el-colera-en-zonas-afectadas-por-terremoto\\\/\"]}]},{\"@type\":\"ImageObject\",\"inLanguage\":\"es\",\"@id\":\"https:\\\/\\\/www.eldiario.net\\\/portal\\\/2023\\\/03\\\/09\\\/vacunan-contra-el-colera-en-zonas-afectadas-por-terremoto\\\/#primaryimage\",\"url\":\"\",\"contentUrl\":\"\"},{\"@type\":\"BreadcrumbList\",\"@id\":\"https:\\\/\\\/www.eldiario.net\\\/portal\\\/2023\\\/03\\\/09\\\/vacunan-contra-el-colera-en-zonas-afectadas-por-terremoto\\\/#breadcrumb\",\"itemListElement\":[{\"@type\":\"ListItem\",\"position\":1,\"name\":\"Portada\",\"item\":\"https:\\\/\\\/www.eldiario.net\\\/portal\\\/\"},{\"@type\":\"ListItem\",\"position\":2,\"name\":\"Vacunan contra el c\u00f3lera en zonas afectadas por terremoto\"}]},{\"@type\":\"WebSite\",\"@id\":\"https:\\\/\\\/www.eldiario.net\\\/portal\\\/#website\",\"url\":\"https:\\\/\\\/www.eldiario.net\\\/portal\\\/\",\"name\":\"El Diario - Decano de la prensa nacional\",\"description\":\"El Diario - Decano de la prensa nacional\",\"publisher\":{\"@id\":\"https:\\\/\\\/www.eldiario.net\\\/portal\\\/#organization\"},\"potentialAction\":[{\"@type\":\"SearchAction\",\"target\":{\"@type\":\"EntryPoint\",\"urlTemplate\":\"https:\\\/\\\/www.eldiario.net\\\/portal\\\/?s={search_term_string}\"},\"query-input\":{\"@type\":\"PropertyValueSpecification\",\"valueRequired\":true,\"valueName\":\"search_term_string\"}}],\"inLanguage\":\"es\"},{\"@type\":\"Organization\",\"@id\":\"https:\\\/\\\/www.eldiario.net\\\/portal\\\/#organization\",\"name\":\"El Diario - Decano de la prensa nacional\",\"url\":\"https:\\\/\\\/www.eldiario.net\\\/portal\\\/\",\"logo\":{\"@type\":\"ImageObject\",\"inLanguage\":\"es\",\"@id\":\"https:\\\/\\\/www.eldiario.net\\\/portal\\\/#\\\/schema\\\/logo\\\/image\\\/\",\"url\":\"https:\\\/\\\/www.eldiario.net\\\/portal\\\/wp-content\\\/uploads\\\/2023\\\/07\\\/logo_ED.jpg\",\"contentUrl\":\"https:\\\/\\\/www.eldiario.net\\\/portal\\\/wp-content\\\/uploads\\\/2023\\\/07\\\/logo_ED.jpg\",\"width\":272,\"height\":52,\"caption\":\"El Diario - Decano de la prensa nacional\"},\"image\":{\"@id\":\"https:\\\/\\\/www.eldiario.net\\\/portal\\\/#\\\/schema\\\/logo\\\/image\\\/\"},\"sameAs\":[\"https:\\\/\\\/www.facebook.com\\\/eldiario.bolivia\\\/\",\"https:\\\/\\\/x.com\\\/eldiario_net\"]},{\"@type\":\"Person\",\"@id\":\"https:\\\/\\\/www.eldiario.net\\\/portal\\\/#\\\/schema\\\/person\\\/f46445640444750d7d753ccd04ae01b7\",\"name\":\"Jeanette\",\"image\":{\"@type\":\"ImageObject\",\"inLanguage\":\"es\",\"@id\":\"https:\\\/\\\/secure.gravatar.com\\\/avatar\\\/3ea2118a5f7dad2b7138b1187a6b7ee55f160b9968b66013c3a3ef39dd7e5798?s=96&d=mm&r=g\",\"url\":\"https:\\\/\\\/secure.gravatar.com\\\/avatar\\\/3ea2118a5f7dad2b7138b1187a6b7ee55f160b9968b66013c3a3ef39dd7e5798?s=96&d=mm&r=g\",\"contentUrl\":\"https:\\\/\\\/secure.gravatar.com\\\/avatar\\\/3ea2118a5f7dad2b7138b1187a6b7ee55f160b9968b66013c3a3ef39dd7e5798?s=96&d=mm&r=g\",\"caption\":\"Jeanette\"},\"sameAs\":[\"https:\\\/\\\/www.eldiario.net\\\/portal\"],\"url\":\"https:\\\/\\\/www.eldiario.net\\\/portal\\\/author\\\/jeanette\\\/\"}]}<\/script>\n<!-- \/ Yoast SEO plugin. -->","yoast_head_json":{"title":"Vacunan contra el c\u00f3lera en zonas afectadas por terremoto - El Diario - Bolivia","robots":{"index":"index","follow":"follow","max-snippet":"max-snippet:-1","max-image-preview":"max-image-preview:large","max-video-preview":"max-video-preview:-1"},"canonical":"https:\/\/www.eldiario.net\/portal\/2023\/03\/09\/vacunan-contra-el-colera-en-zonas-afectadas-por-terremoto\/","og_locale":"es_ES","og_type":"article","og_title":"Vacunan contra el c\u00f3lera en zonas afectadas por terremoto - El Diario - Bolivia","og_description":"La Organizaci\u00f3n Mundial de la Salud (OMS) y UNICEF, en coordinaci\u00f3n con las autoridades sanitarias, el Grupo de Inmunizaci\u00f3n de Siria y la Alianza Mundial para Vacunas Gavi, pusieron en marcha una campa\u00f1a de vacunaci\u00f3n contra el c\u00f3lera en las zonas del noroeste de Siria afectadas por el terremoto. Durante la campa\u00f1a, se utilizar\u00e1n 1,7 [&hellip;]","og_url":"https:\/\/www.eldiario.net\/portal\/2023\/03\/09\/vacunan-contra-el-colera-en-zonas-afectadas-por-terremoto\/","og_site_name":"El Diario - Bolivia","article_publisher":"https:\/\/www.facebook.com\/eldiario.bolivia\/","article_published_time":"2023-03-09T09:59:25+00:00","author":"Jeanette","twitter_card":"summary_large_image","twitter_creator":"@eldiario_net","twitter_site":"@eldiario_net","twitter_misc":{"Escrito por":"Jeanette","Tiempo de lectura":"3 minutos"},"schema":{"@context":"https:\/\/schema.org","@graph":[{"@type":"Article","@id":"https:\/\/www.eldiario.net\/portal\/2023\/03\/09\/vacunan-contra-el-colera-en-zonas-afectadas-por-terremoto\/#article","isPartOf":{"@id":"https:\/\/www.eldiario.net\/portal\/2023\/03\/09\/vacunan-contra-el-colera-en-zonas-afectadas-por-terremoto\/"},"author":{"name":"Jeanette","@id":"https:\/\/www.eldiario.net\/portal\/#\/schema\/person\/f46445640444750d7d753ccd04ae01b7"},"headline":"Vacunan contra el c\u00f3lera en zonas afectadas por terremoto","datePublished":"2023-03-09T09:59:25+00:00","mainEntityOfPage":{"@id":"https:\/\/www.eldiario.net\/portal\/2023\/03\/09\/vacunan-contra-el-colera-en-zonas-afectadas-por-terremoto\/"},"wordCount":523,"publisher":{"@id":"https:\/\/www.eldiario.net\/portal\/#organization"},"image":{"@id":"https:\/\/www.eldiario.net\/portal\/2023\/03\/09\/vacunan-contra-el-colera-en-zonas-afectadas-por-terremoto\/#primaryimage"},"thumbnailUrl":"","articleSection":["Internacional"],"inLanguage":"es"},{"@type":"WebPage","@id":"https:\/\/www.eldiario.net\/portal\/2023\/03\/09\/vacunan-contra-el-colera-en-zonas-afectadas-por-terremoto\/","url":"https:\/\/www.eldiario.net\/portal\/2023\/03\/09\/vacunan-contra-el-colera-en-zonas-afectadas-por-terremoto\/","name":"Vacunan contra el c\u00f3lera en zonas afectadas por terremoto - El Diario - Bolivia","isPartOf":{"@id":"https:\/\/www.eldiario.net\/portal\/#website"},"primaryImageOfPage":{"@id":"https:\/\/www.eldiario.net\/portal\/2023\/03\/09\/vacunan-contra-el-colera-en-zonas-afectadas-por-terremoto\/#primaryimage"},"image":{"@id":"https:\/\/www.eldiario.net\/portal\/2023\/03\/09\/vacunan-contra-el-colera-en-zonas-afectadas-por-terremoto\/#primaryimage"},"thumbnailUrl":"","datePublished":"2023-03-09T09:59:25+00:00","breadcrumb":{"@id":"https:\/\/www.eldiario.net\/portal\/2023\/03\/09\/vacunan-contra-el-colera-en-zonas-afectadas-por-terremoto\/#breadcrumb"},"inLanguage":"es","potentialAction":[{"@type":"ReadAction","target":["https:\/\/www.eldiario.net\/portal\/2023\/03\/09\/vacunan-contra-el-colera-en-zonas-afectadas-por-terremoto\/"]}]},{"@type":"ImageObject","inLanguage":"es","@id":"https:\/\/www.eldiario.net\/portal\/2023\/03\/09\/vacunan-contra-el-colera-en-zonas-afectadas-por-terremoto\/#primaryimage","url":"","contentUrl":""},{"@type":"BreadcrumbList","@id":"https:\/\/www.eldiario.net\/portal\/2023\/03\/09\/vacunan-contra-el-colera-en-zonas-afectadas-por-terremoto\/#breadcrumb","itemListElement":[{"@type":"ListItem","position":1,"name":"Portada","item":"https:\/\/www.eldiario.net\/portal\/"},{"@type":"ListItem","position":2,"name":"Vacunan contra el c\u00f3lera en zonas afectadas por terremoto"}]},{"@type":"WebSite","@id":"https:\/\/www.eldiario.net\/portal\/#website","url":"https:\/\/www.eldiario.net\/portal\/","name":"El Diario - Decano de la prensa nacional","description":"El Diario - Decano de la prensa nacional","publisher":{"@id":"https:\/\/www.eldiario.net\/portal\/#organization"},"potentialAction":[{"@type":"SearchAction","target":{"@type":"EntryPoint","urlTemplate":"https:\/\/www.eldiario.net\/portal\/?s={search_term_string}"},"query-input":{"@type":"PropertyValueSpecification","valueRequired":true,"valueName":"search_term_string"}}],"inLanguage":"es"},{"@type":"Organization","@id":"https:\/\/www.eldiario.net\/portal\/#organization","name":"El Diario - Decano de la prensa nacional","url":"https:\/\/www.eldiario.net\/portal\/","logo":{"@type":"ImageObject","inLanguage":"es","@id":"https:\/\/www.eldiario.net\/portal\/#\/schema\/logo\/image\/","url":"https:\/\/www.eldiario.net\/portal\/wp-content\/uploads\/2023\/07\/logo_ED.jpg","contentUrl":"https:\/\/www.eldiario.net\/portal\/wp-content\/uploads\/2023\/07\/logo_ED.jpg","width":272,"height":52,"caption":"El Diario - Decano de la prensa nacional"},"image":{"@id":"https:\/\/www.eldiario.net\/portal\/#\/schema\/logo\/image\/"},"sameAs":["https:\/\/www.facebook.com\/eldiario.bolivia\/","https:\/\/x.com\/eldiario_net"]},{"@type":"Person","@id":"https:\/\/www.eldiario.net\/portal\/#\/schema\/person\/f46445640444750d7d753ccd04ae01b7","name":"Jeanette","image":{"@type":"ImageObject","inLanguage":"es","@id":"https:\/\/secure.gravatar.com\/avatar\/3ea2118a5f7dad2b7138b1187a6b7ee55f160b9968b66013c3a3ef39dd7e5798?s=96&d=mm&r=g","url":"https:\/\/secure.gravatar.com\/avatar\/3ea2118a5f7dad2b7138b1187a6b7ee55f160b9968b66013c3a3ef39dd7e5798?s=96&d=mm&r=g","contentUrl":"https:\/\/secure.gravatar.com\/avatar\/3ea2118a5f7dad2b7138b1187a6b7ee55f160b9968b66013c3a3ef39dd7e5798?s=96&d=mm&r=g","caption":"Jeanette"},"sameAs":["https:\/\/www.eldiario.net\/portal"],"url":"https:\/\/www.eldiario.net\/portal\/author\/jeanette\/"}]}},"_links":{"self":[{"href":"https:\/\/www.eldiario.net\/portal\/wp-json\/wp\/v2\/posts\/142108","targetHints":{"allow":["GET"]}}],"collection":[{"href":"https:\/\/www.eldiario.net\/portal\/wp-json\/wp\/v2\/posts"}],"about":[{"href":"https:\/\/www.eldiario.net\/portal\/wp-json\/wp\/v2\/types\/post"}],"author":[{"embeddable":true,"href":"https:\/\/www.eldiario.net\/portal\/wp-json\/wp\/v2\/users\/1"}],"replies":[{"embeddable":true,"href":"https:\/\/www.eldiario.net\/portal\/wp-json\/wp\/v2\/comments?post=142108"}],"version-history":[{"count":0,"href":"https:\/\/www.eldiario.net\/portal\/wp-json\/wp\/v2\/posts\/142108\/revisions"}],"wp:attachment":[{"href":"https:\/\/www.eldiario.net\/portal\/wp-json\/wp\/v2\/media?parent=142108"}],"wp:term":[{"taxonomy":"category","embeddable":true,"href":"https:\/\/www.eldiario.net\/portal\/wp-json\/wp\/v2\/categories?post=142108"},{"taxonomy":"post_tag","embeddable":true,"href":"https:\/\/www.eldiario.net\/portal\/wp-json\/wp\/v2\/tags?post=142108"}],"curies":[{"name":"wp","href":"https:\/\/api.w.org\/{rel}","templated":true}]}}