{"id":142104,"date":"2023-03-09T05:56:45","date_gmt":"2023-03-09T09:56:45","guid":{"rendered":"https:\/\/www.eldiario.net\/portal\/?p=142104"},"modified":"2023-03-09T05:56:45","modified_gmt":"2023-03-09T09:56:45","slug":"la-oposicion-en-busca-de-el-dorado","status":"publish","type":"post","link":"https:\/\/www.eldiario.net\/portal\/2023\/03\/09\/la-oposicion-en-busca-de-el-dorado\/","title":{"rendered":"La oposici\u00f3n: \u00bfen busca de \u201cEl Dorado\u201d?"},"content":{"rendered":"<p>Falta todav\u00eda m\u00e1s de media gesti\u00f3n del quinquenio de Arce Catacora para que se produzcan las nuevas elecciones presidenciales y Bolivia est\u00e1 convertida en un torbellino pol\u00edtico que no muestra una buena cara y que podr\u00eda ser algo insoportable en los pr\u00f3ximos a\u00f1os. Curiosamente no es la oposici\u00f3n \u201cderechista\u201d la que est\u00e1 metida en la gresca, sino las dos facciones antag\u00f3nicas del MAS, que responden, bajo cuerdas, a Luis Arce y a Evo Morales. Y digo bajo cuerdas, porque hasta ahora, aunque se hacen desplantes y ofensas mutuas, siguen sin mostrarse abiertamente como candidatos presidenciales y contin\u00faa el impudor aimara de mencionarse entre ellos como el \u201chermano\u201d Evo y el \u201chermano\u201d Lucho, como si nada pasara.<\/p>\n<p>Pu\u00f1etazos, patadas, silletazos, sucede entre las filas masistas, adem\u00e1s de las ofensas verbales, donde cada quien tiene portavoces de lengua viperina que no pierden oportunidad para lucirse en los canales de televisi\u00f3n con un vocabulario troglodita tratando de destrozar la imagen del antiguo dios del \u201cproceso de cambio\u201d o calificando de \u201cderechista\u201d a quien hoy lleva las riendas de un gobierno desbocado hacia el caos. El Facebook no deja de funcionar lanzando fango a uno y otro lado de los masistas en pugna, hasta que 1.600 cuentas han sido suspendidas y los \u201cguerreros digitales\u201d que inventaban infundios han quedado cesantes. Primera vez que en Bolivia se sab\u00eda de difamadores profesionales que trabajaban a sueldo.<\/p>\n<p>Mientras el masismo se despelleja estando en el poder y una oscura diputada de apellido Patty \u2013profesional en infundios\u2013 ha anunciado que har\u00e1 convocar a Evo Morales para que declare sobre su mal gobierno, la llamada \u201cderecha\u201d boliviana, es decir la oposici\u00f3n no masista a Luis Arce Catacora, recurre nuevamente a la a\u00f1eja idea que tiene y que nunca cumple; de buscar un candidato \u00fanico a la presidencia el 2025, para sacar con los votos en la mano, a los fraudulentos del MAS.<\/p>\n<p>\u00bfQu\u00e9 significa buscar un candidato \u00fanico de oposici\u00f3n en Bolivia? No lo sabemos porque jam\u00e1s lo hemos visto. Es, m\u00e1s o menos, como buscar El Dorado y encontrarlo. El Dorado provoc\u00f3 la ambici\u00f3n m\u00e1s enfermiza entre los conquistadores espa\u00f1oles, sus hijos, sus nietos y sus bisnietos. Y nunca lo encontraron. \u00bfPor qu\u00e9 no lo encontraron? Pues porque no exist\u00eda. Transcurrieron m\u00e1s de tres siglos en que expedicionarios rebatieron las selvas de Colombia y de otros lugares en busca de la ciudad de oro y jam\u00e1s la hallaron. Deben existir montes impenetrables que cubrieron con su follaje cr\u00e1neos y tibias de cientos de aventureros que buscaban la riqueza porque estaban convencidos de que exist\u00eda. \u00bfIremos a encontrar a El Dorado para que en el a\u00f1o del bicentenario pueda echar del gobierno a la garrapata que est\u00e1 prendida de la yugular de la Rep\u00fablica? Tenemos que lograrlo y no debe demorar mucho, porque es necesario que el pueblo, que es quien vota, conozca al que enfrentar\u00e1 esa calamidad que nos debilita desde hace tantos a\u00f1os.<\/p>\n<p>De momento no existe un pol\u00edtico entre los ciudadanos sensatos (Mesa, Quiroga, Doria Medina) que se pueda vislumbrar como un candidato \u00fanico. Y en el caso de Camacho, adem\u00e1s de la aversi\u00f3n que se le tiene en el occidente, est\u00e1 secuestrado en Chonchocoro, maltratado, espiado como a un delincuente, con juicios que le van a ir sumando, en una incierta prisi\u00f3n \u201cpreventiva\u201d que no se sabe hasta cu\u00e1ndo se extender\u00e1, y que, por tanto, su participaci\u00f3n en una lid presidencial, est\u00e1 hasta este momento coartada.<\/p>\n<p>Por lo menos, por la iniciativa de los patriotas que quedan en el pa\u00eds, algo extremadamente importante se est\u00e1 haciendo, a falta del candidato dorado que no llega, y es la decisi\u00f3n de ir a un referendo constitucional para reformar la justicia, sin lo que ning\u00fan mandatario honrado podr\u00e1 gobernar en el futuro. Se trata de darle credibilidad y confianza al Tribunal Supremo de Justicia, al Tribunal Constitucional, al Tribunal Agroambiental y al Consejo de Magistratura. Es decir que ya no m\u00e1s magistrados designados por el MAS en la Asamblea, togados deudores de gratitud al partido gobernante y por tanto obedientes a sus mandatos, como no puede ser de otro modo con magistrados sin formaci\u00f3n jur\u00eddica y escasa moral. Esos dudosos letrados, cuya mayor\u00eda llegan a ocupar altas funciones en la judicatura, con porcentajes que a veces est\u00e1n solo en torno al 2 y 5%, son apabullados por la inmensa cantidad de los votos nulos y blancos, que los descalifican para ejercer tan importantes funciones, pero habilitados por quienes mandan hoy en el pa\u00eds.<\/p>\n<p>Para que el referendo tenga un camino legal es necesario contar con un mill\u00f3n y medio de firmas a nivel nacional que se deber\u00e1n obtener para lograr adecentar la judicatura nacional y que los bolivianos nos salvemos de tanto abuso, suciedad, y estafa. En todos los bolivianos est\u00e1 la responsabilidad de lograr las firmas, para que el pr\u00f3ximo mandatario, ese candidato dorado que deseamos, no est\u00e9 encerrado en esa c\u00e1rcel dantesca que nos ha armado el MAS, exclusivamente para nuestra angustia y su beneficio.<\/p>\n","protected":false},"excerpt":{"rendered":"<p>Falta todav\u00eda m\u00e1s de media gesti\u00f3n del quinquenio de Arce Catacora para que se produzcan las nuevas elecciones presidenciales y Bolivia est\u00e1 convertida en un torbellino pol\u00edtico que no muestra una buena cara y que podr\u00eda ser algo insoportable en los pr\u00f3ximos a\u00f1os. Curiosamente no es la oposici\u00f3n \u201cderechista\u201d la que est\u00e1 metida en la [&hellip;]<\/p>\n","protected":false},"author":1,"featured_media":3793,"comment_status":"closed","ping_status":"closed","sticky":false,"template":"","format":"standard","meta":{"_acf_changed":false,"footnotes":""},"categories":[9],"tags":[],"class_list":["post-142104","post","type-post","status-publish","format-standard","has-post-thumbnail","category-opinion"],"acf":{"antetitulo":""},"yoast_head":"<!-- This site is optimized with the Yoast SEO plugin v28.4 - https:\/\/yoast.com\/product\/yoast-seo-wordpress\/ -->\n<title>La oposici\u00f3n: \u00bfen busca de \u201cEl Dorado\u201d? - El Diario - Bolivia<\/title>\n<meta name=\"robots\" content=\"index, follow, max-snippet:-1, max-image-preview:large, max-video-preview:-1\" \/>\n<link rel=\"canonical\" href=\"https:\/\/www.eldiario.net\/portal\/2023\/03\/09\/la-oposicion-en-busca-de-el-dorado\/\" \/>\n<meta property=\"og:locale\" content=\"es_ES\" \/>\n<meta property=\"og:type\" content=\"article\" \/>\n<meta property=\"og:title\" content=\"La oposici\u00f3n: \u00bfen busca de \u201cEl Dorado\u201d? - El Diario - Bolivia\" \/>\n<meta property=\"og:description\" content=\"Falta todav\u00eda m\u00e1s de media gesti\u00f3n del quinquenio de Arce Catacora para que se produzcan las nuevas elecciones presidenciales y Bolivia est\u00e1 convertida en un torbellino pol\u00edtico que no muestra una buena cara y que podr\u00eda ser algo insoportable en los pr\u00f3ximos a\u00f1os. Curiosamente no es la oposici\u00f3n \u201cderechista\u201d la que est\u00e1 metida en la [&hellip;]\" \/>\n<meta property=\"og:url\" content=\"https:\/\/www.eldiario.net\/portal\/2023\/03\/09\/la-oposicion-en-busca-de-el-dorado\/\" \/>\n<meta property=\"og:site_name\" content=\"El Diario - Bolivia\" \/>\n<meta property=\"article:publisher\" content=\"https:\/\/www.facebook.com\/eldiario.bolivia\/\" \/>\n<meta property=\"article:published_time\" content=\"2023-03-09T09:56:45+00:00\" \/>\n<meta property=\"og:image\" content=\"https:\/\/www.eldiario.net\/portal\/wp-content\/uploads\/2021\/05\/Manfredo-Kempff-Suarez-1.jpg\" \/>\n\t<meta property=\"og:image:width\" content=\"1200\" \/>\n\t<meta property=\"og:image:height\" content=\"628\" \/>\n\t<meta property=\"og:image:type\" content=\"image\/jpeg\" \/>\n<meta name=\"author\" content=\"Jeanette\" \/>\n<meta name=\"twitter:card\" content=\"summary_large_image\" \/>\n<meta name=\"twitter:creator\" content=\"@eldiario_net\" \/>\n<meta name=\"twitter:site\" content=\"@eldiario_net\" \/>\n<meta name=\"twitter:label1\" content=\"Escrito por\" \/>\n\t<meta name=\"twitter:data1\" content=\"Jeanette\" \/>\n\t<meta name=\"twitter:label2\" content=\"Tiempo de lectura\" \/>\n\t<meta name=\"twitter:data2\" content=\"4 minutos\" \/>\n<script type=\"application\/ld+json\" class=\"yoast-schema-graph\">{\"@context\":\"https:\\\/\\\/schema.org\",\"@graph\":[{\"@type\":\"Article\",\"@id\":\"https:\\\/\\\/www.eldiario.net\\\/portal\\\/2023\\\/03\\\/09\\\/la-oposicion-en-busca-de-el-dorado\\\/#article\",\"isPartOf\":{\"@id\":\"https:\\\/\\\/www.eldiario.net\\\/portal\\\/2023\\\/03\\\/09\\\/la-oposicion-en-busca-de-el-dorado\\\/\"},\"author\":{\"name\":\"Jeanette\",\"@id\":\"https:\\\/\\\/www.eldiario.net\\\/portal\\\/#\\\/schema\\\/person\\\/f46445640444750d7d753ccd04ae01b7\"},\"headline\":\"La oposici\u00f3n: \u00bfen busca de \u201cEl Dorado\u201d?\",\"datePublished\":\"2023-03-09T09:56:45+00:00\",\"mainEntityOfPage\":{\"@id\":\"https:\\\/\\\/www.eldiario.net\\\/portal\\\/2023\\\/03\\\/09\\\/la-oposicion-en-busca-de-el-dorado\\\/\"},\"wordCount\":882,\"publisher\":{\"@id\":\"https:\\\/\\\/www.eldiario.net\\\/portal\\\/#organization\"},\"image\":{\"@id\":\"https:\\\/\\\/www.eldiario.net\\\/portal\\\/2023\\\/03\\\/09\\\/la-oposicion-en-busca-de-el-dorado\\\/#primaryimage\"},\"thumbnailUrl\":\"https:\\\/\\\/www.eldiario.net\\\/portal\\\/wp-content\\\/uploads\\\/2021\\\/05\\\/Manfredo-Kempff-Suarez-1.jpg\",\"articleSection\":[\"Opini\u00f3n\"],\"inLanguage\":\"es\"},{\"@type\":\"WebPage\",\"@id\":\"https:\\\/\\\/www.eldiario.net\\\/portal\\\/2023\\\/03\\\/09\\\/la-oposicion-en-busca-de-el-dorado\\\/\",\"url\":\"https:\\\/\\\/www.eldiario.net\\\/portal\\\/2023\\\/03\\\/09\\\/la-oposicion-en-busca-de-el-dorado\\\/\",\"name\":\"La oposici\u00f3n: \u00bfen busca de \u201cEl Dorado\u201d? - El Diario - Bolivia\",\"isPartOf\":{\"@id\":\"https:\\\/\\\/www.eldiario.net\\\/portal\\\/#website\"},\"primaryImageOfPage\":{\"@id\":\"https:\\\/\\\/www.eldiario.net\\\/portal\\\/2023\\\/03\\\/09\\\/la-oposicion-en-busca-de-el-dorado\\\/#primaryimage\"},\"image\":{\"@id\":\"https:\\\/\\\/www.eldiario.net\\\/portal\\\/2023\\\/03\\\/09\\\/la-oposicion-en-busca-de-el-dorado\\\/#primaryimage\"},\"thumbnailUrl\":\"https:\\\/\\\/www.eldiario.net\\\/portal\\\/wp-content\\\/uploads\\\/2021\\\/05\\\/Manfredo-Kempff-Suarez-1.jpg\",\"datePublished\":\"2023-03-09T09:56:45+00:00\",\"breadcrumb\":{\"@id\":\"https:\\\/\\\/www.eldiario.net\\\/portal\\\/2023\\\/03\\\/09\\\/la-oposicion-en-busca-de-el-dorado\\\/#breadcrumb\"},\"inLanguage\":\"es\",\"potentialAction\":[{\"@type\":\"ReadAction\",\"target\":[\"https:\\\/\\\/www.eldiario.net\\\/portal\\\/2023\\\/03\\\/09\\\/la-oposicion-en-busca-de-el-dorado\\\/\"]}]},{\"@type\":\"ImageObject\",\"inLanguage\":\"es\",\"@id\":\"https:\\\/\\\/www.eldiario.net\\\/portal\\\/2023\\\/03\\\/09\\\/la-oposicion-en-busca-de-el-dorado\\\/#primaryimage\",\"url\":\"https:\\\/\\\/www.eldiario.net\\\/portal\\\/wp-content\\\/uploads\\\/2021\\\/05\\\/Manfredo-Kempff-Suarez-1.jpg\",\"contentUrl\":\"https:\\\/\\\/www.eldiario.net\\\/portal\\\/wp-content\\\/uploads\\\/2021\\\/05\\\/Manfredo-Kempff-Suarez-1.jpg\",\"width\":1200,\"height\":628},{\"@type\":\"BreadcrumbList\",\"@id\":\"https:\\\/\\\/www.eldiario.net\\\/portal\\\/2023\\\/03\\\/09\\\/la-oposicion-en-busca-de-el-dorado\\\/#breadcrumb\",\"itemListElement\":[{\"@type\":\"ListItem\",\"position\":1,\"name\":\"Portada\",\"item\":\"https:\\\/\\\/www.eldiario.net\\\/portal\\\/\"},{\"@type\":\"ListItem\",\"position\":2,\"name\":\"La oposici\u00f3n: \u00bfen busca de \u201cEl Dorado\u201d?\"}]},{\"@type\":\"WebSite\",\"@id\":\"https:\\\/\\\/www.eldiario.net\\\/portal\\\/#website\",\"url\":\"https:\\\/\\\/www.eldiario.net\\\/portal\\\/\",\"name\":\"El Diario - Decano de la prensa nacional\",\"description\":\"El Diario - Decano de la prensa nacional\",\"publisher\":{\"@id\":\"https:\\\/\\\/www.eldiario.net\\\/portal\\\/#organization\"},\"potentialAction\":[{\"@type\":\"SearchAction\",\"target\":{\"@type\":\"EntryPoint\",\"urlTemplate\":\"https:\\\/\\\/www.eldiario.net\\\/portal\\\/?s={search_term_string}\"},\"query-input\":{\"@type\":\"PropertyValueSpecification\",\"valueRequired\":true,\"valueName\":\"search_term_string\"}}],\"inLanguage\":\"es\"},{\"@type\":\"Organization\",\"@id\":\"https:\\\/\\\/www.eldiario.net\\\/portal\\\/#organization\",\"name\":\"El Diario - Decano de la prensa nacional\",\"url\":\"https:\\\/\\\/www.eldiario.net\\\/portal\\\/\",\"logo\":{\"@type\":\"ImageObject\",\"inLanguage\":\"es\",\"@id\":\"https:\\\/\\\/www.eldiario.net\\\/portal\\\/#\\\/schema\\\/logo\\\/image\\\/\",\"url\":\"https:\\\/\\\/www.eldiario.net\\\/portal\\\/wp-content\\\/uploads\\\/2023\\\/07\\\/logo_ED.jpg\",\"contentUrl\":\"https:\\\/\\\/www.eldiario.net\\\/portal\\\/wp-content\\\/uploads\\\/2023\\\/07\\\/logo_ED.jpg\",\"width\":272,\"height\":52,\"caption\":\"El Diario - Decano de la prensa nacional\"},\"image\":{\"@id\":\"https:\\\/\\\/www.eldiario.net\\\/portal\\\/#\\\/schema\\\/logo\\\/image\\\/\"},\"sameAs\":[\"https:\\\/\\\/www.facebook.com\\\/eldiario.bolivia\\\/\",\"https:\\\/\\\/x.com\\\/eldiario_net\"]},{\"@type\":\"Person\",\"@id\":\"https:\\\/\\\/www.eldiario.net\\\/portal\\\/#\\\/schema\\\/person\\\/f46445640444750d7d753ccd04ae01b7\",\"name\":\"Jeanette\",\"image\":{\"@type\":\"ImageObject\",\"inLanguage\":\"es\",\"@id\":\"https:\\\/\\\/secure.gravatar.com\\\/avatar\\\/3ea2118a5f7dad2b7138b1187a6b7ee55f160b9968b66013c3a3ef39dd7e5798?s=96&d=mm&r=g\",\"url\":\"https:\\\/\\\/secure.gravatar.com\\\/avatar\\\/3ea2118a5f7dad2b7138b1187a6b7ee55f160b9968b66013c3a3ef39dd7e5798?s=96&d=mm&r=g\",\"contentUrl\":\"https:\\\/\\\/secure.gravatar.com\\\/avatar\\\/3ea2118a5f7dad2b7138b1187a6b7ee55f160b9968b66013c3a3ef39dd7e5798?s=96&d=mm&r=g\",\"caption\":\"Jeanette\"},\"sameAs\":[\"https:\\\/\\\/www.eldiario.net\\\/portal\"],\"url\":\"https:\\\/\\\/www.eldiario.net\\\/portal\\\/author\\\/jeanette\\\/\"}]}<\/script>\n<!-- \/ Yoast SEO plugin. -->","yoast_head_json":{"title":"La oposici\u00f3n: \u00bfen busca de \u201cEl Dorado\u201d? - El Diario - Bolivia","robots":{"index":"index","follow":"follow","max-snippet":"max-snippet:-1","max-image-preview":"max-image-preview:large","max-video-preview":"max-video-preview:-1"},"canonical":"https:\/\/www.eldiario.net\/portal\/2023\/03\/09\/la-oposicion-en-busca-de-el-dorado\/","og_locale":"es_ES","og_type":"article","og_title":"La oposici\u00f3n: \u00bfen busca de \u201cEl Dorado\u201d? - El Diario - Bolivia","og_description":"Falta todav\u00eda m\u00e1s de media gesti\u00f3n del quinquenio de Arce Catacora para que se produzcan las nuevas elecciones presidenciales y Bolivia est\u00e1 convertida en un torbellino pol\u00edtico que no muestra una buena cara y que podr\u00eda ser algo insoportable en los pr\u00f3ximos a\u00f1os. Curiosamente no es la oposici\u00f3n \u201cderechista\u201d la que est\u00e1 metida en la [&hellip;]","og_url":"https:\/\/www.eldiario.net\/portal\/2023\/03\/09\/la-oposicion-en-busca-de-el-dorado\/","og_site_name":"El Diario - Bolivia","article_publisher":"https:\/\/www.facebook.com\/eldiario.bolivia\/","article_published_time":"2023-03-09T09:56:45+00:00","og_image":[{"width":1200,"height":628,"url":"https:\/\/www.eldiario.net\/portal\/wp-content\/uploads\/2021\/05\/Manfredo-Kempff-Suarez-1.jpg","type":"image\/jpeg"}],"author":"Jeanette","twitter_card":"summary_large_image","twitter_creator":"@eldiario_net","twitter_site":"@eldiario_net","twitter_misc":{"Escrito por":"Jeanette","Tiempo de lectura":"4 minutos"},"schema":{"@context":"https:\/\/schema.org","@graph":[{"@type":"Article","@id":"https:\/\/www.eldiario.net\/portal\/2023\/03\/09\/la-oposicion-en-busca-de-el-dorado\/#article","isPartOf":{"@id":"https:\/\/www.eldiario.net\/portal\/2023\/03\/09\/la-oposicion-en-busca-de-el-dorado\/"},"author":{"name":"Jeanette","@id":"https:\/\/www.eldiario.net\/portal\/#\/schema\/person\/f46445640444750d7d753ccd04ae01b7"},"headline":"La oposici\u00f3n: \u00bfen busca de \u201cEl Dorado\u201d?","datePublished":"2023-03-09T09:56:45+00:00","mainEntityOfPage":{"@id":"https:\/\/www.eldiario.net\/portal\/2023\/03\/09\/la-oposicion-en-busca-de-el-dorado\/"},"wordCount":882,"publisher":{"@id":"https:\/\/www.eldiario.net\/portal\/#organization"},"image":{"@id":"https:\/\/www.eldiario.net\/portal\/2023\/03\/09\/la-oposicion-en-busca-de-el-dorado\/#primaryimage"},"thumbnailUrl":"https:\/\/www.eldiario.net\/portal\/wp-content\/uploads\/2021\/05\/Manfredo-Kempff-Suarez-1.jpg","articleSection":["Opini\u00f3n"],"inLanguage":"es"},{"@type":"WebPage","@id":"https:\/\/www.eldiario.net\/portal\/2023\/03\/09\/la-oposicion-en-busca-de-el-dorado\/","url":"https:\/\/www.eldiario.net\/portal\/2023\/03\/09\/la-oposicion-en-busca-de-el-dorado\/","name":"La oposici\u00f3n: \u00bfen busca de \u201cEl Dorado\u201d? - El Diario - Bolivia","isPartOf":{"@id":"https:\/\/www.eldiario.net\/portal\/#website"},"primaryImageOfPage":{"@id":"https:\/\/www.eldiario.net\/portal\/2023\/03\/09\/la-oposicion-en-busca-de-el-dorado\/#primaryimage"},"image":{"@id":"https:\/\/www.eldiario.net\/portal\/2023\/03\/09\/la-oposicion-en-busca-de-el-dorado\/#primaryimage"},"thumbnailUrl":"https:\/\/www.eldiario.net\/portal\/wp-content\/uploads\/2021\/05\/Manfredo-Kempff-Suarez-1.jpg","datePublished":"2023-03-09T09:56:45+00:00","breadcrumb":{"@id":"https:\/\/www.eldiario.net\/portal\/2023\/03\/09\/la-oposicion-en-busca-de-el-dorado\/#breadcrumb"},"inLanguage":"es","potentialAction":[{"@type":"ReadAction","target":["https:\/\/www.eldiario.net\/portal\/2023\/03\/09\/la-oposicion-en-busca-de-el-dorado\/"]}]},{"@type":"ImageObject","inLanguage":"es","@id":"https:\/\/www.eldiario.net\/portal\/2023\/03\/09\/la-oposicion-en-busca-de-el-dorado\/#primaryimage","url":"https:\/\/www.eldiario.net\/portal\/wp-content\/uploads\/2021\/05\/Manfredo-Kempff-Suarez-1.jpg","contentUrl":"https:\/\/www.eldiario.net\/portal\/wp-content\/uploads\/2021\/05\/Manfredo-Kempff-Suarez-1.jpg","width":1200,"height":628},{"@type":"BreadcrumbList","@id":"https:\/\/www.eldiario.net\/portal\/2023\/03\/09\/la-oposicion-en-busca-de-el-dorado\/#breadcrumb","itemListElement":[{"@type":"ListItem","position":1,"name":"Portada","item":"https:\/\/www.eldiario.net\/portal\/"},{"@type":"ListItem","position":2,"name":"La oposici\u00f3n: \u00bfen busca de \u201cEl Dorado\u201d?"}]},{"@type":"WebSite","@id":"https:\/\/www.eldiario.net\/portal\/#website","url":"https:\/\/www.eldiario.net\/portal\/","name":"El Diario - Decano de la prensa nacional","description":"El Diario - Decano de la prensa nacional","publisher":{"@id":"https:\/\/www.eldiario.net\/portal\/#organization"},"potentialAction":[{"@type":"SearchAction","target":{"@type":"EntryPoint","urlTemplate":"https:\/\/www.eldiario.net\/portal\/?s={search_term_string}"},"query-input":{"@type":"PropertyValueSpecification","valueRequired":true,"valueName":"search_term_string"}}],"inLanguage":"es"},{"@type":"Organization","@id":"https:\/\/www.eldiario.net\/portal\/#organization","name":"El Diario - Decano de la prensa nacional","url":"https:\/\/www.eldiario.net\/portal\/","logo":{"@type":"ImageObject","inLanguage":"es","@id":"https:\/\/www.eldiario.net\/portal\/#\/schema\/logo\/image\/","url":"https:\/\/www.eldiario.net\/portal\/wp-content\/uploads\/2023\/07\/logo_ED.jpg","contentUrl":"https:\/\/www.eldiario.net\/portal\/wp-content\/uploads\/2023\/07\/logo_ED.jpg","width":272,"height":52,"caption":"El Diario - Decano de la prensa nacional"},"image":{"@id":"https:\/\/www.eldiario.net\/portal\/#\/schema\/logo\/image\/"},"sameAs":["https:\/\/www.facebook.com\/eldiario.bolivia\/","https:\/\/x.com\/eldiario_net"]},{"@type":"Person","@id":"https:\/\/www.eldiario.net\/portal\/#\/schema\/person\/f46445640444750d7d753ccd04ae01b7","name":"Jeanette","image":{"@type":"ImageObject","inLanguage":"es","@id":"https:\/\/secure.gravatar.com\/avatar\/3ea2118a5f7dad2b7138b1187a6b7ee55f160b9968b66013c3a3ef39dd7e5798?s=96&d=mm&r=g","url":"https:\/\/secure.gravatar.com\/avatar\/3ea2118a5f7dad2b7138b1187a6b7ee55f160b9968b66013c3a3ef39dd7e5798?s=96&d=mm&r=g","contentUrl":"https:\/\/secure.gravatar.com\/avatar\/3ea2118a5f7dad2b7138b1187a6b7ee55f160b9968b66013c3a3ef39dd7e5798?s=96&d=mm&r=g","caption":"Jeanette"},"sameAs":["https:\/\/www.eldiario.net\/portal"],"url":"https:\/\/www.eldiario.net\/portal\/author\/jeanette\/"}]}},"_links":{"self":[{"href":"https:\/\/www.eldiario.net\/portal\/wp-json\/wp\/v2\/posts\/142104","targetHints":{"allow":["GET"]}}],"collection":[{"href":"https:\/\/www.eldiario.net\/portal\/wp-json\/wp\/v2\/posts"}],"about":[{"href":"https:\/\/www.eldiario.net\/portal\/wp-json\/wp\/v2\/types\/post"}],"author":[{"embeddable":true,"href":"https:\/\/www.eldiario.net\/portal\/wp-json\/wp\/v2\/users\/1"}],"replies":[{"embeddable":true,"href":"https:\/\/www.eldiario.net\/portal\/wp-json\/wp\/v2\/comments?post=142104"}],"version-history":[{"count":0,"href":"https:\/\/www.eldiario.net\/portal\/wp-json\/wp\/v2\/posts\/142104\/revisions"}],"wp:featuredmedia":[{"embeddable":true,"href":"https:\/\/www.eldiario.net\/portal\/wp-json\/wp\/v2\/media\/3793"}],"wp:attachment":[{"href":"https:\/\/www.eldiario.net\/portal\/wp-json\/wp\/v2\/media?parent=142104"}],"wp:term":[{"taxonomy":"category","embeddable":true,"href":"https:\/\/www.eldiario.net\/portal\/wp-json\/wp\/v2\/categories?post=142104"},{"taxonomy":"post_tag","embeddable":true,"href":"https:\/\/www.eldiario.net\/portal\/wp-json\/wp\/v2\/tags?post=142104"}],"curies":[{"name":"wp","href":"https:\/\/api.w.org\/{rel}","templated":true}]}}