{"id":142102,"date":"2023-03-09T05:56:03","date_gmt":"2023-03-09T09:56:03","guid":{"rendered":"https:\/\/www.eldiario.net\/portal\/?p=142102"},"modified":"2023-03-09T05:56:03","modified_gmt":"2023-03-09T09:56:03","slug":"el-reloj-del-apocalipsis","status":"publish","type":"post","link":"https:\/\/www.eldiario.net\/portal\/2023\/03\/09\/el-reloj-del-apocalipsis\/","title":{"rendered":"El Reloj del Apocalipsis"},"content":{"rendered":"<p>Aterrados, por las explosiones at\u00f3micas en Hiroshima y Nagasaki, ocurridas un 6 de agosto de 1945, y luego de percatarse de que sus avances en el desarrollo de la fusi\u00f3n del \u00e1tomo hab\u00edan llevado a semejante holocausto nuclear, un grupo de cient\u00edficos de la Universidad de Chicago, dirigidos por Albert Einstein, crearon dos a\u00f1os m\u00e1s tarde, como un s\u00edmbolo a ese uso indebido de la ciencia, el Reloj del Juicio Final, o\u00a0 \u201cReloj del Apocalipsis\u201d (el \u201cDoomsday Clock\u201d en ingl\u00e9s) como una representaci\u00f3n gr\u00e1fica de las amenazas generadas por los propios humanos y que nos acercar\u00edan a la destrucci\u00f3n total y catastr\u00f3fica de la humanidad.<\/p>\n<p>Deseamos traer a colaci\u00f3n este tema, por las perennes y pertinaces advertencias que se ciernen sobre nuestro futuro, especialmente en tiempos de guerra, como el generado por la criminal e injusta invasi\u00f3n rusa a Ucrania, s\u00f3lo motivada por un psic\u00f3pata que, al ver su vergonzoso e infructuoso fracaso de lograr la ocupaci\u00f3n de la capital ucraniana Kiev, con el mejor estilo hitleriano, a trav\u00e9s de una invasi\u00f3n rel\u00e1mpago o Blitzkrieg que s\u00f3lo tome tres d\u00edas, y no un a\u00f1o, como lleva de duraci\u00f3n esta siniestra aventura, se ha convertido en un fiasco, ante el cual reacciona como un imb\u00e9cil, al que s\u00f3lo le queda el tup\u00e9 de amenazar con la deflagraci\u00f3n de una guerra nuclear.<\/p>\n<p>Ahora bien, como las desgracias no suelen venir solas, con igual concordancia a lo ocurrido entre Rusia y Ucrania, ahora China y Taiw\u00e1n est\u00e1n en la mira de un posible enfrentamiento, seg\u00fan se colige de las recientes declaraciones del director de la Central de Inteligencia Norteamericana, William Burns y de Mike Gallagher, diputado de la C\u00e1mara de Representantes estadounidense, en las que ambos toman en cuenta los incidentes que acaban de suscitarse en dicha regi\u00f3n, cuando las fuerzas armadas de Taiw\u00e1n han abierto fuego contra drones, supuestamente controlados desde China, poco despu\u00e9s de que la presidenta taiwanesa, Tsai Ing Wen, reclamase medidas \u201ccontundentes\u201d ante este tipo de incursiones.<\/p>\n<p>Asimismo, previendo un ataque sorpresa, el Gobierno taiwan\u00e9s ha ordenado el despliegue de tropas, adem\u00e1s de barcos y sistema de monitoreo y respuesta r\u00e1pida. Adem\u00e1s, Taiw\u00e1n ha extendido el servicio militar obligatorio a un a\u00f1o, situado inicialmente en cuatro meses, y ha reforzado su ej\u00e9rcito con la compra a EEUU de aviones y armas militares.<\/p>\n<p>Por su parte, Seg\u00fan ha asegurado el ex primer ministro chino, Li Keqiang, al hacer un balance del a\u00f1o, y establecer los objetivos para el 2023. \u201cChina luchar\u00e1 decididamente contra la independencia de Taiw\u00e1n; en pro de la reunificaci\u00f3n de la patria; y en contra de la secesi\u00f3n y las intromisiones\u201d, evidenciando que las relaciones entre Taip\u00e9i y Pek\u00edn han vuelto a desestabilizarse, especialmente despu\u00e9s de la visita a la Isla, de la expresidenta de la C\u00e1mara de Representantes de Estados Unidos, Nancy Pelosi, y en una clara referencia a los Estados Unidos.<\/p>\n<p>Quienes tuvimos el honor y la fortuna de disfrutar de la hospitalidad y el cari\u00f1o de los taiwaneses, podemos ratificar el enorme esp\u00edritu de autodeterminaci\u00f3n, libertad y democracia que caracteriza a ese pueblo, lo que ha contribuido a huir del totalitarismo comunista, reinante en la China continental, y convertirse en una potencia industrial del sector de las altas tecnolog\u00edas, como uno de los primeros fabricantes mundiales de microprocesadores. De ah\u00ed que, al igual que con el noble y heroico pueblo ucraniano, ser\u00e1 muy dif\u00edcil someterlo al dominio de una dictadura comunista, mediante una invasi\u00f3n artera. La \u00fanica victoria que lograr\u00edan es adelantar el poco tiempo restante, en el Reloj del Apocalipsis.<\/p>\n","protected":false},"excerpt":{"rendered":"<p>Aterrados, por las explosiones at\u00f3micas en Hiroshima y Nagasaki, ocurridas un 6 de agosto de 1945, y luego de percatarse de que sus avances en el desarrollo de la fusi\u00f3n del \u00e1tomo hab\u00edan llevado a semejante holocausto nuclear, un grupo de cient\u00edficos de la Universidad de Chicago, dirigidos por Albert Einstein, crearon dos a\u00f1os m\u00e1s [&hellip;]<\/p>\n","protected":false},"author":1,"featured_media":5340,"comment_status":"closed","ping_status":"closed","sticky":false,"template":"","format":"standard","meta":{"_acf_changed":false,"footnotes":""},"categories":[9],"tags":[],"class_list":["post-142102","post","type-post","status-publish","format-standard","has-post-thumbnail","category-opinion"],"acf":{"antetitulo":""},"yoast_head":"<!-- This site is optimized with the Yoast SEO plugin v28.4 - https:\/\/yoast.com\/product\/yoast-seo-wordpress\/ -->\n<title>El Reloj del Apocalipsis - El Diario - Bolivia<\/title>\n<meta name=\"robots\" content=\"index, follow, max-snippet:-1, max-image-preview:large, max-video-preview:-1\" \/>\n<link rel=\"canonical\" href=\"https:\/\/www.eldiario.net\/portal\/2023\/03\/09\/el-reloj-del-apocalipsis\/\" \/>\n<meta property=\"og:locale\" content=\"es_ES\" \/>\n<meta property=\"og:type\" content=\"article\" \/>\n<meta property=\"og:title\" content=\"El Reloj del Apocalipsis - El Diario - Bolivia\" \/>\n<meta property=\"og:description\" content=\"Aterrados, por las explosiones at\u00f3micas en Hiroshima y Nagasaki, ocurridas un 6 de agosto de 1945, y luego de percatarse de que sus avances en el desarrollo de la fusi\u00f3n del \u00e1tomo hab\u00edan llevado a semejante holocausto nuclear, un grupo de cient\u00edficos de la Universidad de Chicago, dirigidos por Albert Einstein, crearon dos a\u00f1os m\u00e1s [&hellip;]\" \/>\n<meta property=\"og:url\" content=\"https:\/\/www.eldiario.net\/portal\/2023\/03\/09\/el-reloj-del-apocalipsis\/\" \/>\n<meta property=\"og:site_name\" content=\"El Diario - Bolivia\" \/>\n<meta property=\"article:publisher\" content=\"https:\/\/www.facebook.com\/eldiario.bolivia\/\" \/>\n<meta property=\"article:published_time\" content=\"2023-03-09T09:56:03+00:00\" \/>\n<meta name=\"author\" content=\"Jeanette\" \/>\n<meta name=\"twitter:card\" content=\"summary_large_image\" \/>\n<meta name=\"twitter:creator\" content=\"@eldiario_net\" \/>\n<meta name=\"twitter:site\" content=\"@eldiario_net\" \/>\n<meta name=\"twitter:label1\" content=\"Escrito por\" \/>\n\t<meta name=\"twitter:data1\" content=\"Jeanette\" \/>\n\t<meta name=\"twitter:label2\" content=\"Tiempo de lectura\" \/>\n\t<meta name=\"twitter:data2\" content=\"3 minutos\" \/>\n<script type=\"application\/ld+json\" class=\"yoast-schema-graph\">{\"@context\":\"https:\\\/\\\/schema.org\",\"@graph\":[{\"@type\":\"Article\",\"@id\":\"https:\\\/\\\/www.eldiario.net\\\/portal\\\/2023\\\/03\\\/09\\\/el-reloj-del-apocalipsis\\\/#article\",\"isPartOf\":{\"@id\":\"https:\\\/\\\/www.eldiario.net\\\/portal\\\/2023\\\/03\\\/09\\\/el-reloj-del-apocalipsis\\\/\"},\"author\":{\"name\":\"Jeanette\",\"@id\":\"https:\\\/\\\/www.eldiario.net\\\/portal\\\/#\\\/schema\\\/person\\\/f46445640444750d7d753ccd04ae01b7\"},\"headline\":\"El Reloj del Apocalipsis\",\"datePublished\":\"2023-03-09T09:56:03+00:00\",\"mainEntityOfPage\":{\"@id\":\"https:\\\/\\\/www.eldiario.net\\\/portal\\\/2023\\\/03\\\/09\\\/el-reloj-del-apocalipsis\\\/\"},\"wordCount\":646,\"publisher\":{\"@id\":\"https:\\\/\\\/www.eldiario.net\\\/portal\\\/#organization\"},\"image\":{\"@id\":\"https:\\\/\\\/www.eldiario.net\\\/portal\\\/2023\\\/03\\\/09\\\/el-reloj-del-apocalipsis\\\/#primaryimage\"},\"thumbnailUrl\":\"\",\"articleSection\":[\"Opini\u00f3n\"],\"inLanguage\":\"es\"},{\"@type\":\"WebPage\",\"@id\":\"https:\\\/\\\/www.eldiario.net\\\/portal\\\/2023\\\/03\\\/09\\\/el-reloj-del-apocalipsis\\\/\",\"url\":\"https:\\\/\\\/www.eldiario.net\\\/portal\\\/2023\\\/03\\\/09\\\/el-reloj-del-apocalipsis\\\/\",\"name\":\"El Reloj del Apocalipsis - El Diario - Bolivia\",\"isPartOf\":{\"@id\":\"https:\\\/\\\/www.eldiario.net\\\/portal\\\/#website\"},\"primaryImageOfPage\":{\"@id\":\"https:\\\/\\\/www.eldiario.net\\\/portal\\\/2023\\\/03\\\/09\\\/el-reloj-del-apocalipsis\\\/#primaryimage\"},\"image\":{\"@id\":\"https:\\\/\\\/www.eldiario.net\\\/portal\\\/2023\\\/03\\\/09\\\/el-reloj-del-apocalipsis\\\/#primaryimage\"},\"thumbnailUrl\":\"\",\"datePublished\":\"2023-03-09T09:56:03+00:00\",\"breadcrumb\":{\"@id\":\"https:\\\/\\\/www.eldiario.net\\\/portal\\\/2023\\\/03\\\/09\\\/el-reloj-del-apocalipsis\\\/#breadcrumb\"},\"inLanguage\":\"es\",\"potentialAction\":[{\"@type\":\"ReadAction\",\"target\":[\"https:\\\/\\\/www.eldiario.net\\\/portal\\\/2023\\\/03\\\/09\\\/el-reloj-del-apocalipsis\\\/\"]}]},{\"@type\":\"ImageObject\",\"inLanguage\":\"es\",\"@id\":\"https:\\\/\\\/www.eldiario.net\\\/portal\\\/2023\\\/03\\\/09\\\/el-reloj-del-apocalipsis\\\/#primaryimage\",\"url\":\"\",\"contentUrl\":\"\"},{\"@type\":\"BreadcrumbList\",\"@id\":\"https:\\\/\\\/www.eldiario.net\\\/portal\\\/2023\\\/03\\\/09\\\/el-reloj-del-apocalipsis\\\/#breadcrumb\",\"itemListElement\":[{\"@type\":\"ListItem\",\"position\":1,\"name\":\"Portada\",\"item\":\"https:\\\/\\\/www.eldiario.net\\\/portal\\\/\"},{\"@type\":\"ListItem\",\"position\":2,\"name\":\"El Reloj del Apocalipsis\"}]},{\"@type\":\"WebSite\",\"@id\":\"https:\\\/\\\/www.eldiario.net\\\/portal\\\/#website\",\"url\":\"https:\\\/\\\/www.eldiario.net\\\/portal\\\/\",\"name\":\"El Diario - Decano de la prensa nacional\",\"description\":\"El Diario - Decano de la prensa nacional\",\"publisher\":{\"@id\":\"https:\\\/\\\/www.eldiario.net\\\/portal\\\/#organization\"},\"potentialAction\":[{\"@type\":\"SearchAction\",\"target\":{\"@type\":\"EntryPoint\",\"urlTemplate\":\"https:\\\/\\\/www.eldiario.net\\\/portal\\\/?s={search_term_string}\"},\"query-input\":{\"@type\":\"PropertyValueSpecification\",\"valueRequired\":true,\"valueName\":\"search_term_string\"}}],\"inLanguage\":\"es\"},{\"@type\":\"Organization\",\"@id\":\"https:\\\/\\\/www.eldiario.net\\\/portal\\\/#organization\",\"name\":\"El Diario - Decano de la prensa nacional\",\"url\":\"https:\\\/\\\/www.eldiario.net\\\/portal\\\/\",\"logo\":{\"@type\":\"ImageObject\",\"inLanguage\":\"es\",\"@id\":\"https:\\\/\\\/www.eldiario.net\\\/portal\\\/#\\\/schema\\\/logo\\\/image\\\/\",\"url\":\"https:\\\/\\\/www.eldiario.net\\\/portal\\\/wp-content\\\/uploads\\\/2023\\\/07\\\/logo_ED.jpg\",\"contentUrl\":\"https:\\\/\\\/www.eldiario.net\\\/portal\\\/wp-content\\\/uploads\\\/2023\\\/07\\\/logo_ED.jpg\",\"width\":272,\"height\":52,\"caption\":\"El Diario - Decano de la prensa nacional\"},\"image\":{\"@id\":\"https:\\\/\\\/www.eldiario.net\\\/portal\\\/#\\\/schema\\\/logo\\\/image\\\/\"},\"sameAs\":[\"https:\\\/\\\/www.facebook.com\\\/eldiario.bolivia\\\/\",\"https:\\\/\\\/x.com\\\/eldiario_net\"]},{\"@type\":\"Person\",\"@id\":\"https:\\\/\\\/www.eldiario.net\\\/portal\\\/#\\\/schema\\\/person\\\/f46445640444750d7d753ccd04ae01b7\",\"name\":\"Jeanette\",\"image\":{\"@type\":\"ImageObject\",\"inLanguage\":\"es\",\"@id\":\"https:\\\/\\\/secure.gravatar.com\\\/avatar\\\/3ea2118a5f7dad2b7138b1187a6b7ee55f160b9968b66013c3a3ef39dd7e5798?s=96&d=mm&r=g\",\"url\":\"https:\\\/\\\/secure.gravatar.com\\\/avatar\\\/3ea2118a5f7dad2b7138b1187a6b7ee55f160b9968b66013c3a3ef39dd7e5798?s=96&d=mm&r=g\",\"contentUrl\":\"https:\\\/\\\/secure.gravatar.com\\\/avatar\\\/3ea2118a5f7dad2b7138b1187a6b7ee55f160b9968b66013c3a3ef39dd7e5798?s=96&d=mm&r=g\",\"caption\":\"Jeanette\"},\"sameAs\":[\"https:\\\/\\\/www.eldiario.net\\\/portal\"],\"url\":\"https:\\\/\\\/www.eldiario.net\\\/portal\\\/author\\\/jeanette\\\/\"}]}<\/script>\n<!-- \/ Yoast SEO plugin. -->","yoast_head_json":{"title":"El Reloj del Apocalipsis - El Diario - Bolivia","robots":{"index":"index","follow":"follow","max-snippet":"max-snippet:-1","max-image-preview":"max-image-preview:large","max-video-preview":"max-video-preview:-1"},"canonical":"https:\/\/www.eldiario.net\/portal\/2023\/03\/09\/el-reloj-del-apocalipsis\/","og_locale":"es_ES","og_type":"article","og_title":"El Reloj del Apocalipsis - El Diario - Bolivia","og_description":"Aterrados, por las explosiones at\u00f3micas en Hiroshima y Nagasaki, ocurridas un 6 de agosto de 1945, y luego de percatarse de que sus avances en el desarrollo de la fusi\u00f3n del \u00e1tomo hab\u00edan llevado a semejante holocausto nuclear, un grupo de cient\u00edficos de la Universidad de Chicago, dirigidos por Albert Einstein, crearon dos a\u00f1os m\u00e1s [&hellip;]","og_url":"https:\/\/www.eldiario.net\/portal\/2023\/03\/09\/el-reloj-del-apocalipsis\/","og_site_name":"El Diario - Bolivia","article_publisher":"https:\/\/www.facebook.com\/eldiario.bolivia\/","article_published_time":"2023-03-09T09:56:03+00:00","author":"Jeanette","twitter_card":"summary_large_image","twitter_creator":"@eldiario_net","twitter_site":"@eldiario_net","twitter_misc":{"Escrito por":"Jeanette","Tiempo de lectura":"3 minutos"},"schema":{"@context":"https:\/\/schema.org","@graph":[{"@type":"Article","@id":"https:\/\/www.eldiario.net\/portal\/2023\/03\/09\/el-reloj-del-apocalipsis\/#article","isPartOf":{"@id":"https:\/\/www.eldiario.net\/portal\/2023\/03\/09\/el-reloj-del-apocalipsis\/"},"author":{"name":"Jeanette","@id":"https:\/\/www.eldiario.net\/portal\/#\/schema\/person\/f46445640444750d7d753ccd04ae01b7"},"headline":"El Reloj del Apocalipsis","datePublished":"2023-03-09T09:56:03+00:00","mainEntityOfPage":{"@id":"https:\/\/www.eldiario.net\/portal\/2023\/03\/09\/el-reloj-del-apocalipsis\/"},"wordCount":646,"publisher":{"@id":"https:\/\/www.eldiario.net\/portal\/#organization"},"image":{"@id":"https:\/\/www.eldiario.net\/portal\/2023\/03\/09\/el-reloj-del-apocalipsis\/#primaryimage"},"thumbnailUrl":"","articleSection":["Opini\u00f3n"],"inLanguage":"es"},{"@type":"WebPage","@id":"https:\/\/www.eldiario.net\/portal\/2023\/03\/09\/el-reloj-del-apocalipsis\/","url":"https:\/\/www.eldiario.net\/portal\/2023\/03\/09\/el-reloj-del-apocalipsis\/","name":"El Reloj del Apocalipsis - El Diario - Bolivia","isPartOf":{"@id":"https:\/\/www.eldiario.net\/portal\/#website"},"primaryImageOfPage":{"@id":"https:\/\/www.eldiario.net\/portal\/2023\/03\/09\/el-reloj-del-apocalipsis\/#primaryimage"},"image":{"@id":"https:\/\/www.eldiario.net\/portal\/2023\/03\/09\/el-reloj-del-apocalipsis\/#primaryimage"},"thumbnailUrl":"","datePublished":"2023-03-09T09:56:03+00:00","breadcrumb":{"@id":"https:\/\/www.eldiario.net\/portal\/2023\/03\/09\/el-reloj-del-apocalipsis\/#breadcrumb"},"inLanguage":"es","potentialAction":[{"@type":"ReadAction","target":["https:\/\/www.eldiario.net\/portal\/2023\/03\/09\/el-reloj-del-apocalipsis\/"]}]},{"@type":"ImageObject","inLanguage":"es","@id":"https:\/\/www.eldiario.net\/portal\/2023\/03\/09\/el-reloj-del-apocalipsis\/#primaryimage","url":"","contentUrl":""},{"@type":"BreadcrumbList","@id":"https:\/\/www.eldiario.net\/portal\/2023\/03\/09\/el-reloj-del-apocalipsis\/#breadcrumb","itemListElement":[{"@type":"ListItem","position":1,"name":"Portada","item":"https:\/\/www.eldiario.net\/portal\/"},{"@type":"ListItem","position":2,"name":"El Reloj del Apocalipsis"}]},{"@type":"WebSite","@id":"https:\/\/www.eldiario.net\/portal\/#website","url":"https:\/\/www.eldiario.net\/portal\/","name":"El Diario - Decano de la prensa nacional","description":"El Diario - Decano de la prensa nacional","publisher":{"@id":"https:\/\/www.eldiario.net\/portal\/#organization"},"potentialAction":[{"@type":"SearchAction","target":{"@type":"EntryPoint","urlTemplate":"https:\/\/www.eldiario.net\/portal\/?s={search_term_string}"},"query-input":{"@type":"PropertyValueSpecification","valueRequired":true,"valueName":"search_term_string"}}],"inLanguage":"es"},{"@type":"Organization","@id":"https:\/\/www.eldiario.net\/portal\/#organization","name":"El Diario - Decano de la prensa nacional","url":"https:\/\/www.eldiario.net\/portal\/","logo":{"@type":"ImageObject","inLanguage":"es","@id":"https:\/\/www.eldiario.net\/portal\/#\/schema\/logo\/image\/","url":"https:\/\/www.eldiario.net\/portal\/wp-content\/uploads\/2023\/07\/logo_ED.jpg","contentUrl":"https:\/\/www.eldiario.net\/portal\/wp-content\/uploads\/2023\/07\/logo_ED.jpg","width":272,"height":52,"caption":"El Diario - Decano de la prensa nacional"},"image":{"@id":"https:\/\/www.eldiario.net\/portal\/#\/schema\/logo\/image\/"},"sameAs":["https:\/\/www.facebook.com\/eldiario.bolivia\/","https:\/\/x.com\/eldiario_net"]},{"@type":"Person","@id":"https:\/\/www.eldiario.net\/portal\/#\/schema\/person\/f46445640444750d7d753ccd04ae01b7","name":"Jeanette","image":{"@type":"ImageObject","inLanguage":"es","@id":"https:\/\/secure.gravatar.com\/avatar\/3ea2118a5f7dad2b7138b1187a6b7ee55f160b9968b66013c3a3ef39dd7e5798?s=96&d=mm&r=g","url":"https:\/\/secure.gravatar.com\/avatar\/3ea2118a5f7dad2b7138b1187a6b7ee55f160b9968b66013c3a3ef39dd7e5798?s=96&d=mm&r=g","contentUrl":"https:\/\/secure.gravatar.com\/avatar\/3ea2118a5f7dad2b7138b1187a6b7ee55f160b9968b66013c3a3ef39dd7e5798?s=96&d=mm&r=g","caption":"Jeanette"},"sameAs":["https:\/\/www.eldiario.net\/portal"],"url":"https:\/\/www.eldiario.net\/portal\/author\/jeanette\/"}]}},"_links":{"self":[{"href":"https:\/\/www.eldiario.net\/portal\/wp-json\/wp\/v2\/posts\/142102","targetHints":{"allow":["GET"]}}],"collection":[{"href":"https:\/\/www.eldiario.net\/portal\/wp-json\/wp\/v2\/posts"}],"about":[{"href":"https:\/\/www.eldiario.net\/portal\/wp-json\/wp\/v2\/types\/post"}],"author":[{"embeddable":true,"href":"https:\/\/www.eldiario.net\/portal\/wp-json\/wp\/v2\/users\/1"}],"replies":[{"embeddable":true,"href":"https:\/\/www.eldiario.net\/portal\/wp-json\/wp\/v2\/comments?post=142102"}],"version-history":[{"count":0,"href":"https:\/\/www.eldiario.net\/portal\/wp-json\/wp\/v2\/posts\/142102\/revisions"}],"wp:attachment":[{"href":"https:\/\/www.eldiario.net\/portal\/wp-json\/wp\/v2\/media?parent=142102"}],"wp:term":[{"taxonomy":"category","embeddable":true,"href":"https:\/\/www.eldiario.net\/portal\/wp-json\/wp\/v2\/categories?post=142102"},{"taxonomy":"post_tag","embeddable":true,"href":"https:\/\/www.eldiario.net\/portal\/wp-json\/wp\/v2\/tags?post=142102"}],"curies":[{"name":"wp","href":"https:\/\/api.w.org\/{rel}","templated":true}]}}