{"id":142100,"date":"2023-03-09T05:54:43","date_gmt":"2023-03-09T09:54:43","guid":{"rendered":"https:\/\/www.eldiario.net\/portal\/?p=142100"},"modified":"2023-03-09T05:54:43","modified_gmt":"2023-03-09T09:54:43","slug":"reflexiones-y-recomendaciones-en-relacion-con-el-dolar","status":"publish","type":"post","link":"https:\/\/www.eldiario.net\/portal\/2023\/03\/09\/reflexiones-y-recomendaciones-en-relacion-con-el-dolar\/","title":{"rendered":"Reflexiones y recomendaciones en relaci\u00f3n con el d\u00f3lar"},"content":{"rendered":"<p>Si ha habido un tema que se ha mantenido en latencia en nuestro pa\u00eds durante las \u00faltimas semanas, ha sido el de la baja de las Reservas Internacionales Netas (RIN) del Banco Central de Bolivia (BCB), con la inquietud de que el tipo de cambio &#8211;el precio del d\u00f3lar&#8211; vaya a subir. Cuando un tema econ\u00f3mico se repite una y otra vez, opacando a las insufribles noticias pol\u00edticas y los dolorosos anuncios policiales por hechos grotescos con los que nos bombardean cada d\u00eda, es que <em>ha llegado la hora de ponerse las pilas.<\/em><\/p>\n<p>No s\u00e9 cu\u00e1ntas personas &#8211;hasta gente desconocida para m\u00ed&#8211; me han escrito, llamado y dejado mensajes, pidiendo que les aconseje si deb\u00edan mantener su ahorro en Bolivianos o comprar d\u00f3lares, siendo que \u00e9stos se tornaron circunstancialmente escasos en el mercado, aunque con posibilidades ciertas de recuperaci\u00f3n si es que el gobierno obra con sabidur\u00eda dejando atr\u00e1s la ideolog\u00eda que durante tanto tiempo lo ha separado de quienes tienen la soluci\u00f3n definitiva para resolver este <em>intr\u00edngulis<\/em>: los empresarios privados, en general, y, los productores y exportadores, en particular.<\/p>\n<p>A todas y cada una de aquellas personas les recomend\u00e9 guardar la calma, y a mis colegas economistas, el ser constructivos en sus an\u00e1lisis y propuestas para que sean <em>bomberos<\/em> y no <em>pir\u00f3manos<\/em> (echando m\u00e1s le\u00f1a al fuego), conscientes del peso que tienen las expectativas de la gente sobre la eficacia de las pol\u00edticas p\u00fablicas.<\/p>\n<p>En una anterior columna titulada <em>\u201cReservas Internacionales Netas: por qu\u00e9 caen y c\u00f3mo pueden subir\u201d<\/em> (El Deber, 15.02.2023) expliqu\u00e9 la enorme importancia que tienen las RIN para la estabilidad econ\u00f3mica, en concomitancia con el tipo de cambio; asimismo, ofrec\u00ed algunas pautas sobre lo que podr\u00eda hacerse no solo para el fortalecimiento de aquellas, sino, para que el pa\u00eds crezca sin sobresaltos, con estabilidad y generando empleos dignos (les recomiendo leer esa columna). Sobre esa base y para dar certidumbre al pa\u00eds, me permito parafrasear a continuaci\u00f3n algunas reflexiones interesantes del presidente del Instituto Boliviano de Comercio Exterior (IBCE), Ing. Demetrio Soruco Henicke, en un reciente contacto con la prensa en la ciudad de La Paz.<\/p>\n<p>Partiendo de la constataci\u00f3n de que las RIN del BCB no est\u00e1n en su mejor momento, Soruco explic\u00f3 que ello deriva de la din\u00e1mica de desarrollo que adquiri\u00f3 Bolivia con una alta propensi\u00f3n a gastar d\u00f3lares por importaci\u00f3n, algo que, sin embargo, brinda un gran espacio para sustituir bienes extranjeros, v. gr., \u201ccombustibles negros\u201d por \u201ccombustibles verdes\u201d, para lo cual YPFB deber\u00eda comprar m\u00e1s bioetanol nacional y subir la mezcla con la gasolina especial a un m\u00ednimo de 12% y as\u00ed bajar la salida de d\u00f3lares; asimismo, siendo que no es bueno <em>desvestir un santo para vestir a otro santo<\/em>, concertar con el empresariado la mejor forma de producir biodiesel para sustituir la importaci\u00f3n de di\u00e9sel f\u00f3sil.<\/p>\n<p>Dijo que, mientras aquello ocurre con los combustibles, Bolivia precisar\u00e1 seguir financiando los bienes que importa y precisa para su desarrollo &#8211;como insumos, maquinaria, tecnolog\u00eda y equipos de transporte&#8211; y la forma ideal de hacerlo, sin debilitar m\u00e1s las RIN, es combinando una <em>pol\u00edtica de promoci\u00f3n selectiva de exportaciones<\/em>, focalizada en los sectores agropecuario\/agroindustrial y forestal\/maderero &#8211;de muy r\u00e1pida reacci\u00f3n, para traer d\u00f3lares al pa\u00eds&#8211; con una <em>pol\u00edtica de sustituci\u00f3n competitiva de importaciones<\/em>, para ahorrar d\u00f3lares, haciendo que el sector privado invierta m\u00e1s, para lo que se debe mejorar las reglas de juego, garantizar la seguridad jur\u00eddica y dar incentivos que hagan atractivo al pa\u00eds, a la par que se combate el delito del contrabando.<\/p>\n<p>Dijo tambi\u00e9n que el fortalecimiento de las reservas del BCB a cort\u00edsimo plazo podr\u00eda pasar por eliminar el ITF y el encaje legal para las transacciones en d\u00f3lares, a fin de tranquilizar a la poblaci\u00f3n, haciendo que prefiera ahorrar sus d\u00f3lares en el pa\u00eds en vez de querer retirar m\u00e1s d\u00f3lares, como ahora. Explic\u00f3 tambi\u00e9n que en situaciones \u00e1lgidas como hoy, es posible recurrir a organismos internacionales por recursos de contingencia (incluyendo los DEG en el FMI) y que en vez de colocar bonos soberanos en el exterior con tasas superiores al 10% anual, como se dice, se capte d\u00f3lares en Bolivia con bonos con tasas menores pero atractivas, al mismo tiempo que se acuerda con la banca privada las mejores medidas para atraer ahorro nacional y extranjero en divisas.<\/p>\n<p>Que las RIN del BCB vuelvan a subir para garantizar la estabilidad &#8211;un\u00a0 verdadero <em>patrimonio de los bolivianos<\/em>&#8212; est\u00e1 en nuestras manos, principalmente en las manos del gobierno si es que se anima a tomar las urgentes medidas que demanda el empresariado privado nacional para trabajar sin tener sus <em>manos atadas<\/em>, esto es: exportar sin trabas, usar plenamente la agrobiotecnolog\u00eda, producir biodiesel y m\u00e1s bioetanol, conquistar nuevos mercados externos y recuperar el mercado interno, generando empleos dignos para los bolivianos. \u00a1Entonces Bolivia crecer\u00e1 mucho m\u00e1s y vivir\u00e1n felices los ciudadanos!<\/p>\n<p>&nbsp;<\/p>\n<p><em>El autor es <\/em><em>Economista y Mag\u00edster en Comercio Internacional.<\/em><\/p>\n","protected":false},"excerpt":{"rendered":"<p>Si ha habido un tema que se ha mantenido en latencia en nuestro pa\u00eds durante las \u00faltimas semanas, ha sido el de la baja de las Reservas Internacionales Netas (RIN) del Banco Central de Bolivia (BCB), con la inquietud de que el tipo de cambio &#8211;el precio del d\u00f3lar&#8211; vaya a subir. Cuando un tema [&hellip;]<\/p>\n","protected":false},"author":1,"featured_media":3517,"comment_status":"closed","ping_status":"closed","sticky":false,"template":"","format":"standard","meta":{"_acf_changed":false,"footnotes":""},"categories":[9],"tags":[],"class_list":["post-142100","post","type-post","status-publish","format-standard","has-post-thumbnail","category-opinion"],"acf":{"antetitulo":""},"yoast_head":"<!-- This site is optimized with the Yoast SEO plugin v28.4 - https:\/\/yoast.com\/product\/yoast-seo-wordpress\/ -->\n<title>Reflexiones y recomendaciones en relaci\u00f3n con el d\u00f3lar - El Diario - Bolivia<\/title>\n<meta name=\"robots\" content=\"index, follow, max-snippet:-1, max-image-preview:large, max-video-preview:-1\" \/>\n<link rel=\"canonical\" href=\"https:\/\/www.eldiario.net\/portal\/2023\/03\/09\/reflexiones-y-recomendaciones-en-relacion-con-el-dolar\/\" \/>\n<meta property=\"og:locale\" content=\"es_ES\" \/>\n<meta property=\"og:type\" content=\"article\" \/>\n<meta property=\"og:title\" content=\"Reflexiones y recomendaciones en relaci\u00f3n con el d\u00f3lar - El Diario - Bolivia\" \/>\n<meta property=\"og:description\" content=\"Si ha habido un tema que se ha mantenido en latencia en nuestro pa\u00eds durante las \u00faltimas semanas, ha sido el de la baja de las Reservas Internacionales Netas (RIN) del Banco Central de Bolivia (BCB), con la inquietud de que el tipo de cambio &#8211;el precio del d\u00f3lar&#8211; vaya a subir. Cuando un tema [&hellip;]\" \/>\n<meta property=\"og:url\" content=\"https:\/\/www.eldiario.net\/portal\/2023\/03\/09\/reflexiones-y-recomendaciones-en-relacion-con-el-dolar\/\" \/>\n<meta property=\"og:site_name\" content=\"El Diario - Bolivia\" \/>\n<meta property=\"article:publisher\" content=\"https:\/\/www.facebook.com\/eldiario.bolivia\/\" \/>\n<meta property=\"article:published_time\" content=\"2023-03-09T09:54:43+00:00\" \/>\n<meta name=\"author\" content=\"Jeanette\" \/>\n<meta name=\"twitter:card\" content=\"summary_large_image\" \/>\n<meta name=\"twitter:creator\" content=\"@eldiario_net\" \/>\n<meta name=\"twitter:site\" content=\"@eldiario_net\" \/>\n<meta name=\"twitter:label1\" content=\"Escrito por\" \/>\n\t<meta name=\"twitter:data1\" content=\"Jeanette\" \/>\n\t<meta name=\"twitter:label2\" content=\"Tiempo de lectura\" \/>\n\t<meta name=\"twitter:data2\" content=\"4 minutos\" \/>\n<script type=\"application\/ld+json\" class=\"yoast-schema-graph\">{\"@context\":\"https:\\\/\\\/schema.org\",\"@graph\":[{\"@type\":\"Article\",\"@id\":\"https:\\\/\\\/www.eldiario.net\\\/portal\\\/2023\\\/03\\\/09\\\/reflexiones-y-recomendaciones-en-relacion-con-el-dolar\\\/#article\",\"isPartOf\":{\"@id\":\"https:\\\/\\\/www.eldiario.net\\\/portal\\\/2023\\\/03\\\/09\\\/reflexiones-y-recomendaciones-en-relacion-con-el-dolar\\\/\"},\"author\":{\"name\":\"Jeanette\",\"@id\":\"https:\\\/\\\/www.eldiario.net\\\/portal\\\/#\\\/schema\\\/person\\\/f46445640444750d7d753ccd04ae01b7\"},\"headline\":\"Reflexiones y recomendaciones en relaci\u00f3n con el d\u00f3lar\",\"datePublished\":\"2023-03-09T09:54:43+00:00\",\"mainEntityOfPage\":{\"@id\":\"https:\\\/\\\/www.eldiario.net\\\/portal\\\/2023\\\/03\\\/09\\\/reflexiones-y-recomendaciones-en-relacion-con-el-dolar\\\/\"},\"wordCount\":891,\"publisher\":{\"@id\":\"https:\\\/\\\/www.eldiario.net\\\/portal\\\/#organization\"},\"image\":{\"@id\":\"https:\\\/\\\/www.eldiario.net\\\/portal\\\/2023\\\/03\\\/09\\\/reflexiones-y-recomendaciones-en-relacion-con-el-dolar\\\/#primaryimage\"},\"thumbnailUrl\":\"\",\"articleSection\":[\"Opini\u00f3n\"],\"inLanguage\":\"es\"},{\"@type\":\"WebPage\",\"@id\":\"https:\\\/\\\/www.eldiario.net\\\/portal\\\/2023\\\/03\\\/09\\\/reflexiones-y-recomendaciones-en-relacion-con-el-dolar\\\/\",\"url\":\"https:\\\/\\\/www.eldiario.net\\\/portal\\\/2023\\\/03\\\/09\\\/reflexiones-y-recomendaciones-en-relacion-con-el-dolar\\\/\",\"name\":\"Reflexiones y recomendaciones en relaci\u00f3n con el d\u00f3lar - El Diario - Bolivia\",\"isPartOf\":{\"@id\":\"https:\\\/\\\/www.eldiario.net\\\/portal\\\/#website\"},\"primaryImageOfPage\":{\"@id\":\"https:\\\/\\\/www.eldiario.net\\\/portal\\\/2023\\\/03\\\/09\\\/reflexiones-y-recomendaciones-en-relacion-con-el-dolar\\\/#primaryimage\"},\"image\":{\"@id\":\"https:\\\/\\\/www.eldiario.net\\\/portal\\\/2023\\\/03\\\/09\\\/reflexiones-y-recomendaciones-en-relacion-con-el-dolar\\\/#primaryimage\"},\"thumbnailUrl\":\"\",\"datePublished\":\"2023-03-09T09:54:43+00:00\",\"breadcrumb\":{\"@id\":\"https:\\\/\\\/www.eldiario.net\\\/portal\\\/2023\\\/03\\\/09\\\/reflexiones-y-recomendaciones-en-relacion-con-el-dolar\\\/#breadcrumb\"},\"inLanguage\":\"es\",\"potentialAction\":[{\"@type\":\"ReadAction\",\"target\":[\"https:\\\/\\\/www.eldiario.net\\\/portal\\\/2023\\\/03\\\/09\\\/reflexiones-y-recomendaciones-en-relacion-con-el-dolar\\\/\"]}]},{\"@type\":\"ImageObject\",\"inLanguage\":\"es\",\"@id\":\"https:\\\/\\\/www.eldiario.net\\\/portal\\\/2023\\\/03\\\/09\\\/reflexiones-y-recomendaciones-en-relacion-con-el-dolar\\\/#primaryimage\",\"url\":\"\",\"contentUrl\":\"\"},{\"@type\":\"BreadcrumbList\",\"@id\":\"https:\\\/\\\/www.eldiario.net\\\/portal\\\/2023\\\/03\\\/09\\\/reflexiones-y-recomendaciones-en-relacion-con-el-dolar\\\/#breadcrumb\",\"itemListElement\":[{\"@type\":\"ListItem\",\"position\":1,\"name\":\"Portada\",\"item\":\"https:\\\/\\\/www.eldiario.net\\\/portal\\\/\"},{\"@type\":\"ListItem\",\"position\":2,\"name\":\"Reflexiones y recomendaciones en relaci\u00f3n con el d\u00f3lar\"}]},{\"@type\":\"WebSite\",\"@id\":\"https:\\\/\\\/www.eldiario.net\\\/portal\\\/#website\",\"url\":\"https:\\\/\\\/www.eldiario.net\\\/portal\\\/\",\"name\":\"El Diario - Decano de la prensa nacional\",\"description\":\"El Diario - Decano de la prensa nacional\",\"publisher\":{\"@id\":\"https:\\\/\\\/www.eldiario.net\\\/portal\\\/#organization\"},\"potentialAction\":[{\"@type\":\"SearchAction\",\"target\":{\"@type\":\"EntryPoint\",\"urlTemplate\":\"https:\\\/\\\/www.eldiario.net\\\/portal\\\/?s={search_term_string}\"},\"query-input\":{\"@type\":\"PropertyValueSpecification\",\"valueRequired\":true,\"valueName\":\"search_term_string\"}}],\"inLanguage\":\"es\"},{\"@type\":\"Organization\",\"@id\":\"https:\\\/\\\/www.eldiario.net\\\/portal\\\/#organization\",\"name\":\"El Diario - Decano de la prensa nacional\",\"url\":\"https:\\\/\\\/www.eldiario.net\\\/portal\\\/\",\"logo\":{\"@type\":\"ImageObject\",\"inLanguage\":\"es\",\"@id\":\"https:\\\/\\\/www.eldiario.net\\\/portal\\\/#\\\/schema\\\/logo\\\/image\\\/\",\"url\":\"https:\\\/\\\/www.eldiario.net\\\/portal\\\/wp-content\\\/uploads\\\/2023\\\/07\\\/logo_ED.jpg\",\"contentUrl\":\"https:\\\/\\\/www.eldiario.net\\\/portal\\\/wp-content\\\/uploads\\\/2023\\\/07\\\/logo_ED.jpg\",\"width\":272,\"height\":52,\"caption\":\"El Diario - Decano de la prensa nacional\"},\"image\":{\"@id\":\"https:\\\/\\\/www.eldiario.net\\\/portal\\\/#\\\/schema\\\/logo\\\/image\\\/\"},\"sameAs\":[\"https:\\\/\\\/www.facebook.com\\\/eldiario.bolivia\\\/\",\"https:\\\/\\\/x.com\\\/eldiario_net\"]},{\"@type\":\"Person\",\"@id\":\"https:\\\/\\\/www.eldiario.net\\\/portal\\\/#\\\/schema\\\/person\\\/f46445640444750d7d753ccd04ae01b7\",\"name\":\"Jeanette\",\"image\":{\"@type\":\"ImageObject\",\"inLanguage\":\"es\",\"@id\":\"https:\\\/\\\/secure.gravatar.com\\\/avatar\\\/3ea2118a5f7dad2b7138b1187a6b7ee55f160b9968b66013c3a3ef39dd7e5798?s=96&d=mm&r=g\",\"url\":\"https:\\\/\\\/secure.gravatar.com\\\/avatar\\\/3ea2118a5f7dad2b7138b1187a6b7ee55f160b9968b66013c3a3ef39dd7e5798?s=96&d=mm&r=g\",\"contentUrl\":\"https:\\\/\\\/secure.gravatar.com\\\/avatar\\\/3ea2118a5f7dad2b7138b1187a6b7ee55f160b9968b66013c3a3ef39dd7e5798?s=96&d=mm&r=g\",\"caption\":\"Jeanette\"},\"sameAs\":[\"https:\\\/\\\/www.eldiario.net\\\/portal\"],\"url\":\"https:\\\/\\\/www.eldiario.net\\\/portal\\\/author\\\/jeanette\\\/\"}]}<\/script>\n<!-- \/ Yoast SEO plugin. -->","yoast_head_json":{"title":"Reflexiones y recomendaciones en relaci\u00f3n con el d\u00f3lar - El Diario - Bolivia","robots":{"index":"index","follow":"follow","max-snippet":"max-snippet:-1","max-image-preview":"max-image-preview:large","max-video-preview":"max-video-preview:-1"},"canonical":"https:\/\/www.eldiario.net\/portal\/2023\/03\/09\/reflexiones-y-recomendaciones-en-relacion-con-el-dolar\/","og_locale":"es_ES","og_type":"article","og_title":"Reflexiones y recomendaciones en relaci\u00f3n con el d\u00f3lar - El Diario - Bolivia","og_description":"Si ha habido un tema que se ha mantenido en latencia en nuestro pa\u00eds durante las \u00faltimas semanas, ha sido el de la baja de las Reservas Internacionales Netas (RIN) del Banco Central de Bolivia (BCB), con la inquietud de que el tipo de cambio &#8211;el precio del d\u00f3lar&#8211; vaya a subir. Cuando un tema [&hellip;]","og_url":"https:\/\/www.eldiario.net\/portal\/2023\/03\/09\/reflexiones-y-recomendaciones-en-relacion-con-el-dolar\/","og_site_name":"El Diario - Bolivia","article_publisher":"https:\/\/www.facebook.com\/eldiario.bolivia\/","article_published_time":"2023-03-09T09:54:43+00:00","author":"Jeanette","twitter_card":"summary_large_image","twitter_creator":"@eldiario_net","twitter_site":"@eldiario_net","twitter_misc":{"Escrito por":"Jeanette","Tiempo de lectura":"4 minutos"},"schema":{"@context":"https:\/\/schema.org","@graph":[{"@type":"Article","@id":"https:\/\/www.eldiario.net\/portal\/2023\/03\/09\/reflexiones-y-recomendaciones-en-relacion-con-el-dolar\/#article","isPartOf":{"@id":"https:\/\/www.eldiario.net\/portal\/2023\/03\/09\/reflexiones-y-recomendaciones-en-relacion-con-el-dolar\/"},"author":{"name":"Jeanette","@id":"https:\/\/www.eldiario.net\/portal\/#\/schema\/person\/f46445640444750d7d753ccd04ae01b7"},"headline":"Reflexiones y recomendaciones en relaci\u00f3n con el d\u00f3lar","datePublished":"2023-03-09T09:54:43+00:00","mainEntityOfPage":{"@id":"https:\/\/www.eldiario.net\/portal\/2023\/03\/09\/reflexiones-y-recomendaciones-en-relacion-con-el-dolar\/"},"wordCount":891,"publisher":{"@id":"https:\/\/www.eldiario.net\/portal\/#organization"},"image":{"@id":"https:\/\/www.eldiario.net\/portal\/2023\/03\/09\/reflexiones-y-recomendaciones-en-relacion-con-el-dolar\/#primaryimage"},"thumbnailUrl":"","articleSection":["Opini\u00f3n"],"inLanguage":"es"},{"@type":"WebPage","@id":"https:\/\/www.eldiario.net\/portal\/2023\/03\/09\/reflexiones-y-recomendaciones-en-relacion-con-el-dolar\/","url":"https:\/\/www.eldiario.net\/portal\/2023\/03\/09\/reflexiones-y-recomendaciones-en-relacion-con-el-dolar\/","name":"Reflexiones y recomendaciones en relaci\u00f3n con el d\u00f3lar - El Diario - Bolivia","isPartOf":{"@id":"https:\/\/www.eldiario.net\/portal\/#website"},"primaryImageOfPage":{"@id":"https:\/\/www.eldiario.net\/portal\/2023\/03\/09\/reflexiones-y-recomendaciones-en-relacion-con-el-dolar\/#primaryimage"},"image":{"@id":"https:\/\/www.eldiario.net\/portal\/2023\/03\/09\/reflexiones-y-recomendaciones-en-relacion-con-el-dolar\/#primaryimage"},"thumbnailUrl":"","datePublished":"2023-03-09T09:54:43+00:00","breadcrumb":{"@id":"https:\/\/www.eldiario.net\/portal\/2023\/03\/09\/reflexiones-y-recomendaciones-en-relacion-con-el-dolar\/#breadcrumb"},"inLanguage":"es","potentialAction":[{"@type":"ReadAction","target":["https:\/\/www.eldiario.net\/portal\/2023\/03\/09\/reflexiones-y-recomendaciones-en-relacion-con-el-dolar\/"]}]},{"@type":"ImageObject","inLanguage":"es","@id":"https:\/\/www.eldiario.net\/portal\/2023\/03\/09\/reflexiones-y-recomendaciones-en-relacion-con-el-dolar\/#primaryimage","url":"","contentUrl":""},{"@type":"BreadcrumbList","@id":"https:\/\/www.eldiario.net\/portal\/2023\/03\/09\/reflexiones-y-recomendaciones-en-relacion-con-el-dolar\/#breadcrumb","itemListElement":[{"@type":"ListItem","position":1,"name":"Portada","item":"https:\/\/www.eldiario.net\/portal\/"},{"@type":"ListItem","position":2,"name":"Reflexiones y recomendaciones en relaci\u00f3n con el d\u00f3lar"}]},{"@type":"WebSite","@id":"https:\/\/www.eldiario.net\/portal\/#website","url":"https:\/\/www.eldiario.net\/portal\/","name":"El Diario - Decano de la prensa nacional","description":"El Diario - Decano de la prensa nacional","publisher":{"@id":"https:\/\/www.eldiario.net\/portal\/#organization"},"potentialAction":[{"@type":"SearchAction","target":{"@type":"EntryPoint","urlTemplate":"https:\/\/www.eldiario.net\/portal\/?s={search_term_string}"},"query-input":{"@type":"PropertyValueSpecification","valueRequired":true,"valueName":"search_term_string"}}],"inLanguage":"es"},{"@type":"Organization","@id":"https:\/\/www.eldiario.net\/portal\/#organization","name":"El Diario - Decano de la prensa nacional","url":"https:\/\/www.eldiario.net\/portal\/","logo":{"@type":"ImageObject","inLanguage":"es","@id":"https:\/\/www.eldiario.net\/portal\/#\/schema\/logo\/image\/","url":"https:\/\/www.eldiario.net\/portal\/wp-content\/uploads\/2023\/07\/logo_ED.jpg","contentUrl":"https:\/\/www.eldiario.net\/portal\/wp-content\/uploads\/2023\/07\/logo_ED.jpg","width":272,"height":52,"caption":"El Diario - Decano de la prensa nacional"},"image":{"@id":"https:\/\/www.eldiario.net\/portal\/#\/schema\/logo\/image\/"},"sameAs":["https:\/\/www.facebook.com\/eldiario.bolivia\/","https:\/\/x.com\/eldiario_net"]},{"@type":"Person","@id":"https:\/\/www.eldiario.net\/portal\/#\/schema\/person\/f46445640444750d7d753ccd04ae01b7","name":"Jeanette","image":{"@type":"ImageObject","inLanguage":"es","@id":"https:\/\/secure.gravatar.com\/avatar\/3ea2118a5f7dad2b7138b1187a6b7ee55f160b9968b66013c3a3ef39dd7e5798?s=96&d=mm&r=g","url":"https:\/\/secure.gravatar.com\/avatar\/3ea2118a5f7dad2b7138b1187a6b7ee55f160b9968b66013c3a3ef39dd7e5798?s=96&d=mm&r=g","contentUrl":"https:\/\/secure.gravatar.com\/avatar\/3ea2118a5f7dad2b7138b1187a6b7ee55f160b9968b66013c3a3ef39dd7e5798?s=96&d=mm&r=g","caption":"Jeanette"},"sameAs":["https:\/\/www.eldiario.net\/portal"],"url":"https:\/\/www.eldiario.net\/portal\/author\/jeanette\/"}]}},"_links":{"self":[{"href":"https:\/\/www.eldiario.net\/portal\/wp-json\/wp\/v2\/posts\/142100","targetHints":{"allow":["GET"]}}],"collection":[{"href":"https:\/\/www.eldiario.net\/portal\/wp-json\/wp\/v2\/posts"}],"about":[{"href":"https:\/\/www.eldiario.net\/portal\/wp-json\/wp\/v2\/types\/post"}],"author":[{"embeddable":true,"href":"https:\/\/www.eldiario.net\/portal\/wp-json\/wp\/v2\/users\/1"}],"replies":[{"embeddable":true,"href":"https:\/\/www.eldiario.net\/portal\/wp-json\/wp\/v2\/comments?post=142100"}],"version-history":[{"count":0,"href":"https:\/\/www.eldiario.net\/portal\/wp-json\/wp\/v2\/posts\/142100\/revisions"}],"wp:attachment":[{"href":"https:\/\/www.eldiario.net\/portal\/wp-json\/wp\/v2\/media?parent=142100"}],"wp:term":[{"taxonomy":"category","embeddable":true,"href":"https:\/\/www.eldiario.net\/portal\/wp-json\/wp\/v2\/categories?post=142100"},{"taxonomy":"post_tag","embeddable":true,"href":"https:\/\/www.eldiario.net\/portal\/wp-json\/wp\/v2\/tags?post=142100"}],"curies":[{"name":"wp","href":"https:\/\/api.w.org\/{rel}","templated":true}]}}