{"id":142098,"date":"2023-03-09T05:52:53","date_gmt":"2023-03-09T09:52:53","guid":{"rendered":"https:\/\/www.eldiario.net\/portal\/?p=142098"},"modified":"2023-03-09T05:52:53","modified_gmt":"2023-03-09T09:52:53","slug":"dia-internacional-de-la-mujer-aun-no-hay-igualdad-en-el-salario-por-similar-trabajo","status":"publish","type":"post","link":"https:\/\/www.eldiario.net\/portal\/2023\/03\/09\/dia-internacional-de-la-mujer-aun-no-hay-igualdad-en-el-salario-por-similar-trabajo\/","title":{"rendered":"D\u00eda Internacional de la Mujer, a\u00fan no hay igualdad en el salario por similar trabajo"},"content":{"rendered":"<p>La Constituci\u00f3n Pol\u00edtica del Estado define en el Art\u00edculo 48 I que \u201cLas disposiciones sociales y laborales son de cumplimiento obligatorio. V. El Estado promover\u00e1 la incorporaci\u00f3n de las mujeres al trabajo y garantizar\u00e1 la misma remuneraci\u00f3n que a los hombres por un trabajo de igual valor, tanto en el \u00e1mbito p\u00fablico como en el privado. VI. Las mujeres no podr\u00e1n ser discriminadas o despedidas por su estado civil, situaci\u00f3n de embarazo, edad, rasgos f\u00edsicos o n\u00famero de hijas o hijos. Se garantiza la inamovilidad laboral de las mujeres en estado de embarazo, y de los progenitores, hasta que la hija o el hijo cumpla un a\u00f1o de edad\u201d.<\/p>\n<p>La lucha por los derechos de las mujeres empez\u00f3 en la antigua Grecia, cuando Lis\u00edtrata hizo una huelga sexual contra los hombres para poner fin a la guerra. Durante la Revoluci\u00f3n Francesa las parisienses ped\u00edan \u201cLibertad, igualdad y fraternidad\u201d, marcharon hacia Versalles para exigir sufragio femenino. Nueva Zelanda fue el primer pa\u00eds que permite votar a las mujeres en 1893.<\/p>\n<p>El D\u00eda Internacional de la Mujer se conmemora para hacer conciencia sobre la importancia de empoderar a las mujeres en todos los entornos, proteger sus derechos y garantizar que \u00e9stas puedan alcanzar todo su potencial. El origen de este d\u00eda est\u00e1 en 1910, cuando grupos de mujeres de 17 pa\u00edses se reunieron en Dinamarca con dos motivos: 1) fortalecer el avance en la igualdad de g\u00e9nero y 2) la defensa de los derechos de las mujeres e impulsar la universalidad del voto femenino. Por petici\u00f3n de la alemana Clara Zetkin se proclam\u00f3 el 8 de marzo como D\u00eda Internacional de la Mujer. En Espa\u00f1a, el 8 de marzo de 1910 tiene tambi\u00e9n una significaci\u00f3n especial, pues a partir de ese d\u00eda la mujer pudo acceder a la Ense\u00f1anza Superior en igualdad de condiciones que el hombre, como consecuencia de la decisi\u00f3n adoptada en Copenhague en ese a\u00f1o.<\/p>\n<p>El D\u00eda Internacional de la Mujer se celebr\u00f3 por primera vez el 19 de marzo de 1911 en Alemania, Austria, Dinamarca y Suiza, con m\u00edtines a los que asistieron m\u00e1s de un mill\u00f3n de personas, que exigieron para las mujeres el derecho al voto y a ocupar cargos p\u00fablicos, el derecho al trabajo, a la formaci\u00f3n profesional y a la no discriminaci\u00f3n laboral.<\/p>\n<p>ONU Mujeres propone como tem\u00e1tica del D\u00eda Internacional de la Mujer: \u201cAhora es el momento: las activistas rurales y urbanas transforman la vida de las mujeres\u201d. Resalta la necesidad de reconocer los derechos y el activismo de las mujeres rurales que constituyen m\u00e1s de una 1\/4 parte de la poblaci\u00f3n mundial y el 43% de la fuerza laboral agr\u00edcola en los pa\u00edses en desarrollo.<\/p>\n<p>En Ir\u00e1n por la muerte de Mahsa Amini, tras ser detenida por no llevar bien puesto el velo isl\u00e1mico, las alumnas de colegios e institutos en sus protestas se quitaron los velos y gritaron \u00abmujer, vida, libertad\u00bb, profiriendo lemas contra el gobierno. Hubo envenenamientos a 1.000 alumnas. Hicieron cortes a retratos del l\u00edder supremo de Ir\u00e1n, Ali Jamenei, y el ayatol\u00e1 Ruhola Jomeini, y el gobierno reprimi\u00f3 ahorcando a 500 personas.<\/p>\n<p>De acuerdo con el INE, en 2016, el 34,4% son jefas de hogar, 5 de cada 10 mujeres forman parte de la poblaci\u00f3n econ\u00f3micamente activa. Seg\u00fan ONU Mujeres, 4 veces m\u00e1s las mujeres se dedican a los quehaceres del hogar que los hombres; 1 de cada 10 mujeres no tienen ingresos econ\u00f3micos, 2 de cada 10 mujeres usan de 1 a 3 horas para ocuparse de personas discapacitadas, 3 de cada 10 mujeres en Bolivia se ocupan de 1 a 3 horas en el cuidado de enfermos, 3 de cada 10 mujeres se ocupan del cuidado de adultos durante 1 a 3 horas. De 17 ministerios 4 son dirigidos por mujeres. No se cumple el Art. 172 Numeral 22 sobre \u201cDesignar a las Ministras y a los Ministros de Estado, respetando el car\u00e1cter plurinacional y la equidad de g\u00e9nero en la composici\u00f3n del gabinete ministerial\u201d. Y ni una Gobernadora se tiene.<\/p>\n<p>El D\u00eda Internacional de la Mujer sirve para visibilizar la desigualdad y discriminaci\u00f3n que a\u00fan viven las mujeres en todo el mundo, as\u00ed como la urgencia de hacer efectivos sus derechos, a fin de que ellas reciban la misma remuneraci\u00f3n por realizar similar trabajo que los hombres, incrementar la presencia de las mujeres en puestos de liderazgo, eliminar la doble jornada de trabajo, al redistribuir equitativamente las labores dom\u00e9sticas y de cuidados, mejor conocidas como trabajo no remunerado, por mencionar solo algunos aspectos.<\/p>\n<p>El 8 de marzo es una fecha para unir a activistas de todo el mundo, celebrar logros y adoptar medidas que ayuden a mejorar la calidad de vida de las mujeres, brind\u00e1ndoles mejores oportunidades en todos los \u00e1mbitos de su vida, as\u00ed como el reconocimiento por lo que realizan.<\/p>\n<p>&nbsp;<\/p>\n<p><em>La autora es Abogada \u2013 Economista, ex Asamble\u00edsta Constituyente.<\/em><\/p>\n","protected":false},"excerpt":{"rendered":"<p>La Constituci\u00f3n Pol\u00edtica del Estado define en el Art\u00edculo 48 I que \u201cLas disposiciones sociales y laborales son de cumplimiento obligatorio. V. El Estado promover\u00e1 la incorporaci\u00f3n de las mujeres al trabajo y garantizar\u00e1 la misma remuneraci\u00f3n que a los hombres por un trabajo de igual valor, tanto en el \u00e1mbito p\u00fablico como en el [&hellip;]<\/p>\n","protected":false},"author":1,"featured_media":2714,"comment_status":"closed","ping_status":"closed","sticky":false,"template":"","format":"standard","meta":{"_acf_changed":false,"footnotes":""},"categories":[9],"tags":[],"class_list":["post-142098","post","type-post","status-publish","format-standard","has-post-thumbnail","category-opinion"],"acf":{"antetitulo":""},"yoast_head":"<!-- This site is optimized with the Yoast SEO plugin v28.4 - https:\/\/yoast.com\/product\/yoast-seo-wordpress\/ -->\n<title>D\u00eda Internacional de la Mujer, a\u00fan no hay igualdad en el salario por similar trabajo - El Diario - Bolivia<\/title>\n<meta name=\"robots\" content=\"index, follow, max-snippet:-1, max-image-preview:large, max-video-preview:-1\" \/>\n<link rel=\"canonical\" href=\"https:\/\/www.eldiario.net\/portal\/2023\/03\/09\/dia-internacional-de-la-mujer-aun-no-hay-igualdad-en-el-salario-por-similar-trabajo\/\" \/>\n<meta property=\"og:locale\" content=\"es_ES\" \/>\n<meta property=\"og:type\" content=\"article\" \/>\n<meta property=\"og:title\" content=\"D\u00eda Internacional de la Mujer, a\u00fan no hay igualdad en el salario por similar trabajo - El Diario - Bolivia\" \/>\n<meta property=\"og:description\" content=\"La Constituci\u00f3n Pol\u00edtica del Estado define en el Art\u00edculo 48 I que \u201cLas disposiciones sociales y laborales son de cumplimiento obligatorio. V. El Estado promover\u00e1 la incorporaci\u00f3n de las mujeres al trabajo y garantizar\u00e1 la misma remuneraci\u00f3n que a los hombres por un trabajo de igual valor, tanto en el \u00e1mbito p\u00fablico como en el [&hellip;]\" \/>\n<meta property=\"og:url\" content=\"https:\/\/www.eldiario.net\/portal\/2023\/03\/09\/dia-internacional-de-la-mujer-aun-no-hay-igualdad-en-el-salario-por-similar-trabajo\/\" \/>\n<meta property=\"og:site_name\" content=\"El Diario - Bolivia\" \/>\n<meta property=\"article:publisher\" content=\"https:\/\/www.facebook.com\/eldiario.bolivia\/\" \/>\n<meta property=\"article:published_time\" content=\"2023-03-09T09:52:53+00:00\" \/>\n<meta property=\"og:image\" content=\"https:\/\/www.eldiario.net\/portal\/wp-content\/uploads\/2021\/04\/angelica_siles-1.jpg\" \/>\n\t<meta property=\"og:image:width\" content=\"1200\" \/>\n\t<meta property=\"og:image:height\" content=\"628\" \/>\n\t<meta property=\"og:image:type\" content=\"image\/jpeg\" \/>\n<meta name=\"author\" content=\"Jeanette\" \/>\n<meta name=\"twitter:card\" content=\"summary_large_image\" \/>\n<meta name=\"twitter:creator\" content=\"@eldiario_net\" \/>\n<meta name=\"twitter:site\" content=\"@eldiario_net\" \/>\n<meta name=\"twitter:label1\" content=\"Escrito por\" \/>\n\t<meta name=\"twitter:data1\" content=\"Jeanette\" \/>\n\t<meta name=\"twitter:label2\" content=\"Tiempo de lectura\" \/>\n\t<meta name=\"twitter:data2\" content=\"4 minutos\" \/>\n<script type=\"application\/ld+json\" class=\"yoast-schema-graph\">{\"@context\":\"https:\\\/\\\/schema.org\",\"@graph\":[{\"@type\":\"Article\",\"@id\":\"https:\\\/\\\/www.eldiario.net\\\/portal\\\/2023\\\/03\\\/09\\\/dia-internacional-de-la-mujer-aun-no-hay-igualdad-en-el-salario-por-similar-trabajo\\\/#article\",\"isPartOf\":{\"@id\":\"https:\\\/\\\/www.eldiario.net\\\/portal\\\/2023\\\/03\\\/09\\\/dia-internacional-de-la-mujer-aun-no-hay-igualdad-en-el-salario-por-similar-trabajo\\\/\"},\"author\":{\"name\":\"Jeanette\",\"@id\":\"https:\\\/\\\/www.eldiario.net\\\/portal\\\/#\\\/schema\\\/person\\\/f46445640444750d7d753ccd04ae01b7\"},\"headline\":\"D\u00eda Internacional de la Mujer, a\u00fan no hay igualdad en el salario por similar trabajo\",\"datePublished\":\"2023-03-09T09:52:53+00:00\",\"mainEntityOfPage\":{\"@id\":\"https:\\\/\\\/www.eldiario.net\\\/portal\\\/2023\\\/03\\\/09\\\/dia-internacional-de-la-mujer-aun-no-hay-igualdad-en-el-salario-por-similar-trabajo\\\/\"},\"wordCount\":844,\"publisher\":{\"@id\":\"https:\\\/\\\/www.eldiario.net\\\/portal\\\/#organization\"},\"image\":{\"@id\":\"https:\\\/\\\/www.eldiario.net\\\/portal\\\/2023\\\/03\\\/09\\\/dia-internacional-de-la-mujer-aun-no-hay-igualdad-en-el-salario-por-similar-trabajo\\\/#primaryimage\"},\"thumbnailUrl\":\"https:\\\/\\\/www.eldiario.net\\\/portal\\\/wp-content\\\/uploads\\\/2021\\\/04\\\/angelica_siles-1.jpg\",\"articleSection\":[\"Opini\u00f3n\"],\"inLanguage\":\"es\"},{\"@type\":\"WebPage\",\"@id\":\"https:\\\/\\\/www.eldiario.net\\\/portal\\\/2023\\\/03\\\/09\\\/dia-internacional-de-la-mujer-aun-no-hay-igualdad-en-el-salario-por-similar-trabajo\\\/\",\"url\":\"https:\\\/\\\/www.eldiario.net\\\/portal\\\/2023\\\/03\\\/09\\\/dia-internacional-de-la-mujer-aun-no-hay-igualdad-en-el-salario-por-similar-trabajo\\\/\",\"name\":\"D\u00eda Internacional de la Mujer, a\u00fan no hay igualdad en el salario por similar trabajo - El Diario - Bolivia\",\"isPartOf\":{\"@id\":\"https:\\\/\\\/www.eldiario.net\\\/portal\\\/#website\"},\"primaryImageOfPage\":{\"@id\":\"https:\\\/\\\/www.eldiario.net\\\/portal\\\/2023\\\/03\\\/09\\\/dia-internacional-de-la-mujer-aun-no-hay-igualdad-en-el-salario-por-similar-trabajo\\\/#primaryimage\"},\"image\":{\"@id\":\"https:\\\/\\\/www.eldiario.net\\\/portal\\\/2023\\\/03\\\/09\\\/dia-internacional-de-la-mujer-aun-no-hay-igualdad-en-el-salario-por-similar-trabajo\\\/#primaryimage\"},\"thumbnailUrl\":\"https:\\\/\\\/www.eldiario.net\\\/portal\\\/wp-content\\\/uploads\\\/2021\\\/04\\\/angelica_siles-1.jpg\",\"datePublished\":\"2023-03-09T09:52:53+00:00\",\"breadcrumb\":{\"@id\":\"https:\\\/\\\/www.eldiario.net\\\/portal\\\/2023\\\/03\\\/09\\\/dia-internacional-de-la-mujer-aun-no-hay-igualdad-en-el-salario-por-similar-trabajo\\\/#breadcrumb\"},\"inLanguage\":\"es\",\"potentialAction\":[{\"@type\":\"ReadAction\",\"target\":[\"https:\\\/\\\/www.eldiario.net\\\/portal\\\/2023\\\/03\\\/09\\\/dia-internacional-de-la-mujer-aun-no-hay-igualdad-en-el-salario-por-similar-trabajo\\\/\"]}]},{\"@type\":\"ImageObject\",\"inLanguage\":\"es\",\"@id\":\"https:\\\/\\\/www.eldiario.net\\\/portal\\\/2023\\\/03\\\/09\\\/dia-internacional-de-la-mujer-aun-no-hay-igualdad-en-el-salario-por-similar-trabajo\\\/#primaryimage\",\"url\":\"https:\\\/\\\/www.eldiario.net\\\/portal\\\/wp-content\\\/uploads\\\/2021\\\/04\\\/angelica_siles-1.jpg\",\"contentUrl\":\"https:\\\/\\\/www.eldiario.net\\\/portal\\\/wp-content\\\/uploads\\\/2021\\\/04\\\/angelica_siles-1.jpg\",\"width\":1200,\"height\":628},{\"@type\":\"BreadcrumbList\",\"@id\":\"https:\\\/\\\/www.eldiario.net\\\/portal\\\/2023\\\/03\\\/09\\\/dia-internacional-de-la-mujer-aun-no-hay-igualdad-en-el-salario-por-similar-trabajo\\\/#breadcrumb\",\"itemListElement\":[{\"@type\":\"ListItem\",\"position\":1,\"name\":\"Portada\",\"item\":\"https:\\\/\\\/www.eldiario.net\\\/portal\\\/\"},{\"@type\":\"ListItem\",\"position\":2,\"name\":\"D\u00eda Internacional de la Mujer, a\u00fan no hay igualdad en el salario por similar trabajo\"}]},{\"@type\":\"WebSite\",\"@id\":\"https:\\\/\\\/www.eldiario.net\\\/portal\\\/#website\",\"url\":\"https:\\\/\\\/www.eldiario.net\\\/portal\\\/\",\"name\":\"El Diario - Decano de la prensa nacional\",\"description\":\"El Diario - Decano de la prensa nacional\",\"publisher\":{\"@id\":\"https:\\\/\\\/www.eldiario.net\\\/portal\\\/#organization\"},\"potentialAction\":[{\"@type\":\"SearchAction\",\"target\":{\"@type\":\"EntryPoint\",\"urlTemplate\":\"https:\\\/\\\/www.eldiario.net\\\/portal\\\/?s={search_term_string}\"},\"query-input\":{\"@type\":\"PropertyValueSpecification\",\"valueRequired\":true,\"valueName\":\"search_term_string\"}}],\"inLanguage\":\"es\"},{\"@type\":\"Organization\",\"@id\":\"https:\\\/\\\/www.eldiario.net\\\/portal\\\/#organization\",\"name\":\"El Diario - Decano de la prensa nacional\",\"url\":\"https:\\\/\\\/www.eldiario.net\\\/portal\\\/\",\"logo\":{\"@type\":\"ImageObject\",\"inLanguage\":\"es\",\"@id\":\"https:\\\/\\\/www.eldiario.net\\\/portal\\\/#\\\/schema\\\/logo\\\/image\\\/\",\"url\":\"https:\\\/\\\/www.eldiario.net\\\/portal\\\/wp-content\\\/uploads\\\/2023\\\/07\\\/logo_ED.jpg\",\"contentUrl\":\"https:\\\/\\\/www.eldiario.net\\\/portal\\\/wp-content\\\/uploads\\\/2023\\\/07\\\/logo_ED.jpg\",\"width\":272,\"height\":52,\"caption\":\"El Diario - Decano de la prensa nacional\"},\"image\":{\"@id\":\"https:\\\/\\\/www.eldiario.net\\\/portal\\\/#\\\/schema\\\/logo\\\/image\\\/\"},\"sameAs\":[\"https:\\\/\\\/www.facebook.com\\\/eldiario.bolivia\\\/\",\"https:\\\/\\\/x.com\\\/eldiario_net\"]},{\"@type\":\"Person\",\"@id\":\"https:\\\/\\\/www.eldiario.net\\\/portal\\\/#\\\/schema\\\/person\\\/f46445640444750d7d753ccd04ae01b7\",\"name\":\"Jeanette\",\"image\":{\"@type\":\"ImageObject\",\"inLanguage\":\"es\",\"@id\":\"https:\\\/\\\/secure.gravatar.com\\\/avatar\\\/3ea2118a5f7dad2b7138b1187a6b7ee55f160b9968b66013c3a3ef39dd7e5798?s=96&d=mm&r=g\",\"url\":\"https:\\\/\\\/secure.gravatar.com\\\/avatar\\\/3ea2118a5f7dad2b7138b1187a6b7ee55f160b9968b66013c3a3ef39dd7e5798?s=96&d=mm&r=g\",\"contentUrl\":\"https:\\\/\\\/secure.gravatar.com\\\/avatar\\\/3ea2118a5f7dad2b7138b1187a6b7ee55f160b9968b66013c3a3ef39dd7e5798?s=96&d=mm&r=g\",\"caption\":\"Jeanette\"},\"sameAs\":[\"https:\\\/\\\/www.eldiario.net\\\/portal\"],\"url\":\"https:\\\/\\\/www.eldiario.net\\\/portal\\\/author\\\/jeanette\\\/\"}]}<\/script>\n<!-- \/ Yoast SEO plugin. -->","yoast_head_json":{"title":"D\u00eda Internacional de la Mujer, a\u00fan no hay igualdad en el salario por similar trabajo - El Diario - Bolivia","robots":{"index":"index","follow":"follow","max-snippet":"max-snippet:-1","max-image-preview":"max-image-preview:large","max-video-preview":"max-video-preview:-1"},"canonical":"https:\/\/www.eldiario.net\/portal\/2023\/03\/09\/dia-internacional-de-la-mujer-aun-no-hay-igualdad-en-el-salario-por-similar-trabajo\/","og_locale":"es_ES","og_type":"article","og_title":"D\u00eda Internacional de la Mujer, a\u00fan no hay igualdad en el salario por similar trabajo - El Diario - Bolivia","og_description":"La Constituci\u00f3n Pol\u00edtica del Estado define en el Art\u00edculo 48 I que \u201cLas disposiciones sociales y laborales son de cumplimiento obligatorio. V. El Estado promover\u00e1 la incorporaci\u00f3n de las mujeres al trabajo y garantizar\u00e1 la misma remuneraci\u00f3n que a los hombres por un trabajo de igual valor, tanto en el \u00e1mbito p\u00fablico como en el [&hellip;]","og_url":"https:\/\/www.eldiario.net\/portal\/2023\/03\/09\/dia-internacional-de-la-mujer-aun-no-hay-igualdad-en-el-salario-por-similar-trabajo\/","og_site_name":"El Diario - Bolivia","article_publisher":"https:\/\/www.facebook.com\/eldiario.bolivia\/","article_published_time":"2023-03-09T09:52:53+00:00","og_image":[{"width":1200,"height":628,"url":"https:\/\/www.eldiario.net\/portal\/wp-content\/uploads\/2021\/04\/angelica_siles-1.jpg","type":"image\/jpeg"}],"author":"Jeanette","twitter_card":"summary_large_image","twitter_creator":"@eldiario_net","twitter_site":"@eldiario_net","twitter_misc":{"Escrito por":"Jeanette","Tiempo de lectura":"4 minutos"},"schema":{"@context":"https:\/\/schema.org","@graph":[{"@type":"Article","@id":"https:\/\/www.eldiario.net\/portal\/2023\/03\/09\/dia-internacional-de-la-mujer-aun-no-hay-igualdad-en-el-salario-por-similar-trabajo\/#article","isPartOf":{"@id":"https:\/\/www.eldiario.net\/portal\/2023\/03\/09\/dia-internacional-de-la-mujer-aun-no-hay-igualdad-en-el-salario-por-similar-trabajo\/"},"author":{"name":"Jeanette","@id":"https:\/\/www.eldiario.net\/portal\/#\/schema\/person\/f46445640444750d7d753ccd04ae01b7"},"headline":"D\u00eda Internacional de la Mujer, a\u00fan no hay igualdad en el salario por similar trabajo","datePublished":"2023-03-09T09:52:53+00:00","mainEntityOfPage":{"@id":"https:\/\/www.eldiario.net\/portal\/2023\/03\/09\/dia-internacional-de-la-mujer-aun-no-hay-igualdad-en-el-salario-por-similar-trabajo\/"},"wordCount":844,"publisher":{"@id":"https:\/\/www.eldiario.net\/portal\/#organization"},"image":{"@id":"https:\/\/www.eldiario.net\/portal\/2023\/03\/09\/dia-internacional-de-la-mujer-aun-no-hay-igualdad-en-el-salario-por-similar-trabajo\/#primaryimage"},"thumbnailUrl":"https:\/\/www.eldiario.net\/portal\/wp-content\/uploads\/2021\/04\/angelica_siles-1.jpg","articleSection":["Opini\u00f3n"],"inLanguage":"es"},{"@type":"WebPage","@id":"https:\/\/www.eldiario.net\/portal\/2023\/03\/09\/dia-internacional-de-la-mujer-aun-no-hay-igualdad-en-el-salario-por-similar-trabajo\/","url":"https:\/\/www.eldiario.net\/portal\/2023\/03\/09\/dia-internacional-de-la-mujer-aun-no-hay-igualdad-en-el-salario-por-similar-trabajo\/","name":"D\u00eda Internacional de la Mujer, a\u00fan no hay igualdad en el salario por similar trabajo - El Diario - Bolivia","isPartOf":{"@id":"https:\/\/www.eldiario.net\/portal\/#website"},"primaryImageOfPage":{"@id":"https:\/\/www.eldiario.net\/portal\/2023\/03\/09\/dia-internacional-de-la-mujer-aun-no-hay-igualdad-en-el-salario-por-similar-trabajo\/#primaryimage"},"image":{"@id":"https:\/\/www.eldiario.net\/portal\/2023\/03\/09\/dia-internacional-de-la-mujer-aun-no-hay-igualdad-en-el-salario-por-similar-trabajo\/#primaryimage"},"thumbnailUrl":"https:\/\/www.eldiario.net\/portal\/wp-content\/uploads\/2021\/04\/angelica_siles-1.jpg","datePublished":"2023-03-09T09:52:53+00:00","breadcrumb":{"@id":"https:\/\/www.eldiario.net\/portal\/2023\/03\/09\/dia-internacional-de-la-mujer-aun-no-hay-igualdad-en-el-salario-por-similar-trabajo\/#breadcrumb"},"inLanguage":"es","potentialAction":[{"@type":"ReadAction","target":["https:\/\/www.eldiario.net\/portal\/2023\/03\/09\/dia-internacional-de-la-mujer-aun-no-hay-igualdad-en-el-salario-por-similar-trabajo\/"]}]},{"@type":"ImageObject","inLanguage":"es","@id":"https:\/\/www.eldiario.net\/portal\/2023\/03\/09\/dia-internacional-de-la-mujer-aun-no-hay-igualdad-en-el-salario-por-similar-trabajo\/#primaryimage","url":"https:\/\/www.eldiario.net\/portal\/wp-content\/uploads\/2021\/04\/angelica_siles-1.jpg","contentUrl":"https:\/\/www.eldiario.net\/portal\/wp-content\/uploads\/2021\/04\/angelica_siles-1.jpg","width":1200,"height":628},{"@type":"BreadcrumbList","@id":"https:\/\/www.eldiario.net\/portal\/2023\/03\/09\/dia-internacional-de-la-mujer-aun-no-hay-igualdad-en-el-salario-por-similar-trabajo\/#breadcrumb","itemListElement":[{"@type":"ListItem","position":1,"name":"Portada","item":"https:\/\/www.eldiario.net\/portal\/"},{"@type":"ListItem","position":2,"name":"D\u00eda Internacional de la Mujer, a\u00fan no hay igualdad en el salario por similar trabajo"}]},{"@type":"WebSite","@id":"https:\/\/www.eldiario.net\/portal\/#website","url":"https:\/\/www.eldiario.net\/portal\/","name":"El Diario - Decano de la prensa nacional","description":"El Diario - Decano de la prensa nacional","publisher":{"@id":"https:\/\/www.eldiario.net\/portal\/#organization"},"potentialAction":[{"@type":"SearchAction","target":{"@type":"EntryPoint","urlTemplate":"https:\/\/www.eldiario.net\/portal\/?s={search_term_string}"},"query-input":{"@type":"PropertyValueSpecification","valueRequired":true,"valueName":"search_term_string"}}],"inLanguage":"es"},{"@type":"Organization","@id":"https:\/\/www.eldiario.net\/portal\/#organization","name":"El Diario - Decano de la prensa nacional","url":"https:\/\/www.eldiario.net\/portal\/","logo":{"@type":"ImageObject","inLanguage":"es","@id":"https:\/\/www.eldiario.net\/portal\/#\/schema\/logo\/image\/","url":"https:\/\/www.eldiario.net\/portal\/wp-content\/uploads\/2023\/07\/logo_ED.jpg","contentUrl":"https:\/\/www.eldiario.net\/portal\/wp-content\/uploads\/2023\/07\/logo_ED.jpg","width":272,"height":52,"caption":"El Diario - Decano de la prensa nacional"},"image":{"@id":"https:\/\/www.eldiario.net\/portal\/#\/schema\/logo\/image\/"},"sameAs":["https:\/\/www.facebook.com\/eldiario.bolivia\/","https:\/\/x.com\/eldiario_net"]},{"@type":"Person","@id":"https:\/\/www.eldiario.net\/portal\/#\/schema\/person\/f46445640444750d7d753ccd04ae01b7","name":"Jeanette","image":{"@type":"ImageObject","inLanguage":"es","@id":"https:\/\/secure.gravatar.com\/avatar\/3ea2118a5f7dad2b7138b1187a6b7ee55f160b9968b66013c3a3ef39dd7e5798?s=96&d=mm&r=g","url":"https:\/\/secure.gravatar.com\/avatar\/3ea2118a5f7dad2b7138b1187a6b7ee55f160b9968b66013c3a3ef39dd7e5798?s=96&d=mm&r=g","contentUrl":"https:\/\/secure.gravatar.com\/avatar\/3ea2118a5f7dad2b7138b1187a6b7ee55f160b9968b66013c3a3ef39dd7e5798?s=96&d=mm&r=g","caption":"Jeanette"},"sameAs":["https:\/\/www.eldiario.net\/portal"],"url":"https:\/\/www.eldiario.net\/portal\/author\/jeanette\/"}]}},"_links":{"self":[{"href":"https:\/\/www.eldiario.net\/portal\/wp-json\/wp\/v2\/posts\/142098","targetHints":{"allow":["GET"]}}],"collection":[{"href":"https:\/\/www.eldiario.net\/portal\/wp-json\/wp\/v2\/posts"}],"about":[{"href":"https:\/\/www.eldiario.net\/portal\/wp-json\/wp\/v2\/types\/post"}],"author":[{"embeddable":true,"href":"https:\/\/www.eldiario.net\/portal\/wp-json\/wp\/v2\/users\/1"}],"replies":[{"embeddable":true,"href":"https:\/\/www.eldiario.net\/portal\/wp-json\/wp\/v2\/comments?post=142098"}],"version-history":[{"count":0,"href":"https:\/\/www.eldiario.net\/portal\/wp-json\/wp\/v2\/posts\/142098\/revisions"}],"wp:featuredmedia":[{"embeddable":true,"href":"https:\/\/www.eldiario.net\/portal\/wp-json\/wp\/v2\/media\/2714"}],"wp:attachment":[{"href":"https:\/\/www.eldiario.net\/portal\/wp-json\/wp\/v2\/media?parent=142098"}],"wp:term":[{"taxonomy":"category","embeddable":true,"href":"https:\/\/www.eldiario.net\/portal\/wp-json\/wp\/v2\/categories?post=142098"},{"taxonomy":"post_tag","embeddable":true,"href":"https:\/\/www.eldiario.net\/portal\/wp-json\/wp\/v2\/tags?post=142098"}],"curies":[{"name":"wp","href":"https:\/\/api.w.org\/{rel}","templated":true}]}}