{"id":142096,"date":"2023-03-09T05:51:51","date_gmt":"2023-03-09T09:51:51","guid":{"rendered":"https:\/\/www.eldiario.net\/portal\/?p=142096"},"modified":"2023-03-09T05:51:51","modified_gmt":"2023-03-09T09:51:51","slug":"magisterio-rafaga-de-petardos-y-cero-negociaciones","status":"publish","type":"post","link":"https:\/\/www.eldiario.net\/portal\/2023\/03\/09\/magisterio-rafaga-de-petardos-y-cero-negociaciones\/","title":{"rendered":"Magisterio: r\u00e1faga de petardos y cero negociaciones"},"content":{"rendered":"<p>En flotas interdepartamentales arribaron a la ciudad de La Paz (05\/03\/2023), dirigentes sindicales del magisterio urbano, encabezando delegaciones de maestros de los nueve departamentos, para emprender y generar conflicto socioecon\u00f3mico pol\u00edtico a las autoridades del Ministerio de Educaci\u00f3n. Iniciaron la refriega exigiendo atenci\u00f3n efectiva al pliego de peticiones de los 200 puntos (5 destacados): mayor presupuesto para la educaci\u00f3n p\u00fablica, asignaci\u00f3n de \u00edtems de nueva creaci\u00f3n, nivelaci\u00f3n de horas de trabajo docente, rechazo a la actualizaci\u00f3n curricular y realizaci\u00f3n del congreso nacional de educaci\u00f3n.<\/p>\n<p>Concentrados en la Ceja de El Alto; los maestros bajaron en fila de cuatro hileras, expresando bulliciosamente muchos estribillos conocidos y escuchados en las movilizaciones similares de los trabajadores: \u201cel pueblo, unido jam\u00e1s ser\u00e1 vencido&#8230;\u201d, lanzando adjetivos calificativos contra Edgar Pary: \u201cministro incapaz, \u00bfpor qu\u00e9 no te vas? \u2026\u201d. Causando temor y mucha bulla ac\u00fastica, haciendo explotar desmedidamente r\u00e1faga de petardos lastimeros y da\u00f1inos a los o\u00eddos de los transe\u00fantes de la ciudad de La Paz. \u00bfDe d\u00f3nde salen los recursos para comprar petardos? \u00bfSon aportes sindicales de los maestros de base?<\/p>\n<p>Entre los cinco puntos destacados, rechazar contenidos curriculares actualizados ligera y superficialmente, que est\u00e1n siendo aplicados en las unidades educativas por la comunidad de docentes de aula y especialidad. La incorporaci\u00f3n del idioma ingl\u00e9s, ajedrez, rob\u00f3tica, inform\u00e1tica, estad\u00edstica, econom\u00eda, investigaci\u00f3n, lectura comprensiva, mapas mentales; aporta al men\u00fa de contenidos y aprendizaje acad\u00e9mico de los estudiantes. Adem\u00e1s, estos temas fueron discutidos en el periodo de planificaci\u00f3n educativa 2023, por los docentes de cada unidad educativa y aceptados por los padres de familia plenamente.<\/p>\n<p>Entonces, no corresponde insistir en el rechazo a la actualizaci\u00f3n curricular, eso implicar\u00eda retroceder en algo que favorece y beneficia al aprendizaje de los estudiantes. Si los dirigentes se empecinan en la inaplicabilidad de los contenidos, perder\u00e1n la esencia de su pliego sectorial, como la b\u00fasqueda de la nivelaci\u00f3n de horas, saneamiento del d\u00e9ficit hist\u00f3rico, jubilaci\u00f3n con el 100%, aumento salarial, etc. Porque, las comunidades educativas en estrecha colaboraci\u00f3n con los padres de familia, est\u00e1n trabajando a cabalidad los contenidos actualizados. Se puede sentir en el ambiente social, que la sociedad en su conjunto, estaba esperando estos cambios curriculares.<\/p>\n<p>Abierto el conflicto por ambos bandos con mucha violencia ac\u00fastica, salen ahora en los medios de comunicaci\u00f3n las autoridades con el discurso de que est\u00e1n en \u201ccuarto intermedio\u201d; denotando cero negociaciones entre ministerio y maestros urbanos, demostrando carencia de voluntad negociadora para solucionar el conflicto del sector educativo. Discusiones y justificaciones vanas en declaraciones informativas, sin mostrar resultados y aportes importantes a la educaci\u00f3n, pueden conducir al agravamiento del conflicto y suspensi\u00f3n de labores educativas (Convulsi\u00f3n, 2019). Bolivia, necesita que sus autoridades y dirigentes sindicales se sienten en una mesa de negociaciones para solucionar problemas educativos que venimos arrastrando desde la d\u00e9cada de los a\u00f1os ochenta, incluso anteriores a esa \u00e9poca.<\/p>\n<p>&nbsp;<\/p>\n<p>raulalberto1911@gmail.com<\/p>\n","protected":false},"excerpt":{"rendered":"<p>En flotas interdepartamentales arribaron a la ciudad de La Paz (05\/03\/2023), dirigentes sindicales del magisterio urbano, encabezando delegaciones de maestros de los nueve departamentos, para emprender y generar conflicto socioecon\u00f3mico pol\u00edtico a las autoridades del Ministerio de Educaci\u00f3n. Iniciaron la refriega exigiendo atenci\u00f3n efectiva al pliego de peticiones de los 200 puntos (5 destacados): mayor [&hellip;]<\/p>\n","protected":false},"author":1,"featured_media":47214,"comment_status":"closed","ping_status":"closed","sticky":false,"template":"","format":"standard","meta":{"_acf_changed":false,"footnotes":""},"categories":[9],"tags":[],"class_list":["post-142096","post","type-post","status-publish","format-standard","has-post-thumbnail","category-opinion"],"acf":{"antetitulo":""},"yoast_head":"<!-- This site is optimized with the Yoast SEO plugin v28.4 - https:\/\/yoast.com\/product\/yoast-seo-wordpress\/ -->\n<title>Magisterio: r\u00e1faga de petardos y cero negociaciones - El Diario - Bolivia<\/title>\n<meta name=\"robots\" content=\"index, follow, max-snippet:-1, max-image-preview:large, max-video-preview:-1\" \/>\n<link rel=\"canonical\" href=\"https:\/\/www.eldiario.net\/portal\/2023\/03\/09\/magisterio-rafaga-de-petardos-y-cero-negociaciones\/\" \/>\n<meta property=\"og:locale\" content=\"es_ES\" \/>\n<meta property=\"og:type\" content=\"article\" \/>\n<meta property=\"og:title\" content=\"Magisterio: r\u00e1faga de petardos y cero negociaciones - El Diario - Bolivia\" \/>\n<meta property=\"og:description\" content=\"En flotas interdepartamentales arribaron a la ciudad de La Paz (05\/03\/2023), dirigentes sindicales del magisterio urbano, encabezando delegaciones de maestros de los nueve departamentos, para emprender y generar conflicto socioecon\u00f3mico pol\u00edtico a las autoridades del Ministerio de Educaci\u00f3n. Iniciaron la refriega exigiendo atenci\u00f3n efectiva al pliego de peticiones de los 200 puntos (5 destacados): mayor [&hellip;]\" \/>\n<meta property=\"og:url\" content=\"https:\/\/www.eldiario.net\/portal\/2023\/03\/09\/magisterio-rafaga-de-petardos-y-cero-negociaciones\/\" \/>\n<meta property=\"og:site_name\" content=\"El Diario - Bolivia\" \/>\n<meta property=\"article:publisher\" content=\"https:\/\/www.facebook.com\/eldiario.bolivia\/\" \/>\n<meta property=\"article:published_time\" content=\"2023-03-09T09:51:51+00:00\" \/>\n<meta name=\"author\" content=\"Jeanette\" \/>\n<meta name=\"twitter:card\" content=\"summary_large_image\" \/>\n<meta name=\"twitter:creator\" content=\"@eldiario_net\" \/>\n<meta name=\"twitter:site\" content=\"@eldiario_net\" \/>\n<meta name=\"twitter:label1\" content=\"Escrito por\" \/>\n\t<meta name=\"twitter:data1\" content=\"Jeanette\" \/>\n\t<meta name=\"twitter:label2\" content=\"Tiempo de lectura\" \/>\n\t<meta name=\"twitter:data2\" content=\"3 minutos\" \/>\n<script type=\"application\/ld+json\" class=\"yoast-schema-graph\">{\"@context\":\"https:\\\/\\\/schema.org\",\"@graph\":[{\"@type\":\"Article\",\"@id\":\"https:\\\/\\\/www.eldiario.net\\\/portal\\\/2023\\\/03\\\/09\\\/magisterio-rafaga-de-petardos-y-cero-negociaciones\\\/#article\",\"isPartOf\":{\"@id\":\"https:\\\/\\\/www.eldiario.net\\\/portal\\\/2023\\\/03\\\/09\\\/magisterio-rafaga-de-petardos-y-cero-negociaciones\\\/\"},\"author\":{\"name\":\"Jeanette\",\"@id\":\"https:\\\/\\\/www.eldiario.net\\\/portal\\\/#\\\/schema\\\/person\\\/f46445640444750d7d753ccd04ae01b7\"},\"headline\":\"Magisterio: r\u00e1faga de petardos y cero negociaciones\",\"datePublished\":\"2023-03-09T09:51:51+00:00\",\"mainEntityOfPage\":{\"@id\":\"https:\\\/\\\/www.eldiario.net\\\/portal\\\/2023\\\/03\\\/09\\\/magisterio-rafaga-de-petardos-y-cero-negociaciones\\\/\"},\"wordCount\":521,\"publisher\":{\"@id\":\"https:\\\/\\\/www.eldiario.net\\\/portal\\\/#organization\"},\"image\":{\"@id\":\"https:\\\/\\\/www.eldiario.net\\\/portal\\\/2023\\\/03\\\/09\\\/magisterio-rafaga-de-petardos-y-cero-negociaciones\\\/#primaryimage\"},\"thumbnailUrl\":\"\",\"articleSection\":[\"Opini\u00f3n\"],\"inLanguage\":\"es\"},{\"@type\":\"WebPage\",\"@id\":\"https:\\\/\\\/www.eldiario.net\\\/portal\\\/2023\\\/03\\\/09\\\/magisterio-rafaga-de-petardos-y-cero-negociaciones\\\/\",\"url\":\"https:\\\/\\\/www.eldiario.net\\\/portal\\\/2023\\\/03\\\/09\\\/magisterio-rafaga-de-petardos-y-cero-negociaciones\\\/\",\"name\":\"Magisterio: r\u00e1faga de petardos y cero negociaciones - El Diario - Bolivia\",\"isPartOf\":{\"@id\":\"https:\\\/\\\/www.eldiario.net\\\/portal\\\/#website\"},\"primaryImageOfPage\":{\"@id\":\"https:\\\/\\\/www.eldiario.net\\\/portal\\\/2023\\\/03\\\/09\\\/magisterio-rafaga-de-petardos-y-cero-negociaciones\\\/#primaryimage\"},\"image\":{\"@id\":\"https:\\\/\\\/www.eldiario.net\\\/portal\\\/2023\\\/03\\\/09\\\/magisterio-rafaga-de-petardos-y-cero-negociaciones\\\/#primaryimage\"},\"thumbnailUrl\":\"\",\"datePublished\":\"2023-03-09T09:51:51+00:00\",\"breadcrumb\":{\"@id\":\"https:\\\/\\\/www.eldiario.net\\\/portal\\\/2023\\\/03\\\/09\\\/magisterio-rafaga-de-petardos-y-cero-negociaciones\\\/#breadcrumb\"},\"inLanguage\":\"es\",\"potentialAction\":[{\"@type\":\"ReadAction\",\"target\":[\"https:\\\/\\\/www.eldiario.net\\\/portal\\\/2023\\\/03\\\/09\\\/magisterio-rafaga-de-petardos-y-cero-negociaciones\\\/\"]}]},{\"@type\":\"ImageObject\",\"inLanguage\":\"es\",\"@id\":\"https:\\\/\\\/www.eldiario.net\\\/portal\\\/2023\\\/03\\\/09\\\/magisterio-rafaga-de-petardos-y-cero-negociaciones\\\/#primaryimage\",\"url\":\"\",\"contentUrl\":\"\"},{\"@type\":\"BreadcrumbList\",\"@id\":\"https:\\\/\\\/www.eldiario.net\\\/portal\\\/2023\\\/03\\\/09\\\/magisterio-rafaga-de-petardos-y-cero-negociaciones\\\/#breadcrumb\",\"itemListElement\":[{\"@type\":\"ListItem\",\"position\":1,\"name\":\"Portada\",\"item\":\"https:\\\/\\\/www.eldiario.net\\\/portal\\\/\"},{\"@type\":\"ListItem\",\"position\":2,\"name\":\"Magisterio: r\u00e1faga de petardos y cero negociaciones\"}]},{\"@type\":\"WebSite\",\"@id\":\"https:\\\/\\\/www.eldiario.net\\\/portal\\\/#website\",\"url\":\"https:\\\/\\\/www.eldiario.net\\\/portal\\\/\",\"name\":\"El Diario - Decano de la prensa nacional\",\"description\":\"El Diario - Decano de la prensa nacional\",\"publisher\":{\"@id\":\"https:\\\/\\\/www.eldiario.net\\\/portal\\\/#organization\"},\"potentialAction\":[{\"@type\":\"SearchAction\",\"target\":{\"@type\":\"EntryPoint\",\"urlTemplate\":\"https:\\\/\\\/www.eldiario.net\\\/portal\\\/?s={search_term_string}\"},\"query-input\":{\"@type\":\"PropertyValueSpecification\",\"valueRequired\":true,\"valueName\":\"search_term_string\"}}],\"inLanguage\":\"es\"},{\"@type\":\"Organization\",\"@id\":\"https:\\\/\\\/www.eldiario.net\\\/portal\\\/#organization\",\"name\":\"El Diario - Decano de la prensa nacional\",\"url\":\"https:\\\/\\\/www.eldiario.net\\\/portal\\\/\",\"logo\":{\"@type\":\"ImageObject\",\"inLanguage\":\"es\",\"@id\":\"https:\\\/\\\/www.eldiario.net\\\/portal\\\/#\\\/schema\\\/logo\\\/image\\\/\",\"url\":\"https:\\\/\\\/www.eldiario.net\\\/portal\\\/wp-content\\\/uploads\\\/2023\\\/07\\\/logo_ED.jpg\",\"contentUrl\":\"https:\\\/\\\/www.eldiario.net\\\/portal\\\/wp-content\\\/uploads\\\/2023\\\/07\\\/logo_ED.jpg\",\"width\":272,\"height\":52,\"caption\":\"El Diario - Decano de la prensa nacional\"},\"image\":{\"@id\":\"https:\\\/\\\/www.eldiario.net\\\/portal\\\/#\\\/schema\\\/logo\\\/image\\\/\"},\"sameAs\":[\"https:\\\/\\\/www.facebook.com\\\/eldiario.bolivia\\\/\",\"https:\\\/\\\/x.com\\\/eldiario_net\"]},{\"@type\":\"Person\",\"@id\":\"https:\\\/\\\/www.eldiario.net\\\/portal\\\/#\\\/schema\\\/person\\\/f46445640444750d7d753ccd04ae01b7\",\"name\":\"Jeanette\",\"image\":{\"@type\":\"ImageObject\",\"inLanguage\":\"es\",\"@id\":\"https:\\\/\\\/secure.gravatar.com\\\/avatar\\\/3ea2118a5f7dad2b7138b1187a6b7ee55f160b9968b66013c3a3ef39dd7e5798?s=96&d=mm&r=g\",\"url\":\"https:\\\/\\\/secure.gravatar.com\\\/avatar\\\/3ea2118a5f7dad2b7138b1187a6b7ee55f160b9968b66013c3a3ef39dd7e5798?s=96&d=mm&r=g\",\"contentUrl\":\"https:\\\/\\\/secure.gravatar.com\\\/avatar\\\/3ea2118a5f7dad2b7138b1187a6b7ee55f160b9968b66013c3a3ef39dd7e5798?s=96&d=mm&r=g\",\"caption\":\"Jeanette\"},\"sameAs\":[\"https:\\\/\\\/www.eldiario.net\\\/portal\"],\"url\":\"https:\\\/\\\/www.eldiario.net\\\/portal\\\/author\\\/jeanette\\\/\"}]}<\/script>\n<!-- \/ Yoast SEO plugin. -->","yoast_head_json":{"title":"Magisterio: r\u00e1faga de petardos y cero negociaciones - El Diario - Bolivia","robots":{"index":"index","follow":"follow","max-snippet":"max-snippet:-1","max-image-preview":"max-image-preview:large","max-video-preview":"max-video-preview:-1"},"canonical":"https:\/\/www.eldiario.net\/portal\/2023\/03\/09\/magisterio-rafaga-de-petardos-y-cero-negociaciones\/","og_locale":"es_ES","og_type":"article","og_title":"Magisterio: r\u00e1faga de petardos y cero negociaciones - El Diario - Bolivia","og_description":"En flotas interdepartamentales arribaron a la ciudad de La Paz (05\/03\/2023), dirigentes sindicales del magisterio urbano, encabezando delegaciones de maestros de los nueve departamentos, para emprender y generar conflicto socioecon\u00f3mico pol\u00edtico a las autoridades del Ministerio de Educaci\u00f3n. Iniciaron la refriega exigiendo atenci\u00f3n efectiva al pliego de peticiones de los 200 puntos (5 destacados): mayor [&hellip;]","og_url":"https:\/\/www.eldiario.net\/portal\/2023\/03\/09\/magisterio-rafaga-de-petardos-y-cero-negociaciones\/","og_site_name":"El Diario - Bolivia","article_publisher":"https:\/\/www.facebook.com\/eldiario.bolivia\/","article_published_time":"2023-03-09T09:51:51+00:00","author":"Jeanette","twitter_card":"summary_large_image","twitter_creator":"@eldiario_net","twitter_site":"@eldiario_net","twitter_misc":{"Escrito por":"Jeanette","Tiempo de lectura":"3 minutos"},"schema":{"@context":"https:\/\/schema.org","@graph":[{"@type":"Article","@id":"https:\/\/www.eldiario.net\/portal\/2023\/03\/09\/magisterio-rafaga-de-petardos-y-cero-negociaciones\/#article","isPartOf":{"@id":"https:\/\/www.eldiario.net\/portal\/2023\/03\/09\/magisterio-rafaga-de-petardos-y-cero-negociaciones\/"},"author":{"name":"Jeanette","@id":"https:\/\/www.eldiario.net\/portal\/#\/schema\/person\/f46445640444750d7d753ccd04ae01b7"},"headline":"Magisterio: r\u00e1faga de petardos y cero negociaciones","datePublished":"2023-03-09T09:51:51+00:00","mainEntityOfPage":{"@id":"https:\/\/www.eldiario.net\/portal\/2023\/03\/09\/magisterio-rafaga-de-petardos-y-cero-negociaciones\/"},"wordCount":521,"publisher":{"@id":"https:\/\/www.eldiario.net\/portal\/#organization"},"image":{"@id":"https:\/\/www.eldiario.net\/portal\/2023\/03\/09\/magisterio-rafaga-de-petardos-y-cero-negociaciones\/#primaryimage"},"thumbnailUrl":"","articleSection":["Opini\u00f3n"],"inLanguage":"es"},{"@type":"WebPage","@id":"https:\/\/www.eldiario.net\/portal\/2023\/03\/09\/magisterio-rafaga-de-petardos-y-cero-negociaciones\/","url":"https:\/\/www.eldiario.net\/portal\/2023\/03\/09\/magisterio-rafaga-de-petardos-y-cero-negociaciones\/","name":"Magisterio: r\u00e1faga de petardos y cero negociaciones - El Diario - Bolivia","isPartOf":{"@id":"https:\/\/www.eldiario.net\/portal\/#website"},"primaryImageOfPage":{"@id":"https:\/\/www.eldiario.net\/portal\/2023\/03\/09\/magisterio-rafaga-de-petardos-y-cero-negociaciones\/#primaryimage"},"image":{"@id":"https:\/\/www.eldiario.net\/portal\/2023\/03\/09\/magisterio-rafaga-de-petardos-y-cero-negociaciones\/#primaryimage"},"thumbnailUrl":"","datePublished":"2023-03-09T09:51:51+00:00","breadcrumb":{"@id":"https:\/\/www.eldiario.net\/portal\/2023\/03\/09\/magisterio-rafaga-de-petardos-y-cero-negociaciones\/#breadcrumb"},"inLanguage":"es","potentialAction":[{"@type":"ReadAction","target":["https:\/\/www.eldiario.net\/portal\/2023\/03\/09\/magisterio-rafaga-de-petardos-y-cero-negociaciones\/"]}]},{"@type":"ImageObject","inLanguage":"es","@id":"https:\/\/www.eldiario.net\/portal\/2023\/03\/09\/magisterio-rafaga-de-petardos-y-cero-negociaciones\/#primaryimage","url":"","contentUrl":""},{"@type":"BreadcrumbList","@id":"https:\/\/www.eldiario.net\/portal\/2023\/03\/09\/magisterio-rafaga-de-petardos-y-cero-negociaciones\/#breadcrumb","itemListElement":[{"@type":"ListItem","position":1,"name":"Portada","item":"https:\/\/www.eldiario.net\/portal\/"},{"@type":"ListItem","position":2,"name":"Magisterio: r\u00e1faga de petardos y cero negociaciones"}]},{"@type":"WebSite","@id":"https:\/\/www.eldiario.net\/portal\/#website","url":"https:\/\/www.eldiario.net\/portal\/","name":"El Diario - Decano de la prensa nacional","description":"El Diario - Decano de la prensa nacional","publisher":{"@id":"https:\/\/www.eldiario.net\/portal\/#organization"},"potentialAction":[{"@type":"SearchAction","target":{"@type":"EntryPoint","urlTemplate":"https:\/\/www.eldiario.net\/portal\/?s={search_term_string}"},"query-input":{"@type":"PropertyValueSpecification","valueRequired":true,"valueName":"search_term_string"}}],"inLanguage":"es"},{"@type":"Organization","@id":"https:\/\/www.eldiario.net\/portal\/#organization","name":"El Diario - Decano de la prensa nacional","url":"https:\/\/www.eldiario.net\/portal\/","logo":{"@type":"ImageObject","inLanguage":"es","@id":"https:\/\/www.eldiario.net\/portal\/#\/schema\/logo\/image\/","url":"https:\/\/www.eldiario.net\/portal\/wp-content\/uploads\/2023\/07\/logo_ED.jpg","contentUrl":"https:\/\/www.eldiario.net\/portal\/wp-content\/uploads\/2023\/07\/logo_ED.jpg","width":272,"height":52,"caption":"El Diario - Decano de la prensa nacional"},"image":{"@id":"https:\/\/www.eldiario.net\/portal\/#\/schema\/logo\/image\/"},"sameAs":["https:\/\/www.facebook.com\/eldiario.bolivia\/","https:\/\/x.com\/eldiario_net"]},{"@type":"Person","@id":"https:\/\/www.eldiario.net\/portal\/#\/schema\/person\/f46445640444750d7d753ccd04ae01b7","name":"Jeanette","image":{"@type":"ImageObject","inLanguage":"es","@id":"https:\/\/secure.gravatar.com\/avatar\/3ea2118a5f7dad2b7138b1187a6b7ee55f160b9968b66013c3a3ef39dd7e5798?s=96&d=mm&r=g","url":"https:\/\/secure.gravatar.com\/avatar\/3ea2118a5f7dad2b7138b1187a6b7ee55f160b9968b66013c3a3ef39dd7e5798?s=96&d=mm&r=g","contentUrl":"https:\/\/secure.gravatar.com\/avatar\/3ea2118a5f7dad2b7138b1187a6b7ee55f160b9968b66013c3a3ef39dd7e5798?s=96&d=mm&r=g","caption":"Jeanette"},"sameAs":["https:\/\/www.eldiario.net\/portal"],"url":"https:\/\/www.eldiario.net\/portal\/author\/jeanette\/"}]}},"_links":{"self":[{"href":"https:\/\/www.eldiario.net\/portal\/wp-json\/wp\/v2\/posts\/142096","targetHints":{"allow":["GET"]}}],"collection":[{"href":"https:\/\/www.eldiario.net\/portal\/wp-json\/wp\/v2\/posts"}],"about":[{"href":"https:\/\/www.eldiario.net\/portal\/wp-json\/wp\/v2\/types\/post"}],"author":[{"embeddable":true,"href":"https:\/\/www.eldiario.net\/portal\/wp-json\/wp\/v2\/users\/1"}],"replies":[{"embeddable":true,"href":"https:\/\/www.eldiario.net\/portal\/wp-json\/wp\/v2\/comments?post=142096"}],"version-history":[{"count":0,"href":"https:\/\/www.eldiario.net\/portal\/wp-json\/wp\/v2\/posts\/142096\/revisions"}],"wp:attachment":[{"href":"https:\/\/www.eldiario.net\/portal\/wp-json\/wp\/v2\/media?parent=142096"}],"wp:term":[{"taxonomy":"category","embeddable":true,"href":"https:\/\/www.eldiario.net\/portal\/wp-json\/wp\/v2\/categories?post=142096"},{"taxonomy":"post_tag","embeddable":true,"href":"https:\/\/www.eldiario.net\/portal\/wp-json\/wp\/v2\/tags?post=142096"}],"curies":[{"name":"wp","href":"https:\/\/api.w.org\/{rel}","templated":true}]}}