{"id":142094,"date":"2023-03-09T05:51:09","date_gmt":"2023-03-09T09:51:09","guid":{"rendered":"https:\/\/www.eldiario.net\/portal\/?p=142094"},"modified":"2023-03-09T05:51:09","modified_gmt":"2023-03-09T09:51:09","slug":"un-estudio-muestra-relacion-entre-esquizofrenia-y-ciertas-alteraciones-vasculares-en-el-cerebro","status":"publish","type":"post","link":"https:\/\/www.eldiario.net\/portal\/2023\/03\/09\/un-estudio-muestra-relacion-entre-esquizofrenia-y-ciertas-alteraciones-vasculares-en-el-cerebro\/","title":{"rendered":"Un estudio muestra relaci\u00f3n entre esquizofrenia y ciertas alteraciones vasculares en el cerebro"},"content":{"rendered":"<p><strong>Mar\u00eda Fernanda Ziegler\u00a0 <\/strong><\/p>\n<p>Un estudio realizado en Brasil y publicado en la revista <em>Molecular Psychiatry <\/em>sugiere que la esquizofrenia puede estar relacionada con ciertas alteraciones en la vascularizaci\u00f3n de algunas zonas del cerebro. En dicho trabajo, investigadores de la Universidad de Campinas (Unicamp), del Instituto D\u2019Or de Pesquisa e Ensino (Idor) y de la Universidad Federal de R\u00edo de Janeiro (UFRJ), en Brasil, observaron que determinadas c\u00e9lulas neurales (astrocitos) de pacientes con la enfermedad inducen la formaci\u00f3n de una mayor cantidad de vasos \u2013aunque m\u00e1s delgados\u2013, lo que puede afectar a la red vascular de algunas \u00e1reas cerebrales.<\/p>\n<p>La esquizofrenia es considerada un trastorno mental grave y multifactorial que afectar\u00eda hasta a un 1 % de la poblaci\u00f3n mundial. Entre los s\u00edntomas comunes se encuentran la p\u00e9rdida de contacto con la realidad (psicosis), las alucinaciones (escuchar voces, por ejemplo), falsas convicciones (delirios), conductas y pensamientos an\u00f3malos, disminuci\u00f3n de la motivaci\u00f3n y una desmejora de la funci\u00f3n mental (cognici\u00f3n).<\/p>\n<p>En este estudio, los investigadores centraron su atenci\u00f3n en el rol de los astrocitos \u2013c\u00e9lulas esenciales para el mantenimiento de las neuronas, que funcionan como centrales energ\u00e9ticas del sistema nervioso central\u2013 en el desarrollo de la enfermedad. Aparte de apuntar nuevos blancos terap\u00e9uticos, este trabajo avanza en la comprensi\u00f3n de los mecanismos moleculares de la afecci\u00f3n.<\/p>\n<p>\u201cDemostramos que los astrocitos pueden estar implicados en una alteraci\u00f3n del espesor de los vasos del cerebro. Y esto puede estar relacionado con un factor importante para el surgimiento de la esquizofrenia: la disminuci\u00f3n del flujo metab\u00f3lico [la producci\u00f3n de energ\u00eda] en ciertas regiones cerebrales. Esto refuerza el papel de los astrocitos como elemento central de esta enfermedad, lo que los convierte en blanco de nuevas terapias\u201d, comenta Daniel Martins-de-Souza, docente del Instituto de Biolog\u00eda de la Universidad de Campinas (IB-Unicamp) y uno de los autores del art\u00edculo.<\/p>\n<p>Este estudio cont\u00f3 con el apoyo de la FAPESP en el marco de un Proyecto Tem\u00e1tico y de una beca de posdoctorado otorgada a Juliana Minardi Nascimento, autora principal del art\u00edculo junto a Pablo Trindade, de la UFRJ y del instituto Idor.<\/p>\n<p>&nbsp;<\/p>\n<p><strong>UNA ALTERACI\u00d3N EN LA VASCULARIZACI\u00d3N<\/strong><\/p>\n<p>Los investigadores compararon astrocitos de c\u00e9lulas de la piel de pacientes con esquizofrenia con los de personas sanas (sin la enfermedad). Esta parte del estudio se realiz\u00f3 en el laboratorio de Stevens Rehen, investigador del Idor y docente del Instituto de Biolog\u00eda de la Universidad Federal de R\u00edo de Janeiro (UFRJ).<\/p>\n<p>Para ello, el equipo reprogram\u00f3 las c\u00e9lulas epiteliales de los pacientes con esquizofrenia y las del grupo de control a los efectos de que se regresasen a un estadio de pluripotencia caracter\u00edstico de las c\u00e9lulas madre (c\u00e9lulas madre pluripotentes inducidas, o iPSC). Luego se procedi\u00f3 a la diferenciaci\u00f3n de las c\u00e9lulas, al transformar las iPSC en c\u00e9lulas madre neurales (que pueden dar origen tanto a neuronas como a astrocitos).<\/p>\n<p>\u201cEstudios anteriores ya hab\u00edan sugerido que tanto anormalidades moleculares como anormalidades funcionales de los astrocitos podr\u00edan estar implicadas en la patog\u00e9nesis de la esquizofrenia. En nuestro trabajo, comprobamos esa relaci\u00f3n bas\u00e1ndonos en estudios con c\u00e9lulas madre pluripotentes inducidas. Sin esta t\u00e9cnica, ser\u00eda imposible estudiar los astrocitos de la manera que lo hicimos\u201d, explica Martins-de-Souza.<\/p>\n<p>Con los astrocitos de los pacientes enfermos y del grupo de control compuesto por personas sanas, los investigadores realizaron dos pruebas. Primeramente, un an\u00e1lisis prote\u00f3mico (que identifica el conjunto de prote\u00ednas presentes en la muestra), en el Laboratorio de Neuroprote\u00f3mica de la Unicamp, para verificar la variaci\u00f3n de prote\u00ednas expresadas en las c\u00e9lulas de control y en las de los pacientes con esquizofrenia.<\/p>\n<p>\u201cAl analizar la prote\u00f3mica de las c\u00e9lulas, observamos alteraciones inusuales asociadas a los astrocitos. En las pruebas realizadas en las c\u00e9lulas con esquizofrenia, tambi\u00e9n hallamos diferencias en las citoquinas inflamatorias y en otras diversas prote\u00ednas que apuntaban una acci\u00f3n angiog\u00e9nica en la vascularizaci\u00f3n cerebral\u201d, informa Minardi Nascimento.<\/p>\n<p>Tras el an\u00e1lisis prote\u00f3mico, los cient\u00edficos realizaron ensayos funcionales que demostraron que la respuesta inflamatoria de los astrocitos de los pacientes diagnosticados con esquizofrenia se encontraba alterada y que las sustancias que \u00e9stos liberaban afectaban la vascularizaci\u00f3n. La realizaci\u00f3n de estos ensayos form\u00f3 parte del posdoctorado de Pablo Trindade.<\/p>\n<p>Para ello, los investigadores utilizaron un modelo de sistema vascular basado en la membrana que envuelve a los embriones de gallinas. Esta metodolog\u00eda, conocida como CAN (las siglas en ingl\u00e9s de membrana corioalantoica embrionaria del huevo de la gallina), ha venido siendo utilizada para estudiar el efecto de ciertas sustancias en la vascularizaci\u00f3n de los tejidos.<\/p>\n<p>Este ensayo estuvo a cargo de colaboradores de la Universidad de Chile. \u201cB\u00e1sicamente, ponemos los medios condicionados de astrocitos que contienen todas las sustancias que estas c\u00e9lulas secretan dentro de la zona vascular de huevos fertilizados. A medida que las c\u00e9lulas vasculares se van multiplicando, es posible verificar c\u00f3mo transcurre la formaci\u00f3n de los vasos, ya que las sustancias que las c\u00e9lulas cultivadas secretan pueden inducir o inhibir la vascularizaci\u00f3n de los huevos\u201d, comenta Trindade.<\/p>\n<p>Aparte de modificar la vascularizaci\u00f3n, los astrocitos de los pacientes con esquizofrenia exhib\u00edan un perfil cr\u00f3nico de inflamaci\u00f3n. \u201cSe sabe que los astrocitos son c\u00e9lulas neurales cuyo papel consiste en regular la respuesta inmune en esa \u00e1rea. Por ende, es posible que est\u00e9n promoviendo una vascularizaci\u00f3n m\u00e1s inmadura o menos eficiente. Verificamos que, en comparaci\u00f3n con los del grupo de control, los astrocitos de los pacientes esquizofr\u00e9nicos secretan una cantidad mayor de interleuquina 8, un se\u00f1alizador de inflamaci\u00f3n que se sospecha que sea el principal agente de la disfunci\u00f3n vascular asociada a la esquizofrenia\u201d, le explica el investigador a Agencia FAPESP.<\/p>\n<p>Los autores remarcan que estos hallazgos refuerzan el rol del neurodesarrollo en la esquizofrenia, pero con la comprobaci\u00f3n del papel mediador de los astrocitos.<\/p>\n<p>\u201cLos s\u00edntomas de la enfermedad generalmente se manifiestan cuando se llega a la edad adulta joven. Con todo, tal como lo demostramos en este trabajo, las c\u00e9lulas gliales en estos pacientes son distintas desde el principio, lo que interfiere en el neurodesarrollo desde el \u00fatero. La diferenciaci\u00f3n y la formaci\u00f3n del cerebro transcurren de manera alterada. Por ende, puede ser que ocurran hechos como el que verificamos en el estudio durante la maduraci\u00f3n del cerebro: una vascularizaci\u00f3n alterada sistem\u00e1ticamente que deriva en la malformaci\u00f3n de circuitos cerebrales, y que puede desencadenar la esquizofrenia a la edad adulta\u201d, dice Minardi Nascimento.<\/p>\n<p>Otro aspecto importante de este estudio consiste en alertar acerca de la importancia de los astrocitos en las enfermedades neurol\u00f3gicas. \u201cEl rol de las c\u00e9lulas de la gl\u00eda, tal como es el caso de los astrocitos, no solamente en la esquizofrenia, sino tambi\u00e9n en las enfermedades neurol\u00f3gicas en general, ha sido un hallazgo m\u00e1s reciente, pues exist\u00eda una visi\u00f3n demasiado neuroc\u00e9ntrica, que investigaba m\u00e1s el papel de las neuronas. No deja de ser una forma de ampliar nuestra visi\u00f3n y nuestra comprensi\u00f3n de la enfermedad\u201d, afirma Martins-de-Souza\u2026 (Agencia FAPESP).<\/p>\n","protected":false},"excerpt":{"rendered":"<p>Mar\u00eda Fernanda Ziegler\u00a0 Un estudio realizado en Brasil y publicado en la revista Molecular Psychiatry sugiere que la esquizofrenia puede estar relacionada con ciertas alteraciones en la vascularizaci\u00f3n de algunas zonas del cerebro. En dicho trabajo, investigadores de la Universidad de Campinas (Unicamp), del Instituto D\u2019Or de Pesquisa e Ensino (Idor) y de la Universidad [&hellip;]<\/p>\n","protected":false},"author":1,"featured_media":0,"comment_status":"closed","ping_status":"closed","sticky":false,"template":"","format":"standard","meta":{"_acf_changed":false,"footnotes":""},"categories":[9],"tags":[],"class_list":["post-142094","post","type-post","status-publish","format-standard","category-opinion"],"acf":{"antetitulo":""},"yoast_head":"<!-- This site is optimized with the Yoast SEO plugin v28.4 - https:\/\/yoast.com\/product\/yoast-seo-wordpress\/ -->\n<title>Un estudio muestra relaci\u00f3n entre esquizofrenia y ciertas alteraciones vasculares en el cerebro - El Diario - Bolivia<\/title>\n<meta name=\"robots\" content=\"index, follow, max-snippet:-1, max-image-preview:large, max-video-preview:-1\" \/>\n<link rel=\"canonical\" href=\"https:\/\/www.eldiario.net\/portal\/2023\/03\/09\/un-estudio-muestra-relacion-entre-esquizofrenia-y-ciertas-alteraciones-vasculares-en-el-cerebro\/\" \/>\n<meta property=\"og:locale\" content=\"es_ES\" \/>\n<meta property=\"og:type\" content=\"article\" \/>\n<meta property=\"og:title\" content=\"Un estudio muestra relaci\u00f3n entre esquizofrenia y ciertas alteraciones vasculares en el cerebro - El Diario - Bolivia\" \/>\n<meta property=\"og:description\" content=\"Mar\u00eda Fernanda Ziegler\u00a0 Un estudio realizado en Brasil y publicado en la revista Molecular Psychiatry sugiere que la esquizofrenia puede estar relacionada con ciertas alteraciones en la vascularizaci\u00f3n de algunas zonas del cerebro. En dicho trabajo, investigadores de la Universidad de Campinas (Unicamp), del Instituto D\u2019Or de Pesquisa e Ensino (Idor) y de la Universidad [&hellip;]\" \/>\n<meta property=\"og:url\" content=\"https:\/\/www.eldiario.net\/portal\/2023\/03\/09\/un-estudio-muestra-relacion-entre-esquizofrenia-y-ciertas-alteraciones-vasculares-en-el-cerebro\/\" \/>\n<meta property=\"og:site_name\" content=\"El Diario - Bolivia\" \/>\n<meta property=\"article:publisher\" content=\"https:\/\/www.facebook.com\/eldiario.bolivia\/\" \/>\n<meta property=\"article:published_time\" content=\"2023-03-09T09:51:09+00:00\" \/>\n<meta name=\"author\" content=\"Jeanette\" \/>\n<meta name=\"twitter:card\" content=\"summary_large_image\" \/>\n<meta name=\"twitter:creator\" content=\"@eldiario_net\" \/>\n<meta name=\"twitter:site\" content=\"@eldiario_net\" \/>\n<meta name=\"twitter:label1\" content=\"Escrito por\" \/>\n\t<meta name=\"twitter:data1\" content=\"Jeanette\" \/>\n\t<meta name=\"twitter:label2\" content=\"Tiempo de lectura\" \/>\n\t<meta name=\"twitter:data2\" content=\"6 minutos\" \/>\n<script type=\"application\/ld+json\" class=\"yoast-schema-graph\">{\"@context\":\"https:\\\/\\\/schema.org\",\"@graph\":[{\"@type\":\"Article\",\"@id\":\"https:\\\/\\\/www.eldiario.net\\\/portal\\\/2023\\\/03\\\/09\\\/un-estudio-muestra-relacion-entre-esquizofrenia-y-ciertas-alteraciones-vasculares-en-el-cerebro\\\/#article\",\"isPartOf\":{\"@id\":\"https:\\\/\\\/www.eldiario.net\\\/portal\\\/2023\\\/03\\\/09\\\/un-estudio-muestra-relacion-entre-esquizofrenia-y-ciertas-alteraciones-vasculares-en-el-cerebro\\\/\"},\"author\":{\"name\":\"Jeanette\",\"@id\":\"https:\\\/\\\/www.eldiario.net\\\/portal\\\/#\\\/schema\\\/person\\\/f46445640444750d7d753ccd04ae01b7\"},\"headline\":\"Un estudio muestra relaci\u00f3n entre esquizofrenia y ciertas alteraciones vasculares en el cerebro\",\"datePublished\":\"2023-03-09T09:51:09+00:00\",\"mainEntityOfPage\":{\"@id\":\"https:\\\/\\\/www.eldiario.net\\\/portal\\\/2023\\\/03\\\/09\\\/un-estudio-muestra-relacion-entre-esquizofrenia-y-ciertas-alteraciones-vasculares-en-el-cerebro\\\/\"},\"wordCount\":1254,\"publisher\":{\"@id\":\"https:\\\/\\\/www.eldiario.net\\\/portal\\\/#organization\"},\"articleSection\":[\"Opini\u00f3n\"],\"inLanguage\":\"es\"},{\"@type\":\"WebPage\",\"@id\":\"https:\\\/\\\/www.eldiario.net\\\/portal\\\/2023\\\/03\\\/09\\\/un-estudio-muestra-relacion-entre-esquizofrenia-y-ciertas-alteraciones-vasculares-en-el-cerebro\\\/\",\"url\":\"https:\\\/\\\/www.eldiario.net\\\/portal\\\/2023\\\/03\\\/09\\\/un-estudio-muestra-relacion-entre-esquizofrenia-y-ciertas-alteraciones-vasculares-en-el-cerebro\\\/\",\"name\":\"Un estudio muestra relaci\u00f3n entre esquizofrenia y ciertas alteraciones vasculares en el cerebro - El Diario - Bolivia\",\"isPartOf\":{\"@id\":\"https:\\\/\\\/www.eldiario.net\\\/portal\\\/#website\"},\"datePublished\":\"2023-03-09T09:51:09+00:00\",\"breadcrumb\":{\"@id\":\"https:\\\/\\\/www.eldiario.net\\\/portal\\\/2023\\\/03\\\/09\\\/un-estudio-muestra-relacion-entre-esquizofrenia-y-ciertas-alteraciones-vasculares-en-el-cerebro\\\/#breadcrumb\"},\"inLanguage\":\"es\",\"potentialAction\":[{\"@type\":\"ReadAction\",\"target\":[\"https:\\\/\\\/www.eldiario.net\\\/portal\\\/2023\\\/03\\\/09\\\/un-estudio-muestra-relacion-entre-esquizofrenia-y-ciertas-alteraciones-vasculares-en-el-cerebro\\\/\"]}]},{\"@type\":\"BreadcrumbList\",\"@id\":\"https:\\\/\\\/www.eldiario.net\\\/portal\\\/2023\\\/03\\\/09\\\/un-estudio-muestra-relacion-entre-esquizofrenia-y-ciertas-alteraciones-vasculares-en-el-cerebro\\\/#breadcrumb\",\"itemListElement\":[{\"@type\":\"ListItem\",\"position\":1,\"name\":\"Portada\",\"item\":\"https:\\\/\\\/www.eldiario.net\\\/portal\\\/\"},{\"@type\":\"ListItem\",\"position\":2,\"name\":\"Un estudio muestra relaci\u00f3n entre esquizofrenia y ciertas alteraciones vasculares en el cerebro\"}]},{\"@type\":\"WebSite\",\"@id\":\"https:\\\/\\\/www.eldiario.net\\\/portal\\\/#website\",\"url\":\"https:\\\/\\\/www.eldiario.net\\\/portal\\\/\",\"name\":\"El Diario - Decano de la prensa nacional\",\"description\":\"El Diario - Decano de la prensa nacional\",\"publisher\":{\"@id\":\"https:\\\/\\\/www.eldiario.net\\\/portal\\\/#organization\"},\"potentialAction\":[{\"@type\":\"SearchAction\",\"target\":{\"@type\":\"EntryPoint\",\"urlTemplate\":\"https:\\\/\\\/www.eldiario.net\\\/portal\\\/?s={search_term_string}\"},\"query-input\":{\"@type\":\"PropertyValueSpecification\",\"valueRequired\":true,\"valueName\":\"search_term_string\"}}],\"inLanguage\":\"es\"},{\"@type\":\"Organization\",\"@id\":\"https:\\\/\\\/www.eldiario.net\\\/portal\\\/#organization\",\"name\":\"El Diario - Decano de la prensa nacional\",\"url\":\"https:\\\/\\\/www.eldiario.net\\\/portal\\\/\",\"logo\":{\"@type\":\"ImageObject\",\"inLanguage\":\"es\",\"@id\":\"https:\\\/\\\/www.eldiario.net\\\/portal\\\/#\\\/schema\\\/logo\\\/image\\\/\",\"url\":\"https:\\\/\\\/www.eldiario.net\\\/portal\\\/wp-content\\\/uploads\\\/2023\\\/07\\\/logo_ED.jpg\",\"contentUrl\":\"https:\\\/\\\/www.eldiario.net\\\/portal\\\/wp-content\\\/uploads\\\/2023\\\/07\\\/logo_ED.jpg\",\"width\":272,\"height\":52,\"caption\":\"El Diario - Decano de la prensa nacional\"},\"image\":{\"@id\":\"https:\\\/\\\/www.eldiario.net\\\/portal\\\/#\\\/schema\\\/logo\\\/image\\\/\"},\"sameAs\":[\"https:\\\/\\\/www.facebook.com\\\/eldiario.bolivia\\\/\",\"https:\\\/\\\/x.com\\\/eldiario_net\"]},{\"@type\":\"Person\",\"@id\":\"https:\\\/\\\/www.eldiario.net\\\/portal\\\/#\\\/schema\\\/person\\\/f46445640444750d7d753ccd04ae01b7\",\"name\":\"Jeanette\",\"image\":{\"@type\":\"ImageObject\",\"inLanguage\":\"es\",\"@id\":\"https:\\\/\\\/secure.gravatar.com\\\/avatar\\\/3ea2118a5f7dad2b7138b1187a6b7ee55f160b9968b66013c3a3ef39dd7e5798?s=96&d=mm&r=g\",\"url\":\"https:\\\/\\\/secure.gravatar.com\\\/avatar\\\/3ea2118a5f7dad2b7138b1187a6b7ee55f160b9968b66013c3a3ef39dd7e5798?s=96&d=mm&r=g\",\"contentUrl\":\"https:\\\/\\\/secure.gravatar.com\\\/avatar\\\/3ea2118a5f7dad2b7138b1187a6b7ee55f160b9968b66013c3a3ef39dd7e5798?s=96&d=mm&r=g\",\"caption\":\"Jeanette\"},\"sameAs\":[\"https:\\\/\\\/www.eldiario.net\\\/portal\"],\"url\":\"https:\\\/\\\/www.eldiario.net\\\/portal\\\/author\\\/jeanette\\\/\"}]}<\/script>\n<!-- \/ Yoast SEO plugin. -->","yoast_head_json":{"title":"Un estudio muestra relaci\u00f3n entre esquizofrenia y ciertas alteraciones vasculares en el cerebro - El Diario - Bolivia","robots":{"index":"index","follow":"follow","max-snippet":"max-snippet:-1","max-image-preview":"max-image-preview:large","max-video-preview":"max-video-preview:-1"},"canonical":"https:\/\/www.eldiario.net\/portal\/2023\/03\/09\/un-estudio-muestra-relacion-entre-esquizofrenia-y-ciertas-alteraciones-vasculares-en-el-cerebro\/","og_locale":"es_ES","og_type":"article","og_title":"Un estudio muestra relaci\u00f3n entre esquizofrenia y ciertas alteraciones vasculares en el cerebro - El Diario - Bolivia","og_description":"Mar\u00eda Fernanda Ziegler\u00a0 Un estudio realizado en Brasil y publicado en la revista Molecular Psychiatry sugiere que la esquizofrenia puede estar relacionada con ciertas alteraciones en la vascularizaci\u00f3n de algunas zonas del cerebro. En dicho trabajo, investigadores de la Universidad de Campinas (Unicamp), del Instituto D\u2019Or de Pesquisa e Ensino (Idor) y de la Universidad [&hellip;]","og_url":"https:\/\/www.eldiario.net\/portal\/2023\/03\/09\/un-estudio-muestra-relacion-entre-esquizofrenia-y-ciertas-alteraciones-vasculares-en-el-cerebro\/","og_site_name":"El Diario - Bolivia","article_publisher":"https:\/\/www.facebook.com\/eldiario.bolivia\/","article_published_time":"2023-03-09T09:51:09+00:00","author":"Jeanette","twitter_card":"summary_large_image","twitter_creator":"@eldiario_net","twitter_site":"@eldiario_net","twitter_misc":{"Escrito por":"Jeanette","Tiempo de lectura":"6 minutos"},"schema":{"@context":"https:\/\/schema.org","@graph":[{"@type":"Article","@id":"https:\/\/www.eldiario.net\/portal\/2023\/03\/09\/un-estudio-muestra-relacion-entre-esquizofrenia-y-ciertas-alteraciones-vasculares-en-el-cerebro\/#article","isPartOf":{"@id":"https:\/\/www.eldiario.net\/portal\/2023\/03\/09\/un-estudio-muestra-relacion-entre-esquizofrenia-y-ciertas-alteraciones-vasculares-en-el-cerebro\/"},"author":{"name":"Jeanette","@id":"https:\/\/www.eldiario.net\/portal\/#\/schema\/person\/f46445640444750d7d753ccd04ae01b7"},"headline":"Un estudio muestra relaci\u00f3n entre esquizofrenia y ciertas alteraciones vasculares en el cerebro","datePublished":"2023-03-09T09:51:09+00:00","mainEntityOfPage":{"@id":"https:\/\/www.eldiario.net\/portal\/2023\/03\/09\/un-estudio-muestra-relacion-entre-esquizofrenia-y-ciertas-alteraciones-vasculares-en-el-cerebro\/"},"wordCount":1254,"publisher":{"@id":"https:\/\/www.eldiario.net\/portal\/#organization"},"articleSection":["Opini\u00f3n"],"inLanguage":"es"},{"@type":"WebPage","@id":"https:\/\/www.eldiario.net\/portal\/2023\/03\/09\/un-estudio-muestra-relacion-entre-esquizofrenia-y-ciertas-alteraciones-vasculares-en-el-cerebro\/","url":"https:\/\/www.eldiario.net\/portal\/2023\/03\/09\/un-estudio-muestra-relacion-entre-esquizofrenia-y-ciertas-alteraciones-vasculares-en-el-cerebro\/","name":"Un estudio muestra relaci\u00f3n entre esquizofrenia y ciertas alteraciones vasculares en el cerebro - El Diario - Bolivia","isPartOf":{"@id":"https:\/\/www.eldiario.net\/portal\/#website"},"datePublished":"2023-03-09T09:51:09+00:00","breadcrumb":{"@id":"https:\/\/www.eldiario.net\/portal\/2023\/03\/09\/un-estudio-muestra-relacion-entre-esquizofrenia-y-ciertas-alteraciones-vasculares-en-el-cerebro\/#breadcrumb"},"inLanguage":"es","potentialAction":[{"@type":"ReadAction","target":["https:\/\/www.eldiario.net\/portal\/2023\/03\/09\/un-estudio-muestra-relacion-entre-esquizofrenia-y-ciertas-alteraciones-vasculares-en-el-cerebro\/"]}]},{"@type":"BreadcrumbList","@id":"https:\/\/www.eldiario.net\/portal\/2023\/03\/09\/un-estudio-muestra-relacion-entre-esquizofrenia-y-ciertas-alteraciones-vasculares-en-el-cerebro\/#breadcrumb","itemListElement":[{"@type":"ListItem","position":1,"name":"Portada","item":"https:\/\/www.eldiario.net\/portal\/"},{"@type":"ListItem","position":2,"name":"Un estudio muestra relaci\u00f3n entre esquizofrenia y ciertas alteraciones vasculares en el cerebro"}]},{"@type":"WebSite","@id":"https:\/\/www.eldiario.net\/portal\/#website","url":"https:\/\/www.eldiario.net\/portal\/","name":"El Diario - Decano de la prensa nacional","description":"El Diario - Decano de la prensa nacional","publisher":{"@id":"https:\/\/www.eldiario.net\/portal\/#organization"},"potentialAction":[{"@type":"SearchAction","target":{"@type":"EntryPoint","urlTemplate":"https:\/\/www.eldiario.net\/portal\/?s={search_term_string}"},"query-input":{"@type":"PropertyValueSpecification","valueRequired":true,"valueName":"search_term_string"}}],"inLanguage":"es"},{"@type":"Organization","@id":"https:\/\/www.eldiario.net\/portal\/#organization","name":"El Diario - Decano de la prensa nacional","url":"https:\/\/www.eldiario.net\/portal\/","logo":{"@type":"ImageObject","inLanguage":"es","@id":"https:\/\/www.eldiario.net\/portal\/#\/schema\/logo\/image\/","url":"https:\/\/www.eldiario.net\/portal\/wp-content\/uploads\/2023\/07\/logo_ED.jpg","contentUrl":"https:\/\/www.eldiario.net\/portal\/wp-content\/uploads\/2023\/07\/logo_ED.jpg","width":272,"height":52,"caption":"El Diario - Decano de la prensa nacional"},"image":{"@id":"https:\/\/www.eldiario.net\/portal\/#\/schema\/logo\/image\/"},"sameAs":["https:\/\/www.facebook.com\/eldiario.bolivia\/","https:\/\/x.com\/eldiario_net"]},{"@type":"Person","@id":"https:\/\/www.eldiario.net\/portal\/#\/schema\/person\/f46445640444750d7d753ccd04ae01b7","name":"Jeanette","image":{"@type":"ImageObject","inLanguage":"es","@id":"https:\/\/secure.gravatar.com\/avatar\/3ea2118a5f7dad2b7138b1187a6b7ee55f160b9968b66013c3a3ef39dd7e5798?s=96&d=mm&r=g","url":"https:\/\/secure.gravatar.com\/avatar\/3ea2118a5f7dad2b7138b1187a6b7ee55f160b9968b66013c3a3ef39dd7e5798?s=96&d=mm&r=g","contentUrl":"https:\/\/secure.gravatar.com\/avatar\/3ea2118a5f7dad2b7138b1187a6b7ee55f160b9968b66013c3a3ef39dd7e5798?s=96&d=mm&r=g","caption":"Jeanette"},"sameAs":["https:\/\/www.eldiario.net\/portal"],"url":"https:\/\/www.eldiario.net\/portal\/author\/jeanette\/"}]}},"_links":{"self":[{"href":"https:\/\/www.eldiario.net\/portal\/wp-json\/wp\/v2\/posts\/142094","targetHints":{"allow":["GET"]}}],"collection":[{"href":"https:\/\/www.eldiario.net\/portal\/wp-json\/wp\/v2\/posts"}],"about":[{"href":"https:\/\/www.eldiario.net\/portal\/wp-json\/wp\/v2\/types\/post"}],"author":[{"embeddable":true,"href":"https:\/\/www.eldiario.net\/portal\/wp-json\/wp\/v2\/users\/1"}],"replies":[{"embeddable":true,"href":"https:\/\/www.eldiario.net\/portal\/wp-json\/wp\/v2\/comments?post=142094"}],"version-history":[{"count":0,"href":"https:\/\/www.eldiario.net\/portal\/wp-json\/wp\/v2\/posts\/142094\/revisions"}],"wp:attachment":[{"href":"https:\/\/www.eldiario.net\/portal\/wp-json\/wp\/v2\/media?parent=142094"}],"wp:term":[{"taxonomy":"category","embeddable":true,"href":"https:\/\/www.eldiario.net\/portal\/wp-json\/wp\/v2\/categories?post=142094"},{"taxonomy":"post_tag","embeddable":true,"href":"https:\/\/www.eldiario.net\/portal\/wp-json\/wp\/v2\/tags?post=142094"}],"curies":[{"name":"wp","href":"https:\/\/api.w.org\/{rel}","templated":true}]}}