{"id":142069,"date":"2023-03-08T06:33:48","date_gmt":"2023-03-08T10:33:48","guid":{"rendered":"https:\/\/www.eldiario.net\/portal\/?p=142069"},"modified":"2023-03-08T06:33:48","modified_gmt":"2023-03-08T10:33:48","slug":"natalicio-de-su-majestad-el-emperador-del-japon","status":"publish","type":"post","link":"https:\/\/www.eldiario.net\/portal\/2023\/03\/08\/natalicio-de-su-majestad-el-emperador-del-japon\/","title":{"rendered":"Natalicio de Su Majestad el Emperador del Jap\u00f3n"},"content":{"rendered":"<p>En una solaz jornada del pasado jueves, los japoneses celebraron el natalicio de Su Majestad el Emperador Naruhito, en una recepci\u00f3n ofrecida por el embajador Onomura Hiroshi y su esposa, en su residencia de Calacoto.<br \/>\nLa ocasi\u00f3n fue propicia para la presentaci\u00f3n oficial del anfitri\u00f3n, quien lleg\u00f3 al pa\u00eds hace 3 meses. Centenares de invitados hicieron una larga fila para saludar al nuevo emisario japon\u00e9s, quien en este d\u00eda tan especial dijo sentirse muy complacido por compartir con tantos invitados, que representaban una amalgama de instituciones y \u00e1mbitos.<br \/>\n\u00abLa palabra para la recepci\u00f3n de este a\u00f1o es Camino, por el sendero recorrido por los japoneses hasta el Jap\u00f3n de hoy. Su cultura tradicional, sus actividades cotidianas, las guerras o la experiencia de haber tenido que esperar muchas adversidades han construido al Jap\u00f3n\u00bb, dijo en parte de su discurso el embajador Onomura.<br \/>\nEl camino recorrido por los migrantes japoneses a Bolivia fue presentado a trav\u00e9s de una exposici\u00f3nm en el ingreso de la casona, con el apoyo JICA y de la Sociedad Japonesa de La Paz.<br \/>\nFinalmente, el anfitrii\u00f3n trajo a colaci\u00f3n la frase de Gustav Malher, que se\u00f1ala La tradici\u00f3n no es el culto a las cenizas, sino la preservaci\u00f3n del fuego. \u00abEl mundo contempor\u00e1neo parece ca\u00f3tico, es precisamente ahora cuando debe poner a prueba el poder de la diplomacia. La manera de resolver los problemas es con el Derecho Internacional en lugar de armas, intercambios culturales en lugar de amenazas. En su natalicio, Su Majestad el Emperador Naruhito pidi\u00f3 en 2023 sosegar, debemos caminar sobre nuestras experiencias, pero sin dejarnos cegar por ellas. Optemos por el camino com\u00fan, de caminar juntos hacia un futuro brillante de paz y seguridad\u00bb, finaliz\u00f3 el Embajador a tiempo de levantar su copa para brindar por el Natalicio del Emperador.<\/p>\n<div id='gallery-1' class='gallery galleryid-142069 gallery-columns-3 gallery-size-medium'><figure class='gallery-item'>\n\t\t\t<div class='gallery-icon '>\n\t\t\t\t<a href='https:\/\/www.eldiario.net\/portal\/2023\/03\/08\/natalicio-de-su-majestad-el-emperador-del-japon\/dsc_4031\/'><img loading=\"lazy\" decoding=\"async\" width=\"1\" height=\"1\" src=\"https:\/\/www.eldiario.net\/portal\/wp-content\/uploads\/2023\/03\/DSC_4031.jpg\" class=\"attachment-medium size-medium\" alt=\"\" aria-describedby=\"gallery-1-142070\" \/><\/a>\n\t\t\t<\/div>\n\t\t\t\t<figcaption class='wp-caption-text gallery-caption' id='gallery-1-142070'>\n\t\t\t\tPABLO CAMACHO, ANTONIO TABOADA, LOS EMBAJADORES ONOMURA Y JORGE S\u00c1NCHEZ PE\u00d1A.\n\t\t\t\t<\/figcaption><\/figure><figure class='gallery-item'>\n\t\t\t<div class='gallery-icon '>\n\t\t\t\t<a href='https:\/\/www.eldiario.net\/portal\/2023\/03\/08\/natalicio-de-su-majestad-el-emperador-del-japon\/dsc_3950\/'><img loading=\"lazy\" decoding=\"async\" width=\"1\" height=\"1\" src=\"https:\/\/www.eldiario.net\/portal\/wp-content\/uploads\/2023\/03\/DSC_3950.jpg\" class=\"attachment-medium size-medium\" alt=\"\" aria-describedby=\"gallery-1-142074\" \/><\/a>\n\t\t\t<\/div>\n\t\t\t\t<figcaption class='wp-caption-text gallery-caption' id='gallery-1-142074'>\n\t\t\t\tREIKO ONOMURA, GONZALO TORRICO Y EL EMBAJADOR ONOMURA HIROSHI.\n\t\t\t\t<\/figcaption><\/figure><figure class='gallery-item'>\n\t\t\t<div class='gallery-icon '>\n\t\t\t\t<a href='https:\/\/www.eldiario.net\/portal\/2023\/03\/08\/natalicio-de-su-majestad-el-emperador-del-japon\/dsc_3959\/'><img loading=\"lazy\" decoding=\"async\" width=\"1\" height=\"1\" src=\"https:\/\/www.eldiario.net\/portal\/wp-content\/uploads\/2023\/03\/DSC_3959.jpg\" class=\"attachment-medium size-medium\" alt=\"\" aria-describedby=\"gallery-1-142075\" \/><\/a>\n\t\t\t<\/div>\n\t\t\t\t<figcaption class='wp-caption-text gallery-caption' id='gallery-1-142075'>\n\t\t\t\tMARIO PAREDES, EL EMBAJADOR FRANCESCO TAFURI, ROLANDO KEMPFF, CARLA KEMPFF, NARDA PAREDES Y LOS EMBAJADORES TERUMI MATSUO Y ARIEL BASTEIRO.\n\t\t\t\t<\/figcaption><\/figure><figure class='gallery-item'>\n\t\t\t<div class='gallery-icon '>\n\t\t\t\t<a href='https:\/\/www.eldiario.net\/portal\/2023\/03\/08\/natalicio-de-su-majestad-el-emperador-del-japon\/dsc_3960\/'><img loading=\"lazy\" decoding=\"async\" width=\"1\" height=\"1\" src=\"https:\/\/www.eldiario.net\/portal\/wp-content\/uploads\/2023\/03\/DSC_3960.jpg\" class=\"attachment-medium size-medium\" alt=\"\" aria-describedby=\"gallery-1-142076\" \/><\/a>\n\t\t\t<\/div>\n\t\t\t\t<figcaption class='wp-caption-text gallery-caption' id='gallery-1-142076'>\n\t\t\t\tMAURICIO GUTI\u00c9RREZ, ERICKA M., EUN YOUNG KIM Y EL EMBAJADOR DE COREA, KI-HONG KIM.\n\t\t\t\t<\/figcaption><\/figure><figure class='gallery-item'>\n\t\t\t<div class='gallery-icon '>\n\t\t\t\t<a href='https:\/\/www.eldiario.net\/portal\/2023\/03\/08\/natalicio-de-su-majestad-el-emperador-del-japon\/dsc_4002-2\/'><img loading=\"lazy\" decoding=\"async\" width=\"1\" height=\"1\" src=\"https:\/\/www.eldiario.net\/portal\/wp-content\/uploads\/2023\/03\/DSC_4002.jpg\" class=\"attachment-medium size-medium\" alt=\"\" \/><\/a>\n\t\t\t<\/div><\/figure><figure class='gallery-item'>\n\t\t\t<div class='gallery-icon '>\n\t\t\t\t<a href='https:\/\/www.eldiario.net\/portal\/2023\/03\/08\/natalicio-de-su-majestad-el-emperador-del-japon\/dsc_4007-2\/'><img loading=\"lazy\" decoding=\"async\" width=\"1\" height=\"1\" src=\"https:\/\/www.eldiario.net\/portal\/wp-content\/uploads\/2023\/03\/DSC_4007.jpg\" class=\"attachment-medium size-medium\" alt=\"\" aria-describedby=\"gallery-1-142082\" \/><\/a>\n\t\t\t<\/div>\n\t\t\t\t<figcaption class='wp-caption-text gallery-caption' id='gallery-1-142082'>\n\t\t\t\tCAROLA CAZ\u00d3N, MAHMOUD ALWANI, KARINA SERRUDO, PRESIDENTA DE LA ADUANA, Y EL\u00cdAS CH\u00c9VEZ.\n\t\t\t\t<\/figcaption><\/figure><figure class='gallery-item'>\n\t\t\t<div class='gallery-icon '>\n\t\t\t\t<a href='https:\/\/www.eldiario.net\/portal\/2023\/03\/08\/natalicio-de-su-majestad-el-emperador-del-japon\/dsc_4012\/'><img loading=\"lazy\" decoding=\"async\" width=\"1\" height=\"1\" src=\"https:\/\/www.eldiario.net\/portal\/wp-content\/uploads\/2023\/03\/DSC_4012.jpg\" class=\"attachment-medium size-medium\" alt=\"\" aria-describedby=\"gallery-1-142084\" \/><\/a>\n\t\t\t<\/div>\n\t\t\t\t<figcaption class='wp-caption-text gallery-caption' id='gallery-1-142084'>\n\t\t\t\tDEMOSTRACI\u00d3N DE ARTES MARCIALES JAPONESAS.\n\t\t\t\t<\/figcaption><\/figure>\n\t\t<\/div>\n\n","protected":false},"excerpt":{"rendered":"<p>En una solaz jornada del pasado jueves, los japoneses celebraron el natalicio de Su Majestad el Emperador Naruhito, en una recepci\u00f3n ofrecida por el embajador Onomura Hiroshi y su esposa, en su residencia de Calacoto. La ocasi\u00f3n fue propicia para la presentaci\u00f3n oficial del anfitri\u00f3n, quien lleg\u00f3 al pa\u00eds hace 3 meses. Centenares de invitados [&hellip;]<\/p>\n","protected":false},"author":1,"featured_media":142078,"comment_status":"closed","ping_status":"closed","sticky":false,"template":"","format":"standard","meta":{"_acf_changed":false,"footnotes":""},"categories":[40],"tags":[],"class_list":["post-142069","post","type-post","status-publish","format-standard","has-post-thumbnail","category-sociales"],"acf":{"antetitulo":""},"yoast_head":"<!-- This site is optimized with the Yoast SEO plugin v28.4 - https:\/\/yoast.com\/product\/yoast-seo-wordpress\/ -->\n<title>Natalicio de Su Majestad el Emperador del Jap\u00f3n - El Diario - Bolivia<\/title>\n<meta name=\"robots\" content=\"index, follow, max-snippet:-1, max-image-preview:large, max-video-preview:-1\" \/>\n<link rel=\"canonical\" href=\"https:\/\/www.eldiario.net\/portal\/2023\/03\/08\/natalicio-de-su-majestad-el-emperador-del-japon\/\" \/>\n<meta property=\"og:locale\" content=\"es_ES\" \/>\n<meta property=\"og:type\" content=\"article\" \/>\n<meta property=\"og:title\" content=\"Natalicio de Su Majestad el Emperador del Jap\u00f3n - El Diario - Bolivia\" \/>\n<meta property=\"og:description\" content=\"En una solaz jornada del pasado jueves, los japoneses celebraron el natalicio de Su Majestad el Emperador Naruhito, en una recepci\u00f3n ofrecida por el embajador Onomura Hiroshi y su esposa, en su residencia de Calacoto. La ocasi\u00f3n fue propicia para la presentaci\u00f3n oficial del anfitri\u00f3n, quien lleg\u00f3 al pa\u00eds hace 3 meses. Centenares de invitados [&hellip;]\" \/>\n<meta property=\"og:url\" content=\"https:\/\/www.eldiario.net\/portal\/2023\/03\/08\/natalicio-de-su-majestad-el-emperador-del-japon\/\" \/>\n<meta property=\"og:site_name\" content=\"El Diario - Bolivia\" \/>\n<meta property=\"article:publisher\" content=\"https:\/\/www.facebook.com\/eldiario.bolivia\/\" \/>\n<meta property=\"article:published_time\" content=\"2023-03-08T10:33:48+00:00\" \/>\n<meta name=\"author\" content=\"Jeanette\" \/>\n<meta name=\"twitter:card\" content=\"summary_large_image\" \/>\n<meta name=\"twitter:creator\" content=\"@eldiario_net\" \/>\n<meta name=\"twitter:site\" content=\"@eldiario_net\" \/>\n<meta name=\"twitter:label1\" content=\"Escrito por\" \/>\n\t<meta name=\"twitter:data1\" content=\"Jeanette\" \/>\n\t<meta name=\"twitter:label2\" content=\"Tiempo de lectura\" \/>\n\t<meta name=\"twitter:data2\" content=\"2 minutos\" \/>\n<script type=\"application\/ld+json\" class=\"yoast-schema-graph\">{\"@context\":\"https:\\\/\\\/schema.org\",\"@graph\":[{\"@type\":\"Article\",\"@id\":\"https:\\\/\\\/www.eldiario.net\\\/portal\\\/2023\\\/03\\\/08\\\/natalicio-de-su-majestad-el-emperador-del-japon\\\/#article\",\"isPartOf\":{\"@id\":\"https:\\\/\\\/www.eldiario.net\\\/portal\\\/2023\\\/03\\\/08\\\/natalicio-de-su-majestad-el-emperador-del-japon\\\/\"},\"author\":{\"name\":\"Jeanette\",\"@id\":\"https:\\\/\\\/www.eldiario.net\\\/portal\\\/#\\\/schema\\\/person\\\/f46445640444750d7d753ccd04ae01b7\"},\"headline\":\"Natalicio de Su Majestad el Emperador del Jap\u00f3n\",\"datePublished\":\"2023-03-08T10:33:48+00:00\",\"mainEntityOfPage\":{\"@id\":\"https:\\\/\\\/www.eldiario.net\\\/portal\\\/2023\\\/03\\\/08\\\/natalicio-de-su-majestad-el-emperador-del-japon\\\/\"},\"wordCount\":328,\"publisher\":{\"@id\":\"https:\\\/\\\/www.eldiario.net\\\/portal\\\/#organization\"},\"image\":{\"@id\":\"https:\\\/\\\/www.eldiario.net\\\/portal\\\/2023\\\/03\\\/08\\\/natalicio-de-su-majestad-el-emperador-del-japon\\\/#primaryimage\"},\"thumbnailUrl\":\"\",\"articleSection\":[\"Sociales\"],\"inLanguage\":\"es\"},{\"@type\":\"WebPage\",\"@id\":\"https:\\\/\\\/www.eldiario.net\\\/portal\\\/2023\\\/03\\\/08\\\/natalicio-de-su-majestad-el-emperador-del-japon\\\/\",\"url\":\"https:\\\/\\\/www.eldiario.net\\\/portal\\\/2023\\\/03\\\/08\\\/natalicio-de-su-majestad-el-emperador-del-japon\\\/\",\"name\":\"Natalicio de Su Majestad el Emperador del Jap\u00f3n - El Diario - Bolivia\",\"isPartOf\":{\"@id\":\"https:\\\/\\\/www.eldiario.net\\\/portal\\\/#website\"},\"primaryImageOfPage\":{\"@id\":\"https:\\\/\\\/www.eldiario.net\\\/portal\\\/2023\\\/03\\\/08\\\/natalicio-de-su-majestad-el-emperador-del-japon\\\/#primaryimage\"},\"image\":{\"@id\":\"https:\\\/\\\/www.eldiario.net\\\/portal\\\/2023\\\/03\\\/08\\\/natalicio-de-su-majestad-el-emperador-del-japon\\\/#primaryimage\"},\"thumbnailUrl\":\"\",\"datePublished\":\"2023-03-08T10:33:48+00:00\",\"breadcrumb\":{\"@id\":\"https:\\\/\\\/www.eldiario.net\\\/portal\\\/2023\\\/03\\\/08\\\/natalicio-de-su-majestad-el-emperador-del-japon\\\/#breadcrumb\"},\"inLanguage\":\"es\",\"potentialAction\":[{\"@type\":\"ReadAction\",\"target\":[\"https:\\\/\\\/www.eldiario.net\\\/portal\\\/2023\\\/03\\\/08\\\/natalicio-de-su-majestad-el-emperador-del-japon\\\/\"]}]},{\"@type\":\"ImageObject\",\"inLanguage\":\"es\",\"@id\":\"https:\\\/\\\/www.eldiario.net\\\/portal\\\/2023\\\/03\\\/08\\\/natalicio-de-su-majestad-el-emperador-del-japon\\\/#primaryimage\",\"url\":\"\",\"contentUrl\":\"\"},{\"@type\":\"BreadcrumbList\",\"@id\":\"https:\\\/\\\/www.eldiario.net\\\/portal\\\/2023\\\/03\\\/08\\\/natalicio-de-su-majestad-el-emperador-del-japon\\\/#breadcrumb\",\"itemListElement\":[{\"@type\":\"ListItem\",\"position\":1,\"name\":\"Portada\",\"item\":\"https:\\\/\\\/www.eldiario.net\\\/portal\\\/\"},{\"@type\":\"ListItem\",\"position\":2,\"name\":\"Natalicio de Su Majestad el Emperador del Jap\u00f3n\"}]},{\"@type\":\"WebSite\",\"@id\":\"https:\\\/\\\/www.eldiario.net\\\/portal\\\/#website\",\"url\":\"https:\\\/\\\/www.eldiario.net\\\/portal\\\/\",\"name\":\"El Diario - Decano de la prensa nacional\",\"description\":\"El Diario - Decano de la prensa nacional\",\"publisher\":{\"@id\":\"https:\\\/\\\/www.eldiario.net\\\/portal\\\/#organization\"},\"potentialAction\":[{\"@type\":\"SearchAction\",\"target\":{\"@type\":\"EntryPoint\",\"urlTemplate\":\"https:\\\/\\\/www.eldiario.net\\\/portal\\\/?s={search_term_string}\"},\"query-input\":{\"@type\":\"PropertyValueSpecification\",\"valueRequired\":true,\"valueName\":\"search_term_string\"}}],\"inLanguage\":\"es\"},{\"@type\":\"Organization\",\"@id\":\"https:\\\/\\\/www.eldiario.net\\\/portal\\\/#organization\",\"name\":\"El Diario - Decano de la prensa nacional\",\"url\":\"https:\\\/\\\/www.eldiario.net\\\/portal\\\/\",\"logo\":{\"@type\":\"ImageObject\",\"inLanguage\":\"es\",\"@id\":\"https:\\\/\\\/www.eldiario.net\\\/portal\\\/#\\\/schema\\\/logo\\\/image\\\/\",\"url\":\"https:\\\/\\\/www.eldiario.net\\\/portal\\\/wp-content\\\/uploads\\\/2023\\\/07\\\/logo_ED.jpg\",\"contentUrl\":\"https:\\\/\\\/www.eldiario.net\\\/portal\\\/wp-content\\\/uploads\\\/2023\\\/07\\\/logo_ED.jpg\",\"width\":272,\"height\":52,\"caption\":\"El Diario - Decano de la prensa nacional\"},\"image\":{\"@id\":\"https:\\\/\\\/www.eldiario.net\\\/portal\\\/#\\\/schema\\\/logo\\\/image\\\/\"},\"sameAs\":[\"https:\\\/\\\/www.facebook.com\\\/eldiario.bolivia\\\/\",\"https:\\\/\\\/x.com\\\/eldiario_net\"]},{\"@type\":\"Person\",\"@id\":\"https:\\\/\\\/www.eldiario.net\\\/portal\\\/#\\\/schema\\\/person\\\/f46445640444750d7d753ccd04ae01b7\",\"name\":\"Jeanette\",\"image\":{\"@type\":\"ImageObject\",\"inLanguage\":\"es\",\"@id\":\"https:\\\/\\\/secure.gravatar.com\\\/avatar\\\/3ea2118a5f7dad2b7138b1187a6b7ee55f160b9968b66013c3a3ef39dd7e5798?s=96&d=mm&r=g\",\"url\":\"https:\\\/\\\/secure.gravatar.com\\\/avatar\\\/3ea2118a5f7dad2b7138b1187a6b7ee55f160b9968b66013c3a3ef39dd7e5798?s=96&d=mm&r=g\",\"contentUrl\":\"https:\\\/\\\/secure.gravatar.com\\\/avatar\\\/3ea2118a5f7dad2b7138b1187a6b7ee55f160b9968b66013c3a3ef39dd7e5798?s=96&d=mm&r=g\",\"caption\":\"Jeanette\"},\"sameAs\":[\"https:\\\/\\\/www.eldiario.net\\\/portal\"],\"url\":\"https:\\\/\\\/www.eldiario.net\\\/portal\\\/author\\\/jeanette\\\/\"}]}<\/script>\n<!-- \/ Yoast SEO plugin. -->","yoast_head_json":{"title":"Natalicio de Su Majestad el Emperador del Jap\u00f3n - El Diario - Bolivia","robots":{"index":"index","follow":"follow","max-snippet":"max-snippet:-1","max-image-preview":"max-image-preview:large","max-video-preview":"max-video-preview:-1"},"canonical":"https:\/\/www.eldiario.net\/portal\/2023\/03\/08\/natalicio-de-su-majestad-el-emperador-del-japon\/","og_locale":"es_ES","og_type":"article","og_title":"Natalicio de Su Majestad el Emperador del Jap\u00f3n - El Diario - Bolivia","og_description":"En una solaz jornada del pasado jueves, los japoneses celebraron el natalicio de Su Majestad el Emperador Naruhito, en una recepci\u00f3n ofrecida por el embajador Onomura Hiroshi y su esposa, en su residencia de Calacoto. La ocasi\u00f3n fue propicia para la presentaci\u00f3n oficial del anfitri\u00f3n, quien lleg\u00f3 al pa\u00eds hace 3 meses. Centenares de invitados [&hellip;]","og_url":"https:\/\/www.eldiario.net\/portal\/2023\/03\/08\/natalicio-de-su-majestad-el-emperador-del-japon\/","og_site_name":"El Diario - Bolivia","article_publisher":"https:\/\/www.facebook.com\/eldiario.bolivia\/","article_published_time":"2023-03-08T10:33:48+00:00","author":"Jeanette","twitter_card":"summary_large_image","twitter_creator":"@eldiario_net","twitter_site":"@eldiario_net","twitter_misc":{"Escrito por":"Jeanette","Tiempo de lectura":"2 minutos"},"schema":{"@context":"https:\/\/schema.org","@graph":[{"@type":"Article","@id":"https:\/\/www.eldiario.net\/portal\/2023\/03\/08\/natalicio-de-su-majestad-el-emperador-del-japon\/#article","isPartOf":{"@id":"https:\/\/www.eldiario.net\/portal\/2023\/03\/08\/natalicio-de-su-majestad-el-emperador-del-japon\/"},"author":{"name":"Jeanette","@id":"https:\/\/www.eldiario.net\/portal\/#\/schema\/person\/f46445640444750d7d753ccd04ae01b7"},"headline":"Natalicio de Su Majestad el Emperador del Jap\u00f3n","datePublished":"2023-03-08T10:33:48+00:00","mainEntityOfPage":{"@id":"https:\/\/www.eldiario.net\/portal\/2023\/03\/08\/natalicio-de-su-majestad-el-emperador-del-japon\/"},"wordCount":328,"publisher":{"@id":"https:\/\/www.eldiario.net\/portal\/#organization"},"image":{"@id":"https:\/\/www.eldiario.net\/portal\/2023\/03\/08\/natalicio-de-su-majestad-el-emperador-del-japon\/#primaryimage"},"thumbnailUrl":"","articleSection":["Sociales"],"inLanguage":"es"},{"@type":"WebPage","@id":"https:\/\/www.eldiario.net\/portal\/2023\/03\/08\/natalicio-de-su-majestad-el-emperador-del-japon\/","url":"https:\/\/www.eldiario.net\/portal\/2023\/03\/08\/natalicio-de-su-majestad-el-emperador-del-japon\/","name":"Natalicio de Su Majestad el Emperador del Jap\u00f3n - El Diario - Bolivia","isPartOf":{"@id":"https:\/\/www.eldiario.net\/portal\/#website"},"primaryImageOfPage":{"@id":"https:\/\/www.eldiario.net\/portal\/2023\/03\/08\/natalicio-de-su-majestad-el-emperador-del-japon\/#primaryimage"},"image":{"@id":"https:\/\/www.eldiario.net\/portal\/2023\/03\/08\/natalicio-de-su-majestad-el-emperador-del-japon\/#primaryimage"},"thumbnailUrl":"","datePublished":"2023-03-08T10:33:48+00:00","breadcrumb":{"@id":"https:\/\/www.eldiario.net\/portal\/2023\/03\/08\/natalicio-de-su-majestad-el-emperador-del-japon\/#breadcrumb"},"inLanguage":"es","potentialAction":[{"@type":"ReadAction","target":["https:\/\/www.eldiario.net\/portal\/2023\/03\/08\/natalicio-de-su-majestad-el-emperador-del-japon\/"]}]},{"@type":"ImageObject","inLanguage":"es","@id":"https:\/\/www.eldiario.net\/portal\/2023\/03\/08\/natalicio-de-su-majestad-el-emperador-del-japon\/#primaryimage","url":"","contentUrl":""},{"@type":"BreadcrumbList","@id":"https:\/\/www.eldiario.net\/portal\/2023\/03\/08\/natalicio-de-su-majestad-el-emperador-del-japon\/#breadcrumb","itemListElement":[{"@type":"ListItem","position":1,"name":"Portada","item":"https:\/\/www.eldiario.net\/portal\/"},{"@type":"ListItem","position":2,"name":"Natalicio de Su Majestad el Emperador del Jap\u00f3n"}]},{"@type":"WebSite","@id":"https:\/\/www.eldiario.net\/portal\/#website","url":"https:\/\/www.eldiario.net\/portal\/","name":"El Diario - Decano de la prensa nacional","description":"El Diario - Decano de la prensa nacional","publisher":{"@id":"https:\/\/www.eldiario.net\/portal\/#organization"},"potentialAction":[{"@type":"SearchAction","target":{"@type":"EntryPoint","urlTemplate":"https:\/\/www.eldiario.net\/portal\/?s={search_term_string}"},"query-input":{"@type":"PropertyValueSpecification","valueRequired":true,"valueName":"search_term_string"}}],"inLanguage":"es"},{"@type":"Organization","@id":"https:\/\/www.eldiario.net\/portal\/#organization","name":"El Diario - Decano de la prensa nacional","url":"https:\/\/www.eldiario.net\/portal\/","logo":{"@type":"ImageObject","inLanguage":"es","@id":"https:\/\/www.eldiario.net\/portal\/#\/schema\/logo\/image\/","url":"https:\/\/www.eldiario.net\/portal\/wp-content\/uploads\/2023\/07\/logo_ED.jpg","contentUrl":"https:\/\/www.eldiario.net\/portal\/wp-content\/uploads\/2023\/07\/logo_ED.jpg","width":272,"height":52,"caption":"El Diario - Decano de la prensa nacional"},"image":{"@id":"https:\/\/www.eldiario.net\/portal\/#\/schema\/logo\/image\/"},"sameAs":["https:\/\/www.facebook.com\/eldiario.bolivia\/","https:\/\/x.com\/eldiario_net"]},{"@type":"Person","@id":"https:\/\/www.eldiario.net\/portal\/#\/schema\/person\/f46445640444750d7d753ccd04ae01b7","name":"Jeanette","image":{"@type":"ImageObject","inLanguage":"es","@id":"https:\/\/secure.gravatar.com\/avatar\/3ea2118a5f7dad2b7138b1187a6b7ee55f160b9968b66013c3a3ef39dd7e5798?s=96&d=mm&r=g","url":"https:\/\/secure.gravatar.com\/avatar\/3ea2118a5f7dad2b7138b1187a6b7ee55f160b9968b66013c3a3ef39dd7e5798?s=96&d=mm&r=g","contentUrl":"https:\/\/secure.gravatar.com\/avatar\/3ea2118a5f7dad2b7138b1187a6b7ee55f160b9968b66013c3a3ef39dd7e5798?s=96&d=mm&r=g","caption":"Jeanette"},"sameAs":["https:\/\/www.eldiario.net\/portal"],"url":"https:\/\/www.eldiario.net\/portal\/author\/jeanette\/"}]}},"_links":{"self":[{"href":"https:\/\/www.eldiario.net\/portal\/wp-json\/wp\/v2\/posts\/142069","targetHints":{"allow":["GET"]}}],"collection":[{"href":"https:\/\/www.eldiario.net\/portal\/wp-json\/wp\/v2\/posts"}],"about":[{"href":"https:\/\/www.eldiario.net\/portal\/wp-json\/wp\/v2\/types\/post"}],"author":[{"embeddable":true,"href":"https:\/\/www.eldiario.net\/portal\/wp-json\/wp\/v2\/users\/1"}],"replies":[{"embeddable":true,"href":"https:\/\/www.eldiario.net\/portal\/wp-json\/wp\/v2\/comments?post=142069"}],"version-history":[{"count":0,"href":"https:\/\/www.eldiario.net\/portal\/wp-json\/wp\/v2\/posts\/142069\/revisions"}],"wp:attachment":[{"href":"https:\/\/www.eldiario.net\/portal\/wp-json\/wp\/v2\/media?parent=142069"}],"wp:term":[{"taxonomy":"category","embeddable":true,"href":"https:\/\/www.eldiario.net\/portal\/wp-json\/wp\/v2\/categories?post=142069"},{"taxonomy":"post_tag","embeddable":true,"href":"https:\/\/www.eldiario.net\/portal\/wp-json\/wp\/v2\/tags?post=142069"}],"curies":[{"name":"wp","href":"https:\/\/api.w.org\/{rel}","templated":true}]}}