{"id":142052,"date":"2023-03-08T06:28:39","date_gmt":"2023-03-08T10:28:39","guid":{"rendered":"https:\/\/www.eldiario.net\/portal\/?p=142052"},"modified":"2023-03-08T06:28:39","modified_gmt":"2023-03-08T10:28:39","slug":"tiempo-de-cuaresma","status":"publish","type":"post","link":"https:\/\/www.eldiario.net\/portal\/2023\/03\/08\/tiempo-de-cuaresma\/","title":{"rendered":"Tiempo de Cuaresma"},"content":{"rendered":"<p>Queridos lectores, pasadas ya las fiestas carnavaleras, es momento de comenzar a realizar recetas que se enmarcan en nuestro Calendario Gastron\u00f3mico Nacional, me refiero a recetas sin carne para poder prepararlas todos los viernes de Cuaresma.<\/p>\n<p>Comenzaremos utilizando un gran producto perteneciente al g\u00e9nero Solanum dentro la familia de las solan\u00e1ceas. La berenjena (Solanum melongena), originada posiblemente en el norte de la India, seg\u00fan investigaciones cient\u00edficas, se disemin\u00f3 hasta la China para el siglo V Despu\u00e9s de Cristo, adem\u00e1s convirti\u00e9ndose en el pa\u00eds de mayor producci\u00f3n mundial.<\/p>\n<p>La berenjena posee por cada 100 gr.: 21 Kcal, 1,2 gr. prote\u00ednas, 0,2 gr. grasas, 2,6 gr. hidratos de carbono,1,3 gr. fibra, 240 mg potasio, y 13 mcg. de \u00e1cido f\u00f3lico. Est\u00e1 compuesta por 92.6 % de agua, y no se olviden queridos lectores que los ingredientes que poseen color morado son perfectos antioxidantes debido a las antocianinas.<\/p>\n<p>La berenjena posee\u00a0 propiedades beneficiosas para los ri\u00f1ones, la presi\u00f3n arterial, la digesti\u00f3n de los \u00e1cidos grasos, gracias a las vitaminas B6, B1 y magnesio, que ayuda en el sistema nervioso y tambi\u00e9n a controlar el az\u00facar.<\/p>\n<p>Encuentro que la manera m\u00e1s saludable de conseguir los mejores beneficios de la berenjena y que absorba menos aceite es salarla antes de su cocci\u00f3n y no hay mejor forma de prepararla maximizando la textura de su carne que horne\u00e1ndola y es por eso que les traigo una deliciosa receta que comparto con ustedes a continuaci\u00f3n.<\/p>\n<p>&nbsp;<\/p>\n<p><strong>LASAGNA CON BERENJENA<\/strong><\/p>\n<p>&nbsp;<\/p>\n<p><strong>Para 8 porciones<\/strong><\/p>\n<p><strong>Ingredientes:<\/strong><\/p>\n<p>1 taza de vino blanco<\/p>\n<p>250 gr. champi\u00f1ones fileteados<\/p>\n<p>1 taza de cebolla blanca picada<\/p>\n<p>1 taza de piment\u00f3n rojo picado<\/p>\n<p>3 dientes de ajo machacados<\/p>\n<p>Sal y pimienta al gusto<\/p>\n<p>300 gr. queso ricota<\/p>\n<p>2 claras de huevo<\/p>\n<p>Margarina para untar<\/p>\n<p>2 tazas de salsa de tomate<\/p>\n<p>1 berenjena grande cortada en rodajas semi gruesas<\/p>\n<p>200 gr. de masa de lasagna precocida<\/p>\n<p>\u00bd taza de queso mozzarella rallado<\/p>\n<p><strong>Preparaci\u00f3n:<\/strong><\/p>\n<p>En una cacerola a fuego medio agregar el vino blanco, a\u00f1ada el champi\u00f1\u00f3n, la cebolla, el piment\u00f3n y el ajo, cocinar y revolver por unos 5 minutos hasta que los ingredientes est\u00e9n suaves. Salpimentar a gusto, retirar del fuego y reservar.<\/p>\n<p>En un bowl batir las claras suavemente y agregar el queso ricota, reservar.<\/p>\n<p>En un molde tipo pyrex o puede tambi\u00e9n usar un molde de barro, untar la margarina por todo el interior y comenzar a montar la lasagna alternando capas de salsa de tomate, berenjena, ahogado de champi\u00f1ones, lasagna y la mezcla de ricota.<\/p>\n<p>Repita las capas terminando con la salsa de tomate.<\/p>\n<p>Espolvorear queso mozzarella sobre toda la parte superior y llevar al horno precalentado a 180 \u00baC por 45 minutos aproximadamente y observar que el queso se gratine.<\/p>\n<p>Tip: Para quitar el sabor terroso y semi amargo de las berenjenas, luego de cortarlas en rodajas, ponerlas en un bowl con agua fr\u00eda una por una agregando sal en ambos lados y d\u00e9jelas reposar por aproximadamente 15 a 30 minutos, las berenjenas sudar\u00e1n debido a que las mol\u00e9culas de sodio extraen el agua de la berenjena al exterior junto con su amargor.<\/p>\n<p><strong>Emplatado:<\/strong><\/p>\n<p>Servir las porciones en un plato plano y si desea puede decorar con hojas de albahaca fresca y disfrute.<\/p>\n<p>Queridos lectores nos vemos en una siguiente receta y no olviden que:<\/p>\n<p>\u201cLa comida hecha con amor, f\u00edsica, qu\u00edmica y biol\u00f3gicamente sabe mejor\u201d<\/p>\n<p>Chef Franz R. Arandia Belmonte<\/p>\n<p>Gastr\u00f3nomo Profesional e Investigador Gastron\u00f3mico<\/p>\n<p>&nbsp;<\/p>\n<p>Facebook Fan Page: Chef Ara\u00f1a<\/p>\n<p>Facebook: Ara\u00f1a del monte<\/p>\n<p>Facebook: Paladar Mundial Un Gusto Surreal<\/p>\n<p>Blog: Gastrobiologia.wordpress.com<\/p>\n<p>Instagram: Arana_del_monte<\/p>\n<p>Tik tok: chef.aranha<\/p>\n\n","protected":false},"excerpt":{"rendered":"<p>Queridos lectores, pasadas ya las fiestas carnavaleras, es momento de comenzar a realizar recetas que se enmarcan en nuestro Calendario Gastron\u00f3mico Nacional, me refiero a recetas sin carne para poder prepararlas todos los viernes de Cuaresma. Comenzaremos utilizando un gran producto perteneciente al g\u00e9nero Solanum dentro la familia de las solan\u00e1ceas. La berenjena (Solanum melongena), [&hellip;]<\/p>\n","protected":false},"author":1,"featured_media":142053,"comment_status":"closed","ping_status":"closed","sticky":false,"template":"","format":"standard","meta":{"_acf_changed":false,"footnotes":""},"categories":[42],"tags":[],"class_list":["post-142052","post","type-post","status-publish","format-standard","has-post-thumbnail","category-femenina"],"acf":{"antetitulo":""},"yoast_head":"<!-- This site is optimized with the Yoast SEO plugin v28.4 - https:\/\/yoast.com\/product\/yoast-seo-wordpress\/ -->\n<title>Tiempo de Cuaresma - El Diario - Bolivia<\/title>\n<meta name=\"robots\" content=\"index, follow, max-snippet:-1, max-image-preview:large, max-video-preview:-1\" \/>\n<link rel=\"canonical\" href=\"https:\/\/www.eldiario.net\/portal\/2023\/03\/08\/tiempo-de-cuaresma\/\" \/>\n<meta property=\"og:locale\" content=\"es_ES\" \/>\n<meta property=\"og:type\" content=\"article\" \/>\n<meta property=\"og:title\" content=\"Tiempo de Cuaresma - El Diario - Bolivia\" \/>\n<meta property=\"og:description\" content=\"Queridos lectores, pasadas ya las fiestas carnavaleras, es momento de comenzar a realizar recetas que se enmarcan en nuestro Calendario Gastron\u00f3mico Nacional, me refiero a recetas sin carne para poder prepararlas todos los viernes de Cuaresma. Comenzaremos utilizando un gran producto perteneciente al g\u00e9nero Solanum dentro la familia de las solan\u00e1ceas. La berenjena (Solanum melongena), [&hellip;]\" \/>\n<meta property=\"og:url\" content=\"https:\/\/www.eldiario.net\/portal\/2023\/03\/08\/tiempo-de-cuaresma\/\" \/>\n<meta property=\"og:site_name\" content=\"El Diario - Bolivia\" \/>\n<meta property=\"article:publisher\" content=\"https:\/\/www.facebook.com\/eldiario.bolivia\/\" \/>\n<meta property=\"article:published_time\" content=\"2023-03-08T10:28:39+00:00\" \/>\n<meta name=\"author\" content=\"Jeanette\" \/>\n<meta name=\"twitter:card\" content=\"summary_large_image\" \/>\n<meta name=\"twitter:creator\" content=\"@eldiario_net\" \/>\n<meta name=\"twitter:site\" content=\"@eldiario_net\" \/>\n<meta name=\"twitter:label1\" content=\"Escrito por\" \/>\n\t<meta name=\"twitter:data1\" content=\"Jeanette\" \/>\n\t<meta name=\"twitter:label2\" content=\"Tiempo de lectura\" \/>\n\t<meta name=\"twitter:data2\" content=\"3 minutos\" \/>\n<script type=\"application\/ld+json\" class=\"yoast-schema-graph\">{\"@context\":\"https:\\\/\\\/schema.org\",\"@graph\":[{\"@type\":\"Article\",\"@id\":\"https:\\\/\\\/www.eldiario.net\\\/portal\\\/2023\\\/03\\\/08\\\/tiempo-de-cuaresma\\\/#article\",\"isPartOf\":{\"@id\":\"https:\\\/\\\/www.eldiario.net\\\/portal\\\/2023\\\/03\\\/08\\\/tiempo-de-cuaresma\\\/\"},\"author\":{\"name\":\"Jeanette\",\"@id\":\"https:\\\/\\\/www.eldiario.net\\\/portal\\\/#\\\/schema\\\/person\\\/f46445640444750d7d753ccd04ae01b7\"},\"headline\":\"Tiempo de Cuaresma\",\"datePublished\":\"2023-03-08T10:28:39+00:00\",\"mainEntityOfPage\":{\"@id\":\"https:\\\/\\\/www.eldiario.net\\\/portal\\\/2023\\\/03\\\/08\\\/tiempo-de-cuaresma\\\/\"},\"wordCount\":615,\"publisher\":{\"@id\":\"https:\\\/\\\/www.eldiario.net\\\/portal\\\/#organization\"},\"image\":{\"@id\":\"https:\\\/\\\/www.eldiario.net\\\/portal\\\/2023\\\/03\\\/08\\\/tiempo-de-cuaresma\\\/#primaryimage\"},\"thumbnailUrl\":\"\",\"articleSection\":[\"Femenina\"],\"inLanguage\":\"es\"},{\"@type\":\"WebPage\",\"@id\":\"https:\\\/\\\/www.eldiario.net\\\/portal\\\/2023\\\/03\\\/08\\\/tiempo-de-cuaresma\\\/\",\"url\":\"https:\\\/\\\/www.eldiario.net\\\/portal\\\/2023\\\/03\\\/08\\\/tiempo-de-cuaresma\\\/\",\"name\":\"Tiempo de Cuaresma - El Diario - Bolivia\",\"isPartOf\":{\"@id\":\"https:\\\/\\\/www.eldiario.net\\\/portal\\\/#website\"},\"primaryImageOfPage\":{\"@id\":\"https:\\\/\\\/www.eldiario.net\\\/portal\\\/2023\\\/03\\\/08\\\/tiempo-de-cuaresma\\\/#primaryimage\"},\"image\":{\"@id\":\"https:\\\/\\\/www.eldiario.net\\\/portal\\\/2023\\\/03\\\/08\\\/tiempo-de-cuaresma\\\/#primaryimage\"},\"thumbnailUrl\":\"\",\"datePublished\":\"2023-03-08T10:28:39+00:00\",\"breadcrumb\":{\"@id\":\"https:\\\/\\\/www.eldiario.net\\\/portal\\\/2023\\\/03\\\/08\\\/tiempo-de-cuaresma\\\/#breadcrumb\"},\"inLanguage\":\"es\",\"potentialAction\":[{\"@type\":\"ReadAction\",\"target\":[\"https:\\\/\\\/www.eldiario.net\\\/portal\\\/2023\\\/03\\\/08\\\/tiempo-de-cuaresma\\\/\"]}]},{\"@type\":\"ImageObject\",\"inLanguage\":\"es\",\"@id\":\"https:\\\/\\\/www.eldiario.net\\\/portal\\\/2023\\\/03\\\/08\\\/tiempo-de-cuaresma\\\/#primaryimage\",\"url\":\"\",\"contentUrl\":\"\"},{\"@type\":\"BreadcrumbList\",\"@id\":\"https:\\\/\\\/www.eldiario.net\\\/portal\\\/2023\\\/03\\\/08\\\/tiempo-de-cuaresma\\\/#breadcrumb\",\"itemListElement\":[{\"@type\":\"ListItem\",\"position\":1,\"name\":\"Portada\",\"item\":\"https:\\\/\\\/www.eldiario.net\\\/portal\\\/\"},{\"@type\":\"ListItem\",\"position\":2,\"name\":\"Tiempo de Cuaresma\"}]},{\"@type\":\"WebSite\",\"@id\":\"https:\\\/\\\/www.eldiario.net\\\/portal\\\/#website\",\"url\":\"https:\\\/\\\/www.eldiario.net\\\/portal\\\/\",\"name\":\"El Diario - Decano de la prensa nacional\",\"description\":\"El Diario - Decano de la prensa nacional\",\"publisher\":{\"@id\":\"https:\\\/\\\/www.eldiario.net\\\/portal\\\/#organization\"},\"potentialAction\":[{\"@type\":\"SearchAction\",\"target\":{\"@type\":\"EntryPoint\",\"urlTemplate\":\"https:\\\/\\\/www.eldiario.net\\\/portal\\\/?s={search_term_string}\"},\"query-input\":{\"@type\":\"PropertyValueSpecification\",\"valueRequired\":true,\"valueName\":\"search_term_string\"}}],\"inLanguage\":\"es\"},{\"@type\":\"Organization\",\"@id\":\"https:\\\/\\\/www.eldiario.net\\\/portal\\\/#organization\",\"name\":\"El Diario - Decano de la prensa nacional\",\"url\":\"https:\\\/\\\/www.eldiario.net\\\/portal\\\/\",\"logo\":{\"@type\":\"ImageObject\",\"inLanguage\":\"es\",\"@id\":\"https:\\\/\\\/www.eldiario.net\\\/portal\\\/#\\\/schema\\\/logo\\\/image\\\/\",\"url\":\"https:\\\/\\\/www.eldiario.net\\\/portal\\\/wp-content\\\/uploads\\\/2023\\\/07\\\/logo_ED.jpg\",\"contentUrl\":\"https:\\\/\\\/www.eldiario.net\\\/portal\\\/wp-content\\\/uploads\\\/2023\\\/07\\\/logo_ED.jpg\",\"width\":272,\"height\":52,\"caption\":\"El Diario - Decano de la prensa nacional\"},\"image\":{\"@id\":\"https:\\\/\\\/www.eldiario.net\\\/portal\\\/#\\\/schema\\\/logo\\\/image\\\/\"},\"sameAs\":[\"https:\\\/\\\/www.facebook.com\\\/eldiario.bolivia\\\/\",\"https:\\\/\\\/x.com\\\/eldiario_net\"]},{\"@type\":\"Person\",\"@id\":\"https:\\\/\\\/www.eldiario.net\\\/portal\\\/#\\\/schema\\\/person\\\/f46445640444750d7d753ccd04ae01b7\",\"name\":\"Jeanette\",\"image\":{\"@type\":\"ImageObject\",\"inLanguage\":\"es\",\"@id\":\"https:\\\/\\\/secure.gravatar.com\\\/avatar\\\/3ea2118a5f7dad2b7138b1187a6b7ee55f160b9968b66013c3a3ef39dd7e5798?s=96&d=mm&r=g\",\"url\":\"https:\\\/\\\/secure.gravatar.com\\\/avatar\\\/3ea2118a5f7dad2b7138b1187a6b7ee55f160b9968b66013c3a3ef39dd7e5798?s=96&d=mm&r=g\",\"contentUrl\":\"https:\\\/\\\/secure.gravatar.com\\\/avatar\\\/3ea2118a5f7dad2b7138b1187a6b7ee55f160b9968b66013c3a3ef39dd7e5798?s=96&d=mm&r=g\",\"caption\":\"Jeanette\"},\"sameAs\":[\"https:\\\/\\\/www.eldiario.net\\\/portal\"],\"url\":\"https:\\\/\\\/www.eldiario.net\\\/portal\\\/author\\\/jeanette\\\/\"}]}<\/script>\n<!-- \/ Yoast SEO plugin. -->","yoast_head_json":{"title":"Tiempo de Cuaresma - El Diario - Bolivia","robots":{"index":"index","follow":"follow","max-snippet":"max-snippet:-1","max-image-preview":"max-image-preview:large","max-video-preview":"max-video-preview:-1"},"canonical":"https:\/\/www.eldiario.net\/portal\/2023\/03\/08\/tiempo-de-cuaresma\/","og_locale":"es_ES","og_type":"article","og_title":"Tiempo de Cuaresma - El Diario - Bolivia","og_description":"Queridos lectores, pasadas ya las fiestas carnavaleras, es momento de comenzar a realizar recetas que se enmarcan en nuestro Calendario Gastron\u00f3mico Nacional, me refiero a recetas sin carne para poder prepararlas todos los viernes de Cuaresma. Comenzaremos utilizando un gran producto perteneciente al g\u00e9nero Solanum dentro la familia de las solan\u00e1ceas. La berenjena (Solanum melongena), [&hellip;]","og_url":"https:\/\/www.eldiario.net\/portal\/2023\/03\/08\/tiempo-de-cuaresma\/","og_site_name":"El Diario - Bolivia","article_publisher":"https:\/\/www.facebook.com\/eldiario.bolivia\/","article_published_time":"2023-03-08T10:28:39+00:00","author":"Jeanette","twitter_card":"summary_large_image","twitter_creator":"@eldiario_net","twitter_site":"@eldiario_net","twitter_misc":{"Escrito por":"Jeanette","Tiempo de lectura":"3 minutos"},"schema":{"@context":"https:\/\/schema.org","@graph":[{"@type":"Article","@id":"https:\/\/www.eldiario.net\/portal\/2023\/03\/08\/tiempo-de-cuaresma\/#article","isPartOf":{"@id":"https:\/\/www.eldiario.net\/portal\/2023\/03\/08\/tiempo-de-cuaresma\/"},"author":{"name":"Jeanette","@id":"https:\/\/www.eldiario.net\/portal\/#\/schema\/person\/f46445640444750d7d753ccd04ae01b7"},"headline":"Tiempo de Cuaresma","datePublished":"2023-03-08T10:28:39+00:00","mainEntityOfPage":{"@id":"https:\/\/www.eldiario.net\/portal\/2023\/03\/08\/tiempo-de-cuaresma\/"},"wordCount":615,"publisher":{"@id":"https:\/\/www.eldiario.net\/portal\/#organization"},"image":{"@id":"https:\/\/www.eldiario.net\/portal\/2023\/03\/08\/tiempo-de-cuaresma\/#primaryimage"},"thumbnailUrl":"","articleSection":["Femenina"],"inLanguage":"es"},{"@type":"WebPage","@id":"https:\/\/www.eldiario.net\/portal\/2023\/03\/08\/tiempo-de-cuaresma\/","url":"https:\/\/www.eldiario.net\/portal\/2023\/03\/08\/tiempo-de-cuaresma\/","name":"Tiempo de Cuaresma - El Diario - Bolivia","isPartOf":{"@id":"https:\/\/www.eldiario.net\/portal\/#website"},"primaryImageOfPage":{"@id":"https:\/\/www.eldiario.net\/portal\/2023\/03\/08\/tiempo-de-cuaresma\/#primaryimage"},"image":{"@id":"https:\/\/www.eldiario.net\/portal\/2023\/03\/08\/tiempo-de-cuaresma\/#primaryimage"},"thumbnailUrl":"","datePublished":"2023-03-08T10:28:39+00:00","breadcrumb":{"@id":"https:\/\/www.eldiario.net\/portal\/2023\/03\/08\/tiempo-de-cuaresma\/#breadcrumb"},"inLanguage":"es","potentialAction":[{"@type":"ReadAction","target":["https:\/\/www.eldiario.net\/portal\/2023\/03\/08\/tiempo-de-cuaresma\/"]}]},{"@type":"ImageObject","inLanguage":"es","@id":"https:\/\/www.eldiario.net\/portal\/2023\/03\/08\/tiempo-de-cuaresma\/#primaryimage","url":"","contentUrl":""},{"@type":"BreadcrumbList","@id":"https:\/\/www.eldiario.net\/portal\/2023\/03\/08\/tiempo-de-cuaresma\/#breadcrumb","itemListElement":[{"@type":"ListItem","position":1,"name":"Portada","item":"https:\/\/www.eldiario.net\/portal\/"},{"@type":"ListItem","position":2,"name":"Tiempo de Cuaresma"}]},{"@type":"WebSite","@id":"https:\/\/www.eldiario.net\/portal\/#website","url":"https:\/\/www.eldiario.net\/portal\/","name":"El Diario - Decano de la prensa nacional","description":"El Diario - Decano de la prensa nacional","publisher":{"@id":"https:\/\/www.eldiario.net\/portal\/#organization"},"potentialAction":[{"@type":"SearchAction","target":{"@type":"EntryPoint","urlTemplate":"https:\/\/www.eldiario.net\/portal\/?s={search_term_string}"},"query-input":{"@type":"PropertyValueSpecification","valueRequired":true,"valueName":"search_term_string"}}],"inLanguage":"es"},{"@type":"Organization","@id":"https:\/\/www.eldiario.net\/portal\/#organization","name":"El Diario - Decano de la prensa nacional","url":"https:\/\/www.eldiario.net\/portal\/","logo":{"@type":"ImageObject","inLanguage":"es","@id":"https:\/\/www.eldiario.net\/portal\/#\/schema\/logo\/image\/","url":"https:\/\/www.eldiario.net\/portal\/wp-content\/uploads\/2023\/07\/logo_ED.jpg","contentUrl":"https:\/\/www.eldiario.net\/portal\/wp-content\/uploads\/2023\/07\/logo_ED.jpg","width":272,"height":52,"caption":"El Diario - Decano de la prensa nacional"},"image":{"@id":"https:\/\/www.eldiario.net\/portal\/#\/schema\/logo\/image\/"},"sameAs":["https:\/\/www.facebook.com\/eldiario.bolivia\/","https:\/\/x.com\/eldiario_net"]},{"@type":"Person","@id":"https:\/\/www.eldiario.net\/portal\/#\/schema\/person\/f46445640444750d7d753ccd04ae01b7","name":"Jeanette","image":{"@type":"ImageObject","inLanguage":"es","@id":"https:\/\/secure.gravatar.com\/avatar\/3ea2118a5f7dad2b7138b1187a6b7ee55f160b9968b66013c3a3ef39dd7e5798?s=96&d=mm&r=g","url":"https:\/\/secure.gravatar.com\/avatar\/3ea2118a5f7dad2b7138b1187a6b7ee55f160b9968b66013c3a3ef39dd7e5798?s=96&d=mm&r=g","contentUrl":"https:\/\/secure.gravatar.com\/avatar\/3ea2118a5f7dad2b7138b1187a6b7ee55f160b9968b66013c3a3ef39dd7e5798?s=96&d=mm&r=g","caption":"Jeanette"},"sameAs":["https:\/\/www.eldiario.net\/portal"],"url":"https:\/\/www.eldiario.net\/portal\/author\/jeanette\/"}]}},"_links":{"self":[{"href":"https:\/\/www.eldiario.net\/portal\/wp-json\/wp\/v2\/posts\/142052","targetHints":{"allow":["GET"]}}],"collection":[{"href":"https:\/\/www.eldiario.net\/portal\/wp-json\/wp\/v2\/posts"}],"about":[{"href":"https:\/\/www.eldiario.net\/portal\/wp-json\/wp\/v2\/types\/post"}],"author":[{"embeddable":true,"href":"https:\/\/www.eldiario.net\/portal\/wp-json\/wp\/v2\/users\/1"}],"replies":[{"embeddable":true,"href":"https:\/\/www.eldiario.net\/portal\/wp-json\/wp\/v2\/comments?post=142052"}],"version-history":[{"count":0,"href":"https:\/\/www.eldiario.net\/portal\/wp-json\/wp\/v2\/posts\/142052\/revisions"}],"wp:attachment":[{"href":"https:\/\/www.eldiario.net\/portal\/wp-json\/wp\/v2\/media?parent=142052"}],"wp:term":[{"taxonomy":"category","embeddable":true,"href":"https:\/\/www.eldiario.net\/portal\/wp-json\/wp\/v2\/categories?post=142052"},{"taxonomy":"post_tag","embeddable":true,"href":"https:\/\/www.eldiario.net\/portal\/wp-json\/wp\/v2\/tags?post=142052"}],"curies":[{"name":"wp","href":"https:\/\/api.w.org\/{rel}","templated":true}]}}