{"id":142039,"date":"2023-03-08T06:26:31","date_gmt":"2023-03-08T10:26:31","guid":{"rendered":"https:\/\/www.eldiario.net\/portal\/?p=142039"},"modified":"2023-03-08T06:26:31","modified_gmt":"2023-03-08T10:26:31","slug":"horoscopo-semanal-63","status":"publish","type":"post","link":"https:\/\/www.eldiario.net\/portal\/2023\/03\/08\/horoscopo-semanal-63\/","title":{"rendered":"Hor\u00f3scopo semanal"},"content":{"rendered":"<p><strong><em>Nota a los lectores:\u00a0<\/em><\/strong><em>Betty\u00a0B.\u00a0Mercado, sobrina y colaboradora del fallecido astr\u00f3logo Walter Mercado, contin\u00faa su legado escribiendo los hor\u00f3scopos.<\/em><\/p>\n<p><strong>Aries<\/strong><\/p>\n<p><strong>(20 de marzo &#8211;\u00a018 de abril)<\/strong><\/p>\n<p>Vivir\u00e1s ahora m\u00e1s en el esp\u00edritu que en la carne o lo material. Tus sue\u00f1os ser\u00e1n prof\u00e9ticos y tus revelaciones muy acertadas. Todo lo art\u00edstico y creativo en ti, te abre puertas que estuvieron cerradas. Muchas coincidencias, as\u00ed como casualidades no tendr\u00e1n explicaci\u00f3n para ti, pero conf\u00eda en que todo ser\u00e1 para tu bien, todo tiene un orden Divino. N\u00fameros de suerte: 6, 17, 14.<\/p>\n<p><strong>Tauro<\/strong><\/p>\n<p><strong>(19 de abril &#8211; 19\u00a0de mayo)<\/strong><\/p>\n<p>Tu fe en Dios, en tus seres de luz y en ti mismo se fortalece. Har\u00e1s m\u00e1s, te encumbrar\u00e1s y lograr\u00e1s aparentes imposibles. Obtienes el \u00e9xito en lo econ\u00f3mico y podr\u00e1s darte el lujo de comprarte algo que siempre has deseado. Extender\u00e1s tus horizontes. Te reir\u00e1s de retos y obst\u00e1culos. Vencer\u00e1s sobre enemigos y competidores. N\u00fameros de suerte: 16, 40, 32.<\/p>\n<p><strong>G\u00e9minis<\/strong><\/p>\n<p><strong>(20 de mayo &#8211; 19\u00a0de junio)<\/strong><\/p>\n<p>Si tienes hijos o nietos ser\u00e1s muy popular entre ellos. Los mismos ser\u00e1n motivo de orgullo y alegr\u00edas para ti. Tambi\u00e9n se exalta favorablemente el matrimonio, uniones serias, estables, admiradores, seguidores y asociaciones. Te unes a las personas correctas que puedan unir fuerzas contigo para obtener el \u00e9xito que buscas. N\u00fameros de suerte: 48, 2, 19.<\/p>\n<p><strong>C\u00e1ncer<\/strong><\/p>\n<p><strong>(20 de junio &#8211;\u00a021 de julio)<\/strong><\/p>\n<p>Ponte m\u00e1s serio en lo que al amor se refiere para que puedas actuar con mayor cordura. Busca la compa\u00f1\u00eda de alguien sumamente comprensivo y espiritual. Entierra toda relaci\u00f3n que te atrasa y \u00e1brete a aquella en que haya compatibilidad mental y f\u00edsica. Termina con los juegos o los coqueteos amorosos, no te convienen, C\u00e1ncer. N\u00fameros de suerte: 18, 45, 30.<\/p>\n<p><strong>Leo<\/strong><\/p>\n<p><strong>(22 de julio &#8211;\u00a021 de agosto)<\/strong><\/p>\n<p>S\u00e9 m\u00e1s selectivo al escoger pareja y no mendigues afecto a quien nada puede ofrecerte. Cuidado con repetir errores pasados de entregar tu coraz\u00f3n a quien menos se lo merece. Los que ya tienen pareja se enfrentan a tomar una decisi\u00f3n de seguir unidos por compasi\u00f3n, o romper civilizadamente para que cada cual pueda realizarse en el amor. N\u00fameros de suerte: 50, 4, 26.<\/p>\n<p><strong>Virgo<\/strong><\/p>\n<p><strong>(22 de agosto &#8211;\u00a021 de sept.)<\/strong><\/p>\n<p>Recupera tu centro, date valor. No vivas para complacer a tu pareja o a tu familia, compl\u00e1cete a ti. Cuando est\u00e9s saturado de amor propio podr\u00e1s compartir tu riqueza interior con otros. Todo lo que hagas por mejorar tu cuerpo, tu piel y tu cabello dar\u00e1 excelentes resultados. Cuida tu persona embelleci\u00e9ndote por dentro y por fuera. N\u00fameros de suerte: 44, 37, 3.<\/p>\n<p><strong>Libra<\/strong><\/p>\n<p><strong>(22 de sept. &#8211;<\/strong><strong>\u00a022 de oct.)<\/strong><\/p>\n<p>La \u00e9poca de las vacas flacas acab\u00f3 para ti y la prosperidad vuelve a reinar en tu vida. Tu salud mental ir\u00e1 a la par que la f\u00edsica, pero cu\u00eddate de alergias, nervios y peque\u00f1os accidentes. Por otro lado, se caen falsas figuras autoritarias y sales de dogmas caducos y depresivos. Te unes a almas libres, seres art\u00edsticos, espirituales y creativos. N\u00fameros de suerte: 15, 4, 31.<\/p>\n<p><strong>Escorpi\u00f3n<\/strong><\/p>\n<p><strong>(23 de oct. &#8211; 20 de nov.)<\/strong><\/p>\n<p>Nuevos intereses le dar\u00e1n color y sabor a tu vida. Nada ni nadie podr\u00e1 paralizar tu ascenso a nuevas cumbres. Despu\u00e9s del desenga\u00f1o y el sacrificio te llegan los laureles. El dinero vuelve a fluir y te pagan lo adeudado. Cumplir\u00e1s con tu familia, amigos y asociados, pero te asegurar\u00e1s de cumplir primero contigo. N\u00fameros de suerte: 28, 9, 11<em>.<\/em><\/p>\n<p><strong>Sagitario<\/strong><\/p>\n<p><strong>(21 de nov. &#8211;<\/strong><strong>\u00a020 de dic.)<\/strong><\/p>\n<p>Tu comunicaci\u00f3n se torna ahora franca, directa y llegar\u00e1 al coraz\u00f3n de todos. El miedo y la inseguridad se acaban para ti. Te atrever\u00e1s a revelar los secretos de tu coraz\u00f3n. Estar\u00e1s fuerte, poderoso, decidido y capaz de todo. Si est\u00e1s soltero, se te presentan oportunidades de ser feliz con alguien compatible contigo. N\u00fameros de suerte: 13, 7, 18.<\/p>\n<p><strong>Capricornio<\/strong><\/p>\n<p><strong>(21 de dic. &#8211;<\/strong><strong>\u00a018 de ene.)<\/strong><\/p>\n<p>Aprovecha toda la energ\u00eda c\u00f3smica positiva que ahora se derrama sobre ti. Piensa y afirma diariamente prosperidad y abundancia y vencer\u00e1s todo lo negativo. Se te presentan oportunidades para estudiar y ganar buen dinero, aprov\u00e9chalas. Se impone que te valores, te respetes, recuperes tu dignidad y amor propio. N\u00fameros de suerte: 32, 15, 3.<\/p>\n<p><strong>Acuario<\/strong><\/p>\n<p><strong>(19 de ene. &#8211;\u00a017 de feb.)<\/strong><\/p>\n<p>La energ\u00eda de los planetas te ayudar\u00e1 a sanar todo lo que aparentemente te ha destruido. Te sentir\u00e1s m\u00e1s maduro y capacitado para enfrentar los problemas. Clarificar\u00e1s tus creencias y encontrar\u00e1s tu verdad. Entrar\u00e1s en una fase de introspecci\u00f3n para analizar todo lo pasado que ha dejado huella o trauma en tu vida. N\u00fameros de suerte: 13, 28, 5.<\/p>\n<p><strong>Piscis<\/strong><\/p>\n<p><strong>(18 de feb. &#8211; 19\u00a0de marzo)<\/strong><\/p>\n<p>Tu pensamiento ser\u00e1 un instrumento poderoso para magnetizar lo que t\u00fa deseas y conseguirlo. Saldr\u00e1s de la rutina y te atrever\u00e1s a realizar lo que nunca osaste hacer. Pensar\u00e1s y decidir\u00e1s ahora con m\u00e1s rapidez. Nadie podr\u00e1 adelantarse o tomarte la iniciativa. Recuperas el dominio absoluto de tus decisiones. N\u00fameros de suerte: 33, 1, 48.<\/p>\n<p>&nbsp;<\/p>\n","protected":false},"excerpt":{"rendered":"<p>Nota a los lectores:\u00a0Betty\u00a0B.\u00a0Mercado, sobrina y colaboradora del fallecido astr\u00f3logo Walter Mercado, contin\u00faa su legado escribiendo los hor\u00f3scopos. Aries (20 de marzo &#8211;\u00a018 de abril) Vivir\u00e1s ahora m\u00e1s en el esp\u00edritu que en la carne o lo material. Tus sue\u00f1os ser\u00e1n prof\u00e9ticos y tus revelaciones muy acertadas. Todo lo art\u00edstico y creativo en ti, te [&hellip;]<\/p>\n","protected":false},"author":1,"featured_media":138730,"comment_status":"closed","ping_status":"closed","sticky":false,"template":"","format":"standard","meta":{"_acf_changed":false,"footnotes":""},"categories":[42],"tags":[],"class_list":["post-142039","post","type-post","status-publish","format-standard","has-post-thumbnail","category-femenina"],"acf":{"antetitulo":""},"yoast_head":"<!-- This site is optimized with the Yoast SEO plugin v28.4 - https:\/\/yoast.com\/product\/yoast-seo-wordpress\/ -->\n<title>Hor\u00f3scopo semanal - El Diario - Bolivia<\/title>\n<meta name=\"robots\" content=\"index, follow, max-snippet:-1, max-image-preview:large, max-video-preview:-1\" \/>\n<link rel=\"canonical\" href=\"https:\/\/www.eldiario.net\/portal\/2023\/03\/08\/horoscopo-semanal-63\/\" \/>\n<meta property=\"og:locale\" content=\"es_ES\" \/>\n<meta property=\"og:type\" content=\"article\" \/>\n<meta property=\"og:title\" content=\"Hor\u00f3scopo semanal - El Diario - Bolivia\" \/>\n<meta property=\"og:description\" content=\"Nota a los lectores:\u00a0Betty\u00a0B.\u00a0Mercado, sobrina y colaboradora del fallecido astr\u00f3logo Walter Mercado, contin\u00faa su legado escribiendo los hor\u00f3scopos. Aries (20 de marzo &#8211;\u00a018 de abril) Vivir\u00e1s ahora m\u00e1s en el esp\u00edritu que en la carne o lo material. Tus sue\u00f1os ser\u00e1n prof\u00e9ticos y tus revelaciones muy acertadas. Todo lo art\u00edstico y creativo en ti, te [&hellip;]\" \/>\n<meta property=\"og:url\" content=\"https:\/\/www.eldiario.net\/portal\/2023\/03\/08\/horoscopo-semanal-63\/\" \/>\n<meta property=\"og:site_name\" content=\"El Diario - Bolivia\" \/>\n<meta property=\"article:publisher\" content=\"https:\/\/www.facebook.com\/eldiario.bolivia\/\" \/>\n<meta property=\"article:published_time\" content=\"2023-03-08T10:26:31+00:00\" \/>\n<meta name=\"author\" content=\"Jeanette\" \/>\n<meta name=\"twitter:card\" content=\"summary_large_image\" \/>\n<meta name=\"twitter:creator\" content=\"@eldiario_net\" \/>\n<meta name=\"twitter:site\" content=\"@eldiario_net\" \/>\n<meta name=\"twitter:label1\" content=\"Escrito por\" \/>\n\t<meta name=\"twitter:data1\" content=\"Jeanette\" \/>\n\t<meta name=\"twitter:label2\" content=\"Tiempo de lectura\" \/>\n\t<meta name=\"twitter:data2\" content=\"4 minutos\" \/>\n<script type=\"application\/ld+json\" class=\"yoast-schema-graph\">{\"@context\":\"https:\\\/\\\/schema.org\",\"@graph\":[{\"@type\":\"Article\",\"@id\":\"https:\\\/\\\/www.eldiario.net\\\/portal\\\/2023\\\/03\\\/08\\\/horoscopo-semanal-63\\\/#article\",\"isPartOf\":{\"@id\":\"https:\\\/\\\/www.eldiario.net\\\/portal\\\/2023\\\/03\\\/08\\\/horoscopo-semanal-63\\\/\"},\"author\":{\"name\":\"Jeanette\",\"@id\":\"https:\\\/\\\/www.eldiario.net\\\/portal\\\/#\\\/schema\\\/person\\\/f46445640444750d7d753ccd04ae01b7\"},\"headline\":\"Hor\u00f3scopo semanal\",\"datePublished\":\"2023-03-08T10:26:31+00:00\",\"mainEntityOfPage\":{\"@id\":\"https:\\\/\\\/www.eldiario.net\\\/portal\\\/2023\\\/03\\\/08\\\/horoscopo-semanal-63\\\/\"},\"wordCount\":871,\"publisher\":{\"@id\":\"https:\\\/\\\/www.eldiario.net\\\/portal\\\/#organization\"},\"image\":{\"@id\":\"https:\\\/\\\/www.eldiario.net\\\/portal\\\/2023\\\/03\\\/08\\\/horoscopo-semanal-63\\\/#primaryimage\"},\"thumbnailUrl\":\"\",\"articleSection\":[\"Femenina\"],\"inLanguage\":\"es\"},{\"@type\":\"WebPage\",\"@id\":\"https:\\\/\\\/www.eldiario.net\\\/portal\\\/2023\\\/03\\\/08\\\/horoscopo-semanal-63\\\/\",\"url\":\"https:\\\/\\\/www.eldiario.net\\\/portal\\\/2023\\\/03\\\/08\\\/horoscopo-semanal-63\\\/\",\"name\":\"Hor\u00f3scopo semanal - El Diario - Bolivia\",\"isPartOf\":{\"@id\":\"https:\\\/\\\/www.eldiario.net\\\/portal\\\/#website\"},\"primaryImageOfPage\":{\"@id\":\"https:\\\/\\\/www.eldiario.net\\\/portal\\\/2023\\\/03\\\/08\\\/horoscopo-semanal-63\\\/#primaryimage\"},\"image\":{\"@id\":\"https:\\\/\\\/www.eldiario.net\\\/portal\\\/2023\\\/03\\\/08\\\/horoscopo-semanal-63\\\/#primaryimage\"},\"thumbnailUrl\":\"\",\"datePublished\":\"2023-03-08T10:26:31+00:00\",\"breadcrumb\":{\"@id\":\"https:\\\/\\\/www.eldiario.net\\\/portal\\\/2023\\\/03\\\/08\\\/horoscopo-semanal-63\\\/#breadcrumb\"},\"inLanguage\":\"es\",\"potentialAction\":[{\"@type\":\"ReadAction\",\"target\":[\"https:\\\/\\\/www.eldiario.net\\\/portal\\\/2023\\\/03\\\/08\\\/horoscopo-semanal-63\\\/\"]}]},{\"@type\":\"ImageObject\",\"inLanguage\":\"es\",\"@id\":\"https:\\\/\\\/www.eldiario.net\\\/portal\\\/2023\\\/03\\\/08\\\/horoscopo-semanal-63\\\/#primaryimage\",\"url\":\"\",\"contentUrl\":\"\"},{\"@type\":\"BreadcrumbList\",\"@id\":\"https:\\\/\\\/www.eldiario.net\\\/portal\\\/2023\\\/03\\\/08\\\/horoscopo-semanal-63\\\/#breadcrumb\",\"itemListElement\":[{\"@type\":\"ListItem\",\"position\":1,\"name\":\"Portada\",\"item\":\"https:\\\/\\\/www.eldiario.net\\\/portal\\\/\"},{\"@type\":\"ListItem\",\"position\":2,\"name\":\"Hor\u00f3scopo semanal\"}]},{\"@type\":\"WebSite\",\"@id\":\"https:\\\/\\\/www.eldiario.net\\\/portal\\\/#website\",\"url\":\"https:\\\/\\\/www.eldiario.net\\\/portal\\\/\",\"name\":\"El Diario - Decano de la prensa nacional\",\"description\":\"El Diario - Decano de la prensa nacional\",\"publisher\":{\"@id\":\"https:\\\/\\\/www.eldiario.net\\\/portal\\\/#organization\"},\"potentialAction\":[{\"@type\":\"SearchAction\",\"target\":{\"@type\":\"EntryPoint\",\"urlTemplate\":\"https:\\\/\\\/www.eldiario.net\\\/portal\\\/?s={search_term_string}\"},\"query-input\":{\"@type\":\"PropertyValueSpecification\",\"valueRequired\":true,\"valueName\":\"search_term_string\"}}],\"inLanguage\":\"es\"},{\"@type\":\"Organization\",\"@id\":\"https:\\\/\\\/www.eldiario.net\\\/portal\\\/#organization\",\"name\":\"El Diario - Decano de la prensa nacional\",\"url\":\"https:\\\/\\\/www.eldiario.net\\\/portal\\\/\",\"logo\":{\"@type\":\"ImageObject\",\"inLanguage\":\"es\",\"@id\":\"https:\\\/\\\/www.eldiario.net\\\/portal\\\/#\\\/schema\\\/logo\\\/image\\\/\",\"url\":\"https:\\\/\\\/www.eldiario.net\\\/portal\\\/wp-content\\\/uploads\\\/2023\\\/07\\\/logo_ED.jpg\",\"contentUrl\":\"https:\\\/\\\/www.eldiario.net\\\/portal\\\/wp-content\\\/uploads\\\/2023\\\/07\\\/logo_ED.jpg\",\"width\":272,\"height\":52,\"caption\":\"El Diario - Decano de la prensa nacional\"},\"image\":{\"@id\":\"https:\\\/\\\/www.eldiario.net\\\/portal\\\/#\\\/schema\\\/logo\\\/image\\\/\"},\"sameAs\":[\"https:\\\/\\\/www.facebook.com\\\/eldiario.bolivia\\\/\",\"https:\\\/\\\/x.com\\\/eldiario_net\"]},{\"@type\":\"Person\",\"@id\":\"https:\\\/\\\/www.eldiario.net\\\/portal\\\/#\\\/schema\\\/person\\\/f46445640444750d7d753ccd04ae01b7\",\"name\":\"Jeanette\",\"image\":{\"@type\":\"ImageObject\",\"inLanguage\":\"es\",\"@id\":\"https:\\\/\\\/secure.gravatar.com\\\/avatar\\\/3ea2118a5f7dad2b7138b1187a6b7ee55f160b9968b66013c3a3ef39dd7e5798?s=96&d=mm&r=g\",\"url\":\"https:\\\/\\\/secure.gravatar.com\\\/avatar\\\/3ea2118a5f7dad2b7138b1187a6b7ee55f160b9968b66013c3a3ef39dd7e5798?s=96&d=mm&r=g\",\"contentUrl\":\"https:\\\/\\\/secure.gravatar.com\\\/avatar\\\/3ea2118a5f7dad2b7138b1187a6b7ee55f160b9968b66013c3a3ef39dd7e5798?s=96&d=mm&r=g\",\"caption\":\"Jeanette\"},\"sameAs\":[\"https:\\\/\\\/www.eldiario.net\\\/portal\"],\"url\":\"https:\\\/\\\/www.eldiario.net\\\/portal\\\/author\\\/jeanette\\\/\"}]}<\/script>\n<!-- \/ Yoast SEO plugin. -->","yoast_head_json":{"title":"Hor\u00f3scopo semanal - El Diario - Bolivia","robots":{"index":"index","follow":"follow","max-snippet":"max-snippet:-1","max-image-preview":"max-image-preview:large","max-video-preview":"max-video-preview:-1"},"canonical":"https:\/\/www.eldiario.net\/portal\/2023\/03\/08\/horoscopo-semanal-63\/","og_locale":"es_ES","og_type":"article","og_title":"Hor\u00f3scopo semanal - El Diario - Bolivia","og_description":"Nota a los lectores:\u00a0Betty\u00a0B.\u00a0Mercado, sobrina y colaboradora del fallecido astr\u00f3logo Walter Mercado, contin\u00faa su legado escribiendo los hor\u00f3scopos. Aries (20 de marzo &#8211;\u00a018 de abril) Vivir\u00e1s ahora m\u00e1s en el esp\u00edritu que en la carne o lo material. Tus sue\u00f1os ser\u00e1n prof\u00e9ticos y tus revelaciones muy acertadas. Todo lo art\u00edstico y creativo en ti, te [&hellip;]","og_url":"https:\/\/www.eldiario.net\/portal\/2023\/03\/08\/horoscopo-semanal-63\/","og_site_name":"El Diario - Bolivia","article_publisher":"https:\/\/www.facebook.com\/eldiario.bolivia\/","article_published_time":"2023-03-08T10:26:31+00:00","author":"Jeanette","twitter_card":"summary_large_image","twitter_creator":"@eldiario_net","twitter_site":"@eldiario_net","twitter_misc":{"Escrito por":"Jeanette","Tiempo de lectura":"4 minutos"},"schema":{"@context":"https:\/\/schema.org","@graph":[{"@type":"Article","@id":"https:\/\/www.eldiario.net\/portal\/2023\/03\/08\/horoscopo-semanal-63\/#article","isPartOf":{"@id":"https:\/\/www.eldiario.net\/portal\/2023\/03\/08\/horoscopo-semanal-63\/"},"author":{"name":"Jeanette","@id":"https:\/\/www.eldiario.net\/portal\/#\/schema\/person\/f46445640444750d7d753ccd04ae01b7"},"headline":"Hor\u00f3scopo semanal","datePublished":"2023-03-08T10:26:31+00:00","mainEntityOfPage":{"@id":"https:\/\/www.eldiario.net\/portal\/2023\/03\/08\/horoscopo-semanal-63\/"},"wordCount":871,"publisher":{"@id":"https:\/\/www.eldiario.net\/portal\/#organization"},"image":{"@id":"https:\/\/www.eldiario.net\/portal\/2023\/03\/08\/horoscopo-semanal-63\/#primaryimage"},"thumbnailUrl":"","articleSection":["Femenina"],"inLanguage":"es"},{"@type":"WebPage","@id":"https:\/\/www.eldiario.net\/portal\/2023\/03\/08\/horoscopo-semanal-63\/","url":"https:\/\/www.eldiario.net\/portal\/2023\/03\/08\/horoscopo-semanal-63\/","name":"Hor\u00f3scopo semanal - El Diario - Bolivia","isPartOf":{"@id":"https:\/\/www.eldiario.net\/portal\/#website"},"primaryImageOfPage":{"@id":"https:\/\/www.eldiario.net\/portal\/2023\/03\/08\/horoscopo-semanal-63\/#primaryimage"},"image":{"@id":"https:\/\/www.eldiario.net\/portal\/2023\/03\/08\/horoscopo-semanal-63\/#primaryimage"},"thumbnailUrl":"","datePublished":"2023-03-08T10:26:31+00:00","breadcrumb":{"@id":"https:\/\/www.eldiario.net\/portal\/2023\/03\/08\/horoscopo-semanal-63\/#breadcrumb"},"inLanguage":"es","potentialAction":[{"@type":"ReadAction","target":["https:\/\/www.eldiario.net\/portal\/2023\/03\/08\/horoscopo-semanal-63\/"]}]},{"@type":"ImageObject","inLanguage":"es","@id":"https:\/\/www.eldiario.net\/portal\/2023\/03\/08\/horoscopo-semanal-63\/#primaryimage","url":"","contentUrl":""},{"@type":"BreadcrumbList","@id":"https:\/\/www.eldiario.net\/portal\/2023\/03\/08\/horoscopo-semanal-63\/#breadcrumb","itemListElement":[{"@type":"ListItem","position":1,"name":"Portada","item":"https:\/\/www.eldiario.net\/portal\/"},{"@type":"ListItem","position":2,"name":"Hor\u00f3scopo semanal"}]},{"@type":"WebSite","@id":"https:\/\/www.eldiario.net\/portal\/#website","url":"https:\/\/www.eldiario.net\/portal\/","name":"El Diario - Decano de la prensa nacional","description":"El Diario - Decano de la prensa nacional","publisher":{"@id":"https:\/\/www.eldiario.net\/portal\/#organization"},"potentialAction":[{"@type":"SearchAction","target":{"@type":"EntryPoint","urlTemplate":"https:\/\/www.eldiario.net\/portal\/?s={search_term_string}"},"query-input":{"@type":"PropertyValueSpecification","valueRequired":true,"valueName":"search_term_string"}}],"inLanguage":"es"},{"@type":"Organization","@id":"https:\/\/www.eldiario.net\/portal\/#organization","name":"El Diario - Decano de la prensa nacional","url":"https:\/\/www.eldiario.net\/portal\/","logo":{"@type":"ImageObject","inLanguage":"es","@id":"https:\/\/www.eldiario.net\/portal\/#\/schema\/logo\/image\/","url":"https:\/\/www.eldiario.net\/portal\/wp-content\/uploads\/2023\/07\/logo_ED.jpg","contentUrl":"https:\/\/www.eldiario.net\/portal\/wp-content\/uploads\/2023\/07\/logo_ED.jpg","width":272,"height":52,"caption":"El Diario - Decano de la prensa nacional"},"image":{"@id":"https:\/\/www.eldiario.net\/portal\/#\/schema\/logo\/image\/"},"sameAs":["https:\/\/www.facebook.com\/eldiario.bolivia\/","https:\/\/x.com\/eldiario_net"]},{"@type":"Person","@id":"https:\/\/www.eldiario.net\/portal\/#\/schema\/person\/f46445640444750d7d753ccd04ae01b7","name":"Jeanette","image":{"@type":"ImageObject","inLanguage":"es","@id":"https:\/\/secure.gravatar.com\/avatar\/3ea2118a5f7dad2b7138b1187a6b7ee55f160b9968b66013c3a3ef39dd7e5798?s=96&d=mm&r=g","url":"https:\/\/secure.gravatar.com\/avatar\/3ea2118a5f7dad2b7138b1187a6b7ee55f160b9968b66013c3a3ef39dd7e5798?s=96&d=mm&r=g","contentUrl":"https:\/\/secure.gravatar.com\/avatar\/3ea2118a5f7dad2b7138b1187a6b7ee55f160b9968b66013c3a3ef39dd7e5798?s=96&d=mm&r=g","caption":"Jeanette"},"sameAs":["https:\/\/www.eldiario.net\/portal"],"url":"https:\/\/www.eldiario.net\/portal\/author\/jeanette\/"}]}},"_links":{"self":[{"href":"https:\/\/www.eldiario.net\/portal\/wp-json\/wp\/v2\/posts\/142039","targetHints":{"allow":["GET"]}}],"collection":[{"href":"https:\/\/www.eldiario.net\/portal\/wp-json\/wp\/v2\/posts"}],"about":[{"href":"https:\/\/www.eldiario.net\/portal\/wp-json\/wp\/v2\/types\/post"}],"author":[{"embeddable":true,"href":"https:\/\/www.eldiario.net\/portal\/wp-json\/wp\/v2\/users\/1"}],"replies":[{"embeddable":true,"href":"https:\/\/www.eldiario.net\/portal\/wp-json\/wp\/v2\/comments?post=142039"}],"version-history":[{"count":0,"href":"https:\/\/www.eldiario.net\/portal\/wp-json\/wp\/v2\/posts\/142039\/revisions"}],"wp:attachment":[{"href":"https:\/\/www.eldiario.net\/portal\/wp-json\/wp\/v2\/media?parent=142039"}],"wp:term":[{"taxonomy":"category","embeddable":true,"href":"https:\/\/www.eldiario.net\/portal\/wp-json\/wp\/v2\/categories?post=142039"},{"taxonomy":"post_tag","embeddable":true,"href":"https:\/\/www.eldiario.net\/portal\/wp-json\/wp\/v2\/tags?post=142039"}],"curies":[{"name":"wp","href":"https:\/\/api.w.org\/{rel}","templated":true}]}}