{"id":141978,"date":"2023-03-08T06:03:23","date_gmt":"2023-03-08T10:03:23","guid":{"rendered":"https:\/\/www.eldiario.net\/portal\/?p=141978"},"modified":"2023-03-08T06:03:23","modified_gmt":"2023-03-08T10:03:23","slug":"periodista-fue-agredida-cuando-registraba-golpiza-a-diputado","status":"publish","type":"post","link":"https:\/\/www.eldiario.net\/portal\/2023\/03\/08\/periodista-fue-agredida-cuando-registraba-golpiza-a-diputado\/","title":{"rendered":"Periodista fue agredida cuando  registraba golpiza a diputado"},"content":{"rendered":"<p>Iris Patricia Toro Soliz, periodista de radio Kollasuyo de Potos\u00ed, fue agredida f\u00edsica y verbalmente por un grupo de seguidores del expresidente Evo Morales que irrumpi\u00f3 violentamente en las oficinas de la Brigada Parlamentaria Potosina, el lunes 6 de marzo, y propin\u00f3 una brutal golpiza a su presidente, el diputado Abelardo Colque Vicente.<br \/>\nAl percatarse de que Iris Toro, la \u00fanica periodista presente en ese momento en el lugar, registraba el ataque violento la increparon, empujaron, arrebataron por unos momentos el tel\u00e9fono m\u00f3vil e interrumpieron la transmisi\u00f3n en vivo que realizaba para la emisora.<br \/>\nEstos hechos ocurrieron el lunes 6 de marzo al promediar las 13:00 horas en momentos que se desarrollaban las sesiones habituales de los lunes que llevan adelante los diputados y senadores potosinos para recibir informes.<br \/>\nLa reuni\u00f3n de pronto fue interrumpida por una veintena de personas, entre varones y mujeres, que irrumpi\u00f3 violentamente la Brigada en busca de Colque, quien al ser localizado en una oficina fue brutalmente golpeado con pu\u00f1os y patatas, como se puede evidenciar en las im\u00e1genes registradas por la periodista.<br \/>\n\u201cAl ver lo que suced\u00eda todos los que se encontraban en las oficinas huyeron, entre ellos los representantes de la Federaci\u00f3n Departamental de Cooperativas Mineras y la Corporaci\u00f3n Minera de Bolivia, que deb\u00edan presentar informe a los asamble\u00edstas\u201d, relat\u00f3 la periodista a la Unidad de Monitoreo de la Asociaci\u00f3n Nacional de la Prensa (ANP).<br \/>\n\u201cPese a la situaci\u00f3n de riesgo y desconociendo qu\u00e9 suced\u00eda, qui\u00e9nes eran los enardecidos, los persegu\u00ed y empec\u00e9 transmitir en vivo. Al percatarse de mi presencia cuando sal\u00edan detr\u00e1s de los que se escapaban para no ser agredidos como el Presidente de la Brigada, varios del grupo empezaron a increparme por qu\u00e9 filmaba e intentar quitarme el tel\u00e9fono\u201d, dijo Iris Toro.<br \/>\nA\u00f1ade que pese a que se identific\u00f3 como periodista y les dijo que trasmit\u00eda en vivo, le quitaron el tel\u00e9fono por lo que se interrumpi\u00f3 la transmisi\u00f3n; para eso la empujaron y la tomaron por los cabellos.<br \/>\n\u201cLes ped\u00ed que me devuelvan el tel\u00e9fono porque estaba grabando en vivo para la radio, pens\u00e9 que no me devolver\u00edan y ser\u00eda peor, porque los not\u00e9 muy agresivos hacia m\u00ed. Les dije que la gente estaba viendo en vivo lo que suced\u00eda y se dar\u00eda cuenta si le pasaba algo, as\u00ed me devolvieron el celular\u201d, se\u00f1ala.<br \/>\nEn medio de estos hechos, una mujer del grupo la increp\u00f3 y la acus\u00f3 de haber empujado a una se\u00f1ora que cargaba a su beb\u00e9. Iris Toro se\u00f1ala que neg\u00f3 rotundamente esa acusaci\u00f3n y se defendi\u00f3 explic\u00e1ndoles que sus dos manos estaban ocupadas sosteniendo el celular y grabando.<br \/>\nPor \u201cfortuna\u201d, ante cualquier duda, sostiene Toro Soliz, un diputado tambi\u00e9n film\u00f3 todo desde el frente de la oficina y en esas im\u00e1genes se la ve registrando con su tel\u00e9fono lo que suced\u00eda y era intimidada.<br \/>\nEn representaci\u00f3n de Iris Toro, la Federaci\u00f3n Sindical de Trabajadores de la Prensa de Potos\u00ed formaliz\u00f3 ante el Ministerio P\u00fablico la denuncia por las agresiones contra la periodista por parte del grupo de personas que irrumpi\u00f3 la Brigada Parlamentaria, el que fue identificado por el diputado Colque como una facci\u00f3n del partido gobernante, el Movimiento al Socialismo (MAS) af\u00edn al expresidente Evo Morales y contrario al actual mandatario Luis Arce.<\/p>\n<p>RECHAZO<br \/>\nLa Asociaci\u00f3n Nacional de la Prensa (ANP) que representa a los principales diarios de Bolivia expres\u00f3 rechazo a la agresi\u00f3n y exige la sanci\u00f3n contra los agresores de la periodista por la vulneraci\u00f3n de la libertad de prensa y las normas comprendidas en la Ley contra la violencia a la mujer.<br \/>\nEl diario Correo del Sur inform\u00f3 que la Polic\u00eda aprehendi\u00f3 a Zenobia Guarayo, Ada Vargas, Felicia Vargas, N\u00e9stor Nina y Nicol\u00e1s Juli\u00e1n Rojas por los hechos de violencia registrados en la Brigada Parlamentaria de Potos\u00ed.<\/p>\n","protected":false},"excerpt":{"rendered":"<p>Iris Patricia Toro Soliz, periodista de radio Kollasuyo de Potos\u00ed, fue agredida f\u00edsica y verbalmente por un grupo de seguidores del expresidente Evo Morales que irrumpi\u00f3 violentamente en las oficinas de la Brigada Parlamentaria Potosina, el lunes 6 de marzo, y propin\u00f3 una brutal golpiza a su presidente, el diputado Abelardo Colque Vicente. Al percatarse [&hellip;]<\/p>\n","protected":false},"author":1,"featured_media":141979,"comment_status":"closed","ping_status":"closed","sticky":false,"template":"","format":"standard","meta":{"_acf_changed":false,"footnotes":""},"categories":[39],"tags":[],"class_list":["post-141978","post","type-post","status-publish","format-standard","has-post-thumbnail","category-sociedad"],"acf":{"antetitulo":""},"yoast_head":"<!-- This site is optimized with the Yoast SEO plugin v28.4 - https:\/\/yoast.com\/product\/yoast-seo-wordpress\/ -->\n<title>Periodista fue agredida cuando registraba golpiza a diputado - El Diario - Bolivia<\/title>\n<meta name=\"robots\" content=\"index, follow, max-snippet:-1, max-image-preview:large, max-video-preview:-1\" \/>\n<link rel=\"canonical\" href=\"https:\/\/www.eldiario.net\/portal\/2023\/03\/08\/periodista-fue-agredida-cuando-registraba-golpiza-a-diputado\/\" \/>\n<meta property=\"og:locale\" content=\"es_ES\" \/>\n<meta property=\"og:type\" content=\"article\" \/>\n<meta property=\"og:title\" content=\"Periodista fue agredida cuando registraba golpiza a diputado - El Diario - Bolivia\" \/>\n<meta property=\"og:description\" content=\"Iris Patricia Toro Soliz, periodista de radio Kollasuyo de Potos\u00ed, fue agredida f\u00edsica y verbalmente por un grupo de seguidores del expresidente Evo Morales que irrumpi\u00f3 violentamente en las oficinas de la Brigada Parlamentaria Potosina, el lunes 6 de marzo, y propin\u00f3 una brutal golpiza a su presidente, el diputado Abelardo Colque Vicente. Al percatarse [&hellip;]\" \/>\n<meta property=\"og:url\" content=\"https:\/\/www.eldiario.net\/portal\/2023\/03\/08\/periodista-fue-agredida-cuando-registraba-golpiza-a-diputado\/\" \/>\n<meta property=\"og:site_name\" content=\"El Diario - Bolivia\" \/>\n<meta property=\"article:publisher\" content=\"https:\/\/www.facebook.com\/eldiario.bolivia\/\" \/>\n<meta property=\"article:published_time\" content=\"2023-03-08T10:03:23+00:00\" \/>\n<meta name=\"author\" content=\"Jeanette\" \/>\n<meta name=\"twitter:card\" content=\"summary_large_image\" \/>\n<meta name=\"twitter:creator\" content=\"@eldiario_net\" \/>\n<meta name=\"twitter:site\" content=\"@eldiario_net\" \/>\n<meta name=\"twitter:label1\" content=\"Escrito por\" \/>\n\t<meta name=\"twitter:data1\" content=\"Jeanette\" \/>\n\t<meta name=\"twitter:label2\" content=\"Tiempo de lectura\" \/>\n\t<meta name=\"twitter:data2\" content=\"3 minutos\" \/>\n<script type=\"application\/ld+json\" class=\"yoast-schema-graph\">{\"@context\":\"https:\\\/\\\/schema.org\",\"@graph\":[{\"@type\":\"Article\",\"@id\":\"https:\\\/\\\/www.eldiario.net\\\/portal\\\/2023\\\/03\\\/08\\\/periodista-fue-agredida-cuando-registraba-golpiza-a-diputado\\\/#article\",\"isPartOf\":{\"@id\":\"https:\\\/\\\/www.eldiario.net\\\/portal\\\/2023\\\/03\\\/08\\\/periodista-fue-agredida-cuando-registraba-golpiza-a-diputado\\\/\"},\"author\":{\"name\":\"Jeanette\",\"@id\":\"https:\\\/\\\/www.eldiario.net\\\/portal\\\/#\\\/schema\\\/person\\\/2c57cf2b7a7ae032e449e4c9b1019eac\"},\"headline\":\"Periodista fue agredida cuando registraba golpiza a diputado\",\"datePublished\":\"2023-03-08T10:03:23+00:00\",\"mainEntityOfPage\":{\"@id\":\"https:\\\/\\\/www.eldiario.net\\\/portal\\\/2023\\\/03\\\/08\\\/periodista-fue-agredida-cuando-registraba-golpiza-a-diputado\\\/\"},\"wordCount\":682,\"publisher\":{\"@id\":\"https:\\\/\\\/www.eldiario.net\\\/portal\\\/#organization\"},\"image\":{\"@id\":\"https:\\\/\\\/www.eldiario.net\\\/portal\\\/2023\\\/03\\\/08\\\/periodista-fue-agredida-cuando-registraba-golpiza-a-diputado\\\/#primaryimage\"},\"thumbnailUrl\":\"\",\"articleSection\":[\"Sociedad - Seguridad\"],\"inLanguage\":\"es\"},{\"@type\":\"WebPage\",\"@id\":\"https:\\\/\\\/www.eldiario.net\\\/portal\\\/2023\\\/03\\\/08\\\/periodista-fue-agredida-cuando-registraba-golpiza-a-diputado\\\/\",\"url\":\"https:\\\/\\\/www.eldiario.net\\\/portal\\\/2023\\\/03\\\/08\\\/periodista-fue-agredida-cuando-registraba-golpiza-a-diputado\\\/\",\"name\":\"Periodista fue agredida cuando registraba golpiza a diputado - El Diario - Bolivia\",\"isPartOf\":{\"@id\":\"https:\\\/\\\/www.eldiario.net\\\/portal\\\/#website\"},\"primaryImageOfPage\":{\"@id\":\"https:\\\/\\\/www.eldiario.net\\\/portal\\\/2023\\\/03\\\/08\\\/periodista-fue-agredida-cuando-registraba-golpiza-a-diputado\\\/#primaryimage\"},\"image\":{\"@id\":\"https:\\\/\\\/www.eldiario.net\\\/portal\\\/2023\\\/03\\\/08\\\/periodista-fue-agredida-cuando-registraba-golpiza-a-diputado\\\/#primaryimage\"},\"thumbnailUrl\":\"\",\"datePublished\":\"2023-03-08T10:03:23+00:00\",\"breadcrumb\":{\"@id\":\"https:\\\/\\\/www.eldiario.net\\\/portal\\\/2023\\\/03\\\/08\\\/periodista-fue-agredida-cuando-registraba-golpiza-a-diputado\\\/#breadcrumb\"},\"inLanguage\":\"es\",\"potentialAction\":[{\"@type\":\"ReadAction\",\"target\":[\"https:\\\/\\\/www.eldiario.net\\\/portal\\\/2023\\\/03\\\/08\\\/periodista-fue-agredida-cuando-registraba-golpiza-a-diputado\\\/\"]}]},{\"@type\":\"ImageObject\",\"inLanguage\":\"es\",\"@id\":\"https:\\\/\\\/www.eldiario.net\\\/portal\\\/2023\\\/03\\\/08\\\/periodista-fue-agredida-cuando-registraba-golpiza-a-diputado\\\/#primaryimage\",\"url\":\"\",\"contentUrl\":\"\"},{\"@type\":\"BreadcrumbList\",\"@id\":\"https:\\\/\\\/www.eldiario.net\\\/portal\\\/2023\\\/03\\\/08\\\/periodista-fue-agredida-cuando-registraba-golpiza-a-diputado\\\/#breadcrumb\",\"itemListElement\":[{\"@type\":\"ListItem\",\"position\":1,\"name\":\"Portada\",\"item\":\"https:\\\/\\\/www.eldiario.net\\\/portal\\\/\"},{\"@type\":\"ListItem\",\"position\":2,\"name\":\"Periodista fue agredida cuando registraba golpiza a diputado\"}]},{\"@type\":\"WebSite\",\"@id\":\"https:\\\/\\\/www.eldiario.net\\\/portal\\\/#website\",\"url\":\"https:\\\/\\\/www.eldiario.net\\\/portal\\\/\",\"name\":\"El Diario - Decano de la prensa nacional\",\"description\":\"El Diario - Decano de la prensa nacional\",\"publisher\":{\"@id\":\"https:\\\/\\\/www.eldiario.net\\\/portal\\\/#organization\"},\"potentialAction\":[{\"@type\":\"SearchAction\",\"target\":{\"@type\":\"EntryPoint\",\"urlTemplate\":\"https:\\\/\\\/www.eldiario.net\\\/portal\\\/?s={search_term_string}\"},\"query-input\":{\"@type\":\"PropertyValueSpecification\",\"valueRequired\":true,\"valueName\":\"search_term_string\"}}],\"inLanguage\":\"es\"},{\"@type\":\"Organization\",\"@id\":\"https:\\\/\\\/www.eldiario.net\\\/portal\\\/#organization\",\"name\":\"El Diario - Decano de la prensa nacional\",\"url\":\"https:\\\/\\\/www.eldiario.net\\\/portal\\\/\",\"logo\":{\"@type\":\"ImageObject\",\"inLanguage\":\"es\",\"@id\":\"https:\\\/\\\/www.eldiario.net\\\/portal\\\/#\\\/schema\\\/logo\\\/image\\\/\",\"url\":\"https:\\\/\\\/www.eldiario.net\\\/portal\\\/wp-content\\\/uploads\\\/2023\\\/07\\\/logo_ED.jpg\",\"contentUrl\":\"https:\\\/\\\/www.eldiario.net\\\/portal\\\/wp-content\\\/uploads\\\/2023\\\/07\\\/logo_ED.jpg\",\"width\":272,\"height\":52,\"caption\":\"El Diario - Decano de la prensa nacional\"},\"image\":{\"@id\":\"https:\\\/\\\/www.eldiario.net\\\/portal\\\/#\\\/schema\\\/logo\\\/image\\\/\"},\"sameAs\":[\"https:\\\/\\\/www.facebook.com\\\/eldiario.bolivia\\\/\",\"https:\\\/\\\/x.com\\\/eldiario_net\"]},{\"@type\":\"Person\",\"@id\":\"https:\\\/\\\/www.eldiario.net\\\/portal\\\/#\\\/schema\\\/person\\\/2c57cf2b7a7ae032e449e4c9b1019eac\",\"name\":\"Jeanette\",\"image\":{\"@type\":\"ImageObject\",\"inLanguage\":\"es\",\"@id\":\"https:\\\/\\\/secure.gravatar.com\\\/avatar\\\/3ea2118a5f7dad2b7138b1187a6b7ee55f160b9968b66013c3a3ef39dd7e5798?s=96&d=mm&r=g\",\"url\":\"https:\\\/\\\/secure.gravatar.com\\\/avatar\\\/3ea2118a5f7dad2b7138b1187a6b7ee55f160b9968b66013c3a3ef39dd7e5798?s=96&d=mm&r=g\",\"contentUrl\":\"https:\\\/\\\/secure.gravatar.com\\\/avatar\\\/3ea2118a5f7dad2b7138b1187a6b7ee55f160b9968b66013c3a3ef39dd7e5798?s=96&d=mm&r=g\",\"caption\":\"Jeanette\"},\"sameAs\":[\"https:\\\/\\\/www.eldiario.net\\\/portal\"],\"url\":\"https:\\\/\\\/www.eldiario.net\\\/portal\\\/author\\\/jeanette\\\/\"}]}<\/script>\n<!-- \/ Yoast SEO plugin. -->","yoast_head_json":{"title":"Periodista fue agredida cuando registraba golpiza a diputado - El Diario - Bolivia","robots":{"index":"index","follow":"follow","max-snippet":"max-snippet:-1","max-image-preview":"max-image-preview:large","max-video-preview":"max-video-preview:-1"},"canonical":"https:\/\/www.eldiario.net\/portal\/2023\/03\/08\/periodista-fue-agredida-cuando-registraba-golpiza-a-diputado\/","og_locale":"es_ES","og_type":"article","og_title":"Periodista fue agredida cuando registraba golpiza a diputado - El Diario - Bolivia","og_description":"Iris Patricia Toro Soliz, periodista de radio Kollasuyo de Potos\u00ed, fue agredida f\u00edsica y verbalmente por un grupo de seguidores del expresidente Evo Morales que irrumpi\u00f3 violentamente en las oficinas de la Brigada Parlamentaria Potosina, el lunes 6 de marzo, y propin\u00f3 una brutal golpiza a su presidente, el diputado Abelardo Colque Vicente. Al percatarse [&hellip;]","og_url":"https:\/\/www.eldiario.net\/portal\/2023\/03\/08\/periodista-fue-agredida-cuando-registraba-golpiza-a-diputado\/","og_site_name":"El Diario - Bolivia","article_publisher":"https:\/\/www.facebook.com\/eldiario.bolivia\/","article_published_time":"2023-03-08T10:03:23+00:00","author":"Jeanette","twitter_card":"summary_large_image","twitter_creator":"@eldiario_net","twitter_site":"@eldiario_net","twitter_misc":{"Escrito por":"Jeanette","Tiempo de lectura":"3 minutos"},"schema":{"@context":"https:\/\/schema.org","@graph":[{"@type":"Article","@id":"https:\/\/www.eldiario.net\/portal\/2023\/03\/08\/periodista-fue-agredida-cuando-registraba-golpiza-a-diputado\/#article","isPartOf":{"@id":"https:\/\/www.eldiario.net\/portal\/2023\/03\/08\/periodista-fue-agredida-cuando-registraba-golpiza-a-diputado\/"},"author":{"name":"Jeanette","@id":"https:\/\/www.eldiario.net\/portal\/#\/schema\/person\/2c57cf2b7a7ae032e449e4c9b1019eac"},"headline":"Periodista fue agredida cuando registraba golpiza a diputado","datePublished":"2023-03-08T10:03:23+00:00","mainEntityOfPage":{"@id":"https:\/\/www.eldiario.net\/portal\/2023\/03\/08\/periodista-fue-agredida-cuando-registraba-golpiza-a-diputado\/"},"wordCount":682,"publisher":{"@id":"https:\/\/www.eldiario.net\/portal\/#organization"},"image":{"@id":"https:\/\/www.eldiario.net\/portal\/2023\/03\/08\/periodista-fue-agredida-cuando-registraba-golpiza-a-diputado\/#primaryimage"},"thumbnailUrl":"","articleSection":["Sociedad - Seguridad"],"inLanguage":"es"},{"@type":"WebPage","@id":"https:\/\/www.eldiario.net\/portal\/2023\/03\/08\/periodista-fue-agredida-cuando-registraba-golpiza-a-diputado\/","url":"https:\/\/www.eldiario.net\/portal\/2023\/03\/08\/periodista-fue-agredida-cuando-registraba-golpiza-a-diputado\/","name":"Periodista fue agredida cuando registraba golpiza a diputado - El Diario - Bolivia","isPartOf":{"@id":"https:\/\/www.eldiario.net\/portal\/#website"},"primaryImageOfPage":{"@id":"https:\/\/www.eldiario.net\/portal\/2023\/03\/08\/periodista-fue-agredida-cuando-registraba-golpiza-a-diputado\/#primaryimage"},"image":{"@id":"https:\/\/www.eldiario.net\/portal\/2023\/03\/08\/periodista-fue-agredida-cuando-registraba-golpiza-a-diputado\/#primaryimage"},"thumbnailUrl":"","datePublished":"2023-03-08T10:03:23+00:00","breadcrumb":{"@id":"https:\/\/www.eldiario.net\/portal\/2023\/03\/08\/periodista-fue-agredida-cuando-registraba-golpiza-a-diputado\/#breadcrumb"},"inLanguage":"es","potentialAction":[{"@type":"ReadAction","target":["https:\/\/www.eldiario.net\/portal\/2023\/03\/08\/periodista-fue-agredida-cuando-registraba-golpiza-a-diputado\/"]}]},{"@type":"ImageObject","inLanguage":"es","@id":"https:\/\/www.eldiario.net\/portal\/2023\/03\/08\/periodista-fue-agredida-cuando-registraba-golpiza-a-diputado\/#primaryimage","url":"","contentUrl":""},{"@type":"BreadcrumbList","@id":"https:\/\/www.eldiario.net\/portal\/2023\/03\/08\/periodista-fue-agredida-cuando-registraba-golpiza-a-diputado\/#breadcrumb","itemListElement":[{"@type":"ListItem","position":1,"name":"Portada","item":"https:\/\/www.eldiario.net\/portal\/"},{"@type":"ListItem","position":2,"name":"Periodista fue agredida cuando registraba golpiza a diputado"}]},{"@type":"WebSite","@id":"https:\/\/www.eldiario.net\/portal\/#website","url":"https:\/\/www.eldiario.net\/portal\/","name":"El Diario - Decano de la prensa nacional","description":"El Diario - Decano de la prensa nacional","publisher":{"@id":"https:\/\/www.eldiario.net\/portal\/#organization"},"potentialAction":[{"@type":"SearchAction","target":{"@type":"EntryPoint","urlTemplate":"https:\/\/www.eldiario.net\/portal\/?s={search_term_string}"},"query-input":{"@type":"PropertyValueSpecification","valueRequired":true,"valueName":"search_term_string"}}],"inLanguage":"es"},{"@type":"Organization","@id":"https:\/\/www.eldiario.net\/portal\/#organization","name":"El Diario - Decano de la prensa nacional","url":"https:\/\/www.eldiario.net\/portal\/","logo":{"@type":"ImageObject","inLanguage":"es","@id":"https:\/\/www.eldiario.net\/portal\/#\/schema\/logo\/image\/","url":"https:\/\/www.eldiario.net\/portal\/wp-content\/uploads\/2023\/07\/logo_ED.jpg","contentUrl":"https:\/\/www.eldiario.net\/portal\/wp-content\/uploads\/2023\/07\/logo_ED.jpg","width":272,"height":52,"caption":"El Diario - Decano de la prensa nacional"},"image":{"@id":"https:\/\/www.eldiario.net\/portal\/#\/schema\/logo\/image\/"},"sameAs":["https:\/\/www.facebook.com\/eldiario.bolivia\/","https:\/\/x.com\/eldiario_net"]},{"@type":"Person","@id":"https:\/\/www.eldiario.net\/portal\/#\/schema\/person\/2c57cf2b7a7ae032e449e4c9b1019eac","name":"Jeanette","image":{"@type":"ImageObject","inLanguage":"es","@id":"https:\/\/secure.gravatar.com\/avatar\/3ea2118a5f7dad2b7138b1187a6b7ee55f160b9968b66013c3a3ef39dd7e5798?s=96&d=mm&r=g","url":"https:\/\/secure.gravatar.com\/avatar\/3ea2118a5f7dad2b7138b1187a6b7ee55f160b9968b66013c3a3ef39dd7e5798?s=96&d=mm&r=g","contentUrl":"https:\/\/secure.gravatar.com\/avatar\/3ea2118a5f7dad2b7138b1187a6b7ee55f160b9968b66013c3a3ef39dd7e5798?s=96&d=mm&r=g","caption":"Jeanette"},"sameAs":["https:\/\/www.eldiario.net\/portal"],"url":"https:\/\/www.eldiario.net\/portal\/author\/jeanette\/"}]}},"_links":{"self":[{"href":"https:\/\/www.eldiario.net\/portal\/wp-json\/wp\/v2\/posts\/141978","targetHints":{"allow":["GET"]}}],"collection":[{"href":"https:\/\/www.eldiario.net\/portal\/wp-json\/wp\/v2\/posts"}],"about":[{"href":"https:\/\/www.eldiario.net\/portal\/wp-json\/wp\/v2\/types\/post"}],"author":[{"embeddable":true,"href":"https:\/\/www.eldiario.net\/portal\/wp-json\/wp\/v2\/users\/1"}],"replies":[{"embeddable":true,"href":"https:\/\/www.eldiario.net\/portal\/wp-json\/wp\/v2\/comments?post=141978"}],"version-history":[{"count":0,"href":"https:\/\/www.eldiario.net\/portal\/wp-json\/wp\/v2\/posts\/141978\/revisions"}],"wp:attachment":[{"href":"https:\/\/www.eldiario.net\/portal\/wp-json\/wp\/v2\/media?parent=141978"}],"wp:term":[{"taxonomy":"category","embeddable":true,"href":"https:\/\/www.eldiario.net\/portal\/wp-json\/wp\/v2\/categories?post=141978"},{"taxonomy":"post_tag","embeddable":true,"href":"https:\/\/www.eldiario.net\/portal\/wp-json\/wp\/v2\/tags?post=141978"}],"curies":[{"name":"wp","href":"https:\/\/api.w.org\/{rel}","templated":true}]}}