{"id":141886,"date":"2023-03-07T08:27:29","date_gmt":"2023-03-07T12:27:29","guid":{"rendered":"https:\/\/www.eldiario.net\/portal\/?p=141886"},"modified":"2023-03-07T08:27:29","modified_gmt":"2023-03-07T12:27:29","slug":"sigue-ingresando-ilegalmente-ropa-usada","status":"publish","type":"post","link":"https:\/\/www.eldiario.net\/portal\/2023\/03\/07\/sigue-ingresando-ilegalmente-ropa-usada\/","title":{"rendered":"Sigue ingresando ilegalmente ropa usada"},"content":{"rendered":"<p><em><span class=\"dropcap \" style=\"background-color: #ffffff; color: #000000; border-color: #ffffff;\">A<\/span>l parecer para el Gobierno la lucha contra el contrabando no es de su mayor inter\u00e9s, porque las medidas de represi\u00f3n no tienen mucho efecto ni seguimiento y el ingreso de mercanc\u00edas por esa v\u00eda a territorio nacional aumenta peligrosamente. Esto se puede comprobar con la instalaci\u00f3n y la proliferaci\u00f3n de ferias y mercados populares, donde se comercializa este tipo de mercader\u00edas, sin pagar los tributos correspondientes, destruyendo a la industria nacional, por la competencia desleal y la falta de control de autoridades nacionales. Los productos de segunda mano que ingresan a territorio boliviano tienen precios muy bajos y son de mala calidad, resultando un enga\u00f1o a los compradores de esas mercanc\u00edas.<\/em><\/p>\n<p><em>La Aduana est\u00e1 encargada de controlar la entrada de mercader\u00edas a territorio nacional provenientes del exterior, que ingresan por v\u00edas extralegales, sin dejar de mencionar que empleados aduaneros han sido objeto de coimas o sobornos, como se ha conocido en algunos casos. Por otra parte, la repartici\u00f3n p\u00fablica mencionada se ha convertido en un bot\u00edn pol\u00edtico, manejado desde instancias del Ejecutivo. Generalmente quienes la dirigen salen de la misma con serios cuestionamientos por mala administraci\u00f3n y direcci\u00f3n. Adem\u00e1s, es la causa de enfrentamientos entre dirigentes y militantes del partido que gobierna, llegando al extremo de enfrentar a padrinos y ahijados, con acusaciones mutuas que derivan en juicios ordinarios, cuyos resultados generalmente se los desconoce. Ejemplos sobran sobre tal conducta.<\/em><\/p>\n<p><em>La venta callejera de las mercanc\u00edas que ingresan burlando el control aduanero es una realidad del pa\u00eds. A plena luz del d\u00eda y en calles c\u00e9ntricas el ciudadano com\u00fan puede encontrar en venta una gama de productos, incluso medicamentos, los que no cuentan con el control de calidad y de laboratorio. Seg\u00fan informaci\u00f3n conocida, entran a territorio boliviano toneladas de ropa usada, que son comercializadas en los mercados y centros de acopio que se han organizado en diferentes capitales de departamento y ciudades importantes del pa\u00eds, lo que demuestra que por el descontrol contin\u00faa el contrabando y la venta de prendas de segunda mano. Al respecto, autoridades aduaneras aseguraron que los contrabandistas de ropa a medio uso siguen d\u00e1ndose modos para meter su mercader\u00eda al pa\u00eds, por la insuficiente cantidad de personal de su dependencia. Pero las autoridades con decisi\u00f3n y voluntad deben luchar contra el contrabando redoblando esfuerzos, \u00fanica forma de lograr buenos resultados.<\/em><\/p>\n<p><em>Parece que el decreto supremo promulgado en abril de 2009, que proh\u00edbe la comercializaci\u00f3n e importaci\u00f3n de ropa usada, no se lo cumple, porque sigue ingresando por contrabando y se la vende al p\u00fablico en las ferias y mercados populares. De nada valdr\u00eda que las autoridades se esfuercen para desarrollar y fortalecer al sector productivo, si las leyes que la amparan no las hicieran cumplir.<\/em><\/p>\n<p><em>Las autoridades conocen que clanes familiares dominan el negocio del contrabando y que cuentan con una estructura fuerte, con poblaciones c\u00f3mplices de esa actividad ilegal. Adem\u00e1s, hay decenas de rutas por las \u00e1ridas y desiertas pampas de Oruro, que los transportistas conocen muy bien y las usan para evadir cualquier control aduanero. Tambi\u00e9n se produce el transbordo de carga y el contrabando hormiga en la franja denominada \u2018tierra de nadie\u2019, que divide el territorio chileno y boliviano. No eliminar esa perjudicial actividad significa negligencia o complicidad.<\/em><\/p>\n","protected":false},"excerpt":{"rendered":"<p>Al parecer para el Gobierno la lucha contra el contrabando no es de su mayor inter\u00e9s, porque las medidas de represi\u00f3n no tienen mucho efecto ni seguimiento y el ingreso de mercanc\u00edas por esa v\u00eda a territorio nacional aumenta peligrosamente. Esto se puede comprobar con la instalaci\u00f3n y la proliferaci\u00f3n de ferias y mercados populares, [&hellip;]<\/p>\n","protected":false},"author":1,"featured_media":0,"comment_status":"closed","ping_status":"closed","sticky":false,"template":"","format":"standard","meta":{"_acf_changed":false,"footnotes":""},"categories":[4],"tags":[],"class_list":["post-141886","post","type-post","status-publish","format-standard","category-editorial"],"acf":{"antetitulo":""},"yoast_head":"<!-- This site is optimized with the Yoast SEO plugin v28.4 - https:\/\/yoast.com\/product\/yoast-seo-wordpress\/ -->\n<title>Sigue ingresando ilegalmente ropa usada - El Diario - Bolivia<\/title>\n<meta name=\"robots\" content=\"index, follow, max-snippet:-1, max-image-preview:large, max-video-preview:-1\" \/>\n<link rel=\"canonical\" href=\"https:\/\/www.eldiario.net\/portal\/2023\/03\/07\/sigue-ingresando-ilegalmente-ropa-usada\/\" \/>\n<meta property=\"og:locale\" content=\"es_ES\" \/>\n<meta property=\"og:type\" content=\"article\" \/>\n<meta property=\"og:title\" content=\"Sigue ingresando ilegalmente ropa usada - El Diario - Bolivia\" \/>\n<meta property=\"og:description\" content=\"Al parecer para el Gobierno la lucha contra el contrabando no es de su mayor inter\u00e9s, porque las medidas de represi\u00f3n no tienen mucho efecto ni seguimiento y el ingreso de mercanc\u00edas por esa v\u00eda a territorio nacional aumenta peligrosamente. Esto se puede comprobar con la instalaci\u00f3n y la proliferaci\u00f3n de ferias y mercados populares, [&hellip;]\" \/>\n<meta property=\"og:url\" content=\"https:\/\/www.eldiario.net\/portal\/2023\/03\/07\/sigue-ingresando-ilegalmente-ropa-usada\/\" \/>\n<meta property=\"og:site_name\" content=\"El Diario - Bolivia\" \/>\n<meta property=\"article:publisher\" content=\"https:\/\/www.facebook.com\/eldiario.bolivia\/\" \/>\n<meta property=\"article:published_time\" content=\"2023-03-07T12:27:29+00:00\" \/>\n<meta name=\"author\" content=\"Jeanette\" \/>\n<meta name=\"twitter:card\" content=\"summary_large_image\" \/>\n<meta name=\"twitter:creator\" content=\"@eldiario_net\" \/>\n<meta name=\"twitter:site\" content=\"@eldiario_net\" \/>\n<meta name=\"twitter:label1\" content=\"Escrito por\" \/>\n\t<meta name=\"twitter:data1\" content=\"Jeanette\" \/>\n\t<meta name=\"twitter:label2\" content=\"Tiempo de lectura\" \/>\n\t<meta name=\"twitter:data2\" content=\"3 minutos\" \/>\n<script type=\"application\/ld+json\" class=\"yoast-schema-graph\">{\"@context\":\"https:\\\/\\\/schema.org\",\"@graph\":[{\"@type\":\"Article\",\"@id\":\"https:\\\/\\\/www.eldiario.net\\\/portal\\\/2023\\\/03\\\/07\\\/sigue-ingresando-ilegalmente-ropa-usada\\\/#article\",\"isPartOf\":{\"@id\":\"https:\\\/\\\/www.eldiario.net\\\/portal\\\/2023\\\/03\\\/07\\\/sigue-ingresando-ilegalmente-ropa-usada\\\/\"},\"author\":{\"name\":\"Jeanette\",\"@id\":\"https:\\\/\\\/www.eldiario.net\\\/portal\\\/#\\\/schema\\\/person\\\/2c57cf2b7a7ae032e449e4c9b1019eac\"},\"headline\":\"Sigue ingresando ilegalmente ropa usada\",\"datePublished\":\"2023-03-07T12:27:29+00:00\",\"mainEntityOfPage\":{\"@id\":\"https:\\\/\\\/www.eldiario.net\\\/portal\\\/2023\\\/03\\\/07\\\/sigue-ingresando-ilegalmente-ropa-usada\\\/\"},\"wordCount\":580,\"publisher\":{\"@id\":\"https:\\\/\\\/www.eldiario.net\\\/portal\\\/#organization\"},\"articleSection\":[\"Editorial\"],\"inLanguage\":\"es\"},{\"@type\":\"WebPage\",\"@id\":\"https:\\\/\\\/www.eldiario.net\\\/portal\\\/2023\\\/03\\\/07\\\/sigue-ingresando-ilegalmente-ropa-usada\\\/\",\"url\":\"https:\\\/\\\/www.eldiario.net\\\/portal\\\/2023\\\/03\\\/07\\\/sigue-ingresando-ilegalmente-ropa-usada\\\/\",\"name\":\"Sigue ingresando ilegalmente ropa usada - El Diario - Bolivia\",\"isPartOf\":{\"@id\":\"https:\\\/\\\/www.eldiario.net\\\/portal\\\/#website\"},\"datePublished\":\"2023-03-07T12:27:29+00:00\",\"breadcrumb\":{\"@id\":\"https:\\\/\\\/www.eldiario.net\\\/portal\\\/2023\\\/03\\\/07\\\/sigue-ingresando-ilegalmente-ropa-usada\\\/#breadcrumb\"},\"inLanguage\":\"es\",\"potentialAction\":[{\"@type\":\"ReadAction\",\"target\":[\"https:\\\/\\\/www.eldiario.net\\\/portal\\\/2023\\\/03\\\/07\\\/sigue-ingresando-ilegalmente-ropa-usada\\\/\"]}]},{\"@type\":\"BreadcrumbList\",\"@id\":\"https:\\\/\\\/www.eldiario.net\\\/portal\\\/2023\\\/03\\\/07\\\/sigue-ingresando-ilegalmente-ropa-usada\\\/#breadcrumb\",\"itemListElement\":[{\"@type\":\"ListItem\",\"position\":1,\"name\":\"Portada\",\"item\":\"https:\\\/\\\/www.eldiario.net\\\/portal\\\/\"},{\"@type\":\"ListItem\",\"position\":2,\"name\":\"Sigue ingresando ilegalmente ropa usada\"}]},{\"@type\":\"WebSite\",\"@id\":\"https:\\\/\\\/www.eldiario.net\\\/portal\\\/#website\",\"url\":\"https:\\\/\\\/www.eldiario.net\\\/portal\\\/\",\"name\":\"El Diario - Decano de la prensa nacional\",\"description\":\"El Diario - Decano de la prensa nacional\",\"publisher\":{\"@id\":\"https:\\\/\\\/www.eldiario.net\\\/portal\\\/#organization\"},\"potentialAction\":[{\"@type\":\"SearchAction\",\"target\":{\"@type\":\"EntryPoint\",\"urlTemplate\":\"https:\\\/\\\/www.eldiario.net\\\/portal\\\/?s={search_term_string}\"},\"query-input\":{\"@type\":\"PropertyValueSpecification\",\"valueRequired\":true,\"valueName\":\"search_term_string\"}}],\"inLanguage\":\"es\"},{\"@type\":\"Organization\",\"@id\":\"https:\\\/\\\/www.eldiario.net\\\/portal\\\/#organization\",\"name\":\"El Diario - Decano de la prensa nacional\",\"url\":\"https:\\\/\\\/www.eldiario.net\\\/portal\\\/\",\"logo\":{\"@type\":\"ImageObject\",\"inLanguage\":\"es\",\"@id\":\"https:\\\/\\\/www.eldiario.net\\\/portal\\\/#\\\/schema\\\/logo\\\/image\\\/\",\"url\":\"https:\\\/\\\/www.eldiario.net\\\/portal\\\/wp-content\\\/uploads\\\/2023\\\/07\\\/logo_ED.jpg\",\"contentUrl\":\"https:\\\/\\\/www.eldiario.net\\\/portal\\\/wp-content\\\/uploads\\\/2023\\\/07\\\/logo_ED.jpg\",\"width\":272,\"height\":52,\"caption\":\"El Diario - Decano de la prensa nacional\"},\"image\":{\"@id\":\"https:\\\/\\\/www.eldiario.net\\\/portal\\\/#\\\/schema\\\/logo\\\/image\\\/\"},\"sameAs\":[\"https:\\\/\\\/www.facebook.com\\\/eldiario.bolivia\\\/\",\"https:\\\/\\\/x.com\\\/eldiario_net\"]},{\"@type\":\"Person\",\"@id\":\"https:\\\/\\\/www.eldiario.net\\\/portal\\\/#\\\/schema\\\/person\\\/2c57cf2b7a7ae032e449e4c9b1019eac\",\"name\":\"Jeanette\",\"image\":{\"@type\":\"ImageObject\",\"inLanguage\":\"es\",\"@id\":\"https:\\\/\\\/secure.gravatar.com\\\/avatar\\\/3ea2118a5f7dad2b7138b1187a6b7ee55f160b9968b66013c3a3ef39dd7e5798?s=96&d=mm&r=g\",\"url\":\"https:\\\/\\\/secure.gravatar.com\\\/avatar\\\/3ea2118a5f7dad2b7138b1187a6b7ee55f160b9968b66013c3a3ef39dd7e5798?s=96&d=mm&r=g\",\"contentUrl\":\"https:\\\/\\\/secure.gravatar.com\\\/avatar\\\/3ea2118a5f7dad2b7138b1187a6b7ee55f160b9968b66013c3a3ef39dd7e5798?s=96&d=mm&r=g\",\"caption\":\"Jeanette\"},\"sameAs\":[\"https:\\\/\\\/www.eldiario.net\\\/portal\"],\"url\":\"https:\\\/\\\/www.eldiario.net\\\/portal\\\/author\\\/jeanette\\\/\"}]}<\/script>\n<!-- \/ Yoast SEO plugin. -->","yoast_head_json":{"title":"Sigue ingresando ilegalmente ropa usada - El Diario - Bolivia","robots":{"index":"index","follow":"follow","max-snippet":"max-snippet:-1","max-image-preview":"max-image-preview:large","max-video-preview":"max-video-preview:-1"},"canonical":"https:\/\/www.eldiario.net\/portal\/2023\/03\/07\/sigue-ingresando-ilegalmente-ropa-usada\/","og_locale":"es_ES","og_type":"article","og_title":"Sigue ingresando ilegalmente ropa usada - El Diario - Bolivia","og_description":"Al parecer para el Gobierno la lucha contra el contrabando no es de su mayor inter\u00e9s, porque las medidas de represi\u00f3n no tienen mucho efecto ni seguimiento y el ingreso de mercanc\u00edas por esa v\u00eda a territorio nacional aumenta peligrosamente. Esto se puede comprobar con la instalaci\u00f3n y la proliferaci\u00f3n de ferias y mercados populares, [&hellip;]","og_url":"https:\/\/www.eldiario.net\/portal\/2023\/03\/07\/sigue-ingresando-ilegalmente-ropa-usada\/","og_site_name":"El Diario - Bolivia","article_publisher":"https:\/\/www.facebook.com\/eldiario.bolivia\/","article_published_time":"2023-03-07T12:27:29+00:00","author":"Jeanette","twitter_card":"summary_large_image","twitter_creator":"@eldiario_net","twitter_site":"@eldiario_net","twitter_misc":{"Escrito por":"Jeanette","Tiempo de lectura":"3 minutos"},"schema":{"@context":"https:\/\/schema.org","@graph":[{"@type":"Article","@id":"https:\/\/www.eldiario.net\/portal\/2023\/03\/07\/sigue-ingresando-ilegalmente-ropa-usada\/#article","isPartOf":{"@id":"https:\/\/www.eldiario.net\/portal\/2023\/03\/07\/sigue-ingresando-ilegalmente-ropa-usada\/"},"author":{"name":"Jeanette","@id":"https:\/\/www.eldiario.net\/portal\/#\/schema\/person\/2c57cf2b7a7ae032e449e4c9b1019eac"},"headline":"Sigue ingresando ilegalmente ropa usada","datePublished":"2023-03-07T12:27:29+00:00","mainEntityOfPage":{"@id":"https:\/\/www.eldiario.net\/portal\/2023\/03\/07\/sigue-ingresando-ilegalmente-ropa-usada\/"},"wordCount":580,"publisher":{"@id":"https:\/\/www.eldiario.net\/portal\/#organization"},"articleSection":["Editorial"],"inLanguage":"es"},{"@type":"WebPage","@id":"https:\/\/www.eldiario.net\/portal\/2023\/03\/07\/sigue-ingresando-ilegalmente-ropa-usada\/","url":"https:\/\/www.eldiario.net\/portal\/2023\/03\/07\/sigue-ingresando-ilegalmente-ropa-usada\/","name":"Sigue ingresando ilegalmente ropa usada - El Diario - Bolivia","isPartOf":{"@id":"https:\/\/www.eldiario.net\/portal\/#website"},"datePublished":"2023-03-07T12:27:29+00:00","breadcrumb":{"@id":"https:\/\/www.eldiario.net\/portal\/2023\/03\/07\/sigue-ingresando-ilegalmente-ropa-usada\/#breadcrumb"},"inLanguage":"es","potentialAction":[{"@type":"ReadAction","target":["https:\/\/www.eldiario.net\/portal\/2023\/03\/07\/sigue-ingresando-ilegalmente-ropa-usada\/"]}]},{"@type":"BreadcrumbList","@id":"https:\/\/www.eldiario.net\/portal\/2023\/03\/07\/sigue-ingresando-ilegalmente-ropa-usada\/#breadcrumb","itemListElement":[{"@type":"ListItem","position":1,"name":"Portada","item":"https:\/\/www.eldiario.net\/portal\/"},{"@type":"ListItem","position":2,"name":"Sigue ingresando ilegalmente ropa usada"}]},{"@type":"WebSite","@id":"https:\/\/www.eldiario.net\/portal\/#website","url":"https:\/\/www.eldiario.net\/portal\/","name":"El Diario - Decano de la prensa nacional","description":"El Diario - Decano de la prensa nacional","publisher":{"@id":"https:\/\/www.eldiario.net\/portal\/#organization"},"potentialAction":[{"@type":"SearchAction","target":{"@type":"EntryPoint","urlTemplate":"https:\/\/www.eldiario.net\/portal\/?s={search_term_string}"},"query-input":{"@type":"PropertyValueSpecification","valueRequired":true,"valueName":"search_term_string"}}],"inLanguage":"es"},{"@type":"Organization","@id":"https:\/\/www.eldiario.net\/portal\/#organization","name":"El Diario - Decano de la prensa nacional","url":"https:\/\/www.eldiario.net\/portal\/","logo":{"@type":"ImageObject","inLanguage":"es","@id":"https:\/\/www.eldiario.net\/portal\/#\/schema\/logo\/image\/","url":"https:\/\/www.eldiario.net\/portal\/wp-content\/uploads\/2023\/07\/logo_ED.jpg","contentUrl":"https:\/\/www.eldiario.net\/portal\/wp-content\/uploads\/2023\/07\/logo_ED.jpg","width":272,"height":52,"caption":"El Diario - Decano de la prensa nacional"},"image":{"@id":"https:\/\/www.eldiario.net\/portal\/#\/schema\/logo\/image\/"},"sameAs":["https:\/\/www.facebook.com\/eldiario.bolivia\/","https:\/\/x.com\/eldiario_net"]},{"@type":"Person","@id":"https:\/\/www.eldiario.net\/portal\/#\/schema\/person\/2c57cf2b7a7ae032e449e4c9b1019eac","name":"Jeanette","image":{"@type":"ImageObject","inLanguage":"es","@id":"https:\/\/secure.gravatar.com\/avatar\/3ea2118a5f7dad2b7138b1187a6b7ee55f160b9968b66013c3a3ef39dd7e5798?s=96&d=mm&r=g","url":"https:\/\/secure.gravatar.com\/avatar\/3ea2118a5f7dad2b7138b1187a6b7ee55f160b9968b66013c3a3ef39dd7e5798?s=96&d=mm&r=g","contentUrl":"https:\/\/secure.gravatar.com\/avatar\/3ea2118a5f7dad2b7138b1187a6b7ee55f160b9968b66013c3a3ef39dd7e5798?s=96&d=mm&r=g","caption":"Jeanette"},"sameAs":["https:\/\/www.eldiario.net\/portal"],"url":"https:\/\/www.eldiario.net\/portal\/author\/jeanette\/"}]}},"_links":{"self":[{"href":"https:\/\/www.eldiario.net\/portal\/wp-json\/wp\/v2\/posts\/141886","targetHints":{"allow":["GET"]}}],"collection":[{"href":"https:\/\/www.eldiario.net\/portal\/wp-json\/wp\/v2\/posts"}],"about":[{"href":"https:\/\/www.eldiario.net\/portal\/wp-json\/wp\/v2\/types\/post"}],"author":[{"embeddable":true,"href":"https:\/\/www.eldiario.net\/portal\/wp-json\/wp\/v2\/users\/1"}],"replies":[{"embeddable":true,"href":"https:\/\/www.eldiario.net\/portal\/wp-json\/wp\/v2\/comments?post=141886"}],"version-history":[{"count":0,"href":"https:\/\/www.eldiario.net\/portal\/wp-json\/wp\/v2\/posts\/141886\/revisions"}],"wp:attachment":[{"href":"https:\/\/www.eldiario.net\/portal\/wp-json\/wp\/v2\/media?parent=141886"}],"wp:term":[{"taxonomy":"category","embeddable":true,"href":"https:\/\/www.eldiario.net\/portal\/wp-json\/wp\/v2\/categories?post=141886"},{"taxonomy":"post_tag","embeddable":true,"href":"https:\/\/www.eldiario.net\/portal\/wp-json\/wp\/v2\/tags?post=141886"}],"curies":[{"name":"wp","href":"https:\/\/api.w.org\/{rel}","templated":true}]}}