{"id":141779,"date":"2023-03-07T06:13:52","date_gmt":"2023-03-07T10:13:52","guid":{"rendered":"https:\/\/www.eldiario.net\/portal\/?p=141779"},"modified":"2023-03-07T06:13:52","modified_gmt":"2023-03-07T10:13:52","slug":"el-alto-destaca-en-cartera-crediticia-y-crece-8","status":"publish","type":"post","link":"https:\/\/www.eldiario.net\/portal\/2023\/03\/07\/el-alto-destaca-en-cartera-crediticia-y-crece-8\/","title":{"rendered":"El Alto destaca en cartera crediticia y crece 8%"},"content":{"rendered":"<p>La Asociaci\u00f3n de Bancos Privados de Bolivia (Asoban), en conmemoraci\u00f3n del 6 de Marzo, aniversario de la ciudad de El Alto, destaca el empuje de sus emprendedores y su aporte al ahorro. Asimismo resalta su aporte a la cartera crediticia nacional, que alcanz\u00f3 a 2.052 millones de d\u00f3lares, que implica un 8% de crecimiento en un a\u00f1o.<\/p>\n<p>El crecimiento de la cartera de cr\u00e9ditos es fundamental para promover el dinamismo econ\u00f3mico de la ciudad, as\u00ed como para mejorar las condiciones de la poblaci\u00f3n, permiti\u00e9ndoles desarrollar sus actividades y acceder a viviendas que reducen el d\u00e9ficit habitacional.<\/p>\n<p>\u201cEl Alto es una ciudad en crecimiento constante y con mayor dinamismo que otras del pa\u00eds. Su dinamismo es fuertemente impulsado por el comercio; lo que se plasma en el incremento anual de los cr\u00e9ditos, sobre todo microcr\u00e9ditos\u201d, manifiesta el secretario Ejecutivo de Asoban, Nelson Villalobos.<\/p>\n<p>Adem\u00e1s de la gran presencia comercial minorista y mayorista, la ciudad que cumple 38 a\u00f1os es la base de peque\u00f1as y medianas empresas y f\u00e1bricas. El microcr\u00e9dito representa al 65% del total de las colocaciones en El Alto.<\/p>\n<p>La instituci\u00f3n destaca, asimismo, que los dep\u00f3sitos de la ciudad de El Alto en el sistema financiero alcanzaron a 833 millones de d\u00f3lares, lo que representa un crecimiento de 12%. La preponderancia de la ciudad de El Alto se destaca por su elevado grado de participaci\u00f3n en el total de dep\u00f3sitos del Departamento de La Paz, que equivale a 23%. Lo anterior resalta la cultura de ahorro que caracteriza a la urbe alte\u00f1a.<\/p>\n<p>En ese marco, el sistema bancario busca aportar a la inclusi\u00f3n financiera a trav\u00e9s de las mejoras en la oferta de servicios y la cobertura de los servicios a trav\u00e9s de la instalaci\u00f3n de m\u00e1s Puntos de Atenci\u00f3n Financiera (PAF). A su vez, al ser una de las ciudades m\u00e1s din\u00e1micas en cuanto a la actividad de comercio se refiere, el uso de los aplicativos m\u00f3viles se constituye en uno de los principales para promover las transacciones de la poblaci\u00f3n de forma \u00e1gil y segura.<\/p>\n<p>\u201cSe observa que cada vez m\u00e1s personas utilizan la banca digital a nivel nacional y sin duda, por las caracter\u00edsticas propias de la actividad, El Alto es una ciudad donde se profundiza este h\u00e1bito. El sector bancario resalta en este aniversario, las caracter\u00edsticas m\u00e1s sobresalientes de los usuarios financieros de El Alto\u201d, indica.<\/p>\n","protected":false},"excerpt":{"rendered":"<p>La Asociaci\u00f3n de Bancos Privados de Bolivia (Asoban), en conmemoraci\u00f3n del 6 de Marzo, aniversario de la ciudad de El Alto, destaca el empuje de sus emprendedores y su aporte al ahorro. Asimismo resalta su aporte a la cartera crediticia nacional, que alcanz\u00f3 a 2.052 millones de d\u00f3lares, que implica un 8% de crecimiento en [&hellip;]<\/p>\n","protected":false},"author":1,"featured_media":141780,"comment_status":"closed","ping_status":"closed","sticky":false,"template":"","format":"standard","meta":{"_acf_changed":false,"footnotes":""},"categories":[7],"tags":[],"class_list":["post-141779","post","type-post","status-publish","format-standard","has-post-thumbnail","category-economia"],"acf":{"antetitulo":""},"yoast_head":"<!-- This site is optimized with the Yoast SEO plugin v28.4 - https:\/\/yoast.com\/product\/yoast-seo-wordpress\/ -->\n<title>El Alto destaca en cartera crediticia y crece 8% - El Diario - Bolivia<\/title>\n<meta name=\"robots\" content=\"index, follow, max-snippet:-1, max-image-preview:large, max-video-preview:-1\" \/>\n<link rel=\"canonical\" href=\"https:\/\/www.eldiario.net\/portal\/2023\/03\/07\/el-alto-destaca-en-cartera-crediticia-y-crece-8\/\" \/>\n<meta property=\"og:locale\" content=\"es_ES\" \/>\n<meta property=\"og:type\" content=\"article\" \/>\n<meta property=\"og:title\" content=\"El Alto destaca en cartera crediticia y crece 8% - El Diario - Bolivia\" \/>\n<meta property=\"og:description\" content=\"La Asociaci\u00f3n de Bancos Privados de Bolivia (Asoban), en conmemoraci\u00f3n del 6 de Marzo, aniversario de la ciudad de El Alto, destaca el empuje de sus emprendedores y su aporte al ahorro. Asimismo resalta su aporte a la cartera crediticia nacional, que alcanz\u00f3 a 2.052 millones de d\u00f3lares, que implica un 8% de crecimiento en [&hellip;]\" \/>\n<meta property=\"og:url\" content=\"https:\/\/www.eldiario.net\/portal\/2023\/03\/07\/el-alto-destaca-en-cartera-crediticia-y-crece-8\/\" \/>\n<meta property=\"og:site_name\" content=\"El Diario - Bolivia\" \/>\n<meta property=\"article:publisher\" content=\"https:\/\/www.facebook.com\/eldiario.bolivia\/\" \/>\n<meta property=\"article:published_time\" content=\"2023-03-07T10:13:52+00:00\" \/>\n<meta name=\"author\" content=\"Jeanette\" \/>\n<meta name=\"twitter:card\" content=\"summary_large_image\" \/>\n<meta name=\"twitter:creator\" content=\"@eldiario_net\" \/>\n<meta name=\"twitter:site\" content=\"@eldiario_net\" \/>\n<meta name=\"twitter:label1\" content=\"Escrito por\" \/>\n\t<meta name=\"twitter:data1\" content=\"Jeanette\" \/>\n\t<meta name=\"twitter:label2\" content=\"Tiempo de lectura\" \/>\n\t<meta name=\"twitter:data2\" content=\"2 minutos\" \/>\n<script type=\"application\/ld+json\" class=\"yoast-schema-graph\">{\"@context\":\"https:\\\/\\\/schema.org\",\"@graph\":[{\"@type\":\"Article\",\"@id\":\"https:\\\/\\\/www.eldiario.net\\\/portal\\\/2023\\\/03\\\/07\\\/el-alto-destaca-en-cartera-crediticia-y-crece-8\\\/#article\",\"isPartOf\":{\"@id\":\"https:\\\/\\\/www.eldiario.net\\\/portal\\\/2023\\\/03\\\/07\\\/el-alto-destaca-en-cartera-crediticia-y-crece-8\\\/\"},\"author\":{\"name\":\"Jeanette\",\"@id\":\"https:\\\/\\\/www.eldiario.net\\\/portal\\\/#\\\/schema\\\/person\\\/2c57cf2b7a7ae032e449e4c9b1019eac\"},\"headline\":\"El Alto destaca en cartera crediticia y crece 8%\",\"datePublished\":\"2023-03-07T10:13:52+00:00\",\"mainEntityOfPage\":{\"@id\":\"https:\\\/\\\/www.eldiario.net\\\/portal\\\/2023\\\/03\\\/07\\\/el-alto-destaca-en-cartera-crediticia-y-crece-8\\\/\"},\"wordCount\":429,\"publisher\":{\"@id\":\"https:\\\/\\\/www.eldiario.net\\\/portal\\\/#organization\"},\"image\":{\"@id\":\"https:\\\/\\\/www.eldiario.net\\\/portal\\\/2023\\\/03\\\/07\\\/el-alto-destaca-en-cartera-crediticia-y-crece-8\\\/#primaryimage\"},\"thumbnailUrl\":\"\",\"articleSection\":[\"Econom\u00eda\"],\"inLanguage\":\"es\"},{\"@type\":\"WebPage\",\"@id\":\"https:\\\/\\\/www.eldiario.net\\\/portal\\\/2023\\\/03\\\/07\\\/el-alto-destaca-en-cartera-crediticia-y-crece-8\\\/\",\"url\":\"https:\\\/\\\/www.eldiario.net\\\/portal\\\/2023\\\/03\\\/07\\\/el-alto-destaca-en-cartera-crediticia-y-crece-8\\\/\",\"name\":\"El Alto destaca en cartera crediticia y crece 8% - El Diario - Bolivia\",\"isPartOf\":{\"@id\":\"https:\\\/\\\/www.eldiario.net\\\/portal\\\/#website\"},\"primaryImageOfPage\":{\"@id\":\"https:\\\/\\\/www.eldiario.net\\\/portal\\\/2023\\\/03\\\/07\\\/el-alto-destaca-en-cartera-crediticia-y-crece-8\\\/#primaryimage\"},\"image\":{\"@id\":\"https:\\\/\\\/www.eldiario.net\\\/portal\\\/2023\\\/03\\\/07\\\/el-alto-destaca-en-cartera-crediticia-y-crece-8\\\/#primaryimage\"},\"thumbnailUrl\":\"\",\"datePublished\":\"2023-03-07T10:13:52+00:00\",\"breadcrumb\":{\"@id\":\"https:\\\/\\\/www.eldiario.net\\\/portal\\\/2023\\\/03\\\/07\\\/el-alto-destaca-en-cartera-crediticia-y-crece-8\\\/#breadcrumb\"},\"inLanguage\":\"es\",\"potentialAction\":[{\"@type\":\"ReadAction\",\"target\":[\"https:\\\/\\\/www.eldiario.net\\\/portal\\\/2023\\\/03\\\/07\\\/el-alto-destaca-en-cartera-crediticia-y-crece-8\\\/\"]}]},{\"@type\":\"ImageObject\",\"inLanguage\":\"es\",\"@id\":\"https:\\\/\\\/www.eldiario.net\\\/portal\\\/2023\\\/03\\\/07\\\/el-alto-destaca-en-cartera-crediticia-y-crece-8\\\/#primaryimage\",\"url\":\"\",\"contentUrl\":\"\"},{\"@type\":\"BreadcrumbList\",\"@id\":\"https:\\\/\\\/www.eldiario.net\\\/portal\\\/2023\\\/03\\\/07\\\/el-alto-destaca-en-cartera-crediticia-y-crece-8\\\/#breadcrumb\",\"itemListElement\":[{\"@type\":\"ListItem\",\"position\":1,\"name\":\"Portada\",\"item\":\"https:\\\/\\\/www.eldiario.net\\\/portal\\\/\"},{\"@type\":\"ListItem\",\"position\":2,\"name\":\"El Alto destaca en cartera crediticia y crece 8%\"}]},{\"@type\":\"WebSite\",\"@id\":\"https:\\\/\\\/www.eldiario.net\\\/portal\\\/#website\",\"url\":\"https:\\\/\\\/www.eldiario.net\\\/portal\\\/\",\"name\":\"El Diario - Decano de la prensa nacional\",\"description\":\"El Diario - Decano de la prensa nacional\",\"publisher\":{\"@id\":\"https:\\\/\\\/www.eldiario.net\\\/portal\\\/#organization\"},\"potentialAction\":[{\"@type\":\"SearchAction\",\"target\":{\"@type\":\"EntryPoint\",\"urlTemplate\":\"https:\\\/\\\/www.eldiario.net\\\/portal\\\/?s={search_term_string}\"},\"query-input\":{\"@type\":\"PropertyValueSpecification\",\"valueRequired\":true,\"valueName\":\"search_term_string\"}}],\"inLanguage\":\"es\"},{\"@type\":\"Organization\",\"@id\":\"https:\\\/\\\/www.eldiario.net\\\/portal\\\/#organization\",\"name\":\"El Diario - Decano de la prensa nacional\",\"url\":\"https:\\\/\\\/www.eldiario.net\\\/portal\\\/\",\"logo\":{\"@type\":\"ImageObject\",\"inLanguage\":\"es\",\"@id\":\"https:\\\/\\\/www.eldiario.net\\\/portal\\\/#\\\/schema\\\/logo\\\/image\\\/\",\"url\":\"https:\\\/\\\/www.eldiario.net\\\/portal\\\/wp-content\\\/uploads\\\/2023\\\/07\\\/logo_ED.jpg\",\"contentUrl\":\"https:\\\/\\\/www.eldiario.net\\\/portal\\\/wp-content\\\/uploads\\\/2023\\\/07\\\/logo_ED.jpg\",\"width\":272,\"height\":52,\"caption\":\"El Diario - Decano de la prensa nacional\"},\"image\":{\"@id\":\"https:\\\/\\\/www.eldiario.net\\\/portal\\\/#\\\/schema\\\/logo\\\/image\\\/\"},\"sameAs\":[\"https:\\\/\\\/www.facebook.com\\\/eldiario.bolivia\\\/\",\"https:\\\/\\\/x.com\\\/eldiario_net\"]},{\"@type\":\"Person\",\"@id\":\"https:\\\/\\\/www.eldiario.net\\\/portal\\\/#\\\/schema\\\/person\\\/2c57cf2b7a7ae032e449e4c9b1019eac\",\"name\":\"Jeanette\",\"image\":{\"@type\":\"ImageObject\",\"inLanguage\":\"es\",\"@id\":\"https:\\\/\\\/secure.gravatar.com\\\/avatar\\\/3ea2118a5f7dad2b7138b1187a6b7ee55f160b9968b66013c3a3ef39dd7e5798?s=96&d=mm&r=g\",\"url\":\"https:\\\/\\\/secure.gravatar.com\\\/avatar\\\/3ea2118a5f7dad2b7138b1187a6b7ee55f160b9968b66013c3a3ef39dd7e5798?s=96&d=mm&r=g\",\"contentUrl\":\"https:\\\/\\\/secure.gravatar.com\\\/avatar\\\/3ea2118a5f7dad2b7138b1187a6b7ee55f160b9968b66013c3a3ef39dd7e5798?s=96&d=mm&r=g\",\"caption\":\"Jeanette\"},\"sameAs\":[\"https:\\\/\\\/www.eldiario.net\\\/portal\"],\"url\":\"https:\\\/\\\/www.eldiario.net\\\/portal\\\/author\\\/jeanette\\\/\"}]}<\/script>\n<!-- \/ Yoast SEO plugin. -->","yoast_head_json":{"title":"El Alto destaca en cartera crediticia y crece 8% - El Diario - Bolivia","robots":{"index":"index","follow":"follow","max-snippet":"max-snippet:-1","max-image-preview":"max-image-preview:large","max-video-preview":"max-video-preview:-1"},"canonical":"https:\/\/www.eldiario.net\/portal\/2023\/03\/07\/el-alto-destaca-en-cartera-crediticia-y-crece-8\/","og_locale":"es_ES","og_type":"article","og_title":"El Alto destaca en cartera crediticia y crece 8% - El Diario - Bolivia","og_description":"La Asociaci\u00f3n de Bancos Privados de Bolivia (Asoban), en conmemoraci\u00f3n del 6 de Marzo, aniversario de la ciudad de El Alto, destaca el empuje de sus emprendedores y su aporte al ahorro. Asimismo resalta su aporte a la cartera crediticia nacional, que alcanz\u00f3 a 2.052 millones de d\u00f3lares, que implica un 8% de crecimiento en [&hellip;]","og_url":"https:\/\/www.eldiario.net\/portal\/2023\/03\/07\/el-alto-destaca-en-cartera-crediticia-y-crece-8\/","og_site_name":"El Diario - Bolivia","article_publisher":"https:\/\/www.facebook.com\/eldiario.bolivia\/","article_published_time":"2023-03-07T10:13:52+00:00","author":"Jeanette","twitter_card":"summary_large_image","twitter_creator":"@eldiario_net","twitter_site":"@eldiario_net","twitter_misc":{"Escrito por":"Jeanette","Tiempo de lectura":"2 minutos"},"schema":{"@context":"https:\/\/schema.org","@graph":[{"@type":"Article","@id":"https:\/\/www.eldiario.net\/portal\/2023\/03\/07\/el-alto-destaca-en-cartera-crediticia-y-crece-8\/#article","isPartOf":{"@id":"https:\/\/www.eldiario.net\/portal\/2023\/03\/07\/el-alto-destaca-en-cartera-crediticia-y-crece-8\/"},"author":{"name":"Jeanette","@id":"https:\/\/www.eldiario.net\/portal\/#\/schema\/person\/2c57cf2b7a7ae032e449e4c9b1019eac"},"headline":"El Alto destaca en cartera crediticia y crece 8%","datePublished":"2023-03-07T10:13:52+00:00","mainEntityOfPage":{"@id":"https:\/\/www.eldiario.net\/portal\/2023\/03\/07\/el-alto-destaca-en-cartera-crediticia-y-crece-8\/"},"wordCount":429,"publisher":{"@id":"https:\/\/www.eldiario.net\/portal\/#organization"},"image":{"@id":"https:\/\/www.eldiario.net\/portal\/2023\/03\/07\/el-alto-destaca-en-cartera-crediticia-y-crece-8\/#primaryimage"},"thumbnailUrl":"","articleSection":["Econom\u00eda"],"inLanguage":"es"},{"@type":"WebPage","@id":"https:\/\/www.eldiario.net\/portal\/2023\/03\/07\/el-alto-destaca-en-cartera-crediticia-y-crece-8\/","url":"https:\/\/www.eldiario.net\/portal\/2023\/03\/07\/el-alto-destaca-en-cartera-crediticia-y-crece-8\/","name":"El Alto destaca en cartera crediticia y crece 8% - El Diario - Bolivia","isPartOf":{"@id":"https:\/\/www.eldiario.net\/portal\/#website"},"primaryImageOfPage":{"@id":"https:\/\/www.eldiario.net\/portal\/2023\/03\/07\/el-alto-destaca-en-cartera-crediticia-y-crece-8\/#primaryimage"},"image":{"@id":"https:\/\/www.eldiario.net\/portal\/2023\/03\/07\/el-alto-destaca-en-cartera-crediticia-y-crece-8\/#primaryimage"},"thumbnailUrl":"","datePublished":"2023-03-07T10:13:52+00:00","breadcrumb":{"@id":"https:\/\/www.eldiario.net\/portal\/2023\/03\/07\/el-alto-destaca-en-cartera-crediticia-y-crece-8\/#breadcrumb"},"inLanguage":"es","potentialAction":[{"@type":"ReadAction","target":["https:\/\/www.eldiario.net\/portal\/2023\/03\/07\/el-alto-destaca-en-cartera-crediticia-y-crece-8\/"]}]},{"@type":"ImageObject","inLanguage":"es","@id":"https:\/\/www.eldiario.net\/portal\/2023\/03\/07\/el-alto-destaca-en-cartera-crediticia-y-crece-8\/#primaryimage","url":"","contentUrl":""},{"@type":"BreadcrumbList","@id":"https:\/\/www.eldiario.net\/portal\/2023\/03\/07\/el-alto-destaca-en-cartera-crediticia-y-crece-8\/#breadcrumb","itemListElement":[{"@type":"ListItem","position":1,"name":"Portada","item":"https:\/\/www.eldiario.net\/portal\/"},{"@type":"ListItem","position":2,"name":"El Alto destaca en cartera crediticia y crece 8%"}]},{"@type":"WebSite","@id":"https:\/\/www.eldiario.net\/portal\/#website","url":"https:\/\/www.eldiario.net\/portal\/","name":"El Diario - Decano de la prensa nacional","description":"El Diario - Decano de la prensa nacional","publisher":{"@id":"https:\/\/www.eldiario.net\/portal\/#organization"},"potentialAction":[{"@type":"SearchAction","target":{"@type":"EntryPoint","urlTemplate":"https:\/\/www.eldiario.net\/portal\/?s={search_term_string}"},"query-input":{"@type":"PropertyValueSpecification","valueRequired":true,"valueName":"search_term_string"}}],"inLanguage":"es"},{"@type":"Organization","@id":"https:\/\/www.eldiario.net\/portal\/#organization","name":"El Diario - Decano de la prensa nacional","url":"https:\/\/www.eldiario.net\/portal\/","logo":{"@type":"ImageObject","inLanguage":"es","@id":"https:\/\/www.eldiario.net\/portal\/#\/schema\/logo\/image\/","url":"https:\/\/www.eldiario.net\/portal\/wp-content\/uploads\/2023\/07\/logo_ED.jpg","contentUrl":"https:\/\/www.eldiario.net\/portal\/wp-content\/uploads\/2023\/07\/logo_ED.jpg","width":272,"height":52,"caption":"El Diario - Decano de la prensa nacional"},"image":{"@id":"https:\/\/www.eldiario.net\/portal\/#\/schema\/logo\/image\/"},"sameAs":["https:\/\/www.facebook.com\/eldiario.bolivia\/","https:\/\/x.com\/eldiario_net"]},{"@type":"Person","@id":"https:\/\/www.eldiario.net\/portal\/#\/schema\/person\/2c57cf2b7a7ae032e449e4c9b1019eac","name":"Jeanette","image":{"@type":"ImageObject","inLanguage":"es","@id":"https:\/\/secure.gravatar.com\/avatar\/3ea2118a5f7dad2b7138b1187a6b7ee55f160b9968b66013c3a3ef39dd7e5798?s=96&d=mm&r=g","url":"https:\/\/secure.gravatar.com\/avatar\/3ea2118a5f7dad2b7138b1187a6b7ee55f160b9968b66013c3a3ef39dd7e5798?s=96&d=mm&r=g","contentUrl":"https:\/\/secure.gravatar.com\/avatar\/3ea2118a5f7dad2b7138b1187a6b7ee55f160b9968b66013c3a3ef39dd7e5798?s=96&d=mm&r=g","caption":"Jeanette"},"sameAs":["https:\/\/www.eldiario.net\/portal"],"url":"https:\/\/www.eldiario.net\/portal\/author\/jeanette\/"}]}},"_links":{"self":[{"href":"https:\/\/www.eldiario.net\/portal\/wp-json\/wp\/v2\/posts\/141779","targetHints":{"allow":["GET"]}}],"collection":[{"href":"https:\/\/www.eldiario.net\/portal\/wp-json\/wp\/v2\/posts"}],"about":[{"href":"https:\/\/www.eldiario.net\/portal\/wp-json\/wp\/v2\/types\/post"}],"author":[{"embeddable":true,"href":"https:\/\/www.eldiario.net\/portal\/wp-json\/wp\/v2\/users\/1"}],"replies":[{"embeddable":true,"href":"https:\/\/www.eldiario.net\/portal\/wp-json\/wp\/v2\/comments?post=141779"}],"version-history":[{"count":0,"href":"https:\/\/www.eldiario.net\/portal\/wp-json\/wp\/v2\/posts\/141779\/revisions"}],"wp:attachment":[{"href":"https:\/\/www.eldiario.net\/portal\/wp-json\/wp\/v2\/media?parent=141779"}],"wp:term":[{"taxonomy":"category","embeddable":true,"href":"https:\/\/www.eldiario.net\/portal\/wp-json\/wp\/v2\/categories?post=141779"},{"taxonomy":"post_tag","embeddable":true,"href":"https:\/\/www.eldiario.net\/portal\/wp-json\/wp\/v2\/tags?post=141779"}],"curies":[{"name":"wp","href":"https:\/\/api.w.org\/{rel}","templated":true}]}}