{"id":141770,"date":"2023-03-07T06:11:23","date_gmt":"2023-03-07T10:11:23","guid":{"rendered":"https:\/\/www.eldiario.net\/portal\/?p=141770"},"modified":"2023-03-07T06:11:23","modified_gmt":"2023-03-07T10:11:23","slug":"crecimiento-de-construccion-impulsa-importacion-de-materiales-de-interior","status":"publish","type":"post","link":"https:\/\/www.eldiario.net\/portal\/2023\/03\/07\/crecimiento-de-construccion-impulsa-importacion-de-materiales-de-interior\/","title":{"rendered":"Crecimiento de construcci\u00f3n impulsa  importaci\u00f3n de materiales de interior"},"content":{"rendered":"<p>El sector de la industria es un eje principal de la econom\u00eda nacional\u00a0 a medida que se diversifica, luego de la pandemia,\u00a0 va creciendo y abriendo nuevos mercados para productos de materiales de construcci\u00f3n. De acuerdo al Instituto Nacional de Estad\u00edstica (INE) al primer semestre del 2022, la industria de la construcci\u00f3n ha aportado al Producto Interno Bruto (PIB) en un 6,07%.<\/p>\n<p>En ese contexto, la empresa Weidling S.A. decidi\u00f3 invertir en la ciudad de La Paz una tienda con las marcas como Papaiz, Silvana, Vogel, Tecnoled, Eliane y Elizabeth, que ser\u00e1n parte de este portafolio de productos con accesorios como chapas, candados, grifer\u00eda, loza sanitaria, lavamanos, duchas, porcelanatos, revestimiento y todo para iluminaci\u00f3n completa.<\/p>\n<p>La inversi\u00f3n asciende a cerca de 50 mil d\u00f3lares, cuenta con un \u00e1rea construida de 70 mts2 que gener\u00f3 empleo a m\u00e1s de 30 personas entre arquitectos, alba\u00f1iles, electricistas, plomeros y asistentes de obra.<\/p>\n<p>El\u00a0 gerente comercial, Robert Weidling, afirma \u201cque (\u2026) est\u00e1n\u00a0 muy entusiasmados de abrir\u00a0 la nueva sucursal en La Paz y atender las necesidades locales, es nuestra gran prioridad. Creemos que nuestra amplia selecci\u00f3n de productos, combinada con nuestro equipo de expertos que pueden ayudar a nuestros clientes a completar sus proyectos de construcci\u00f3n de manera m\u00e1s eficiente y econ\u00f3mica\u201d.<\/p>\n<p>La construcci\u00f3n genera un movimiento econ\u00f3mico importante para la econom\u00eda nacional, pues mueve maquinar\u00eda y crea empleos. Su aporte al PIB es importante, pues est\u00e1 dentro los cinco sectores que registraron cifras importantes, 4,4%.<\/p>\n<p>El crecimiento hubiera pasado las expectativas si se hubiesen reactivado todas las obras p\u00fablicas, pues debido a la falta de liquidez en los subgobiernos, y a pesar del cr\u00e9dito ofrecido por el gobierno, las autoridades municipales y departamentales priorizaron sus gastos, en salud.<\/p>\n","protected":false},"excerpt":{"rendered":"<p>El sector de la industria es un eje principal de la econom\u00eda nacional\u00a0 a medida que se diversifica, luego de la pandemia,\u00a0 va creciendo y abriendo nuevos mercados para productos de materiales de construcci\u00f3n. De acuerdo al Instituto Nacional de Estad\u00edstica (INE) al primer semestre del 2022, la industria de la construcci\u00f3n ha aportado al [&hellip;]<\/p>\n","protected":false},"author":1,"featured_media":141771,"comment_status":"closed","ping_status":"closed","sticky":false,"template":"","format":"standard","meta":{"_acf_changed":false,"footnotes":""},"categories":[7],"tags":[],"class_list":["post-141770","post","type-post","status-publish","format-standard","has-post-thumbnail","category-economia"],"acf":{"antetitulo":""},"yoast_head":"<!-- This site is optimized with the Yoast SEO plugin v28.3 - https:\/\/yoast.com\/product\/yoast-seo-wordpress\/ -->\n<title>Crecimiento de construcci\u00f3n impulsa importaci\u00f3n de materiales de interior - El Diario - Bolivia<\/title>\n<meta name=\"robots\" content=\"index, follow, max-snippet:-1, max-image-preview:large, max-video-preview:-1\" \/>\n<link rel=\"canonical\" href=\"https:\/\/www.eldiario.net\/portal\/2023\/03\/07\/crecimiento-de-construccion-impulsa-importacion-de-materiales-de-interior\/\" \/>\n<meta property=\"og:locale\" content=\"es_ES\" \/>\n<meta property=\"og:type\" content=\"article\" \/>\n<meta property=\"og:title\" content=\"Crecimiento de construcci\u00f3n impulsa importaci\u00f3n de materiales de interior - El Diario - Bolivia\" \/>\n<meta property=\"og:description\" content=\"El sector de la industria es un eje principal de la econom\u00eda nacional\u00a0 a medida que se diversifica, luego de la pandemia,\u00a0 va creciendo y abriendo nuevos mercados para productos de materiales de construcci\u00f3n. De acuerdo al Instituto Nacional de Estad\u00edstica (INE) al primer semestre del 2022, la industria de la construcci\u00f3n ha aportado al [&hellip;]\" \/>\n<meta property=\"og:url\" content=\"https:\/\/www.eldiario.net\/portal\/2023\/03\/07\/crecimiento-de-construccion-impulsa-importacion-de-materiales-de-interior\/\" \/>\n<meta property=\"og:site_name\" content=\"El Diario - Bolivia\" \/>\n<meta property=\"article:publisher\" content=\"https:\/\/www.facebook.com\/eldiario.bolivia\/\" \/>\n<meta property=\"article:published_time\" content=\"2023-03-07T10:11:23+00:00\" \/>\n<meta name=\"author\" content=\"Jeanette\" \/>\n<meta name=\"twitter:card\" content=\"summary_large_image\" \/>\n<meta name=\"twitter:creator\" content=\"@eldiario_net\" \/>\n<meta name=\"twitter:site\" content=\"@eldiario_net\" \/>\n<meta name=\"twitter:label1\" content=\"Escrito por\" \/>\n\t<meta name=\"twitter:data1\" content=\"Jeanette\" \/>\n\t<meta name=\"twitter:label2\" content=\"Tiempo de lectura\" \/>\n\t<meta name=\"twitter:data2\" content=\"2 minutos\" \/>\n<script type=\"application\/ld+json\" class=\"yoast-schema-graph\">{\"@context\":\"https:\\\/\\\/schema.org\",\"@graph\":[{\"@type\":\"Article\",\"@id\":\"https:\\\/\\\/www.eldiario.net\\\/portal\\\/2023\\\/03\\\/07\\\/crecimiento-de-construccion-impulsa-importacion-de-materiales-de-interior\\\/#article\",\"isPartOf\":{\"@id\":\"https:\\\/\\\/www.eldiario.net\\\/portal\\\/2023\\\/03\\\/07\\\/crecimiento-de-construccion-impulsa-importacion-de-materiales-de-interior\\\/\"},\"author\":{\"name\":\"Jeanette\",\"@id\":\"https:\\\/\\\/www.eldiario.net\\\/portal\\\/#\\\/schema\\\/person\\\/f46445640444750d7d753ccd04ae01b7\"},\"headline\":\"Crecimiento de construcci\u00f3n impulsa importaci\u00f3n de materiales de interior\",\"datePublished\":\"2023-03-07T10:11:23+00:00\",\"mainEntityOfPage\":{\"@id\":\"https:\\\/\\\/www.eldiario.net\\\/portal\\\/2023\\\/03\\\/07\\\/crecimiento-de-construccion-impulsa-importacion-de-materiales-de-interior\\\/\"},\"wordCount\":312,\"publisher\":{\"@id\":\"https:\\\/\\\/www.eldiario.net\\\/portal\\\/#organization\"},\"image\":{\"@id\":\"https:\\\/\\\/www.eldiario.net\\\/portal\\\/2023\\\/03\\\/07\\\/crecimiento-de-construccion-impulsa-importacion-de-materiales-de-interior\\\/#primaryimage\"},\"thumbnailUrl\":\"\",\"articleSection\":[\"Econom\u00eda\"],\"inLanguage\":\"es\"},{\"@type\":\"WebPage\",\"@id\":\"https:\\\/\\\/www.eldiario.net\\\/portal\\\/2023\\\/03\\\/07\\\/crecimiento-de-construccion-impulsa-importacion-de-materiales-de-interior\\\/\",\"url\":\"https:\\\/\\\/www.eldiario.net\\\/portal\\\/2023\\\/03\\\/07\\\/crecimiento-de-construccion-impulsa-importacion-de-materiales-de-interior\\\/\",\"name\":\"Crecimiento de construcci\u00f3n impulsa importaci\u00f3n de materiales de interior - El Diario - Bolivia\",\"isPartOf\":{\"@id\":\"https:\\\/\\\/www.eldiario.net\\\/portal\\\/#website\"},\"primaryImageOfPage\":{\"@id\":\"https:\\\/\\\/www.eldiario.net\\\/portal\\\/2023\\\/03\\\/07\\\/crecimiento-de-construccion-impulsa-importacion-de-materiales-de-interior\\\/#primaryimage\"},\"image\":{\"@id\":\"https:\\\/\\\/www.eldiario.net\\\/portal\\\/2023\\\/03\\\/07\\\/crecimiento-de-construccion-impulsa-importacion-de-materiales-de-interior\\\/#primaryimage\"},\"thumbnailUrl\":\"\",\"datePublished\":\"2023-03-07T10:11:23+00:00\",\"breadcrumb\":{\"@id\":\"https:\\\/\\\/www.eldiario.net\\\/portal\\\/2023\\\/03\\\/07\\\/crecimiento-de-construccion-impulsa-importacion-de-materiales-de-interior\\\/#breadcrumb\"},\"inLanguage\":\"es\",\"potentialAction\":[{\"@type\":\"ReadAction\",\"target\":[\"https:\\\/\\\/www.eldiario.net\\\/portal\\\/2023\\\/03\\\/07\\\/crecimiento-de-construccion-impulsa-importacion-de-materiales-de-interior\\\/\"]}]},{\"@type\":\"ImageObject\",\"inLanguage\":\"es\",\"@id\":\"https:\\\/\\\/www.eldiario.net\\\/portal\\\/2023\\\/03\\\/07\\\/crecimiento-de-construccion-impulsa-importacion-de-materiales-de-interior\\\/#primaryimage\",\"url\":\"\",\"contentUrl\":\"\"},{\"@type\":\"BreadcrumbList\",\"@id\":\"https:\\\/\\\/www.eldiario.net\\\/portal\\\/2023\\\/03\\\/07\\\/crecimiento-de-construccion-impulsa-importacion-de-materiales-de-interior\\\/#breadcrumb\",\"itemListElement\":[{\"@type\":\"ListItem\",\"position\":1,\"name\":\"Portada\",\"item\":\"https:\\\/\\\/www.eldiario.net\\\/portal\\\/\"},{\"@type\":\"ListItem\",\"position\":2,\"name\":\"Crecimiento de construcci\u00f3n impulsa importaci\u00f3n de materiales de interior\"}]},{\"@type\":\"WebSite\",\"@id\":\"https:\\\/\\\/www.eldiario.net\\\/portal\\\/#website\",\"url\":\"https:\\\/\\\/www.eldiario.net\\\/portal\\\/\",\"name\":\"El Diario - Decano de la prensa nacional\",\"description\":\"El Diario - Decano de la prensa nacional\",\"publisher\":{\"@id\":\"https:\\\/\\\/www.eldiario.net\\\/portal\\\/#organization\"},\"potentialAction\":[{\"@type\":\"SearchAction\",\"target\":{\"@type\":\"EntryPoint\",\"urlTemplate\":\"https:\\\/\\\/www.eldiario.net\\\/portal\\\/?s={search_term_string}\"},\"query-input\":{\"@type\":\"PropertyValueSpecification\",\"valueRequired\":true,\"valueName\":\"search_term_string\"}}],\"inLanguage\":\"es\"},{\"@type\":\"Organization\",\"@id\":\"https:\\\/\\\/www.eldiario.net\\\/portal\\\/#organization\",\"name\":\"El Diario - Decano de la prensa nacional\",\"url\":\"https:\\\/\\\/www.eldiario.net\\\/portal\\\/\",\"logo\":{\"@type\":\"ImageObject\",\"inLanguage\":\"es\",\"@id\":\"https:\\\/\\\/www.eldiario.net\\\/portal\\\/#\\\/schema\\\/logo\\\/image\\\/\",\"url\":\"https:\\\/\\\/www.eldiario.net\\\/portal\\\/wp-content\\\/uploads\\\/2023\\\/07\\\/logo_ED.jpg\",\"contentUrl\":\"https:\\\/\\\/www.eldiario.net\\\/portal\\\/wp-content\\\/uploads\\\/2023\\\/07\\\/logo_ED.jpg\",\"width\":272,\"height\":52,\"caption\":\"El Diario - Decano de la prensa nacional\"},\"image\":{\"@id\":\"https:\\\/\\\/www.eldiario.net\\\/portal\\\/#\\\/schema\\\/logo\\\/image\\\/\"},\"sameAs\":[\"https:\\\/\\\/www.facebook.com\\\/eldiario.bolivia\\\/\",\"https:\\\/\\\/x.com\\\/eldiario_net\"]},{\"@type\":\"Person\",\"@id\":\"https:\\\/\\\/www.eldiario.net\\\/portal\\\/#\\\/schema\\\/person\\\/f46445640444750d7d753ccd04ae01b7\",\"name\":\"Jeanette\",\"image\":{\"@type\":\"ImageObject\",\"inLanguage\":\"es\",\"@id\":\"https:\\\/\\\/secure.gravatar.com\\\/avatar\\\/3ea2118a5f7dad2b7138b1187a6b7ee55f160b9968b66013c3a3ef39dd7e5798?s=96&d=mm&r=g\",\"url\":\"https:\\\/\\\/secure.gravatar.com\\\/avatar\\\/3ea2118a5f7dad2b7138b1187a6b7ee55f160b9968b66013c3a3ef39dd7e5798?s=96&d=mm&r=g\",\"contentUrl\":\"https:\\\/\\\/secure.gravatar.com\\\/avatar\\\/3ea2118a5f7dad2b7138b1187a6b7ee55f160b9968b66013c3a3ef39dd7e5798?s=96&d=mm&r=g\",\"caption\":\"Jeanette\"},\"sameAs\":[\"https:\\\/\\\/www.eldiario.net\\\/portal\"],\"url\":\"https:\\\/\\\/www.eldiario.net\\\/portal\\\/author\\\/jeanette\\\/\"}]}<\/script>\n<!-- \/ Yoast SEO plugin. -->","yoast_head_json":{"title":"Crecimiento de construcci\u00f3n impulsa importaci\u00f3n de materiales de interior - El Diario - Bolivia","robots":{"index":"index","follow":"follow","max-snippet":"max-snippet:-1","max-image-preview":"max-image-preview:large","max-video-preview":"max-video-preview:-1"},"canonical":"https:\/\/www.eldiario.net\/portal\/2023\/03\/07\/crecimiento-de-construccion-impulsa-importacion-de-materiales-de-interior\/","og_locale":"es_ES","og_type":"article","og_title":"Crecimiento de construcci\u00f3n impulsa importaci\u00f3n de materiales de interior - El Diario - Bolivia","og_description":"El sector de la industria es un eje principal de la econom\u00eda nacional\u00a0 a medida que se diversifica, luego de la pandemia,\u00a0 va creciendo y abriendo nuevos mercados para productos de materiales de construcci\u00f3n. De acuerdo al Instituto Nacional de Estad\u00edstica (INE) al primer semestre del 2022, la industria de la construcci\u00f3n ha aportado al [&hellip;]","og_url":"https:\/\/www.eldiario.net\/portal\/2023\/03\/07\/crecimiento-de-construccion-impulsa-importacion-de-materiales-de-interior\/","og_site_name":"El Diario - Bolivia","article_publisher":"https:\/\/www.facebook.com\/eldiario.bolivia\/","article_published_time":"2023-03-07T10:11:23+00:00","author":"Jeanette","twitter_card":"summary_large_image","twitter_creator":"@eldiario_net","twitter_site":"@eldiario_net","twitter_misc":{"Escrito por":"Jeanette","Tiempo de lectura":"2 minutos"},"schema":{"@context":"https:\/\/schema.org","@graph":[{"@type":"Article","@id":"https:\/\/www.eldiario.net\/portal\/2023\/03\/07\/crecimiento-de-construccion-impulsa-importacion-de-materiales-de-interior\/#article","isPartOf":{"@id":"https:\/\/www.eldiario.net\/portal\/2023\/03\/07\/crecimiento-de-construccion-impulsa-importacion-de-materiales-de-interior\/"},"author":{"name":"Jeanette","@id":"https:\/\/www.eldiario.net\/portal\/#\/schema\/person\/f46445640444750d7d753ccd04ae01b7"},"headline":"Crecimiento de construcci\u00f3n impulsa importaci\u00f3n de materiales de interior","datePublished":"2023-03-07T10:11:23+00:00","mainEntityOfPage":{"@id":"https:\/\/www.eldiario.net\/portal\/2023\/03\/07\/crecimiento-de-construccion-impulsa-importacion-de-materiales-de-interior\/"},"wordCount":312,"publisher":{"@id":"https:\/\/www.eldiario.net\/portal\/#organization"},"image":{"@id":"https:\/\/www.eldiario.net\/portal\/2023\/03\/07\/crecimiento-de-construccion-impulsa-importacion-de-materiales-de-interior\/#primaryimage"},"thumbnailUrl":"","articleSection":["Econom\u00eda"],"inLanguage":"es"},{"@type":"WebPage","@id":"https:\/\/www.eldiario.net\/portal\/2023\/03\/07\/crecimiento-de-construccion-impulsa-importacion-de-materiales-de-interior\/","url":"https:\/\/www.eldiario.net\/portal\/2023\/03\/07\/crecimiento-de-construccion-impulsa-importacion-de-materiales-de-interior\/","name":"Crecimiento de construcci\u00f3n impulsa importaci\u00f3n de materiales de interior - El Diario - Bolivia","isPartOf":{"@id":"https:\/\/www.eldiario.net\/portal\/#website"},"primaryImageOfPage":{"@id":"https:\/\/www.eldiario.net\/portal\/2023\/03\/07\/crecimiento-de-construccion-impulsa-importacion-de-materiales-de-interior\/#primaryimage"},"image":{"@id":"https:\/\/www.eldiario.net\/portal\/2023\/03\/07\/crecimiento-de-construccion-impulsa-importacion-de-materiales-de-interior\/#primaryimage"},"thumbnailUrl":"","datePublished":"2023-03-07T10:11:23+00:00","breadcrumb":{"@id":"https:\/\/www.eldiario.net\/portal\/2023\/03\/07\/crecimiento-de-construccion-impulsa-importacion-de-materiales-de-interior\/#breadcrumb"},"inLanguage":"es","potentialAction":[{"@type":"ReadAction","target":["https:\/\/www.eldiario.net\/portal\/2023\/03\/07\/crecimiento-de-construccion-impulsa-importacion-de-materiales-de-interior\/"]}]},{"@type":"ImageObject","inLanguage":"es","@id":"https:\/\/www.eldiario.net\/portal\/2023\/03\/07\/crecimiento-de-construccion-impulsa-importacion-de-materiales-de-interior\/#primaryimage","url":"","contentUrl":""},{"@type":"BreadcrumbList","@id":"https:\/\/www.eldiario.net\/portal\/2023\/03\/07\/crecimiento-de-construccion-impulsa-importacion-de-materiales-de-interior\/#breadcrumb","itemListElement":[{"@type":"ListItem","position":1,"name":"Portada","item":"https:\/\/www.eldiario.net\/portal\/"},{"@type":"ListItem","position":2,"name":"Crecimiento de construcci\u00f3n impulsa importaci\u00f3n de materiales de interior"}]},{"@type":"WebSite","@id":"https:\/\/www.eldiario.net\/portal\/#website","url":"https:\/\/www.eldiario.net\/portal\/","name":"El Diario - Decano de la prensa nacional","description":"El Diario - Decano de la prensa nacional","publisher":{"@id":"https:\/\/www.eldiario.net\/portal\/#organization"},"potentialAction":[{"@type":"SearchAction","target":{"@type":"EntryPoint","urlTemplate":"https:\/\/www.eldiario.net\/portal\/?s={search_term_string}"},"query-input":{"@type":"PropertyValueSpecification","valueRequired":true,"valueName":"search_term_string"}}],"inLanguage":"es"},{"@type":"Organization","@id":"https:\/\/www.eldiario.net\/portal\/#organization","name":"El Diario - Decano de la prensa nacional","url":"https:\/\/www.eldiario.net\/portal\/","logo":{"@type":"ImageObject","inLanguage":"es","@id":"https:\/\/www.eldiario.net\/portal\/#\/schema\/logo\/image\/","url":"https:\/\/www.eldiario.net\/portal\/wp-content\/uploads\/2023\/07\/logo_ED.jpg","contentUrl":"https:\/\/www.eldiario.net\/portal\/wp-content\/uploads\/2023\/07\/logo_ED.jpg","width":272,"height":52,"caption":"El Diario - Decano de la prensa nacional"},"image":{"@id":"https:\/\/www.eldiario.net\/portal\/#\/schema\/logo\/image\/"},"sameAs":["https:\/\/www.facebook.com\/eldiario.bolivia\/","https:\/\/x.com\/eldiario_net"]},{"@type":"Person","@id":"https:\/\/www.eldiario.net\/portal\/#\/schema\/person\/f46445640444750d7d753ccd04ae01b7","name":"Jeanette","image":{"@type":"ImageObject","inLanguage":"es","@id":"https:\/\/secure.gravatar.com\/avatar\/3ea2118a5f7dad2b7138b1187a6b7ee55f160b9968b66013c3a3ef39dd7e5798?s=96&d=mm&r=g","url":"https:\/\/secure.gravatar.com\/avatar\/3ea2118a5f7dad2b7138b1187a6b7ee55f160b9968b66013c3a3ef39dd7e5798?s=96&d=mm&r=g","contentUrl":"https:\/\/secure.gravatar.com\/avatar\/3ea2118a5f7dad2b7138b1187a6b7ee55f160b9968b66013c3a3ef39dd7e5798?s=96&d=mm&r=g","caption":"Jeanette"},"sameAs":["https:\/\/www.eldiario.net\/portal"],"url":"https:\/\/www.eldiario.net\/portal\/author\/jeanette\/"}]}},"_links":{"self":[{"href":"https:\/\/www.eldiario.net\/portal\/wp-json\/wp\/v2\/posts\/141770","targetHints":{"allow":["GET"]}}],"collection":[{"href":"https:\/\/www.eldiario.net\/portal\/wp-json\/wp\/v2\/posts"}],"about":[{"href":"https:\/\/www.eldiario.net\/portal\/wp-json\/wp\/v2\/types\/post"}],"author":[{"embeddable":true,"href":"https:\/\/www.eldiario.net\/portal\/wp-json\/wp\/v2\/users\/1"}],"replies":[{"embeddable":true,"href":"https:\/\/www.eldiario.net\/portal\/wp-json\/wp\/v2\/comments?post=141770"}],"version-history":[{"count":0,"href":"https:\/\/www.eldiario.net\/portal\/wp-json\/wp\/v2\/posts\/141770\/revisions"}],"wp:attachment":[{"href":"https:\/\/www.eldiario.net\/portal\/wp-json\/wp\/v2\/media?parent=141770"}],"wp:term":[{"taxonomy":"category","embeddable":true,"href":"https:\/\/www.eldiario.net\/portal\/wp-json\/wp\/v2\/categories?post=141770"},{"taxonomy":"post_tag","embeddable":true,"href":"https:\/\/www.eldiario.net\/portal\/wp-json\/wp\/v2\/tags?post=141770"}],"curies":[{"name":"wp","href":"https:\/\/api.w.org\/{rel}","templated":true}]}}